{"id":79335,"date":"2024-03-26T12:17:56","date_gmt":"2024-03-26T16:17:56","guid":{"rendered":"https:\/\/lasprimeras.com.do\/?p=79335"},"modified":"2024-03-26T12:17:58","modified_gmt":"2024-03-26T16:17:58","slug":"miguel-vargas-respuesta-del-gobierno-a-acnur-debe-ser-con-hechos-y-no-solo-de-palabras","status":"publish","type":"post","link":"https:\/\/lasprimeras.com.do\/index.php\/2024\/03\/26\/miguel-vargas-respuesta-del-gobierno-a-acnur-debe-ser-con-hechos-y-no-solo-de-palabras\/","title":{"rendered":"Miguel Vargas: \u201cRespuesta del Gobierno a ACNUR debe ser con hechos y no solo de palabras\u201d"},"content":{"rendered":"\n<p>Santo Domingo. \u2013 El candidato presidencial del Partido Revolucionario Dominicano (PRD), ingeniero Miguel Vargas Maldonado, advirti\u00f3 sobre el peligro que representan las acusaciones que ha realizado contra el pa\u00eds la Agencia de las Naciones Unidas para los Refugiados (ACNUR).<\/p>\n\n\n\n<p>As\u00ed lo manifest\u00f3 este s\u00e1bado, al encabezar varios encuentros con la dirigencia perrede\u00edsta de la provincia Santo Domingo. All\u00ed aprovech\u00f3 para calificar de \u201cinaceptables\u201d los pronunciamientos del referido organismo.<\/p>\n\n\n\n<p>En ese sentido, el presidente del PRD llam\u00f3 al Gobierno dominicano a dar respuestas con hechos, \u201cy no solo de palabras, a estas malsanas pretensiones de estas agencias internacionales\u201d.<\/p>\n\n\n\n<p>\u201cLa Rep\u00fablica Dominicana est\u00e1 impedida por razones de seguridad de permitir el establecimiento de esos centros, donde no tenemos, ni debemos permitir refugiados como se pretende\u201d, agreg\u00f3.<\/p>\n\n\n\n<p>El excanciller tambi\u00e9n afirm\u00f3 que, \u201cante la solicitud del ACNUR de solicitar viabilizar ayuda hacia Hait\u00ed, debemos estar siempre dispuestos a apoyar y asistir al vecino pa\u00eds, pero siempre bajo el predicamento de que toda soluci\u00f3n sea en Hait\u00ed y liderada por los haitianos\u201d.<\/p>\n\n\n\n<p>Sobre el pedido de que Rep\u00fablica Dominicana detenga las reparaciones y sobre el alegado maltrato a los inmigrantes, Vargas reiter\u00f3 que \u201cel Gobierno debe cumplir y hacer cumplir la Constituci\u00f3n y la Ley General de Migraci\u00f3n\u201d. <\/p>\n\n\n\n<p>Esto, \u201cteniendo siempre como objeto fundamental proteger, a cualquier costo, la integridad de nuestro Estado naci\u00f3n&#8221;, a\u00f1adi\u00f3.<\/p>\n\n\n\n<p>\u201cEl pueblo dominicano debe estar atento y unido ante la presi\u00f3n y la campa\u00f1a que han iniciado contra el pa\u00eds algunos sectores locales y agencias internacionales, que han pretendido siempre convertirlo en un gran centro de refugiados\u201d, indic\u00f3.<\/p>\n\n\n\n<p>Detalles sobre el taller de cooperativistas y encuentro de dirigencia PRD en SDN<\/p>\n\n\n\n<p>Este s\u00e1bado, Miguel Vargas encabez\u00f3 la apertura del seminario taller \u201cCampa\u00f1as Electorales de Alto Impacto en Tiempo Limitado\u201d. El mismo fue organizado por la direcci\u00f3n del Frente de Cooperativista del PRD.<\/p>\n\n\n\n<p>El encuentro tuvo por prop\u00f3sito contribuir al fortalecimiento del partido y de todos sus candidatos congresuales. En el mismo se destacaron las ponencias de los expositores Algenis Chaves, Samuel Guzm\u00e1n y el profesor Luis P\u00e9rez.<\/p>\n\n\n\n<p>El evento tambi\u00e9n cont\u00f3 con la notable participaci\u00f3n de los dirigentes pol\u00edticos Dulce Mar\u00eda Fr\u00edas, Escarlen Irrizarri, H\u00e9ctor Guzm\u00e1n, Janet Camilo, Joel D\u00edaz, Amancia de la Cruz y Ram\u00f3n Arnaldo Pimentel.<\/p>\n\n\n\n<p>El presidente del partido tambi\u00e9n se traslad\u00f3 al populoso sector Sabana Perdida. All\u00ed presidi\u00f3 la reuni\u00f3n de trabajo de las direcciones pol\u00edtica y de campa\u00f1a del municipio Santo Domingo Norte.<\/p>\n\n\n\n<p>Adem\u00e1s del presidente provincial, Daniel Ozuna, por la direcci\u00f3n local asistieron: Jos\u00e9 Luis Canela, Jos\u00e9 Luis Jim\u00e9nez, Aurora V\u00e1zquez, Daniel Mart\u00ednez y el director provincial de Comunicaciones, Jos\u00e9 Abreu.<\/p>\n\n\n\n<p>Asimismo, estuvieron presentes los candidatos congresuales: Yaneri Almonte, Juan Carlos de la Cruz, Marina Lebr\u00f3n Ferm\u00edn, Pedro Ledesma Rivera, Francisco Mad\u00e9 Ram\u00edrez, Aurelina Mart\u00ednez Mojica, Dorca Mar\u00eda Mateo, Rosanna Morales Gonz\u00e1lez y Tom\u00e1s An\u00edbal Valenzuela.<\/p>\n","protected":false},"excerpt":{"rendered":"<p>Santo Domingo. \u2013 El candidato presidencial del Partido Revolucionario Dominicano (PRD), ingeniero Miguel Vargas Maldonado, advirti\u00f3 sobre el peligro que representan las acusaciones que ha realizado contra el pa\u00eds la&hellip;<\/p>\n","protected":false},"author":3,"featured_media":79336,"comment_status":"open","ping_status":"open","sticky":false,"template":"","format":"standard","meta":{"content-type":"","jetpack_post_was_ever_published":false,"_jetpack_newsletter_access":"","_jetpack_dont_email_post_to_subs":false,"_jetpack_newsletter_tier_id":0,"_jetpack_memberships_contains_paywalled_content":false,"_jetpack_memberships_contains_paid_content":false,"footnotes":""},"categories":[1],"tags":[1040],"class_list":["post-79335","post","type-post","status-publish","format-standard","has-post-thumbnail","hentry","category-sin-categoria","tag-miguel-vargas"],"jetpack_featured_media_url":"https:\/\/lasprimeras.com.do\/wp-content\/uploads\/2024\/03\/1-millon-de-jovenes-votaran-en-las-elecciones-municipales-2-14.jpg","jetpack-related-posts":[{"id":122303,"url":"https:\/\/lasprimeras.com.do\/index.php\/2026\/02\/16\/miguel-vargas-alerta-sobre-caida-de-autosuficiencia-alimentaria-en-rd\/","url_meta":{"origin":79335,"position":0},"title":"Miguel Vargas alerta sobre ca\u00edda de autosuficiencia alimentaria en RD","author":"Nelson Feliz","date":"16 de febrero de 2026","format":false,"excerpt":"El presidente del Partido Revolucionario Dominicano (PRD),Miguel Vargas Maldonado, advirti\u00f3 este domingo que la Rep\u00fablica Dominicana ha retrocedido en sectores clave para el desarrollo nacional, especialmente en la producci\u00f3n agropecuaria. Vargas Maldonado dijo que el pa\u00eds pas\u00f3 de ser autosuficiente en un 85 % en alimentos a apenas un 70\u2026","rel":"","context":"En \u00abPOLITICA\u00bb","block_context":{"text":"POLITICA","link":"https:\/\/lasprimeras.com.do\/index.php\/category\/politica\/"},"img":{"alt_text":"","src":"https:\/\/i0.wp.com\/lasprimeras.com.do\/wp-content\/uploads\/2026\/02\/PRD-1140x694-1.jpeg?resize=350%2C200&ssl=1","width":350,"height":200,"srcset":"https:\/\/i0.wp.com\/lasprimeras.com.do\/wp-content\/uploads\/2026\/02\/PRD-1140x694-1.jpeg?resize=350%2C200&ssl=1 1x, https:\/\/i0.wp.com\/lasprimeras.com.do\/wp-content\/uploads\/2026\/02\/PRD-1140x694-1.jpeg?resize=525%2C300&ssl=1 1.5x, https:\/\/i0.wp.com\/lasprimeras.com.do\/wp-content\/uploads\/2026\/02\/PRD-1140x694-1.jpeg?resize=700%2C400&ssl=1 2x, https:\/\/i0.wp.com\/lasprimeras.com.do\/wp-content\/uploads\/2026\/02\/PRD-1140x694-1.jpeg?resize=1050%2C600&ssl=1 3x"},"classes":[]},{"id":110670,"url":"https:\/\/lasprimeras.com.do\/index.php\/2025\/09\/30\/miguel-vargas-llama-al-gobierno-a-tomar-acciones-concretas-para-detener-descalabro-de-servicios\/","url_meta":{"origin":79335,"position":1},"title":"Miguel Vargas llama al gobierno a tomar acciones concretas para detener \u201cdescalabro\u201d de servicios","author":"Nelson Feliz","date":"30 de septiembre de 2025","format":false,"excerpt":"El presidente del Partido Revolucionario Dominicano (PRD), Miguel Vargas Maldonado, responsabiliz\u00f3 al Gobierno del presidente Luis Abinader del colapso de los servicios b\u00e1sicos y de haber convertido la corrupci\u00f3n en un signo distintivo de su gesti\u00f3n. \u201cEl gobierno est\u00e1 obligado a tomar acciones y pol\u00edticas concretas para detener el descalabro\u2026","rel":"","context":"En \u00abPOLITICA\u00bb","block_context":{"text":"POLITICA","link":"https:\/\/lasprimeras.com.do\/index.php\/category\/politica\/"},"img":{"alt_text":"Miguel Vargas","src":"https:\/\/i0.wp.com\/lasprimeras.com.do\/wp-content\/uploads\/2023\/12\/Miguel-Vargas-1.jpg?resize=350%2C200&ssl=1","width":350,"height":200,"srcset":"https:\/\/i0.wp.com\/lasprimeras.com.do\/wp-content\/uploads\/2023\/12\/Miguel-Vargas-1.jpg?resize=350%2C200&ssl=1 1x, https:\/\/i0.wp.com\/lasprimeras.com.do\/wp-content\/uploads\/2023\/12\/Miguel-Vargas-1.jpg?resize=525%2C300&ssl=1 1.5x, https:\/\/i0.wp.com\/lasprimeras.com.do\/wp-content\/uploads\/2023\/12\/Miguel-Vargas-1.jpg?resize=700%2C400&ssl=1 2x"},"classes":[]},{"id":83262,"url":"https:\/\/lasprimeras.com.do\/index.php\/2024\/05\/14\/miguel-vargas-la-reeleccion-recibira-una-respuesta-adversa-el-proximo-domingo\/","url_meta":{"origin":79335,"position":2},"title":"Miguel Vargas: \u201cLa reelecci\u00f3n recibir\u00e1 una respuesta adversa el pr\u00f3ximo domingo\u201d","author":"Nelson Feliz","date":"14 de mayo de 2024","format":false,"excerpt":"En recorrido por la cuna de la Constituci\u00f3n, acompa\u00f1\u00f3 a los candidatos a senador, Demetrio Lluberes, y a diputado, Noel Luna, respectivamente. Junto a la direcci\u00f3n del partido, llam\u00f3 a votar blanco \u201cpor el jacho, el PRD, en la casilla cuatro, por la esperanza\u201d. El candidato presidencial del Partido Revolucionario\u2026","rel":"","context":"En \u00abPORTADA\u00bb","block_context":{"text":"PORTADA","link":"https:\/\/lasprimeras.com.do\/index.php\/category\/portada\/"},"img":{"alt_text":"Miguel Vargas","src":"https:\/\/i0.wp.com\/lasprimeras.com.do\/wp-content\/uploads\/2024\/05\/Miguel-Vargas-7.jpg?resize=350%2C200&ssl=1","width":350,"height":200,"srcset":"https:\/\/i0.wp.com\/lasprimeras.com.do\/wp-content\/uploads\/2024\/05\/Miguel-Vargas-7.jpg?resize=350%2C200&ssl=1 1x, https:\/\/i0.wp.com\/lasprimeras.com.do\/wp-content\/uploads\/2024\/05\/Miguel-Vargas-7.jpg?resize=525%2C300&ssl=1 1.5x"},"classes":[]},{"id":75633,"url":"https:\/\/lasprimeras.com.do\/index.php\/2024\/02\/02\/miguel-vargas-asegura-carlos-guzman-ganara-arrolladoramente-en-sdn\/","url_meta":{"origin":79335,"position":3},"title":"Miguel Vargas asegura Carlos Guzm\u00e1n ganar\u00e1 arrolladoramente en SDN","author":"Nelson Feliz","date":"2 de febrero de 2024","format":false,"excerpt":"El presidente del Partido Revolucionario Dominicano (PRD), Miguel Vargas Maldonado, asegur\u00f3 que el alcalde de Santo Domingo Norte (SDN) y candidato a la misma posici\u00f3n por la Alianza Opositora Rescate RD, Carlos Guzm\u00e1n, ganar\u00e1 de manera arrolladora las elecciones municipales del 18 de febrero, indicando que los ciudadanos no dejar\u00e1n\u2026","rel":"","context":"En \u00abPORTADA\u00bb","block_context":{"text":"PORTADA","link":"https:\/\/lasprimeras.com.do\/index.php\/category\/portada\/"},"img":{"alt_text":"Miguel Vargas Maldonado","src":"https:\/\/i0.wp.com\/lasprimeras.com.do\/wp-content\/uploads\/2024\/02\/Miguel-Vargas-Maldonado-1.jpg?resize=350%2C200&ssl=1","width":350,"height":200,"srcset":"https:\/\/i0.wp.com\/lasprimeras.com.do\/wp-content\/uploads\/2024\/02\/Miguel-Vargas-Maldonado-1.jpg?resize=350%2C200&ssl=1 1x, https:\/\/i0.wp.com\/lasprimeras.com.do\/wp-content\/uploads\/2024\/02\/Miguel-Vargas-Maldonado-1.jpg?resize=525%2C300&ssl=1 1.5x, https:\/\/i0.wp.com\/lasprimeras.com.do\/wp-content\/uploads\/2024\/02\/Miguel-Vargas-Maldonado-1.jpg?resize=700%2C400&ssl=1 2x"},"classes":[]},{"id":59089,"url":"https:\/\/lasprimeras.com.do\/index.php\/2023\/08\/30\/julio-romero-destaca-el-prd-ha-sido-un-permanente-soporte-de-la-democracia\/","url_meta":{"origin":79335,"position":4},"title":"Julio Romero destaca el PRD ha sido un permanente soporte de la democracia","author":"Nelson Feliz","date":"30 de agosto de 2023","format":false,"excerpt":"Critica a quienes se fueron de una organizaci\u00f3n opositora al gobierno. El candidato a la Alcald\u00eda por el municipio de Santo Domingo Este (SDE) por el partido Fuerza del Pueblo (FP), Julio Romero, destac\u00f3 que el Partido Revolucionario Dominicano (PRD), ha sido un soporte permanente de la democracia dominicana, afirmando\u2026","rel":"","context":"En \u00abPORTADA\u00bb","block_context":{"text":"PORTADA","link":"https:\/\/lasprimeras.com.do\/index.php\/category\/portada\/"},"img":{"alt_text":"Miguel y Julio","src":"https:\/\/i0.wp.com\/lasprimeras.com.do\/wp-content\/uploads\/2023\/08\/Miguel-y-Julio.jpg?resize=350%2C200&ssl=1","width":350,"height":200,"srcset":"https:\/\/i0.wp.com\/lasprimeras.com.do\/wp-content\/uploads\/2023\/08\/Miguel-y-Julio.jpg?resize=350%2C200&ssl=1 1x, https:\/\/i0.wp.com\/lasprimeras.com.do\/wp-content\/uploads\/2023\/08\/Miguel-y-Julio.jpg?resize=525%2C300&ssl=1 1.5x, https:\/\/i0.wp.com\/lasprimeras.com.do\/wp-content\/uploads\/2023\/08\/Miguel-y-Julio.jpg?resize=700%2C400&ssl=1 2x, https:\/\/i0.wp.com\/lasprimeras.com.do\/wp-content\/uploads\/2023\/08\/Miguel-y-Julio.jpg?resize=1050%2C600&ssl=1 3x, https:\/\/i0.wp.com\/lasprimeras.com.do\/wp-content\/uploads\/2023\/08\/Miguel-y-Julio.jpg?resize=1400%2C800&ssl=1 4x"},"classes":[]},{"id":103686,"url":"https:\/\/lasprimeras.com.do\/index.php\/2025\/07\/17\/el-prd-rinde-homenaje-postumo-a-rafael-fello-subervi-bonilla\/","url_meta":{"origin":79335,"position":5},"title":"El PRD rinde homenaje p\u00f3stumo a Rafael \u201cFello\u201d Suberv\u00ed Bonilla","author":"Nelson Feliz","date":"17 de julio de 2025","format":false,"excerpt":"El Partido Revolucionario Dominicano (PRD) rindi\u00f3 este jueves tributo a Rafael Suberv\u00ed Bonilla, quien fuera dirigente suyo y alcalde del Distrito Nacional, quien falleciera este la madrugada del martes. La ceremonia, celebrada en la Casa Nacional del PRD, fue presidida por Miguel Vargas Maldonado, presidente de este partido. Cont\u00f3 con\u2026","rel":"","context":"En \u00abNACIONALES\u00bb","block_context":{"text":"NACIONALES","link":"https:\/\/lasprimeras.com.do\/index.php\/category\/nacionales\/"},"img":{"alt_text":"","src":"https:\/\/i0.wp.com\/lasprimeras.com.do\/wp-content\/uploads\/2025\/07\/Miguel-Vargas-Maldonado.jpg?resize=350%2C200&ssl=1","width":350,"height":200,"srcset":"https:\/\/i0.wp.com\/lasprimeras.com.do\/wp-content\/uploads\/2025\/07\/Miguel-Vargas-Maldonado.jpg?resize=350%2C200&ssl=1 1x, https:\/\/i0.wp.com\/lasprimeras.com.do\/wp-content\/uploads\/2025\/07\/Miguel-Vargas-Maldonado.jpg?resize=525%2C300&ssl=1 1.5x, https:\/\/i0.wp.com\/lasprimeras.com.do\/wp-content\/uploads\/2025\/07\/Miguel-Vargas-Maldonado.jpg?resize=700%2C400&ssl=1 2x"},"classes":[]}],"jetpack_sharing_enabled":true,"_links":{"self":[{"href":"https:\/\/lasprimeras.com.do\/index.php\/wp-json\/wp\/v2\/posts\/79335","targetHints":{"allow":["GET"]}}],"collection":[{"href":"https:\/\/lasprimeras.com.do\/index.php\/wp-json\/wp\/v2\/posts"}],"about":[{"href":"https:\/\/lasprimeras.com.do\/index.php\/wp-json\/wp\/v2\/types\/post"}],"author":[{"embeddable":true,"href":"https:\/\/lasprimeras.com.do\/index.php\/wp-json\/wp\/v2\/users\/3"}],"replies":[{"embeddable":true,"href":"https:\/\/lasprimeras.com.do\/index.php\/wp-json\/wp\/v2\/comments?post=79335"}],"version-history":[{"count":1,"href":"https:\/\/lasprimeras.com.do\/index.php\/wp-json\/wp\/v2\/posts\/79335\/revisions"}],"predecessor-version":[{"id":79337,"href":"https:\/\/lasprimeras.com.do\/index.php\/wp-json\/wp\/v2\/posts\/79335\/revisions\/79337"}],"wp:featuredmedia":[{"embeddable":true,"href":"https:\/\/lasprimeras.com.do\/index.php\/wp-json\/wp\/v2\/media\/79336"}],"wp:attachment":[{"href":"https:\/\/lasprimeras.com.do\/index.php\/wp-json\/wp\/v2\/media?parent=79335"}],"wp:term":[{"taxonomy":"category","embeddable":true,"href":"https:\/\/lasprimeras.com.do\/index.php\/wp-json\/wp\/v2\/categories?post=79335"},{"taxonomy":"post_tag","embeddable":true,"href":"https:\/\/lasprimeras.com.do\/index.php\/wp-json\/wp\/v2\/tags?post=79335"}],"curies":[{"name":"wp","href":"https:\/\/api.w.org\/{rel}","templated":true}]}}