{"id":79344,"date":"2024-03-26T14:45:41","date_gmt":"2024-03-26T18:45:41","guid":{"rendered":"https:\/\/lasprimeras.com.do\/?p=79344"},"modified":"2024-03-26T14:45:43","modified_gmt":"2024-03-26T18:45:43","slug":"declaran-estado-de-emergencia-en-baltimore-tras-colapso-de-puente","status":"publish","type":"post","link":"https:\/\/lasprimeras.com.do\/index.php\/2024\/03\/26\/declaran-estado-de-emergencia-en-baltimore-tras-colapso-de-puente\/","title":{"rendered":"Declaran estado de emergencia en Baltimore tras colapso de puente"},"content":{"rendered":"\n<p>MALTIMORE.- El alcalde de Baltimore, Brandon Scott, declar\u00f3 el estado de emergencia en respuesta al colapso del puente.<\/p>\n\n\n\n<p>El edil democrata emiti\u00f3 una orden ejecutiva el martes por la ma\u00f1ana para desplegar y ampliar los recursos de emergencia. <\/p>\n\n\n\n<p>El estado de emergencia permanecer\u00e1 vigente durante 30 d\u00edas y est\u00e1 sujeto a renovaci\u00f3n o cancelaci\u00f3n seg\u00fan lo justifiquen las condiciones.<\/p>\n\n\n\n<p>Dos personas han sido rescatadas vivas de las aguas del r\u00edo Patapsco de Baltimore (norte de Estados Unidos), donde horas antes un puente met\u00e1lico de 2,5 kil\u00f3metros de largo se derrumb\u00f3 tras la colisi\u00f3n de un carguero.<\/p>\n\n\n\n<p>El jefe de bomberos de la ciudad, James Wallace, inform\u00f3 que de las dos personas rescatadas, una se encontraba ilesa y rehus\u00f3 ser atendida, mientras que la otra fue trasladada a un hospital y su estado es grave.<\/p>\n\n\n\n<p>Se sabe que hay siete personas desaparecidas y que son activamente buscadas, pero es \u201cuna cifra din\u00e1mica\u201d, dijo Wallace, en el sentido de que podr\u00edan ser muchas m\u00e1s.<\/p>\n\n\n\n<p><\/p>\n","protected":false},"excerpt":{"rendered":"<p>MALTIMORE.- El alcalde de Baltimore, Brandon Scott, declar\u00f3 el estado de emergencia en respuesta al colapso del puente. El edil democrata emiti\u00f3 una orden ejecutiva el martes por la ma\u00f1ana&hellip;<\/p>\n","protected":false},"author":3,"featured_media":79345,"comment_status":"open","ping_status":"open","sticky":false,"template":"","format":"standard","meta":{"content-type":"","jetpack_post_was_ever_published":false,"_jetpack_newsletter_access":"","_jetpack_dont_email_post_to_subs":false,"_jetpack_newsletter_tier_id":0,"_jetpack_memberships_contains_paywalled_content":false,"_jetpack_memberships_contains_paid_content":false,"footnotes":""},"categories":[1],"tags":[4236],"class_list":["post-79344","post","type-post","status-publish","format-standard","has-post-thumbnail","hentry","category-sin-categoria","tag-baltimore"],"jetpack_featured_media_url":"https:\/\/lasprimeras.com.do\/wp-content\/uploads\/2024\/03\/GJm7hGbWsAA2sAD.jpg","jetpack-related-posts":[{"id":79308,"url":"https:\/\/lasprimeras.com.do\/index.php\/2024\/03\/26\/colapsa-parte-de-un-puente-en-baltimore-maryland-al-ser-golpeado-por-un-carguero-rescatistas-buscan-a-7-en-el-rio\/","url_meta":{"origin":79344,"position":0},"title":"Colapsa parte de un puente en Baltimore, Maryland, al ser golpeado por un carguero; rescatistas buscan a 7 en el r\u00edo","author":"BIMARY DE JES\u00daS Matos","date":"26 de marzo de 2024","format":false,"excerpt":"BALTIMORE, MARYLAND, EEUU \u2014\u00a0Un importante puente de Baltimore se parti\u00f3 y derrumb\u00f3 luego de que un barco portacontenedores se estrell\u00f3 contra la infraestructura en la madrugada del martes, y varios autos cayeron al r\u00edo. Los rescatistas buscaban a al menos siete personas en el agua. Al parecer, la embarcaci\u00f3n habr\u00eda\u2026","rel":"","context":"En \u00abSin categor\u00eda\u00bb","block_context":{"text":"Sin categor\u00eda","link":"https:\/\/lasprimeras.com.do\/index.php\/category\/sin-categoria\/"},"img":{"alt_text":"","src":"https:\/\/i0.wp.com\/lasprimeras.com.do\/wp-content\/uploads\/2024\/03\/1db13835-f4a8-4152-8f8e-c30ff89cb382_w650_r1_s.jpg?resize=350%2C200&ssl=1","width":350,"height":200,"srcset":"https:\/\/i0.wp.com\/lasprimeras.com.do\/wp-content\/uploads\/2024\/03\/1db13835-f4a8-4152-8f8e-c30ff89cb382_w650_r1_s.jpg?resize=350%2C200&ssl=1 1x, https:\/\/i0.wp.com\/lasprimeras.com.do\/wp-content\/uploads\/2024\/03\/1db13835-f4a8-4152-8f8e-c30ff89cb382_w650_r1_s.jpg?resize=525%2C300&ssl=1 1.5x"},"classes":[]},{"id":79542,"url":"https:\/\/lasprimeras.com.do\/index.php\/2024\/03\/28\/recuperan-los-cadaveres-de-dos-de-los-seis-latinos-desaparecidos-por-colapso-de-puente-en-baltimore\/","url_meta":{"origin":79344,"position":1},"title":"Recuperan los cad\u00e1veres de dos de los seis latinos desaparecidos por colapso de puente en Baltimore","author":"BIMARY DE JES\u00daS Matos","date":"28 de marzo de 2024","format":false,"excerpt":"Baltimore.-Dos cad\u00e1veres fueron encontrados atrapados en un veh\u00edculo sumergido tras el derrumbe del puente Francis Scott Key en Baltimore, Maryland. Las autoridades estadounidenses confirmaron este mi\u00e9rcoles el hallazgo de dos cad\u00e1veres atrapados en el interior de un veh\u00edculo en la zona del derrumbe del puente Francis Scott Key, en Baltimore,\u2026","rel":"","context":"En \u00abSin categor\u00eda\u00bb","block_context":{"text":"Sin categor\u00eda","link":"https:\/\/lasprimeras.com.do\/index.php\/category\/sin-categoria\/"},"img":{"alt_text":"","src":"https:\/\/i0.wp.com\/lasprimeras.com.do\/wp-content\/uploads\/2024\/03\/Captura-de-pantalla-2024-01-26-121155.webp?resize=350%2C200&ssl=1","width":350,"height":200,"srcset":"https:\/\/i0.wp.com\/lasprimeras.com.do\/wp-content\/uploads\/2024\/03\/Captura-de-pantalla-2024-01-26-121155.webp?resize=350%2C200&ssl=1 1x, https:\/\/i0.wp.com\/lasprimeras.com.do\/wp-content\/uploads\/2024\/03\/Captura-de-pantalla-2024-01-26-121155.webp?resize=525%2C300&ssl=1 1.5x, https:\/\/i0.wp.com\/lasprimeras.com.do\/wp-content\/uploads\/2024\/03\/Captura-de-pantalla-2024-01-26-121155.webp?resize=700%2C400&ssl=1 2x, https:\/\/i0.wp.com\/lasprimeras.com.do\/wp-content\/uploads\/2024\/03\/Captura-de-pantalla-2024-01-26-121155.webp?resize=1050%2C600&ssl=1 3x, https:\/\/i0.wp.com\/lasprimeras.com.do\/wp-content\/uploads\/2024\/03\/Captura-de-pantalla-2024-01-26-121155.webp?resize=1400%2C800&ssl=1 4x"},"classes":[]},{"id":79887,"url":"https:\/\/lasprimeras.com.do\/index.php\/2024\/04\/01\/en-pascua-recuerdan-a-trabajadores-que-fallecieron-tras-colapso-de-puente-en-baltimore\/","url_meta":{"origin":79344,"position":2},"title":"En Pascua, recuerdan a trabajadores que fallecieron tras colapso de puente en Baltimore","author":"BIMARY DE JES\u00daS Matos","date":"1 de abril de 2024","format":false,"excerpt":"BALTIMORE, MARYLAND, EEUU \u2014\u00a0Mientras las cuadrillas continuaban la complicada y meticulosa operaci\u00f3n de retirar el acero y el concreto del puente Francis Scott Key que se desplom\u00f3 en Baltimore, algunos cerca del sitio se tomaron un tiempo el domingo de Pascua para reflexionar sobre los seis trabajadores que fallecieron. El\u2026","rel":"","context":"En \u00abSin categor\u00eda\u00bb","block_context":{"text":"Sin categor\u00eda","link":"https:\/\/lasprimeras.com.do\/index.php\/category\/sin-categoria\/"},"img":{"alt_text":"","src":"https:\/\/i0.wp.com\/lasprimeras.com.do\/wp-content\/uploads\/2024\/04\/97152a4a-ac42-484a-b35b-dcf173d6fe14_w650_r1_s.jpg?resize=350%2C200&ssl=1","width":350,"height":200,"srcset":"https:\/\/i0.wp.com\/lasprimeras.com.do\/wp-content\/uploads\/2024\/04\/97152a4a-ac42-484a-b35b-dcf173d6fe14_w650_r1_s.jpg?resize=350%2C200&ssl=1 1x, https:\/\/i0.wp.com\/lasprimeras.com.do\/wp-content\/uploads\/2024\/04\/97152a4a-ac42-484a-b35b-dcf173d6fe14_w650_r1_s.jpg?resize=525%2C300&ssl=1 1.5x"},"classes":[]},{"id":79675,"url":"https:\/\/lasprimeras.com.do\/index.php\/2024\/03\/30\/la-comunidad-de-baltimore-reune-unos-98-000-dolares-para-las-familias-de-los-fallecidos\/","url_meta":{"origin":79344,"position":3},"title":"La comunidad de Baltimore re\u00fane unos 98.000 d\u00f3lares para las familias de los fallecidos","author":"BIMARY DE JES\u00daS Matos","date":"30 de marzo de 2024","format":false,"excerpt":"Los \u00c1ngeles (EE.UU.).- La comunidad de Baltimore recolect\u00f3 este jueves unos 98.000 d\u00f3lares (90.826 euros) en solidaridad con las familias de las v\u00edctimas del colapso del puente Francis Scott Key el martes pasado, que se sald\u00f3 con la muerte de seis trabajadores, todos latinoamericanos, y dej\u00f3 a dos m\u00e1s heridos.\u2026","rel":"","context":"En \u00abSin categor\u00eda\u00bb","block_context":{"text":"Sin categor\u00eda","link":"https:\/\/lasprimeras.com.do\/index.php\/category\/sin-categoria\/"},"img":{"alt_text":"","src":"https:\/\/i0.wp.com\/lasprimeras.com.do\/wp-content\/uploads\/2024\/03\/1-millon-de-jovenes-votaran-en-las-elecciones-municipales-2-22.jpg?resize=350%2C200&ssl=1","width":350,"height":200,"srcset":"https:\/\/i0.wp.com\/lasprimeras.com.do\/wp-content\/uploads\/2024\/03\/1-millon-de-jovenes-votaran-en-las-elecciones-municipales-2-22.jpg?resize=350%2C200&ssl=1 1x, https:\/\/i0.wp.com\/lasprimeras.com.do\/wp-content\/uploads\/2024\/03\/1-millon-de-jovenes-votaran-en-las-elecciones-municipales-2-22.jpg?resize=525%2C300&ssl=1 1.5x, https:\/\/i0.wp.com\/lasprimeras.com.do\/wp-content\/uploads\/2024\/03\/1-millon-de-jovenes-votaran-en-las-elecciones-municipales-2-22.jpg?resize=700%2C400&ssl=1 2x, https:\/\/i0.wp.com\/lasprimeras.com.do\/wp-content\/uploads\/2024\/03\/1-millon-de-jovenes-votaran-en-las-elecciones-municipales-2-22.jpg?resize=1050%2C600&ssl=1 3x, https:\/\/i0.wp.com\/lasprimeras.com.do\/wp-content\/uploads\/2024\/03\/1-millon-de-jovenes-votaran-en-las-elecciones-municipales-2-22.jpg?resize=1400%2C800&ssl=1 4x"},"classes":[]},{"id":80052,"url":"https:\/\/lasprimeras.com.do\/index.php\/2024\/04\/03\/abren-canal-temporal-para-buques-comerciales-tras-colapso-del-puente-de-baltimore\/","url_meta":{"origin":79344,"position":4},"title":"Abren canal temporal para buques comerciales tras colapso del puente de Baltimore","author":"BIMARY DE JES\u00daS Matos","date":"3 de abril de 2024","format":false,"excerpt":"Los \u00c1ngeles.- La Guardia Costera de Estados Unidos abri\u00f3 este martes un canal temporal alternativo para buques comerciales y esenciales en el r\u00edo Patapsco tras el derrumbamiento del puente Key, de Baltimore. El nuevo canal de 4 metros (14 pies) situado al sur del lugar de la cat\u00e1strofe permitir\u00e1 a\u2026","rel":"","context":"En \u00abSin categor\u00eda\u00bb","block_context":{"text":"Sin categor\u00eda","link":"https:\/\/lasprimeras.com.do\/index.php\/category\/sin-categoria\/"},"img":{"alt_text":"","src":"https:\/\/i0.wp.com\/lasprimeras.com.do\/wp-content\/uploads\/2024\/04\/6a0c8a05-4f4b-48f5-a1d9-1ad180753c4a-1.webp?resize=350%2C200&ssl=1","width":350,"height":200,"srcset":"https:\/\/i0.wp.com\/lasprimeras.com.do\/wp-content\/uploads\/2024\/04\/6a0c8a05-4f4b-48f5-a1d9-1ad180753c4a-1.webp?resize=350%2C200&ssl=1 1x, https:\/\/i0.wp.com\/lasprimeras.com.do\/wp-content\/uploads\/2024\/04\/6a0c8a05-4f4b-48f5-a1d9-1ad180753c4a-1.webp?resize=525%2C300&ssl=1 1.5x, https:\/\/i0.wp.com\/lasprimeras.com.do\/wp-content\/uploads\/2024\/04\/6a0c8a05-4f4b-48f5-a1d9-1ad180753c4a-1.webp?resize=700%2C400&ssl=1 2x, https:\/\/i0.wp.com\/lasprimeras.com.do\/wp-content\/uploads\/2024\/04\/6a0c8a05-4f4b-48f5-a1d9-1ad180753c4a-1.webp?resize=1050%2C600&ssl=1 3x, https:\/\/i0.wp.com\/lasprimeras.com.do\/wp-content\/uploads\/2024\/04\/6a0c8a05-4f4b-48f5-a1d9-1ad180753c4a-1.webp?resize=1400%2C800&ssl=1 4x"},"classes":[]},{"id":79545,"url":"https:\/\/lasprimeras.com.do\/index.php\/2024\/03\/28\/eeuu-admite-preocupacion-por-el-impacto-economico-que-provocaria-el-cierre-del-puerto-de-baltimore\/","url_meta":{"origin":79344,"position":5},"title":"EEUU admite preocupaci\u00f3n por el impacto econ\u00f3mico que provocar\u00eda el cierre del puerto de Baltimore","author":"BIMARY DE JES\u00daS Matos","date":"28 de marzo de 2024","format":false,"excerpt":"MIAMI, EEUU \u2014Funcionarios de emergencias de Estados Unidos contin\u00faan con las labores de recuperaci\u00f3n de los seis trabajadores, todos hispanos, que cayeron al agua tras el choque de un carguero contra el puente Francis Scott Key, el m\u00e1s grande del estado de Baltimore, en la madrugada de este martes. Se\u2026","rel":"","context":"En \u00abSin categor\u00eda\u00bb","block_context":{"text":"Sin categor\u00eda","link":"https:\/\/lasprimeras.com.do\/index.php\/category\/sin-categoria\/"},"img":{"alt_text":"","src":"https:\/\/i0.wp.com\/lasprimeras.com.do\/wp-content\/uploads\/2024\/03\/Captura-de-pantalla-2024-01-26-121155-2.webp?resize=350%2C200&ssl=1","width":350,"height":200,"srcset":"https:\/\/i0.wp.com\/lasprimeras.com.do\/wp-content\/uploads\/2024\/03\/Captura-de-pantalla-2024-01-26-121155-2.webp?resize=350%2C200&ssl=1 1x, https:\/\/i0.wp.com\/lasprimeras.com.do\/wp-content\/uploads\/2024\/03\/Captura-de-pantalla-2024-01-26-121155-2.webp?resize=525%2C300&ssl=1 1.5x, https:\/\/i0.wp.com\/lasprimeras.com.do\/wp-content\/uploads\/2024\/03\/Captura-de-pantalla-2024-01-26-121155-2.webp?resize=700%2C400&ssl=1 2x"},"classes":[]}],"jetpack_sharing_enabled":true,"_links":{"self":[{"href":"https:\/\/lasprimeras.com.do\/index.php\/wp-json\/wp\/v2\/posts\/79344","targetHints":{"allow":["GET"]}}],"collection":[{"href":"https:\/\/lasprimeras.com.do\/index.php\/wp-json\/wp\/v2\/posts"}],"about":[{"href":"https:\/\/lasprimeras.com.do\/index.php\/wp-json\/wp\/v2\/types\/post"}],"author":[{"embeddable":true,"href":"https:\/\/lasprimeras.com.do\/index.php\/wp-json\/wp\/v2\/users\/3"}],"replies":[{"embeddable":true,"href":"https:\/\/lasprimeras.com.do\/index.php\/wp-json\/wp\/v2\/comments?post=79344"}],"version-history":[{"count":1,"href":"https:\/\/lasprimeras.com.do\/index.php\/wp-json\/wp\/v2\/posts\/79344\/revisions"}],"predecessor-version":[{"id":79346,"href":"https:\/\/lasprimeras.com.do\/index.php\/wp-json\/wp\/v2\/posts\/79344\/revisions\/79346"}],"wp:featuredmedia":[{"embeddable":true,"href":"https:\/\/lasprimeras.com.do\/index.php\/wp-json\/wp\/v2\/media\/79345"}],"wp:attachment":[{"href":"https:\/\/lasprimeras.com.do\/index.php\/wp-json\/wp\/v2\/media?parent=79344"}],"wp:term":[{"taxonomy":"category","embeddable":true,"href":"https:\/\/lasprimeras.com.do\/index.php\/wp-json\/wp\/v2\/categories?post=79344"},{"taxonomy":"post_tag","embeddable":true,"href":"https:\/\/lasprimeras.com.do\/index.php\/wp-json\/wp\/v2\/tags?post=79344"}],"curies":[{"name":"wp","href":"https:\/\/api.w.org\/{rel}","templated":true}]}}