{"id":79354,"date":"2024-03-26T15:03:52","date_gmt":"2024-03-26T19:03:52","guid":{"rendered":"https:\/\/lasprimeras.com.do\/?p=79354"},"modified":"2024-03-26T15:03:54","modified_gmt":"2024-03-26T19:03:54","slug":"miles-de-agentes-policiales-fortaleceran-patrullaje-preventivo-durante-operativo-conciencia-por-la-vida-semana-santa-2024","status":"publish","type":"post","link":"https:\/\/lasprimeras.com.do\/index.php\/2024\/03\/26\/miles-de-agentes-policiales-fortaleceran-patrullaje-preventivo-durante-operativo-conciencia-por-la-vida-semana-santa-2024\/","title":{"rendered":"Miles de agentes policiales fortalecer\u00e1n patrullaje preventivo durante \u201cOperativo Conciencia Por la Vida Semana Santa 2024\u201d"},"content":{"rendered":"\n<p>Martin Restituyo<\/p>\n\n\n\n<p>Santo Domingo.-El despliegue del personal adscrito a las distintas \u00e1reas de Prevenci\u00f3n, Investigaci\u00f3n e Inteligencia se efectu\u00f3 este martes 26 de marzo.<\/p>\n\n\n\n<p>Miles de hombres y mujeres de la Polic\u00eda Nacional, junto a los dem\u00e1s miembros de la Fuerza de Tarea Conjunta, fueron desplegados este martes con la misi\u00f3n de garantizar la seguridad ciudadana y proteger los bienes en todo el territorio nacional, como parte del \u201cOperativo Conciencia por la Vida Semana Santa 2024\u201d, el cual es coordinado por el Centro de Operaciones de Emergencias (COE).<\/p>\n\n\n\n<p>El despliegue policial y de las Fuerzas Armadas se realiz\u00f3 en un acto encabezado por el ministro de Interior, Jes\u00fas V\u00e1squez Mart\u00ednez, y el director general de la Polic\u00eda Nacional, mayor general Ram\u00f3n Antonio Guzm\u00e1n Peralta, en la explanada frontal de la instituci\u00f3n del orden.<\/p>\n\n\n\n<p>Los agentes policiales pasar\u00e1n a ser parte de los equipos de prevenci\u00f3n de este gran operativo a cargo del COE, cuyo director, el mayor general\u00ae\ufe0f ERD Juan Manuel M\u00e9ndez, estuvo presente en el acto oficial.<\/p>\n\n\n\n<p>El personal adscrito a las distintas \u00e1reas de Prevenci\u00f3n, Investigaci\u00f3n e Inteligencia tendr\u00e1 presencia principalmente en playas, r\u00edos, balnearios, as\u00ed como tambi\u00e9n en zonas residenciales y comerciales, desde este martes 26 hasta el domingo 31 de marzo, cuando los vacacionistas regresen a sus respectivos hogares.<\/p>\n\n\n\n<p>Asimismo, la Unidad T\u00e1ctica de Drones desempe\u00f1ar\u00e1 un papel crucial en la vigilancia y el monitoreo de las \u00e1reas de mayor afluencia tur\u00edstica y de tr\u00e1nsito.<\/p>\n\n\n\n<p>Con tecnolog\u00eda de vanguardia, estos drones proporcionar\u00e1n una visi\u00f3n a\u00e9rea en tiempo real, permitiendo una respuesta r\u00e1pida ante cualquier situaci\u00f3n de emergencia y garantizando la seguridad de los ciudadanos y visitantes durante esta Semana Santa.<\/p>\n\n\n\n<p>Lanzamiento oficial<\/p>\n\n\n\n<p>El parqueo frontal del palacio de la instituci\u00f3n del orden fue el escenario donde se efectu\u00f3 el lanzamiento oficial del \u201cOperativo Conciencia por la Vida Semana Santa 2024\u201d, que cont\u00f3 con la presencia de los principales representantes de los organismos de seguridad del Estado, incluyendo el Ministerio de Interior y Polic\u00eda, Ministerio de Defensa, Polic\u00eda Nacional, Direcci\u00f3n Nacional de Control de Drogas (DNCD), Centro de Operaciones de Emergencias y la Defensa Civil.<\/p>\n\n\n\n<p>Previo al inicio del acto, fue realizado la acostumbrada izada de bandera, mientras que la banda de m\u00fasica de la Polic\u00eda enton\u00f3 las notas del Himno Nacional y policial.<\/p>\n\n\n\n<p>Llamado a la prevenci\u00f3n<\/p>\n\n\n\n<p>El ministro Jes\u00fas V\u00e1squez Mart\u00ednez, al hablar en el acto, hizo hincapi\u00e9 en la importancia de que los agentes policiales act\u00faen conforme al protocolo establecido, respetando los derechos humanos al interactuar con ciudadanos y turistas en las v\u00edas p\u00fablicas. Asimismo, destac\u00f3 que el comportamiento ejemplar de los agentes deber\u00eda servir de inspiraci\u00f3n para aquellos ciudadanos que se encuentren en situaciones conflictivas con la ley.<\/p>\n\n\n\n<p>\u201cAprovecho el momento para exhortar a nuestros agentes policiales a actuar apegados al protocolo de rigor, siendo respetuosos de los derechos humanos a la hora de abordar a los ciudadanos y turistas que se desplazan por nuestras calles, autopistas y carreteras. Su buen comportamiento debe servir de motivaci\u00f3n y ejemplo para aquellos ciudadanos que de una u otra forma se vean en situaciones de conflicto con la ley\u201d, expres\u00f3 V\u00e1squez Mart\u00ednez.<\/p>\n\n\n\n<p>Comprometidos con la seguridad<\/p>\n\n\n\n<p>Mientras que el director de la Polic\u00eda, mayor general Ram\u00f3n Antonio Guzm\u00e1n Peralta, destac\u00f3 el compromiso de los agentes policiales y de la Fuerza de Tarea Conjunta para garantizar la seguridad y protecci\u00f3n de todos los ciudadanos que opten por desplazarse a cualquier destino dentro del pa\u00eds durante el feriado de Semana Santa.<\/p>\n\n\n\n<p>\u201cLos miles de hombres y mujeres de nuestra Polic\u00eda Nacional y de la Fuerza de Tarea Conjunta velar\u00e1n por la seguridad y protecci\u00f3n de todos los ciudadanos que decidan trasladarse a cualquier parte del pa\u00eds y disfrutar del feriado por la Semana Santa\u201d.<\/p>\n\n\n\n<p>Adem\u00e1s, el mayor general Guzm\u00e1n Peralta indic\u00f3 que el accionar preventivo por la Semana Santa, en destinos tur\u00edsticos que incluyen lugares como r\u00edos, monta\u00f1as y balnearios, ser\u00e1 realizado sin descuidar su rol preventivo y de acci\u00f3n contra el delito, as\u00ed como tambi\u00e9n preservar la protecci\u00f3n de los bienes p\u00fablicos y privados.<\/p>\n\n\n\n<p>Autoridades presentes<\/p>\n\n\n\n<p>La mesa de honor estuvo encabezada por el ministro de Interior y Polic\u00eda, Jes\u00fas V\u00e1squez Mart\u00ednez; el mayor general, ERD, Rafael V\u00e1zquez Esp\u00ednola, director de Comipol, en representaci\u00f3n del teniente general Carlos L. D\u00edaz Morfa, ministro de Defensa; el mayor general Ram\u00f3n Antonio Guzm\u00e1n Peralta, director general de la Polic\u00eda Nacional; el mayor general\u00ae\ufe0f ERD, Juan Manuel M\u00e9ndez, director del Centro de Operaciones de Emergencias (COE).<\/p>\n\n\n\n<p>Junto a ellos, el general Ernesto Rodr\u00edguez Garc\u00eda, P.N, director Central de Prevenci\u00f3n; vicealmirante Jos\u00e9 Manuel Cabrera Ulloa, ARD, presidente de la Direcci\u00f3n Nacional de Control de Drogas (DNCD); el comisionado ejecutivo para la Reforma Policial, general Luis Ernesto Garc\u00eda Hern\u00e1ndez; general Juan Hilario Guzm\u00e1n Bad\u00eda, P.N, subdirector general policial; general Andr\u00e9s Cruz Cruz, P.N, inspector general; Juan C. Salas Castillo, director de la Defensa Civil; general Alfredo Camacho Ubiera, subcomandante general del Ej\u00e9rcito (ERD); contralmirante Segundo Ventura Garc\u00eda, subcomandante general ARD; y el general paracaidista mauricio L. Fern\u00e1ndez Garc\u00eda, subcomandante general de la Fuerza A\u00e9rea de Rep\u00fablica Dominicana (FARD).<\/p>\n","protected":false},"excerpt":{"rendered":"<p>Martin Restituyo Santo Domingo.-El despliegue del personal adscrito a las distintas \u00e1reas de Prevenci\u00f3n, Investigaci\u00f3n e Inteligencia se efectu\u00f3 este martes 26 de marzo. Miles de hombres y mujeres de&hellip;<\/p>\n","protected":false},"author":3,"featured_media":79355,"comment_status":"open","ping_status":"open","sticky":false,"template":"","format":"standard","meta":{"content-type":"","jetpack_post_was_ever_published":false,"_jetpack_newsletter_access":"","_jetpack_dont_email_post_to_subs":false,"_jetpack_newsletter_tier_id":0,"_jetpack_memberships_contains_paywalled_content":false,"_jetpack_memberships_contains_paid_content":false,"footnotes":""},"categories":[25],"tags":[3485],"class_list":["post-79354","post","type-post","status-publish","format-standard","has-post-thumbnail","hentry","category-portada","tag-operativo"],"jetpack_featured_media_url":"https:\/\/lasprimeras.com.do\/wp-content\/uploads\/2024\/03\/IMG-20240326-WA0011-scaled.jpg","jetpack-related-posts":[{"id":79654,"url":"https:\/\/lasprimeras.com.do\/index.php\/2024\/03\/29\/pn-refuerza-operativo-conciencia-por-la-vida-semana-santa-2024\/","url_meta":{"origin":79354,"position":0},"title":"PN refuerza operativo &#8220;Conciencia por la Vida, Semana Santa 2024&#8221;","author":"Nelson Feliz","date":"29 de marzo de 2024","format":false,"excerpt":"Por Martin Restituyo La Direcci\u00f3n General de la Polic\u00eda Nacional garantiz\u00f3 hoy la seguridad de toda la ciudadan\u00eda, como parte del operativo preventivo \"Conciencia por la Vida Semana Santa 2024\". El director central de Prevenci\u00f3n, general Ernesto Rodr\u00edguez Garc\u00eda,\u00a0 represent\u00f3 al mayor general Ram\u00f3n Antonio Guzm\u00e1n Peralta, director general policial.\u2026","rel":"","context":"En \u00abMILITARES\u00bb","block_context":{"text":"MILITARES","link":"https:\/\/lasprimeras.com.do\/index.php\/category\/militares\/"},"img":{"alt_text":"PN","src":"https:\/\/i0.wp.com\/lasprimeras.com.do\/wp-content\/uploads\/2024\/03\/PN-1.jpg?resize=350%2C200&ssl=1","width":350,"height":200,"srcset":"https:\/\/i0.wp.com\/lasprimeras.com.do\/wp-content\/uploads\/2024\/03\/PN-1.jpg?resize=350%2C200&ssl=1 1x, https:\/\/i0.wp.com\/lasprimeras.com.do\/wp-content\/uploads\/2024\/03\/PN-1.jpg?resize=525%2C300&ssl=1 1.5x"},"classes":[]},{"id":97139,"url":"https:\/\/lasprimeras.com.do\/index.php\/2025\/04\/16\/gobierno-lanza-mas-29-agentes-al-operativo-seguridad-y-prevencion-semana-santa-2025\/","url_meta":{"origin":79354,"position":1},"title":"Gobierno lanza m\u00e1s 29 agentes al &#8220;Operativo Seguridad y Prevenci\u00f3n Semana Santa 2025&#8221;","author":"Nelson Feliz","date":"16 de abril de 2025","format":false,"excerpt":"El Gobierno dominicano, a trav\u00e9s de la Polic\u00eda Nacional, dio inicio este martes al Operativo de Seguridad y Prevenci\u00f3n Semana Santa 2025, durante un acto celebrado en la explanada frontal del Palacio de la instituci\u00f3n del orden, donde las autoridades exhortaron a la ciudadan\u00eda a actuar con prudencia, respeto a\u2026","rel":"","context":"En \u00abNACIONALES\u00bb","block_context":{"text":"NACIONALES","link":"https:\/\/lasprimeras.com.do\/index.php\/category\/nacionales\/"},"img":{"alt_text":"","src":"https:\/\/i0.wp.com\/lasprimeras.com.do\/wp-content\/uploads\/2025\/04\/Faride-Raful.jpg?resize=350%2C200&ssl=1","width":350,"height":200,"srcset":"https:\/\/i0.wp.com\/lasprimeras.com.do\/wp-content\/uploads\/2025\/04\/Faride-Raful.jpg?resize=350%2C200&ssl=1 1x, https:\/\/i0.wp.com\/lasprimeras.com.do\/wp-content\/uploads\/2025\/04\/Faride-Raful.jpg?resize=525%2C300&ssl=1 1.5x"},"classes":[]},{"id":79302,"url":"https:\/\/lasprimeras.com.do\/index.php\/2024\/03\/25\/abinader-pone-en-marcha-operativo-de-proteccion-por-semana-santa-conciencia-por-la-vida-2024\/","url_meta":{"origin":79354,"position":2},"title":"Abinader pone en marcha operativo de protecci\u00f3n por Semana Santa&#8221; Conciencia por la Vida 2024&#8243;","author":"Nelson Feliz","date":"25 de marzo de 2024","format":false,"excerpt":"El jefe de Estado anunci\u00f3 que el gobierno a trav\u00e9s del Centro de Operaciones Emergencia (COE) contar\u00e1 con m\u00e1s de 49 mil socorristas y m\u00e1s de 3 mil puestos de socorro. El presidente Luis Abinader anunci\u00f3 la puesta en marcha del operativo de Semana Santa \u201cConciencia por la Vida 2024\u201d,\u2026","rel":"","context":"En \u00abNACIONALES\u00bb","block_context":{"text":"NACIONALES","link":"https:\/\/lasprimeras.com.do\/index.php\/category\/nacionales\/"},"img":{"alt_text":"Luis Abinader","src":"https:\/\/i0.wp.com\/lasprimeras.com.do\/wp-content\/uploads\/2024\/03\/Luis-Abinader-11.jpg?resize=350%2C200&ssl=1","width":350,"height":200,"srcset":"https:\/\/i0.wp.com\/lasprimeras.com.do\/wp-content\/uploads\/2024\/03\/Luis-Abinader-11.jpg?resize=350%2C200&ssl=1 1x, https:\/\/i0.wp.com\/lasprimeras.com.do\/wp-content\/uploads\/2024\/03\/Luis-Abinader-11.jpg?resize=525%2C300&ssl=1 1.5x, https:\/\/i0.wp.com\/lasprimeras.com.do\/wp-content\/uploads\/2024\/03\/Luis-Abinader-11.jpg?resize=700%2C400&ssl=1 2x"},"classes":[]},{"id":126329,"url":"https:\/\/lasprimeras.com.do\/index.php\/2026\/03\/31\/presidente-abinader-lanza-el-operativo-proteger-y-servir-semana-santa-2026\/","url_meta":{"origin":79354,"position":3},"title":"Presidente Abinader lanza el operativo \u201cProteger y Servir Semana Santa 2026\u201d","author":"Nelson Feliz","date":"31 de marzo de 2026","format":false,"excerpt":"El presidente Luis Abinader, encabez\u00f3 este martes el acto de lanzamiento del operativo \u201cProteger y Servir Semana Santa 2026\u201d, una iniciativa de la Polic\u00eda Nacional orientada a fortalecer la seguridad y la prevenci\u00f3n en todo el territorio nacional durante el asueto de la Semana Mayor. La instituci\u00f3n pondr\u00e1 en marcha\u2026","rel":"","context":"En \u00abNACIONALES\u00bb","block_context":{"text":"NACIONALES","link":"https:\/\/lasprimeras.com.do\/index.php\/category\/nacionales\/"},"img":{"alt_text":"","src":"https:\/\/i0.wp.com\/lasprimeras.com.do\/wp-content\/uploads\/2026\/03\/Luis-Abinader-1-b.jpg?resize=350%2C200&ssl=1","width":350,"height":200,"srcset":"https:\/\/i0.wp.com\/lasprimeras.com.do\/wp-content\/uploads\/2026\/03\/Luis-Abinader-1-b.jpg?resize=350%2C200&ssl=1 1x, https:\/\/i0.wp.com\/lasprimeras.com.do\/wp-content\/uploads\/2026\/03\/Luis-Abinader-1-b.jpg?resize=525%2C300&ssl=1 1.5x, https:\/\/i0.wp.com\/lasprimeras.com.do\/wp-content\/uploads\/2026\/03\/Luis-Abinader-1-b.jpg?resize=700%2C400&ssl=1 2x"},"classes":[]},{"id":126524,"url":"https:\/\/lasprimeras.com.do\/index.php\/2026\/04\/02\/amplio-despliegue-policial-por-semana-santa\/","url_meta":{"origin":79354,"position":4},"title":"Amplio despliegue policial por Semana Santa","author":"Nelson Feliz","date":"2 de abril de 2026","format":false,"excerpt":"La Polic\u00eda Nacional despleg\u00f3 este Jueves Santo un amplio dispositivo de seguridad en todo el territorio nacional, como parte del operativo \u201cProteger y Servir Semana Santa 2026\u201d, con el objetivo de garantizar el orden, la prevenci\u00f3n y la tranquilidad ciudadana durante el asueto. En la regi\u00f3n Sur, agentes adscritos a\u2026","rel":"","context":"En \u00abMILITARES\u00bb","block_context":{"text":"MILITARES","link":"https:\/\/lasprimeras.com.do\/index.php\/category\/militares\/"},"img":{"alt_text":"","src":"https:\/\/i0.wp.com\/lasprimeras.com.do\/wp-content\/uploads\/2026\/04\/dos.jpg?resize=350%2C200&ssl=1","width":350,"height":200,"srcset":"https:\/\/i0.wp.com\/lasprimeras.com.do\/wp-content\/uploads\/2026\/04\/dos.jpg?resize=350%2C200&ssl=1 1x, https:\/\/i0.wp.com\/lasprimeras.com.do\/wp-content\/uploads\/2026\/04\/dos.jpg?resize=525%2C300&ssl=1 1.5x, https:\/\/i0.wp.com\/lasprimeras.com.do\/wp-content\/uploads\/2026\/04\/dos.jpg?resize=700%2C400&ssl=1 2x"},"classes":[]},{"id":79785,"url":"https:\/\/lasprimeras.com.do\/index.php\/2024\/03\/31\/digesett-retiene-cientos-de-vehiculos-por-infracciones-durante-operativos-de-semana-santa\/","url_meta":{"origin":79354,"position":5},"title":"Digesett retiene cientos de veh\u00edculos por infracciones durante operativos de Semana Santa","author":"Nelson Feliz","date":"31 de marzo de 2024","format":false,"excerpt":"Las autoridades de la Digesett llevaron a cabo un amplio operativo de fiscalizaci\u00f3n durante los d\u00edas jueves, y s\u00e1bado viernes santo, resultando con la retenci\u00f3n de miles de veh\u00edculos y la inspecci\u00f3n de conductores por diversas infracciones a la ley de tr\u00e1nsito, en especial a los motociclistas. Seg\u00fan detalla el\u2026","rel":"","context":"En \u00abNACIONALES\u00bb","block_context":{"text":"NACIONALES","link":"https:\/\/lasprimeras.com.do\/index.php\/category\/nacionales\/"},"img":{"alt_text":"Digesett","src":"https:\/\/i0.wp.com\/lasprimeras.com.do\/wp-content\/uploads\/2024\/03\/Digesett-1.jpg?resize=350%2C200&ssl=1","width":350,"height":200},"classes":[]}],"jetpack_sharing_enabled":true,"_links":{"self":[{"href":"https:\/\/lasprimeras.com.do\/index.php\/wp-json\/wp\/v2\/posts\/79354","targetHints":{"allow":["GET"]}}],"collection":[{"href":"https:\/\/lasprimeras.com.do\/index.php\/wp-json\/wp\/v2\/posts"}],"about":[{"href":"https:\/\/lasprimeras.com.do\/index.php\/wp-json\/wp\/v2\/types\/post"}],"author":[{"embeddable":true,"href":"https:\/\/lasprimeras.com.do\/index.php\/wp-json\/wp\/v2\/users\/3"}],"replies":[{"embeddable":true,"href":"https:\/\/lasprimeras.com.do\/index.php\/wp-json\/wp\/v2\/comments?post=79354"}],"version-history":[{"count":1,"href":"https:\/\/lasprimeras.com.do\/index.php\/wp-json\/wp\/v2\/posts\/79354\/revisions"}],"predecessor-version":[{"id":79356,"href":"https:\/\/lasprimeras.com.do\/index.php\/wp-json\/wp\/v2\/posts\/79354\/revisions\/79356"}],"wp:featuredmedia":[{"embeddable":true,"href":"https:\/\/lasprimeras.com.do\/index.php\/wp-json\/wp\/v2\/media\/79355"}],"wp:attachment":[{"href":"https:\/\/lasprimeras.com.do\/index.php\/wp-json\/wp\/v2\/media?parent=79354"}],"wp:term":[{"taxonomy":"category","embeddable":true,"href":"https:\/\/lasprimeras.com.do\/index.php\/wp-json\/wp\/v2\/categories?post=79354"},{"taxonomy":"post_tag","embeddable":true,"href":"https:\/\/lasprimeras.com.do\/index.php\/wp-json\/wp\/v2\/tags?post=79354"}],"curies":[{"name":"wp","href":"https:\/\/api.w.org\/{rel}","templated":true}]}}