{"id":79357,"date":"2024-03-26T15:08:23","date_gmt":"2024-03-26T19:08:23","guid":{"rendered":"https:\/\/lasprimeras.com.do\/?p=79357"},"modified":"2024-03-26T15:08:24","modified_gmt":"2024-03-26T19:08:24","slug":"gremios-de-enfermeria-demandan-al-gobierno-por-incumplimiento-de-promesas","status":"publish","type":"post","link":"https:\/\/lasprimeras.com.do\/index.php\/2024\/03\/26\/gremios-de-enfermeria-demandan-al-gobierno-por-incumplimiento-de-promesas\/","title":{"rendered":"Gremios de enfermer\u00eda demandan al gobierno por incumplimiento de promesas"},"content":{"rendered":"\n<p>Martin Restituyo<\/p>\n\n\n\n<p>Santo Domingo.- Los principales gremios de enfermer\u00eda del pa\u00eds han levantado su voz exigiendo al presidente de la Rep\u00fablica, Luis Abinader, el cumplimiento de una serie de reivindicaciones, que van desde un aumento salarial hasta facilidades para la adquisici\u00f3n de viviendas.<\/p>\n\n\n\n<p>Las entidades que agrupan a enfermeras y enfermeros justifican su demanda de aumento salarial argumentando que el costo de la vida se ha disparado significativamente en el pa\u00eds, subrayando que es un compromiso que el gobierno ha asumido con ellos en m\u00faltiples reuniones sostenidas en el Palacio Nacional.<\/p>\n\n\n\n<p>Adem\u00e1s del mejoramiento de sus ingresos, los sindicatos de enfermer\u00eda exigen a las autoridades cumplir con la promesa de otorgar el sueldo 14 a los activos y pensionados, as\u00ed como garantizar una pensi\u00f3n equivalente al 100 por ciento de su \u00faltimo salario al momento del retiro, y mantener su seguro m\u00e9dico.<\/p>\n\n\n\n<p>Para estos fines, han reclamado que se reconozca el tiempo de servicio que llevan laborando.<\/p>\n\n\n\n<p>Han expresado que su \u00fanico inter\u00e9s es lograr una mejora en la calidad de vida de los trabajadores de este sector, se\u00f1alando que en las reuniones sostenidas con la vicepresidenta de la Rep\u00fablica, Raquel Pe\u00f1a, en la sede de gobierno, tambi\u00e9n han exigido la regulaci\u00f3n, nivelaci\u00f3n y unificaci\u00f3n salarial.<\/p>\n\n\n\n<p>Han manifestado que su \u00faltimo encuentro con la se\u00f1ora Raquel Pe\u00f1a tuvo lugar el pasado 13 de febrero del a\u00f1o en curso, destacando que en esa ocasi\u00f3n, la tambi\u00e9n encargada del Gabinete de la Salud, reafirm\u00f3 su compromiso de cumplir con sus demandas reivindicativas, pero hasta el momento esto no se ha hecho realidad.<\/p>\n\n\n\n<p>Adem\u00e1s del aumento salarial, reclaman el nombramiento de m\u00e1s enfermeros y enfermeras, precisando que la falta de personal los obliga a trabajar en jornadas extenuantes en los hospitales, las cuales cumplen \u00edntegramente debido a su profesionalismo y vocaci\u00f3n de servicio.<\/p>\n\n\n\n<p>El pliego de demandas, que ya ha sido discutido con las autoridades, incluye el cambio de designaci\u00f3n, incentivos por desempe\u00f1o y proyectos de viviendas en beneficio de quienes brindan atenci\u00f3n a las personas en momentos de dificultades en su salud.<\/p>\n\n\n\n<p>Las entidades que hacen el reclamo son el Colegio Dominicano de Profesionales de Enfermer\u00eda (CODOPENF), el Sindicato Nacional de Trabajadores de Enfermer\u00eda, (SINATRAE), la Asociaci\u00f3n Dominicana de Enfermer\u00eda del Antiguo (ADEIDSS), la Coordinadora Nacional de Enfermer\u00eda Dignidad Gremial (CONAENDILANG-CASC) y la Uni\u00f3n Nacional de Servicios de Enfermer\u00eda Dominicana (UNASED).<\/p>\n","protected":false},"excerpt":{"rendered":"<p>Martin Restituyo Santo Domingo.- Los principales gremios de enfermer\u00eda del pa\u00eds han levantado su voz exigiendo al presidente de la Rep\u00fablica, Luis Abinader, el cumplimiento de una serie de reivindicaciones,&hellip;<\/p>\n","protected":false},"author":3,"featured_media":79358,"comment_status":"open","ping_status":"open","sticky":false,"template":"","format":"standard","meta":{"content-type":"","jetpack_post_was_ever_published":false,"_jetpack_newsletter_access":"","_jetpack_dont_email_post_to_subs":false,"_jetpack_newsletter_tier_id":0,"_jetpack_memberships_contains_paywalled_content":false,"_jetpack_memberships_contains_paid_content":false,"footnotes":""},"categories":[25],"tags":[1307],"class_list":["post-79357","post","type-post","status-publish","format-standard","has-post-thumbnail","hentry","category-portada","tag-enfermeria"],"jetpack_featured_media_url":"https:\/\/lasprimeras.com.do\/wp-content\/uploads\/2024\/03\/IMG-20240326-WA0012.jpg","jetpack-related-posts":[{"id":88102,"url":"https:\/\/lasprimeras.com.do\/index.php\/2024\/08\/22\/gremios-de-enfermeria-realizan-gran-planton-en-hospitales-del-gran-santo-domingo\/","url_meta":{"origin":79357,"position":0},"title":"Gremios de enfermer\u00eda realizan \u201cgran plant\u00f3n\u201d en hospitales del Gran Santo Domingo","author":"Nelson Feliz","date":"22 de agosto de 2024","format":false,"excerpt":"En la continuaci\u00f3n de sus jornadas reivindicativas, los principales gremios de enfermer\u00eda del pa\u00eds realizaron un \u201cgran plant\u00f3n\u201d en los hospitales p\u00fablicos del Distrito Nacional y todo el Gran Santo Domingo, en demanda de que el gobierno cumpla con una serie de compromisos que asumi\u00f3 con este importante sector. En\u2026","rel":"","context":"En \u00abSin categor\u00eda\u00bb","block_context":{"text":"Sin categor\u00eda","link":"https:\/\/lasprimeras.com.do\/index.php\/category\/sin-categoria\/"},"img":{"alt_text":"","src":"https:\/\/i0.wp.com\/lasprimeras.com.do\/wp-content\/uploads\/2024\/08\/gremios.jpg?resize=350%2C200&ssl=1","width":350,"height":200,"srcset":"https:\/\/i0.wp.com\/lasprimeras.com.do\/wp-content\/uploads\/2024\/08\/gremios.jpg?resize=350%2C200&ssl=1 1x, https:\/\/i0.wp.com\/lasprimeras.com.do\/wp-content\/uploads\/2024\/08\/gremios.jpg?resize=525%2C300&ssl=1 1.5x, https:\/\/i0.wp.com\/lasprimeras.com.do\/wp-content\/uploads\/2024\/08\/gremios.jpg?resize=700%2C400&ssl=1 2x"},"classes":[]},{"id":87595,"url":"https:\/\/lasprimeras.com.do\/index.php\/2024\/08\/14\/gremios-de-enfermeria-protestan-en-hospitales-del-norte-en-reclamo-de-reivindicaciones\/","url_meta":{"origin":79357,"position":1},"title":"Gremios de enfermer\u00eda protestan en hospitales del norte en reclamo de reivindicaciones","author":"Nelson Feliz","date":"14 de agosto de 2024","format":false,"excerpt":"M\u00e9dicos se suman al reclamo de los y las enfermeras. Decenas de enfermeras y enfermeros se manifestaron este martes en hospitales de la regi\u00f3n norte del pa\u00eds para exigir al gobierno el cumplimiento de una serie de reivindicaciones. Entre los reclamos del personal de enfermer\u00eda destacan un incremento salarial del\u2026","rel":"","context":"En \u00abPORTADA\u00bb","block_context":{"text":"PORTADA","link":"https:\/\/lasprimeras.com.do\/index.php\/category\/portada\/"},"img":{"alt_text":"","src":"https:\/\/i0.wp.com\/lasprimeras.com.do\/wp-content\/uploads\/2024\/08\/PROTESTA-GREMIOS-DE-ENFERMERIA-jpeg.jpg?resize=350%2C200&ssl=1","width":350,"height":200,"srcset":"https:\/\/i0.wp.com\/lasprimeras.com.do\/wp-content\/uploads\/2024\/08\/PROTESTA-GREMIOS-DE-ENFERMERIA-jpeg.jpg?resize=350%2C200&ssl=1 1x, https:\/\/i0.wp.com\/lasprimeras.com.do\/wp-content\/uploads\/2024\/08\/PROTESTA-GREMIOS-DE-ENFERMERIA-jpeg.jpg?resize=525%2C300&ssl=1 1.5x, https:\/\/i0.wp.com\/lasprimeras.com.do\/wp-content\/uploads\/2024\/08\/PROTESTA-GREMIOS-DE-ENFERMERIA-jpeg.jpg?resize=700%2C400&ssl=1 2x"},"classes":[]},{"id":91149,"url":"https:\/\/lasprimeras.com.do\/index.php\/2024\/11\/10\/gremios-de-enfermeria-convocan-paro-de-48-horas-para-demandar-reivindicaciones-laborales\/","url_meta":{"origin":79357,"position":2},"title":"Gremios de enfermer\u00eda convocan paro de 48 horas para demandar reivindicaciones laborales","author":"Nelson Feliz","date":"10 de noviembre de 2024","format":false,"excerpt":"Los principales gremios de enfermer\u00eda del pa\u00eds iniciaron este martes un paro de labores por 48 horas, con el objetivo de exigir respuestas satisfactorias por parte de las autoridades, luego de m\u00e1s de tres a\u00f1os de di\u00e1logo sin avances concretos en sus principales demandas. Afirman que, pese a los esfuerzos\u2026","rel":"","context":"En \u00abSin categor\u00eda\u00bb","block_context":{"text":"Sin categor\u00eda","link":"https:\/\/lasprimeras.com.do\/index.php\/category\/sin-categoria\/"},"img":{"alt_text":"","src":"https:\/\/i0.wp.com\/lasprimeras.com.do\/wp-content\/uploads\/2024\/11\/LOGO-NUEVO-DE-LA-UNASED-jpg-514x525-1.jpg?resize=350%2C200&ssl=1","width":350,"height":200},"classes":[]},{"id":87488,"url":"https:\/\/lasprimeras.com.do\/index.php\/2024\/08\/12\/enfermeras-y-bioanalistas-protestan-por-mejores-condiciones-laborales-en-cabral\/","url_meta":{"origin":79357,"position":3},"title":"Enfermeras y bioanalistas protestan por mejores condiciones laborales en Cabral","author":"Nelson Feliz","date":"12 de agosto de 2024","format":false,"excerpt":"Enfermeras y bioanalistas del hospital municipal de Cabral se manifestaron frente a las instalaciones del centro de salud para exigir mejoras en sus condiciones laborales y garantizar una atenci\u00f3n de calidad a la poblaci\u00f3n. La protesta, convocada por la Uni\u00f3n Nacional de Servicios de Enfermer\u00eda (UNASE-CASC) y el Colegio Dominicano\u2026","rel":"","context":"En \u00abPORTADA\u00bb","block_context":{"text":"PORTADA","link":"https:\/\/lasprimeras.com.do\/index.php\/category\/portada\/"},"img":{"alt_text":"Enfermeras y bioanalistas","src":"https:\/\/i0.wp.com\/lasprimeras.com.do\/wp-content\/uploads\/2024\/08\/Enfermeras-y-bioanalistas-1.jpg?resize=350%2C200&ssl=1","width":350,"height":200,"srcset":"https:\/\/i0.wp.com\/lasprimeras.com.do\/wp-content\/uploads\/2024\/08\/Enfermeras-y-bioanalistas-1.jpg?resize=350%2C200&ssl=1 1x, https:\/\/i0.wp.com\/lasprimeras.com.do\/wp-content\/uploads\/2024\/08\/Enfermeras-y-bioanalistas-1.jpg?resize=525%2C300&ssl=1 1.5x, https:\/\/i0.wp.com\/lasprimeras.com.do\/wp-content\/uploads\/2024\/08\/Enfermeras-y-bioanalistas-1.jpg?resize=700%2C400&ssl=1 2x"},"classes":[]},{"id":63953,"url":"https:\/\/lasprimeras.com.do\/index.php\/2023\/10\/17\/enfermeras-haran-paro-en-reclamo-de-aumentos\/","url_meta":{"origin":79357,"position":4},"title":"Enfermeras har\u00e1n paro en reclamo de aumentos","author":"BIMARY DE JES\u00daS Matos","date":"17 de octubre de 2023","format":false,"excerpt":"Santo Domingo.- El Consejo Nacional de Enfermer\u00eda y la Coordinadora Nacional de Salud anunciaron ayer un paro de labores que se realizar\u00e1 este mi\u00e9rcoles en reclamo de aumento salarial y otras reivindicaciones. Los representantes de los gremios indicaron que el paro ser\u00e1 desde las 7:00 de la ma\u00f1ana hasta las\u2026","rel":"","context":"En \u00abNACIONALES\u00bb","block_context":{"text":"NACIONALES","link":"https:\/\/lasprimeras.com.do\/index.php\/category\/nacionales\/"},"img":{"alt_text":"","src":"https:\/\/i0.wp.com\/lasprimeras.com.do\/wp-content\/uploads\/2023\/10\/Captura-de-pantalla-2023-10-16-172822.webp?resize=350%2C200&ssl=1","width":350,"height":200,"srcset":"https:\/\/i0.wp.com\/lasprimeras.com.do\/wp-content\/uploads\/2023\/10\/Captura-de-pantalla-2023-10-16-172822.webp?resize=350%2C200&ssl=1 1x, https:\/\/i0.wp.com\/lasprimeras.com.do\/wp-content\/uploads\/2023\/10\/Captura-de-pantalla-2023-10-16-172822.webp?resize=525%2C300&ssl=1 1.5x, https:\/\/i0.wp.com\/lasprimeras.com.do\/wp-content\/uploads\/2023\/10\/Captura-de-pantalla-2023-10-16-172822.webp?resize=700%2C400&ssl=1 2x"},"classes":[]},{"id":49609,"url":"https:\/\/lasprimeras.com.do\/index.php\/2023\/05\/12\/unased-reclama-salarios-y-pensiones-dignas-para-el-sector-enfermeria\/","url_meta":{"origin":79357,"position":5},"title":"UNASED reclama salarios y pensiones dignas para el sector enfermer\u00eda","author":"prenxa100","date":"12 de mayo de 2023","format":false,"excerpt":"Hoy se celebra el D\u00eda Internacional de la Enfermer\u00eda. Santo Domingo.-La Uni\u00f3n Nacional de Servicios de Enfermer\u00eda Dominicana (UNASED) manifest\u00f3 su compromiso de continuar luchando por la aprobaci\u00f3n de una ley que otorgue pensiones justas y un seguro m\u00e9dico al momento del retiro de los y las enfermeras del pa\u00eds,\u2026","rel":"","context":"En \u00abPORTADA\u00bb","block_context":{"text":"PORTADA","link":"https:\/\/lasprimeras.com.do\/index.php\/category\/portada\/"},"img":{"alt_text":"","src":"","width":0,"height":0},"classes":[]}],"jetpack_sharing_enabled":true,"_links":{"self":[{"href":"https:\/\/lasprimeras.com.do\/index.php\/wp-json\/wp\/v2\/posts\/79357","targetHints":{"allow":["GET"]}}],"collection":[{"href":"https:\/\/lasprimeras.com.do\/index.php\/wp-json\/wp\/v2\/posts"}],"about":[{"href":"https:\/\/lasprimeras.com.do\/index.php\/wp-json\/wp\/v2\/types\/post"}],"author":[{"embeddable":true,"href":"https:\/\/lasprimeras.com.do\/index.php\/wp-json\/wp\/v2\/users\/3"}],"replies":[{"embeddable":true,"href":"https:\/\/lasprimeras.com.do\/index.php\/wp-json\/wp\/v2\/comments?post=79357"}],"version-history":[{"count":1,"href":"https:\/\/lasprimeras.com.do\/index.php\/wp-json\/wp\/v2\/posts\/79357\/revisions"}],"predecessor-version":[{"id":79359,"href":"https:\/\/lasprimeras.com.do\/index.php\/wp-json\/wp\/v2\/posts\/79357\/revisions\/79359"}],"wp:featuredmedia":[{"embeddable":true,"href":"https:\/\/lasprimeras.com.do\/index.php\/wp-json\/wp\/v2\/media\/79358"}],"wp:attachment":[{"href":"https:\/\/lasprimeras.com.do\/index.php\/wp-json\/wp\/v2\/media?parent=79357"}],"wp:term":[{"taxonomy":"category","embeddable":true,"href":"https:\/\/lasprimeras.com.do\/index.php\/wp-json\/wp\/v2\/categories?post=79357"},{"taxonomy":"post_tag","embeddable":true,"href":"https:\/\/lasprimeras.com.do\/index.php\/wp-json\/wp\/v2\/tags?post=79357"}],"curies":[{"name":"wp","href":"https:\/\/api.w.org\/{rel}","templated":true}]}}