{"id":79371,"date":"2024-03-26T20:02:55","date_gmt":"2024-03-27T00:02:55","guid":{"rendered":"https:\/\/lasprimeras.com.do\/?p=79371"},"modified":"2024-03-26T20:02:57","modified_gmt":"2024-03-27T00:02:57","slug":"policia-nacional-informa-circula-imagen-del-general-ernesto-rodriguez-garcia","status":"publish","type":"post","link":"https:\/\/lasprimeras.com.do\/index.php\/2024\/03\/26\/policia-nacional-informa-circula-imagen-del-general-ernesto-rodriguez-garcia\/","title":{"rendered":"Polic\u00eda Nacional informa circula imagen del general Ernesto Rodr\u00edguez Garc\u00eda"},"content":{"rendered":"\n<p>Martin Restituyo <\/p>\n\n\n\n<p>Santo Domingo.-La Polic\u00eda Nacional informa que desde ayer distintos medios de comunicaci\u00f3n est\u00e1n publicando por error la foto del general Ernesto Rodr\u00edguez Garc\u00eda, actual director Central de Prevenci\u00f3n, en lugar de la correspondiente al coronel Roberto Nivar, quien recientemente fue designado encargado de la Penitenciar\u00eda Nacional de La Victoria.<\/p>\n\n\n\n<p>Debido a la evidente confusi\u00f3n que ha generado entre los internautas y dem\u00e1s amigos de medios informativos, la instituci\u00f3n del orden adjunta a este comunicado la imagen del coronel Nivar para aportar soluci\u00f3n inmediata y efectiva a lo anteriormente descrito.<\/p>\n","protected":false},"excerpt":{"rendered":"<p>Martin Restituyo Santo Domingo.-La Polic\u00eda Nacional informa que desde ayer distintos medios de comunicaci\u00f3n est\u00e1n publicando por error la foto del general Ernesto Rodr\u00edguez Garc\u00eda, actual director Central de Prevenci\u00f3n,&hellip;<\/p>\n","protected":false},"author":3,"featured_media":79372,"comment_status":"open","ping_status":"open","sticky":false,"template":"","format":"standard","meta":{"content-type":"","jetpack_post_was_ever_published":false,"_jetpack_newsletter_access":"","_jetpack_dont_email_post_to_subs":false,"_jetpack_newsletter_tier_id":0,"_jetpack_memberships_contains_paywalled_content":false,"_jetpack_memberships_contains_paid_content":false,"footnotes":""},"categories":[25],"tags":[477],"class_list":["post-79371","post","type-post","status-publish","format-standard","has-post-thumbnail","hentry","category-portada","tag-pn"],"jetpack_featured_media_url":"https:\/\/lasprimeras.com.do\/wp-content\/uploads\/2024\/03\/IMG-20240326-WA0026.jpg","jetpack-related-posts":[{"id":123340,"url":"https:\/\/lasprimeras.com.do\/index.php\/2026\/02\/27\/abinader-designa-nuevo-subdirector-e-inspector-general-de-la-pn-y-dispone-ascensos-y-retiros\/","url_meta":{"origin":79371,"position":0},"title":"Abinader designa nuevo subdirector e inspector general de la PN y dispone ascensos y retiros","author":"Nelson Feliz","date":"27 de febrero de 2026","format":false,"excerpt":"El presidente de la Rep\u00fablica, Luis Abinader, emiti\u00f3 el Decreto n\u00fam. 133-26 mediante el cual designa al general Esteban Figuereo Garc\u00eda como subdirector general de la Polic\u00eda Nacional y al general Ernesto Rafael Rodr\u00edguez Garc\u00eda como inspector general de la instituci\u00f3n, adem\u00e1s de disponer ascensos, retiros y nuevas designaciones en\u2026","rel":"","context":"En \u00abNACIONALES\u00bb","block_context":{"text":"NACIONALES","link":"https:\/\/lasprimeras.com.do\/index.php\/category\/nacionales\/"},"img":{"alt_text":"","src":"https:\/\/i0.wp.com\/lasprimeras.com.do\/wp-content\/uploads\/2025\/10\/Palacio-Nacional.jpg?resize=350%2C200&ssl=1","width":350,"height":200,"srcset":"https:\/\/i0.wp.com\/lasprimeras.com.do\/wp-content\/uploads\/2025\/10\/Palacio-Nacional.jpg?resize=350%2C200&ssl=1 1x, https:\/\/i0.wp.com\/lasprimeras.com.do\/wp-content\/uploads\/2025\/10\/Palacio-Nacional.jpg?resize=525%2C300&ssl=1 1.5x, https:\/\/i0.wp.com\/lasprimeras.com.do\/wp-content\/uploads\/2025\/10\/Palacio-Nacional.jpg?resize=700%2C400&ssl=1 2x"},"classes":[]},{"id":109029,"url":"https:\/\/lasprimeras.com.do\/index.php\/2025\/09\/12\/certifican-a-40-agentes-de-la-policia-nacional-como-analistas-estrategicos-en-seguridad-ciudadana\/","url_meta":{"origin":79371,"position":1},"title":"Certifican a 40 agentes de la Polic\u00eda Nacional como analistas estrat\u00e9gicos en seguridad ciudadana","author":"Nelson Feliz","date":"12 de septiembre de 2025","format":false,"excerpt":"El Instituto Policial de Educaci\u00f3n Superior (IPES), certific\u00f3 a 40 agentes policiales como analistas estrat\u00e9gicos en seguridad ciudadana, que participaron en el curso b\u00e1sico en \"An\u00e1lisis y Planeaci\u00f3n Operativa de Servicio de Polic\u00eda (CEPOL), a traves del cual fortalecieron sus capacidades institucionales en materia de prevenci\u00f3n, planificaci\u00f3n y toma de\u2026","rel":"","context":"En \u00abMILITARES\u00bb","block_context":{"text":"MILITARES","link":"https:\/\/lasprimeras.com.do\/index.php\/category\/militares\/"},"img":{"alt_text":"","src":"https:\/\/i0.wp.com\/lasprimeras.com.do\/wp-content\/uploads\/2025\/09\/PN.jpg?resize=350%2C200&ssl=1","width":350,"height":200,"srcset":"https:\/\/i0.wp.com\/lasprimeras.com.do\/wp-content\/uploads\/2025\/09\/PN.jpg?resize=350%2C200&ssl=1 1x, https:\/\/i0.wp.com\/lasprimeras.com.do\/wp-content\/uploads\/2025\/09\/PN.jpg?resize=525%2C300&ssl=1 1.5x, https:\/\/i0.wp.com\/lasprimeras.com.do\/wp-content\/uploads\/2025\/09\/PN.jpg?resize=700%2C400&ssl=1 2x"},"classes":[]},{"id":119250,"url":"https:\/\/lasprimeras.com.do\/index.php\/2026\/01\/09\/pn-inaugura-el-poligono-virtual-en-escuela-de-formacion-policial-campus-gaspar-hernandez\/","url_meta":{"origin":79371,"position":2},"title":"PN inaugura el Pol\u00edgono Virtual en Escuela de Formaci\u00f3n Policial &#8220;Campus Gaspar Hern\u00e1ndez&#8221;","author":"Nelson Feliz","date":"9 de enero de 2026","format":false,"excerpt":"*-Con respaldo de la INL de la Embajada de los Estados Unidos.* El director de la Polic\u00eda Nacional, mayor general Ram\u00f3n Antonio Guzm\u00e1n Peralta, inaugur\u00f3 hoy un moderno Pol\u00edgono de Tiro Virtual en la Escuela de Formaci\u00f3n Policial, Campus Gaspar Hern\u00e1ndez, lo cual representa un avance significativo en el proceso\u2026","rel":"","context":"En \u00abMILITARES\u00bb","block_context":{"text":"MILITARES","link":"https:\/\/lasprimeras.com.do\/index.php\/category\/militares\/"},"img":{"alt_text":"","src":"https:\/\/i0.wp.com\/lasprimeras.com.do\/wp-content\/uploads\/2026\/01\/IMG-20260109-WA0096.jpg?resize=350%2C200&ssl=1","width":350,"height":200,"srcset":"https:\/\/i0.wp.com\/lasprimeras.com.do\/wp-content\/uploads\/2026\/01\/IMG-20260109-WA0096.jpg?resize=350%2C200&ssl=1 1x, https:\/\/i0.wp.com\/lasprimeras.com.do\/wp-content\/uploads\/2026\/01\/IMG-20260109-WA0096.jpg?resize=525%2C300&ssl=1 1.5x, https:\/\/i0.wp.com\/lasprimeras.com.do\/wp-content\/uploads\/2026\/01\/IMG-20260109-WA0096.jpg?resize=700%2C400&ssl=1 2x, https:\/\/i0.wp.com\/lasprimeras.com.do\/wp-content\/uploads\/2026\/01\/IMG-20260109-WA0096.jpg?resize=1050%2C600&ssl=1 3x"},"classes":[]},{"id":126987,"url":"https:\/\/lasprimeras.com.do\/index.php\/2026\/04\/07\/abinader-encabeza-reunion-de-seguimiento-al-plan-de-seguridad-ciudadana-5\/","url_meta":{"origin":79371,"position":3},"title":"Abinader encabeza reuni\u00f3n de seguimiento al Plan de Seguridad Ciudadana","author":"Nelson Feliz","date":"7 de abril de 2026","format":false,"excerpt":"El presidente Luis Abinader se encuentra presidiendo en estos momentos la reuni\u00f3n de seguimiento al Plan de Seguridad Ciudadana, con el prop\u00f3sito de fortalecer las estrategias que se implementan en todo el pa\u00eds para garantizar mayor protecci\u00f3n y tranquilidad a la poblaci\u00f3n. La sesi\u00f3n de trabajo se est\u00e1 llevando a\u2026","rel":"","context":"En \u00abNACIONALES\u00bb","block_context":{"text":"NACIONALES","link":"https:\/\/lasprimeras.com.do\/index.php\/category\/nacionales\/"},"img":{"alt_text":"","src":"https:\/\/i0.wp.com\/lasprimeras.com.do\/wp-content\/uploads\/2026\/04\/IMG-20260407-WA0406-scaled.jpg?resize=350%2C200&ssl=1","width":350,"height":200,"srcset":"https:\/\/i0.wp.com\/lasprimeras.com.do\/wp-content\/uploads\/2026\/04\/IMG-20260407-WA0406-scaled.jpg?resize=350%2C200&ssl=1 1x, https:\/\/i0.wp.com\/lasprimeras.com.do\/wp-content\/uploads\/2026\/04\/IMG-20260407-WA0406-scaled.jpg?resize=525%2C300&ssl=1 1.5x, https:\/\/i0.wp.com\/lasprimeras.com.do\/wp-content\/uploads\/2026\/04\/IMG-20260407-WA0406-scaled.jpg?resize=700%2C400&ssl=1 2x, https:\/\/i0.wp.com\/lasprimeras.com.do\/wp-content\/uploads\/2026\/04\/IMG-20260407-WA0406-scaled.jpg?resize=1050%2C600&ssl=1 3x, https:\/\/i0.wp.com\/lasprimeras.com.do\/wp-content\/uploads\/2026\/04\/IMG-20260407-WA0406-scaled.jpg?resize=1400%2C800&ssl=1 4x"},"classes":[]},{"id":128160,"url":"https:\/\/lasprimeras.com.do\/index.php\/2026\/04\/20\/abinader-encabeza-reunion-de-seguimiento-al-plan-de-seguridad-ciudadana-6\/","url_meta":{"origin":79371,"position":4},"title":"Abinader encabeza reuni\u00f3n de seguimiento al Plan de Seguridad Ciudadana","author":"Nelson Feliz","date":"20 de abril de 2026","format":false,"excerpt":"El presidente Luis Abinader se encuentra presidiendo en estos momentos la reuni\u00f3n de seguimiento al Plan de Seguridad Ciudadana, con el prop\u00f3sito de fortalecer las estrategias que se implementan en todo el pa\u00eds para garantizar mayor protecci\u00f3n y tranquilidad a la poblaci\u00f3n. La sesi\u00f3n de trabajo se est\u00e1 llevando a\u2026","rel":"","context":"En \u00abNACIONALES\u00bb","block_context":{"text":"NACIONALES","link":"https:\/\/lasprimeras.com.do\/index.php\/category\/nacionales\/"},"img":{"alt_text":"","src":"https:\/\/i0.wp.com\/lasprimeras.com.do\/wp-content\/uploads\/2026\/04\/IMG-20260420-WA0368-scaled.jpg?resize=350%2C200&ssl=1","width":350,"height":200,"srcset":"https:\/\/i0.wp.com\/lasprimeras.com.do\/wp-content\/uploads\/2026\/04\/IMG-20260420-WA0368-scaled.jpg?resize=350%2C200&ssl=1 1x, https:\/\/i0.wp.com\/lasprimeras.com.do\/wp-content\/uploads\/2026\/04\/IMG-20260420-WA0368-scaled.jpg?resize=525%2C300&ssl=1 1.5x, https:\/\/i0.wp.com\/lasprimeras.com.do\/wp-content\/uploads\/2026\/04\/IMG-20260420-WA0368-scaled.jpg?resize=700%2C400&ssl=1 2x, https:\/\/i0.wp.com\/lasprimeras.com.do\/wp-content\/uploads\/2026\/04\/IMG-20260420-WA0368-scaled.jpg?resize=1050%2C600&ssl=1 3x, https:\/\/i0.wp.com\/lasprimeras.com.do\/wp-content\/uploads\/2026\/04\/IMG-20260420-WA0368-scaled.jpg?resize=1400%2C800&ssl=1 4x"},"classes":[]},{"id":82159,"url":"https:\/\/lasprimeras.com.do\/index.php\/2024\/04\/29\/abinader-encabeza-reunion-de-seguimiento-al-plan-de-seguridad-ciudadana\/","url_meta":{"origin":79371,"position":5},"title":"Abinader encabeza reuni\u00f3n de seguimiento al Plan de Seguridad Ciudadana","author":"BIMARY DE JES\u00daS Matos","date":"29 de abril de 2024","format":false,"excerpt":"Santo Domingo.- El presidente Luis Abinader encabeza, en estos momentos, la reuni\u00f3n de seguimiento al Plan de la Seguridad Ciudadana para seguir garantizando el bienestar en beneficio de los dominicanos en el pa\u00eds. El encuentro se lleva a cabo en el Sal\u00f3n del Club de Oficiales del Palacio de la\u2026","rel":"","context":"En \u00abPORTADA\u00bb","block_context":{"text":"PORTADA","link":"https:\/\/lasprimeras.com.do\/index.php\/category\/portada\/"},"img":{"alt_text":"","src":"https:\/\/i0.wp.com\/lasprimeras.com.do\/wp-content\/uploads\/2024\/04\/WhatsApp-Image-2024-04-26-at-4.57.10-PM-2-1.webp?resize=350%2C200&ssl=1","width":350,"height":200,"srcset":"https:\/\/i0.wp.com\/lasprimeras.com.do\/wp-content\/uploads\/2024\/04\/WhatsApp-Image-2024-04-26-at-4.57.10-PM-2-1.webp?resize=350%2C200&ssl=1 1x, https:\/\/i0.wp.com\/lasprimeras.com.do\/wp-content\/uploads\/2024\/04\/WhatsApp-Image-2024-04-26-at-4.57.10-PM-2-1.webp?resize=525%2C300&ssl=1 1.5x, https:\/\/i0.wp.com\/lasprimeras.com.do\/wp-content\/uploads\/2024\/04\/WhatsApp-Image-2024-04-26-at-4.57.10-PM-2-1.webp?resize=700%2C400&ssl=1 2x, https:\/\/i0.wp.com\/lasprimeras.com.do\/wp-content\/uploads\/2024\/04\/WhatsApp-Image-2024-04-26-at-4.57.10-PM-2-1.webp?resize=1050%2C600&ssl=1 3x"},"classes":[]}],"jetpack_sharing_enabled":true,"_links":{"self":[{"href":"https:\/\/lasprimeras.com.do\/index.php\/wp-json\/wp\/v2\/posts\/79371","targetHints":{"allow":["GET"]}}],"collection":[{"href":"https:\/\/lasprimeras.com.do\/index.php\/wp-json\/wp\/v2\/posts"}],"about":[{"href":"https:\/\/lasprimeras.com.do\/index.php\/wp-json\/wp\/v2\/types\/post"}],"author":[{"embeddable":true,"href":"https:\/\/lasprimeras.com.do\/index.php\/wp-json\/wp\/v2\/users\/3"}],"replies":[{"embeddable":true,"href":"https:\/\/lasprimeras.com.do\/index.php\/wp-json\/wp\/v2\/comments?post=79371"}],"version-history":[{"count":1,"href":"https:\/\/lasprimeras.com.do\/index.php\/wp-json\/wp\/v2\/posts\/79371\/revisions"}],"predecessor-version":[{"id":79373,"href":"https:\/\/lasprimeras.com.do\/index.php\/wp-json\/wp\/v2\/posts\/79371\/revisions\/79373"}],"wp:featuredmedia":[{"embeddable":true,"href":"https:\/\/lasprimeras.com.do\/index.php\/wp-json\/wp\/v2\/media\/79372"}],"wp:attachment":[{"href":"https:\/\/lasprimeras.com.do\/index.php\/wp-json\/wp\/v2\/media?parent=79371"}],"wp:term":[{"taxonomy":"category","embeddable":true,"href":"https:\/\/lasprimeras.com.do\/index.php\/wp-json\/wp\/v2\/categories?post=79371"},{"taxonomy":"post_tag","embeddable":true,"href":"https:\/\/lasprimeras.com.do\/index.php\/wp-json\/wp\/v2\/tags?post=79371"}],"curies":[{"name":"wp","href":"https:\/\/api.w.org\/{rel}","templated":true}]}}