{"id":79383,"date":"2024-03-26T21:29:06","date_gmt":"2024-03-27T01:29:06","guid":{"rendered":"https:\/\/lasprimeras.com.do\/?p=79383"},"modified":"2024-03-26T21:29:06","modified_gmt":"2024-03-27T01:29:06","slug":"ramon-raposo-vaticina-escenario-para-una-segunda-vuelta","status":"publish","type":"post","link":"https:\/\/lasprimeras.com.do\/index.php\/2024\/03\/26\/ramon-raposo-vaticina-escenario-para-una-segunda-vuelta\/","title":{"rendered":"Ram\u00f3n Raposo vaticina escenario para una segunda vuelta"},"content":{"rendered":"\n<p>El candidato a diputado nacional del Partido Revolucionario Dominicano (PRD), Ram\u00f3n Raposo vaticin\u00f3 un escenario de segunda vuelta favorable para la oposici\u00f3n.<\/p>\n\n\n\n<p>El activista social y pol\u00edtico Ram\u00f3n Raposo destac\u00f3 que el contundente pronunciamiento realizado por los candidatos a la Presidencia por el PRD, Miguel Vargas, junto al candidato del PLD, Abel Mart\u00ednez, por la FP Leonel Fern\u00e1ndez y el ex presidente Danilo Medina, constituyen una muestra de consolidaci\u00f3n de la Alianza Rescate RD.&nbsp;&nbsp;&nbsp;&nbsp;&nbsp;&nbsp;&nbsp;<\/p>\n\n\n\n<p>Indic\u00f3 que el liderazgo que encabeza la oposici\u00f3n pol\u00edtica integrado por Miguel Vargas, Danilo Medina, Abel Mart\u00ednez y Leonel Fern\u00e1ndez, proyecta una uni\u00f3n monol\u00edtica en torno a la necesidad imperante que tiene la sociedad de sacar al Partido Revolucionario Moderno (PRM) y al presidente Luis Abinader del Palacio Presidencial.<\/p>\n\n\n\n<p>Ram\u00f3n Raposo manifest\u00f3 que la estructura pol\u00edtica de la oposici\u00f3n en sentido general est\u00e1 motivada en torno a sacar al PRM y a Luis Abinader del poder.<\/p>\n\n\n\n<p>\u201cEn el caso del PRD nuestro candidato a la presidencia de la Rep\u00fablica Miguel Vargas, est\u00e1 caminando el pa\u00eds palmo a palmo junto a la dirigencia local y los candidatos a diputados y senadores en miras a jugar un papel protag\u00f3nico en el proceso electoral venidero\u201d, estableci\u00f3 Ram\u00f3n Raposo.<\/p>\n\n\n\n<p>Raposo se\u00f1al\u00f3 que en los comicios presidenciales y congresuales de mayo el PRM no podr\u00e1 doblegar la voluntad popular como lo hizo en las elecciones municipales del 18 de febrero.<\/p>\n","protected":false},"excerpt":{"rendered":"<p>El candidato a diputado nacional del Partido Revolucionario Dominicano (PRD), Ram\u00f3n Raposo vaticin\u00f3 un escenario de segunda vuelta favorable para la oposici\u00f3n. El activista social y pol\u00edtico Ram\u00f3n Raposo destac\u00f3&hellip;<\/p>\n","protected":false},"author":2,"featured_media":79384,"comment_status":"open","ping_status":"open","sticky":false,"template":"","format":"standard","meta":{"content-type":"","jetpack_post_was_ever_published":false,"_jetpack_newsletter_access":"","_jetpack_dont_email_post_to_subs":false,"_jetpack_newsletter_tier_id":0,"_jetpack_memberships_contains_paywalled_content":false,"_jetpack_memberships_contains_paid_content":false,"footnotes":""},"categories":[1],"tags":[8164,2882,1506],"class_list":["post-79383","post","type-post","status-publish","format-standard","has-post-thumbnail","hentry","category-sin-categoria","tag-escenario","tag-ramon-raposo","tag-segunda-vuelta"],"jetpack_featured_media_url":"https:\/\/lasprimeras.com.do\/wp-content\/uploads\/2024\/03\/Ramon-Raposo.jpg","jetpack-related-posts":[{"id":70013,"url":"https:\/\/lasprimeras.com.do\/index.php\/2023\/12\/07\/miguel-vargas-encabeza-mejor-proyecto-de-nacion-para-el-2024-segun-cooperativistas\/","url_meta":{"origin":79383,"position":0},"title":"Miguel Vargas encabeza mejor proyecto de naci\u00f3n para el 2024, seg\u00fan Cooperativistas","author":"Nelson Feliz","date":"7 de diciembre de 2023","format":false,"excerpt":"El Frente Cooperativista del Partido Revolucionario Dominicano (PRD), que preside la l\u00edder cooperativista Escarlen Irrizarri desarrolla una ardua labor en todo el pa\u00eds en favor del fortalecimiento del partido del jacho prendido y el proyecto presidencial que encabeza Miguel Vargas Maldonado para las elecciones del 2024. La informaci\u00f3n la ofreci\u00f3\u2026","rel":"","context":"En \u00abPORTADA\u00bb","block_context":{"text":"PORTADA","link":"https:\/\/lasprimeras.com.do\/index.php\/category\/portada\/"},"img":{"alt_text":"Frente Cooperativista del Partido Revolucionario Dominicano","src":"https:\/\/i0.wp.com\/lasprimeras.com.do\/wp-content\/uploads\/2023\/12\/Frente-Cooperativista-del-Partido-Revolucionario-Dominicano.jpg?resize=350%2C200&ssl=1","width":350,"height":200,"srcset":"https:\/\/i0.wp.com\/lasprimeras.com.do\/wp-content\/uploads\/2023\/12\/Frente-Cooperativista-del-Partido-Revolucionario-Dominicano.jpg?resize=350%2C200&ssl=1 1x, https:\/\/i0.wp.com\/lasprimeras.com.do\/wp-content\/uploads\/2023\/12\/Frente-Cooperativista-del-Partido-Revolucionario-Dominicano.jpg?resize=525%2C300&ssl=1 1.5x, https:\/\/i0.wp.com\/lasprimeras.com.do\/wp-content\/uploads\/2023\/12\/Frente-Cooperativista-del-Partido-Revolucionario-Dominicano.jpg?resize=700%2C400&ssl=1 2x"},"classes":[]},{"id":52742,"url":"https:\/\/lasprimeras.com.do\/index.php\/2023\/06\/13\/ramon-raposo-traza-ruta-del-crecimiento-de-cara-a-comicios-del-2024\/","url_meta":{"origin":79383,"position":1},"title":"Ram\u00f3n Raposo traza ruta del crecimiento de cara a comicios del 2024\u00a0\u00a0","author":"prenxa100","date":"13 de junio de 2023","format":false,"excerpt":"El candidato a diputado del Partido Revolucionario Dominicano (PRD), por el municipio Santo Domingo Norte, Ram\u00f3n Raposo sostuvo un encuentro de coordinaci\u00f3n con dirigentes que respaldan su proyecto pol\u00edtico donde fue establecido un programa de trabajo de cara a las elecciones del 2024.\u00a0\u00a0 El evento fue desarrollado en la Biblioteca\u2026","rel":"","context":"En \u00abSin categor\u00eda\u00bb","block_context":{"text":"Sin categor\u00eda","link":"https:\/\/lasprimeras.com.do\/index.php\/category\/sin-categoria\/"},"img":{"alt_text":"","src":"https:\/\/i0.wp.com\/lasprimeras.com.do\/wp-content\/uploads\/2023\/06\/ramon-raposo-traza-ruta-del-crecimiento-de-cara-a-comicios-del-2024.jpg?resize=350%2C200&ssl=1","width":350,"height":200},"classes":[]},{"id":111152,"url":"https:\/\/lasprimeras.com.do\/index.php\/2025\/10\/05\/diputado-ramon-raposo-santo-domingo-norte-esta-con-el-grito-al-cielo-por-apagones-y-delincuencia\/","url_meta":{"origin":79383,"position":2},"title":"Diputado Ram\u00f3n Raposo: \u201cSanto Domingo Norte est\u00e1 con el grito al cielo por apagones y delincuencia\u201d","author":"Nelson Feliz","date":"5 de octubre de 2025","format":false,"excerpt":"El diputado nacional Ram\u00f3n Raposo sostuvo este domingo que los constantes apagones y el auge de la delincuencia tienen a los mun\u00edcipes de Santo Domingo Norte con el \u201cgrito al cielo\u201d. Al ser entrevistado en el programa \u201cFoco Pol\u00edtico\u201d del Grupo ACD Media que conduce el periodista Carlos del Pozo,\u2026","rel":"","context":"En \u00abPOLITICA\u00bb","block_context":{"text":"POLITICA","link":"https:\/\/lasprimeras.com.do\/index.php\/category\/politica\/"},"img":{"alt_text":"","src":"https:\/\/i0.wp.com\/lasprimeras.com.do\/wp-content\/uploads\/2025\/10\/Ramon-Raposo-1.jpg?resize=350%2C200&ssl=1","width":350,"height":200,"srcset":"https:\/\/i0.wp.com\/lasprimeras.com.do\/wp-content\/uploads\/2025\/10\/Ramon-Raposo-1.jpg?resize=350%2C200&ssl=1 1x, https:\/\/i0.wp.com\/lasprimeras.com.do\/wp-content\/uploads\/2025\/10\/Ramon-Raposo-1.jpg?resize=525%2C300&ssl=1 1.5x, https:\/\/i0.wp.com\/lasprimeras.com.do\/wp-content\/uploads\/2025\/10\/Ramon-Raposo-1.jpg?resize=700%2C400&ssl=1 2x"},"classes":[]},{"id":72063,"url":"https:\/\/lasprimeras.com.do\/index.php\/2023\/12\/26\/cooperativistas-presentan-plan-para-fortalecer-candidatura-presidencial-de-miguel-vargas\/","url_meta":{"origin":79383,"position":3},"title":"Cooperativistas presentan plan para fortalecer candidatura presidencial de Miguel Vargas","author":"Nelson Feliz","date":"26 de diciembre de 2023","format":false,"excerpt":"El Frente Cooperativistas del Partido Revolucionario Dominicano (PRD) anunci\u00f3 su plan de trabajo de cara al a\u00f1o 2024 con miras a fortalecer el proyecto pol\u00edtico que lleva a Miguel Vargas Maldonado como su candidato a la presidencia de la Rep\u00fablica. El acto fue encabezado por la secretaria general del PRD,\u2026","rel":"","context":"En \u00abPORTADA\u00bb","block_context":{"text":"PORTADA","link":"https:\/\/lasprimeras.com.do\/index.php\/category\/portada\/"},"img":{"alt_text":"Cooperativistas","src":"https:\/\/i0.wp.com\/lasprimeras.com.do\/wp-content\/uploads\/2023\/12\/Cooperativistas-1.jpg?resize=350%2C200&ssl=1","width":350,"height":200,"srcset":"https:\/\/i0.wp.com\/lasprimeras.com.do\/wp-content\/uploads\/2023\/12\/Cooperativistas-1.jpg?resize=350%2C200&ssl=1 1x, https:\/\/i0.wp.com\/lasprimeras.com.do\/wp-content\/uploads\/2023\/12\/Cooperativistas-1.jpg?resize=525%2C300&ssl=1 1.5x"},"classes":[]},{"id":68731,"url":"https:\/\/lasprimeras.com.do\/index.php\/2023\/11\/27\/frente-cooperativista-del-prd-desarrolla-operativo-medico-en-villa-faro-sde\/","url_meta":{"origin":79383,"position":4},"title":"Frente Cooperativista del PRD desarrolla operativo m\u00e9dico en Villa Faro SDE","author":"Nelson Feliz","date":"27 de noviembre de 2023","format":false,"excerpt":"El Frente Cooperativista del Partido Revolucionario Dominicano (PRD), que presidente Escarlen Irrizarri y el candidato a diputado nacional Ram\u00f3n Raposo, desarrollaron un amplio operativo m\u00e9dico en la comunidad de Villa Faro del municipio Santo Domingo Este. El operativo m\u00e9dico, forma parte de una ardua labor que desarrolla el Frente Cooperativista\u2026","rel":"","context":"En \u00abSin categor\u00eda\u00bb","block_context":{"text":"Sin categor\u00eda","link":"https:\/\/lasprimeras.com.do\/index.php\/category\/sin-categoria\/"},"img":{"alt_text":"RAPOSO","src":"https:\/\/i0.wp.com\/lasprimeras.com.do\/wp-content\/uploads\/2023\/11\/RAPOSO.jpg?resize=350%2C200&ssl=1","width":350,"height":200,"srcset":"https:\/\/i0.wp.com\/lasprimeras.com.do\/wp-content\/uploads\/2023\/11\/RAPOSO.jpg?resize=350%2C200&ssl=1 1x, https:\/\/i0.wp.com\/lasprimeras.com.do\/wp-content\/uploads\/2023\/11\/RAPOSO.jpg?resize=525%2C300&ssl=1 1.5x, https:\/\/i0.wp.com\/lasprimeras.com.do\/wp-content\/uploads\/2023\/11\/RAPOSO.jpg?resize=700%2C400&ssl=1 2x"},"classes":[]},{"id":120536,"url":"https:\/\/lasprimeras.com.do\/index.php\/2026\/01\/25\/diputado-ramon-raposo-lanza-programa-de-acercamiento-social-en-sdn\/","url_meta":{"origin":79383,"position":5},"title":"Diputado Ram\u00f3n Raposo lanza programa de acercamiento social en SDN","author":"Nelson Feliz","date":"25 de enero de 2026","format":false,"excerpt":"Ram\u00f3n Raposo","rel":"","context":"En \u00abPOLITICA\u00bb","block_context":{"text":"POLITICA","link":"https:\/\/lasprimeras.com.do\/index.php\/category\/politica\/"},"img":{"alt_text":"Ram\u00f3n Raposo","src":"https:\/\/i0.wp.com\/lasprimeras.com.do\/wp-content\/uploads\/2026\/01\/Ramon-Raposo-1.jpg?resize=350%2C200&ssl=1","width":350,"height":200,"srcset":"https:\/\/i0.wp.com\/lasprimeras.com.do\/wp-content\/uploads\/2026\/01\/Ramon-Raposo-1.jpg?resize=350%2C200&ssl=1 1x, https:\/\/i0.wp.com\/lasprimeras.com.do\/wp-content\/uploads\/2026\/01\/Ramon-Raposo-1.jpg?resize=525%2C300&ssl=1 1.5x, https:\/\/i0.wp.com\/lasprimeras.com.do\/wp-content\/uploads\/2026\/01\/Ramon-Raposo-1.jpg?resize=700%2C400&ssl=1 2x"},"classes":[]}],"jetpack_sharing_enabled":true,"_links":{"self":[{"href":"https:\/\/lasprimeras.com.do\/index.php\/wp-json\/wp\/v2\/posts\/79383","targetHints":{"allow":["GET"]}}],"collection":[{"href":"https:\/\/lasprimeras.com.do\/index.php\/wp-json\/wp\/v2\/posts"}],"about":[{"href":"https:\/\/lasprimeras.com.do\/index.php\/wp-json\/wp\/v2\/types\/post"}],"author":[{"embeddable":true,"href":"https:\/\/lasprimeras.com.do\/index.php\/wp-json\/wp\/v2\/users\/2"}],"replies":[{"embeddable":true,"href":"https:\/\/lasprimeras.com.do\/index.php\/wp-json\/wp\/v2\/comments?post=79383"}],"version-history":[{"count":1,"href":"https:\/\/lasprimeras.com.do\/index.php\/wp-json\/wp\/v2\/posts\/79383\/revisions"}],"predecessor-version":[{"id":79385,"href":"https:\/\/lasprimeras.com.do\/index.php\/wp-json\/wp\/v2\/posts\/79383\/revisions\/79385"}],"wp:featuredmedia":[{"embeddable":true,"href":"https:\/\/lasprimeras.com.do\/index.php\/wp-json\/wp\/v2\/media\/79384"}],"wp:attachment":[{"href":"https:\/\/lasprimeras.com.do\/index.php\/wp-json\/wp\/v2\/media?parent=79383"}],"wp:term":[{"taxonomy":"category","embeddable":true,"href":"https:\/\/lasprimeras.com.do\/index.php\/wp-json\/wp\/v2\/categories?post=79383"},{"taxonomy":"post_tag","embeddable":true,"href":"https:\/\/lasprimeras.com.do\/index.php\/wp-json\/wp\/v2\/tags?post=79383"}],"curies":[{"name":"wp","href":"https:\/\/api.w.org\/{rel}","templated":true}]}}