{"id":79415,"date":"2024-03-27T07:10:14","date_gmt":"2024-03-27T11:10:14","guid":{"rendered":"https:\/\/lasprimeras.com.do\/?p=79415"},"modified":"2024-03-27T07:10:16","modified_gmt":"2024-03-27T11:10:16","slug":"rusia-pide-cumplir-resolucion-de-onu","status":"publish","type":"post","link":"https:\/\/lasprimeras.com.do\/index.php\/2024\/03\/27\/rusia-pide-cumplir-resolucion-de-onu\/","title":{"rendered":"Rusia pide cumplir resoluci\u00f3n de ONU"},"content":{"rendered":"\n<p>Mosc\u00fa.-El Ministerio de Exteriores de Rusia pidi\u00f3 ayer cumplir la resoluci\u00f3n del Consejo de Seguridad de Naciones Unidas para el alto el fuego en la guerra de Gaza aprobada la v\u00edspera con la abstenci\u00f3n de Estados Unidos.<\/p>\n\n\n\n<p>\u201cRusia est\u00e1 convencida que es necesario aprovechar la oportunidad de cumplir la resoluci\u00f3n del Consejo de Seguridad de la ONU, cuya aprobaci\u00f3n Estados Unidos obstaculiz\u00f3 con tanta insistencia e hipocres\u00eda\u201d, se\u00f1al\u00f3 la diplomacia rusa en un comunicado.<\/p>\n\n\n\n<p>Exteriores indic\u00f3 que esta resoluci\u00f3n \u201cfija de un modo claro y un\u00edvoco la exigencia del cese el fuego inmediato durante el mes de Ramad\u00e1n, a cumplir por todas las partes y que conducir\u00e1 a un fin duradero de los enfrentamientos\u201d.<\/p>\n\n\n\n<p>Mosc\u00fa subray\u00f3 que esta resoluci\u00f3n tambi\u00e9n prev\u00e9 la posibilidad de llevar ayuda humanitaria al enclave palestino y la liberaci\u00f3n de los rehenes retenidos por las milicias de Ham\u00e1s.<\/p>\n\n\n\n<p>La resoluci\u00f3n, aprobada con 14 votos a favor y la abstenci\u00f3n de Estados Unidos, pide \u201cun alto el fuego inmediato\u201d en la Franja de Gaza.<\/p>\n\n\n\n<p>El secretario general de la ONU, Ant\u00f3nio Guterres, aplaudi\u00f3 la aprobaci\u00f3n de la resoluci\u00f3n del Consejo de Seguridad, de la que dijo que \u201cera esperada desde hace mucho tiempo\u201d.<\/p>\n","protected":false},"excerpt":{"rendered":"<p>Mosc\u00fa.-El Ministerio de Exteriores de Rusia pidi\u00f3 ayer cumplir la resoluci\u00f3n del Consejo de Seguridad de Naciones Unidas para el alto el fuego en la guerra de Gaza aprobada la&hellip;<\/p>\n","protected":false},"author":3,"featured_media":79416,"comment_status":"open","ping_status":"open","sticky":false,"template":"","format":"standard","meta":{"content-type":"","jetpack_post_was_ever_published":false,"_jetpack_newsletter_access":"","_jetpack_dont_email_post_to_subs":false,"_jetpack_newsletter_tier_id":0,"_jetpack_memberships_contains_paywalled_content":false,"_jetpack_memberships_contains_paid_content":false,"footnotes":""},"categories":[1],"tags":[93],"class_list":["post-79415","post","type-post","status-publish","format-standard","has-post-thumbnail","hentry","category-sin-categoria","tag-onu"],"jetpack_featured_media_url":"https:\/\/lasprimeras.com.do\/wp-content\/uploads\/2024\/03\/1-millon-de-jovenes-votaran-en-las-elecciones-municipales-2-17.jpg","jetpack-related-posts":[{"id":64077,"url":"https:\/\/lasprimeras.com.do\/index.php\/2023\/10\/17\/consejo-de-seguridad-de-la-onu-se-reunira-este-miercoles-y-votara-resolucion-sobre-gaza\/","url_meta":{"origin":79415,"position":0},"title":"Consejo de Seguridad de la ONU se reunir\u00e1 este mi\u00e9rcoles y votar\u00e1 resoluci\u00f3n sobre Gaza","author":"Nelson Feliz","date":"17 de octubre de 2023","format":false,"excerpt":"La reuni\u00f3n tendr\u00e1 lugar el mi\u00e9rcoles a las 14H00 GMT, seg\u00fan Naciones Unidas. A pedido de Rusia y Emiratos \u00c1rabes Unidos, el Consejo de Seguridad de la ONU celebrar\u00e1 una reuni\u00f3n de emergencia el mi\u00e9rcoles despu\u00e9s del bombardeo de un hospital en Gaza, que mat\u00f3 al menos a 200 personas.\u2026","rel":"","context":"En \u00abSin categor\u00eda\u00bb","block_context":{"text":"Sin categor\u00eda","link":"https:\/\/lasprimeras.com.do\/index.php\/category\/sin-categoria\/"},"img":{"alt_text":"Naciones Unidas","src":"https:\/\/i0.wp.com\/lasprimeras.com.do\/wp-content\/uploads\/2023\/10\/onu-1.jpeg?resize=350%2C200&ssl=1","width":350,"height":200,"srcset":"https:\/\/i0.wp.com\/lasprimeras.com.do\/wp-content\/uploads\/2023\/10\/onu-1.jpeg?resize=350%2C200&ssl=1 1x, https:\/\/i0.wp.com\/lasprimeras.com.do\/wp-content\/uploads\/2023\/10\/onu-1.jpeg?resize=525%2C300&ssl=1 1.5x, https:\/\/i0.wp.com\/lasprimeras.com.do\/wp-content\/uploads\/2023\/10\/onu-1.jpeg?resize=700%2C400&ssl=1 2x"},"classes":[]},{"id":126980,"url":"https:\/\/lasprimeras.com.do\/index.php\/2026\/04\/07\/rusia-y-china-vetan-un-proyecto-de-resolucion-sobre-el-estrecho-de-ormuz-en-el-consejo-de-seguridad-de-la-onu\/","url_meta":{"origin":79415,"position":1},"title":"Rusia y China vetan un proyecto de resoluci\u00f3n sobre el estrecho de Ormuz en el Consejo de Seguridad de la ONU","author":"Nelson Feliz","date":"7 de abril de 2026","format":false,"excerpt":"El Consejo de Seguridad de la ONU no adopt\u00f3 un proyecto de resoluci\u00f3n sobre la seguridad de la navegaci\u00f3n en el estrecho de Ormuz. China y Rusia vetaron el documento. El domingo, Donald Trump\u00a0lanz\u00f3\u00a0un ultim\u00e1tum a Ir\u00e1n,\u00a0d\u00e1ndole una fecha precisa para llegar a un acuerdo sobre la reapertura del estrecho\u2026","rel":"","context":"En \u00abINTERNACIONALES\u00bb","block_context":{"text":"INTERNACIONALES","link":"https:\/\/lasprimeras.com.do\/index.php\/category\/sin-categoria\/internacionales\/"},"img":{"alt_text":"","src":"https:\/\/i0.wp.com\/lasprimeras.com.do\/wp-content\/uploads\/2025\/09\/onu.jpg?resize=350%2C200&ssl=1","width":350,"height":200,"srcset":"https:\/\/i0.wp.com\/lasprimeras.com.do\/wp-content\/uploads\/2025\/09\/onu.jpg?resize=350%2C200&ssl=1 1x, https:\/\/i0.wp.com\/lasprimeras.com.do\/wp-content\/uploads\/2025\/09\/onu.jpg?resize=525%2C300&ssl=1 1.5x, https:\/\/i0.wp.com\/lasprimeras.com.do\/wp-content\/uploads\/2025\/09\/onu.jpg?resize=700%2C400&ssl=1 2x"},"classes":[]},{"id":110731,"url":"https:\/\/lasprimeras.com.do\/index.php\/2025\/09\/30\/onu-autoriza-una-fuerza-mayor-para-combatir-a-las-pandillas-en-haiti-con-nuevos-poderes-para-arrestar-a-sus-miembros\/","url_meta":{"origin":79415,"position":2},"title":"ONU autoriza una fuerza mayor para combatir a las pandillas en Hait\u00ed con nuevos poderes para arrestar a sus miembros","author":"Nelson Feliz","date":"30 de septiembre de 2025","format":false,"excerpt":"Por Edith M. Lederer NACIONES UNIDAS (AP) \u2014 El Consejo de Seguridad de la ONU vot\u00f3 el martes para autorizar una fuerza internacional mucho m\u00e1s grande, de 5.550 miembros, con poderes ampliados para ayudar a detener la creciente violencia de pandillas en Hait\u00ed . La resoluci\u00f3n, copatrocinada por Estados Unidos\u2026","rel":"","context":"En \u00abINTERNACIONALES\u00bb","block_context":{"text":"INTERNACIONALES","link":"https:\/\/lasprimeras.com.do\/index.php\/category\/sin-categoria\/internacionales\/"},"img":{"alt_text":"","src":"https:\/\/i0.wp.com\/lasprimeras.com.do\/wp-content\/uploads\/2025\/10\/HAITI.jpg?resize=350%2C200&ssl=1","width":350,"height":200,"srcset":"https:\/\/i0.wp.com\/lasprimeras.com.do\/wp-content\/uploads\/2025\/10\/HAITI.jpg?resize=350%2C200&ssl=1 1x, https:\/\/i0.wp.com\/lasprimeras.com.do\/wp-content\/uploads\/2025\/10\/HAITI.jpg?resize=525%2C300&ssl=1 1.5x, https:\/\/i0.wp.com\/lasprimeras.com.do\/wp-content\/uploads\/2025\/10\/HAITI.jpg?resize=700%2C400&ssl=1 2x"},"classes":[]},{"id":54539,"url":"https:\/\/lasprimeras.com.do\/index.php\/2023\/07\/12\/la-onu-aprueba-una-resolucion-en-contra-de-las-quemas-del-coran\/","url_meta":{"origin":79415,"position":3},"title":"La ONU aprueba una resoluci\u00f3n en contra de las quemas del Cor\u00e1n","author":"Nelson Feliz","date":"12 de julio de 2023","format":false,"excerpt":"El Consejo de Derechos Humanos de las Naciones Unidas ha adoptado este mi\u00e9rcoles una resoluci\u00f3n que \"condena y rechaza en\u00e9rgicamente los recientes actos p\u00fablicos y premeditados de profanaci\u00f3n del Sagrado Cor\u00e1n\" e insta a los Estados a que examinen sus leyes para prevenir este tipo de acciones, que incitan \"a\u2026","rel":"","context":"En \u00abSin categor\u00eda\u00bb","block_context":{"text":"Sin categor\u00eda","link":"https:\/\/lasprimeras.com.do\/index.php\/category\/sin-categoria\/"},"img":{"alt_text":"Sagrado Cor\u00e1n","src":"https:\/\/i0.wp.com\/lasprimeras.com.do\/wp-content\/uploads\/2023\/07\/Sagrado-Coran.jpg?resize=350%2C200&ssl=1","width":350,"height":200,"srcset":"https:\/\/i0.wp.com\/lasprimeras.com.do\/wp-content\/uploads\/2023\/07\/Sagrado-Coran.jpg?resize=350%2C200&ssl=1 1x, https:\/\/i0.wp.com\/lasprimeras.com.do\/wp-content\/uploads\/2023\/07\/Sagrado-Coran.jpg?resize=525%2C300&ssl=1 1.5x"},"classes":[]},{"id":65082,"url":"https:\/\/lasprimeras.com.do\/index.php\/2023\/10\/25\/ee-uu-rechaza-el-alto-el-fuego-en-gaza-propuesto-por-rusia-y-china\/","url_meta":{"origin":79415,"position":4},"title":"EE. UU. rechaza el alto el fuego en Gaza propuesto por Rusia y China","author":"BIMARY DE JES\u00daS Matos","date":"25 de octubre de 2023","format":false,"excerpt":"NUEVA YORK.- Israel entra en crisis con la ONU y Estados Unidos rechaza un alto en fuego en Gaza. El secretario general de la ONU, Antonio Guterres, ha criticado las violaciones del derecho internacional en Gaza durante el Consejo de Seguridad de la ONU. Guterres dijo al empezar la sesi\u00f3n:\u2026","rel":"","context":"En \u00abSin categor\u00eda\u00bb","block_context":{"text":"Sin categor\u00eda","link":"https:\/\/lasprimeras.com.do\/index.php\/category\/sin-categoria\/"},"img":{"alt_text":"","src":"https:\/\/i0.wp.com\/lasprimeras.com.do\/wp-content\/uploads\/2023\/10\/WhatsApp-Image-2023-10-25-at-2.18.40-PM.webp?resize=350%2C200&ssl=1","width":350,"height":200},"classes":[]},{"id":103517,"url":"https:\/\/lasprimeras.com.do\/index.php\/2025\/07\/16\/onu-autoriza-vigilancia-continua-de-los-ataques-de-rebeldes-huties-contra-navegacion-el-mar-rojo\/","url_meta":{"origin":79415,"position":5},"title":"ONU autoriza vigilancia continua de los ataques de rebeldes hut\u00edes contra navegaci\u00f3n el mar Rojo","author":"Nelson Feliz","date":"16 de julio de 2025","format":false,"excerpt":"POR EDITH M. LEDERER NACIONES UNIDAS (AP) \u2014 El Consejo de Seguridad de Naciones Unidas autoriz\u00f3 el martes la continuaci\u00f3n de los reportes sobre los ataques a barcos en el mar Rojo por parte de los rebeldes hut\u00edes de Yemen, que han desafiado sus pedidos previos de frenar de inmediato\u2026","rel":"","context":"En \u00abINTERNACIONALES\u00bb","block_context":{"text":"INTERNACIONALES","link":"https:\/\/lasprimeras.com.do\/index.php\/category\/sin-categoria\/internacionales\/"},"img":{"alt_text":"","src":"https:\/\/i0.wp.com\/lasprimeras.com.do\/wp-content\/uploads\/2025\/07\/guerillas.jpg?resize=350%2C200&ssl=1","width":350,"height":200,"srcset":"https:\/\/i0.wp.com\/lasprimeras.com.do\/wp-content\/uploads\/2025\/07\/guerillas.jpg?resize=350%2C200&ssl=1 1x, https:\/\/i0.wp.com\/lasprimeras.com.do\/wp-content\/uploads\/2025\/07\/guerillas.jpg?resize=525%2C300&ssl=1 1.5x, https:\/\/i0.wp.com\/lasprimeras.com.do\/wp-content\/uploads\/2025\/07\/guerillas.jpg?resize=700%2C400&ssl=1 2x"},"classes":[]}],"jetpack_sharing_enabled":true,"_links":{"self":[{"href":"https:\/\/lasprimeras.com.do\/index.php\/wp-json\/wp\/v2\/posts\/79415","targetHints":{"allow":["GET"]}}],"collection":[{"href":"https:\/\/lasprimeras.com.do\/index.php\/wp-json\/wp\/v2\/posts"}],"about":[{"href":"https:\/\/lasprimeras.com.do\/index.php\/wp-json\/wp\/v2\/types\/post"}],"author":[{"embeddable":true,"href":"https:\/\/lasprimeras.com.do\/index.php\/wp-json\/wp\/v2\/users\/3"}],"replies":[{"embeddable":true,"href":"https:\/\/lasprimeras.com.do\/index.php\/wp-json\/wp\/v2\/comments?post=79415"}],"version-history":[{"count":1,"href":"https:\/\/lasprimeras.com.do\/index.php\/wp-json\/wp\/v2\/posts\/79415\/revisions"}],"predecessor-version":[{"id":79417,"href":"https:\/\/lasprimeras.com.do\/index.php\/wp-json\/wp\/v2\/posts\/79415\/revisions\/79417"}],"wp:featuredmedia":[{"embeddable":true,"href":"https:\/\/lasprimeras.com.do\/index.php\/wp-json\/wp\/v2\/media\/79416"}],"wp:attachment":[{"href":"https:\/\/lasprimeras.com.do\/index.php\/wp-json\/wp\/v2\/media?parent=79415"}],"wp:term":[{"taxonomy":"category","embeddable":true,"href":"https:\/\/lasprimeras.com.do\/index.php\/wp-json\/wp\/v2\/categories?post=79415"},{"taxonomy":"post_tag","embeddable":true,"href":"https:\/\/lasprimeras.com.do\/index.php\/wp-json\/wp\/v2\/tags?post=79415"}],"curies":[{"name":"wp","href":"https:\/\/api.w.org\/{rel}","templated":true}]}}