{"id":79418,"date":"2024-03-27T07:11:33","date_gmt":"2024-03-27T11:11:33","guid":{"rendered":"https:\/\/lasprimeras.com.do\/?p=79418"},"modified":"2024-03-27T07:11:34","modified_gmt":"2024-03-27T11:11:34","slug":"el-teleferico-de-santiago-supera-los-10-mil-usuarios","status":"publish","type":"post","link":"https:\/\/lasprimeras.com.do\/index.php\/2024\/03\/27\/el-teleferico-de-santiago-supera-los-10-mil-usuarios\/","title":{"rendered":"El Telef\u00e9rico de Santiago supera los 10 mil usuarios"},"content":{"rendered":"\n<p>Santiago.-En apenas 14 d\u00edas y en dos horas diarias en su marcha en blanco o de familiarizaci\u00f3n, el Telef\u00e9rico de Santiago ha movilizado m\u00e1s diez mil personas que van a conocer el sistema de movilidad por cable.<\/p>\n\n\n\n<p>Largas filas de usuarios de diversos sectores de la Ciudad Coraz\u00f3n se han formado durante el funcionamiento este servicio gratis, en las que la gente muestra entusiasmo y empat\u00eda con la importante obra inaugurada el pasado 17 de este mes.<\/p>\n\n\n\n<p>El primer tramo del proyecto de transporte masivo que estren\u00f3 esa provincia implic\u00f3 una inversi\u00f3n de RD$6,544 millones de pesos e impactar\u00e1 de manera directa a unos 73,968 habitantes de 9 de los sectores m\u00e1s populosos de la demarcaci\u00f3n.<\/p>\n\n\n\n<p>Julio Ram\u00edrez, encargado de Telef\u00e9ricos del Fideicomiso para el Desarrollo del Sistema de Transporte Masivo de la Rep\u00fablica Dominicana (Fitram), explic\u00f3 el recorrido de cuatro kil\u00f3metros, en 83 cabinas para 12 usuarios, se realiza a la altura de 7 metros sobre segundos de velocidad y que toma de 12 a 15 minutos.<\/p>\n\n\n\n<p>\u201cLa primera terminal que es la central, va desde la Junta Central Electoral, la segunda, la Padre Emiliano Tardif, luego cruzas el puente por la Ren\u00e9 Clan de de Guzm\u00e1n hasta completar en la estaci\u00f3n Yolanda Santana\u201d, detall\u00f3.<\/p>\n\n\n\n<p>Resalt\u00f3 la seguridad del sistema en el pa\u00eds, que lleva m\u00e1s de 42 mil horas en servicio.<\/p>\n","protected":false},"excerpt":{"rendered":"<p>Santiago.-En apenas 14 d\u00edas y en dos horas diarias en su marcha en blanco o de familiarizaci\u00f3n, el Telef\u00e9rico de Santiago ha movilizado m\u00e1s diez mil personas que van a&hellip;<\/p>\n","protected":false},"author":3,"featured_media":79419,"comment_status":"open","ping_status":"open","sticky":false,"template":"","format":"standard","meta":{"content-type":"","jetpack_post_was_ever_published":false,"_jetpack_newsletter_access":"","_jetpack_dont_email_post_to_subs":false,"_jetpack_newsletter_tier_id":0,"_jetpack_memberships_contains_paywalled_content":false,"_jetpack_memberships_contains_paid_content":false,"footnotes":""},"categories":[25],"tags":[65],"class_list":["post-79418","post","type-post","status-publish","format-standard","has-post-thumbnail","hentry","category-portada","tag-teleferico-2"],"jetpack_featured_media_url":"https:\/\/lasprimeras.com.do\/wp-content\/uploads\/2024\/03\/1-millon-de-jovenes-votaran-en-las-elecciones-municipales-2-6.webp","jetpack-related-posts":[{"id":78281,"url":"https:\/\/lasprimeras.com.do\/index.php\/2024\/03\/01\/fitram-fija-fecha-del-teleferico-de-santiago\/","url_meta":{"origin":79418,"position":0},"title":"Fitram fija fecha del telef\u00e9rico de Santiago","author":"BIMARY DE JES\u00daS Matos","date":"1 de marzo de 2024","format":false,"excerpt":"Santiago. El presidente Luis Abinader dejar\u00e1 en funcionamiento el pr\u00f3ximo 17 de marzo el telef\u00e9rico de Santiago, proceso que incluye la sensibilizaci\u00f3n ciudadana. De acuerdo a las informaciones ofrecidas por los directivos del Sistema de Transporte Masivo de la Rep\u00fablica Dominicana (Fitram), la actividad de inauguraci\u00f3n del sistema de transporte\u2026","rel":"","context":"En \u00abPORTADA\u00bb","block_context":{"text":"PORTADA","link":"https:\/\/lasprimeras.com.do\/index.php\/category\/portada\/"},"img":{"alt_text":"","src":"https:\/\/i0.wp.com\/lasprimeras.com.do\/wp-content\/uploads\/2024\/03\/65e12c620b645_5-trabajo-del-teldeferico-28-2-2024-2-copy-768x461-1.jpg?resize=350%2C200&ssl=1","width":350,"height":200,"srcset":"https:\/\/i0.wp.com\/lasprimeras.com.do\/wp-content\/uploads\/2024\/03\/65e12c620b645_5-trabajo-del-teldeferico-28-2-2024-2-copy-768x461-1.jpg?resize=350%2C200&ssl=1 1x, https:\/\/i0.wp.com\/lasprimeras.com.do\/wp-content\/uploads\/2024\/03\/65e12c620b645_5-trabajo-del-teldeferico-28-2-2024-2-copy-768x461-1.jpg?resize=525%2C300&ssl=1 1.5x, https:\/\/i0.wp.com\/lasprimeras.com.do\/wp-content\/uploads\/2024\/03\/65e12c620b645_5-trabajo-del-teldeferico-28-2-2024-2-copy-768x461-1.jpg?resize=700%2C400&ssl=1 2x"},"classes":[]},{"id":77947,"url":"https:\/\/lasprimeras.com.do\/index.php\/2024\/02\/27\/teleferico-de-santiago-sera-inaugurado-el-17-de-marzo\/","url_meta":{"origin":79418,"position":1},"title":"Telef\u00e9rico de Santiago ser\u00e1 inaugurado el 17 de marzo","author":"BIMARY DE JES\u00daS Matos","date":"27 de febrero de 2024","format":false,"excerpt":"Santo Domingo.- Durante el discurso de rendici\u00f3n de cuentas, el presidente Luis Abinader adelant\u00f3 que el telef\u00e9rico de Santiago ser\u00e1 inaugurado el pr\u00f3ximo 17 de marzo. \u201cEste Gobierno tambi\u00e9n ha hecho un enorme esfuerzo en la ampliaci\u00f3n de nuestra red de transporte masivo, con obras tan importantes como el Telef\u00e9rico\u2026","rel":"","context":"En \u00abNACIONALES\u00bb","block_context":{"text":"NACIONALES","link":"https:\/\/lasprimeras.com.do\/index.php\/category\/nacionales\/"},"img":{"alt_text":"","src":"https:\/\/i0.wp.com\/lasprimeras.com.do\/wp-content\/uploads\/2024\/02\/teleferico-26056f1e-scaled.jpg?resize=350%2C200&ssl=1","width":350,"height":200,"srcset":"https:\/\/i0.wp.com\/lasprimeras.com.do\/wp-content\/uploads\/2024\/02\/teleferico-26056f1e-scaled.jpg?resize=350%2C200&ssl=1 1x, https:\/\/i0.wp.com\/lasprimeras.com.do\/wp-content\/uploads\/2024\/02\/teleferico-26056f1e-scaled.jpg?resize=525%2C300&ssl=1 1.5x, https:\/\/i0.wp.com\/lasprimeras.com.do\/wp-content\/uploads\/2024\/02\/teleferico-26056f1e-scaled.jpg?resize=700%2C400&ssl=1 2x, https:\/\/i0.wp.com\/lasprimeras.com.do\/wp-content\/uploads\/2024\/02\/teleferico-26056f1e-scaled.jpg?resize=1050%2C600&ssl=1 3x, https:\/\/i0.wp.com\/lasprimeras.com.do\/wp-content\/uploads\/2024\/02\/teleferico-26056f1e-scaled.jpg?resize=1400%2C800&ssl=1 4x"},"classes":[]},{"id":78517,"url":"https:\/\/lasprimeras.com.do\/index.php\/2024\/03\/17\/presidente-abinader-inaugura-tramo-i-del-teleferico-de-santiago\/","url_meta":{"origin":79418,"position":2},"title":"Presidente Abinader inaugura tramo I del Telef\u00e9rico de Santiago","author":"Nelson Feliz","date":"17 de marzo de 2024","format":false,"excerpt":"El proyecto, con una inversi\u00f3n millonaria, transformar\u00e1 la vida de alrededor de 74 mil habitantes de sectores clave en la Ciudad Coraz\u00f3n, iniciando operaciones gratuitas y con horarios especiales. Por Roberto P\u00e9rez El presidente Luis Abinader dej\u00f3 inaugurado el primer tramo del Telef\u00e9rico de Santiago, obra construida con una inversi\u00f3n\u2026","rel":"","context":"En \u00abECONOM\u00cdA\u00bb","block_context":{"text":"ECONOM\u00cdA","link":"https:\/\/lasprimeras.com.do\/index.php\/category\/economia\/"},"img":{"alt_text":"Luis Abinader","src":"https:\/\/i0.wp.com\/lasprimeras.com.do\/wp-content\/uploads\/2024\/03\/Luis-Abinader-T-1.jpg?resize=350%2C200&ssl=1","width":350,"height":200,"srcset":"https:\/\/i0.wp.com\/lasprimeras.com.do\/wp-content\/uploads\/2024\/03\/Luis-Abinader-T-1.jpg?resize=350%2C200&ssl=1 1x, https:\/\/i0.wp.com\/lasprimeras.com.do\/wp-content\/uploads\/2024\/03\/Luis-Abinader-T-1.jpg?resize=525%2C300&ssl=1 1.5x, https:\/\/i0.wp.com\/lasprimeras.com.do\/wp-content\/uploads\/2024\/03\/Luis-Abinader-T-1.jpg?resize=700%2C400&ssl=1 2x"},"classes":[]},{"id":97856,"url":"https:\/\/lasprimeras.com.do\/index.php\/2025\/04\/28\/carro-publico-se-estrella-contra-la-terminal-1-del-teleferico-de-santiago\/","url_meta":{"origin":79418,"position":3},"title":"Carro p\u00fablico se estrella contra la terminal 1 del telef\u00e9rico de Santiago","author":"Nelson Feliz","date":"28 de abril de 2025","format":false,"excerpt":"El conductor del carro, cuyo nombre no ha sido dado a conocer, fue detenido para fines de investigaci\u00f3n. Un veh\u00edculo perteneciente a la ruta de transporte urbano de Santiago perdi\u00f3 el control y se estrell\u00f3 contra la terminal 1 del telef\u00e9rico de Santiago, impactando la baranda y la puerta de\u2026","rel":"","context":"En \u00abNACIONALES\u00bb","block_context":{"text":"NACIONALES","link":"https:\/\/lasprimeras.com.do\/index.php\/category\/nacionales\/"},"img":{"alt_text":"","src":"https:\/\/i0.wp.com\/lasprimeras.com.do\/wp-content\/uploads\/2025\/04\/conductor-del-carro.jpg?resize=350%2C200&ssl=1","width":350,"height":200,"srcset":"https:\/\/i0.wp.com\/lasprimeras.com.do\/wp-content\/uploads\/2025\/04\/conductor-del-carro.jpg?resize=350%2C200&ssl=1 1x, https:\/\/i0.wp.com\/lasprimeras.com.do\/wp-content\/uploads\/2025\/04\/conductor-del-carro.jpg?resize=525%2C300&ssl=1 1.5x, https:\/\/i0.wp.com\/lasprimeras.com.do\/wp-content\/uploads\/2025\/04\/conductor-del-carro.jpg?resize=700%2C400&ssl=1 2x"},"classes":[]},{"id":62114,"url":"https:\/\/lasprimeras.com.do\/index.php\/2023\/10\/03\/usuarios-teleferico-los-alcarrizos-han-hecho-suyo-el-sistema-por-cable\/","url_meta":{"origin":79418,"position":4},"title":"Usuarios Telef\u00e9rico Los Alcarrizos han hecho suyo el sistema por cable","author":"BIMARY DE JES\u00daS Matos","date":"3 de octubre de 2023","format":false,"excerpt":"SANTO DOMINGO.-\u201cSu\u00e9ltate, no tienes que agarrarte, no te vas caer\u201d, esa instrucci\u00f3n a 30 metros de altura y a una velocidad de 7 metros sobre segundo (25 kil\u00f3metros por hora) se la dio ayer una usuaria a otra viajera del Telef\u00e9rico de Los Alcarrizos en un recorrido en que mostr\u00f3\u2026","rel":"","context":"En \u00abPORTADA\u00bb","block_context":{"text":"PORTADA","link":"https:\/\/lasprimeras.com.do\/index.php\/category\/portada\/"},"img":{"alt_text":"","src":"https:\/\/i0.wp.com\/lasprimeras.com.do\/wp-content\/uploads\/2023\/10\/WhatsApp-Image-2023-10-02-at-6.21.27-PM.webp?resize=350%2C200&ssl=1","width":350,"height":200,"srcset":"https:\/\/i0.wp.com\/lasprimeras.com.do\/wp-content\/uploads\/2023\/10\/WhatsApp-Image-2023-10-02-at-6.21.27-PM.webp?resize=350%2C200&ssl=1 1x, https:\/\/i0.wp.com\/lasprimeras.com.do\/wp-content\/uploads\/2023\/10\/WhatsApp-Image-2023-10-02-at-6.21.27-PM.webp?resize=525%2C300&ssl=1 1.5x, https:\/\/i0.wp.com\/lasprimeras.com.do\/wp-content\/uploads\/2023\/10\/WhatsApp-Image-2023-10-02-at-6.21.27-PM.webp?resize=700%2C400&ssl=1 2x, https:\/\/i0.wp.com\/lasprimeras.com.do\/wp-content\/uploads\/2023\/10\/WhatsApp-Image-2023-10-02-at-6.21.27-PM.webp?resize=1050%2C600&ssl=1 3x, https:\/\/i0.wp.com\/lasprimeras.com.do\/wp-content\/uploads\/2023\/10\/WhatsApp-Image-2023-10-02-at-6.21.27-PM.webp?resize=1400%2C800&ssl=1 4x"},"classes":[]},{"id":114855,"url":"https:\/\/lasprimeras.com.do\/index.php\/2025\/11\/17\/jhael-isa-tavarez-es-juramentado-como-nuevo-director-de-la-opret\/","url_meta":{"origin":79418,"position":5},"title":"Jhael Isa Tav\u00e1rez es juramentado como nuevo director de la Opret","author":"Nelson Feliz","date":"17 de noviembre de 2025","format":false,"excerpt":"Fungir\u00e1 como director ejecutivo honor\u00edfico del Fitram y participar\u00e1 en su Consejo T\u00e9cnico con voz, pero sin voto. El ministro de Obras P\u00fablicas, Eduardo Estrella, jurament\u00f3 este lunes al ingeniero Jhael Isa Tav\u00e1rez, designado por el presidente Luis Abinader como nuevo director de la Oficina Para el Reordenamiento del Transporte\u2026","rel":"","context":"En \u00abNACIONALES\u00bb","block_context":{"text":"NACIONALES","link":"https:\/\/lasprimeras.com.do\/index.php\/category\/nacionales\/"},"img":{"alt_text":"El ministro de Obras P\u00fablicas, Eduardo Estrella, juramenta al ingeniero Jhael Isa Tav\u00e1rez como nuevo director de la Oficina Para el Reordenamiento del Transporte (Opret).","src":"https:\/\/i0.wp.com\/lasprimeras.com.do\/wp-content\/uploads\/2025\/11\/Jhael-Isa-Tavarez-1.jpg?resize=350%2C200&ssl=1","width":350,"height":200,"srcset":"https:\/\/i0.wp.com\/lasprimeras.com.do\/wp-content\/uploads\/2025\/11\/Jhael-Isa-Tavarez-1.jpg?resize=350%2C200&ssl=1 1x, https:\/\/i0.wp.com\/lasprimeras.com.do\/wp-content\/uploads\/2025\/11\/Jhael-Isa-Tavarez-1.jpg?resize=525%2C300&ssl=1 1.5x, https:\/\/i0.wp.com\/lasprimeras.com.do\/wp-content\/uploads\/2025\/11\/Jhael-Isa-Tavarez-1.jpg?resize=700%2C400&ssl=1 2x"},"classes":[]}],"jetpack_sharing_enabled":true,"_links":{"self":[{"href":"https:\/\/lasprimeras.com.do\/index.php\/wp-json\/wp\/v2\/posts\/79418","targetHints":{"allow":["GET"]}}],"collection":[{"href":"https:\/\/lasprimeras.com.do\/index.php\/wp-json\/wp\/v2\/posts"}],"about":[{"href":"https:\/\/lasprimeras.com.do\/index.php\/wp-json\/wp\/v2\/types\/post"}],"author":[{"embeddable":true,"href":"https:\/\/lasprimeras.com.do\/index.php\/wp-json\/wp\/v2\/users\/3"}],"replies":[{"embeddable":true,"href":"https:\/\/lasprimeras.com.do\/index.php\/wp-json\/wp\/v2\/comments?post=79418"}],"version-history":[{"count":1,"href":"https:\/\/lasprimeras.com.do\/index.php\/wp-json\/wp\/v2\/posts\/79418\/revisions"}],"predecessor-version":[{"id":79420,"href":"https:\/\/lasprimeras.com.do\/index.php\/wp-json\/wp\/v2\/posts\/79418\/revisions\/79420"}],"wp:featuredmedia":[{"embeddable":true,"href":"https:\/\/lasprimeras.com.do\/index.php\/wp-json\/wp\/v2\/media\/79419"}],"wp:attachment":[{"href":"https:\/\/lasprimeras.com.do\/index.php\/wp-json\/wp\/v2\/media?parent=79418"}],"wp:term":[{"taxonomy":"category","embeddable":true,"href":"https:\/\/lasprimeras.com.do\/index.php\/wp-json\/wp\/v2\/categories?post=79418"},{"taxonomy":"post_tag","embeddable":true,"href":"https:\/\/lasprimeras.com.do\/index.php\/wp-json\/wp\/v2\/tags?post=79418"}],"curies":[{"name":"wp","href":"https:\/\/api.w.org\/{rel}","templated":true}]}}