{"id":79436,"date":"2024-03-27T08:32:17","date_gmt":"2024-03-27T12:32:17","guid":{"rendered":"https:\/\/lasprimeras.com.do\/?p=79436"},"modified":"2024-03-27T08:32:18","modified_gmt":"2024-03-27T12:32:18","slug":"reynaldo-perez-sanchez-exhorta-a-la-poblacion-actuar-con-moderacion-durante-semana-santa","status":"publish","type":"post","link":"https:\/\/lasprimeras.com.do\/index.php\/2024\/03\/27\/reynaldo-perez-sanchez-exhorta-a-la-poblacion-actuar-con-moderacion-durante-semana-santa\/","title":{"rendered":"Reynaldo P\u00e9rez S\u00e1nchez exhorta a la poblaci\u00f3n actuar con moderaci\u00f3n durante Semana Santa"},"content":{"rendered":"\n<p>Santo Domingo, Este.-. El presidente de la Uni\u00f3n Nacional de Empresas del Transporte (UNET), Reynaldo P\u00e9rez S\u00e1nchez (Moreno), exhort\u00f3 hoy a todos los dominicanos y dominicanas a actuar con moderaci\u00f3n durante el asueto de la Semana Santa.<\/p>\n\n\n\n<p>P\u00e9rez S\u00e1nchez, exhort\u00f3 a la poblaci\u00f3n dominicana actuar con \u00e9tica prudencia y servir con humildad y reflexionar sobre del sacrificio de Jes\u00fas en la cruz y disfruta en familia.<\/p>\n\n\n\n<p>El dirigente choferil, manifest\u00f3 a la poblaci\u00f3n que respeten las recomendaciones que emiten organismos de seguridad, quienes estar\u00e1n presente en calles, avenidas y autopista del pa\u00eds, para socorrer a todas las personas que se desplazaran al interior durante la celebraci\u00f3n de la semana mayor.<\/p>\n\n\n\n<p>En un audiovisual que circula por las redes sociales, Reynaldo P\u00e9rez S\u00e1nchez (Moreno), record\u00f3 que muchos dominicanos se trasladan a las playas, r\u00edos, balnearios y monta\u00f1as para disfrutar de la naturaleza en busca del descanso junto a sus familiares, allegados y amigos.<\/p>\n\n\n\n<p>El presidente de la UNET, afirm\u00f3 que \u201cla Semana Santa es la conmemoraci\u00f3n cristiana anual de la pasi\u00f3n, muerte y resurrecci\u00f3n de Jes\u00fas de Nazaret, aquel ser extraordinario por cuyos hechos la historia del mundo se dividi\u00f3 en un antes y un despu\u00e9s\u201d.<\/p>\n\n\n\n<p>\u201cLos invito a mantenerse alejados de los extremismos, las exageraciones y descuidos que se manifiestan en el uso de alimentos y las bebidas, en los excesos de velocidad en las carreteras y en la exposici\u00f3n innecesaria en los balnearios sin debida protecci\u00f3n\u201d expres\u00f3 P\u00e9rez S\u00e1nchez.<\/p>\n\n\n\n<p>El presidente de la UNET, Reynaldo P\u00e9rez S\u00e1nchez (Moreno), Reynaldo P\u00e9rez S\u00e1nchez (Moreno), destac\u00f3 que, la Semana Santa es un momento de reflexi\u00f3n e indic\u00f3 a aquellos que decidan trasladarse y disfrutar de los balnearios, seguir las recomendaciones tanto de la Defensa Civil como del Centro de Operaciones de Emergencias.<\/p>\n","protected":false},"excerpt":{"rendered":"<p>Santo Domingo, Este.-. El presidente de la Uni\u00f3n Nacional de Empresas del Transporte (UNET), Reynaldo P\u00e9rez S\u00e1nchez (Moreno), exhort\u00f3 hoy a todos los dominicanos y dominicanas a actuar con moderaci\u00f3n&hellip;<\/p>\n","protected":false},"author":3,"featured_media":79437,"comment_status":"open","ping_status":"open","sticky":false,"template":"","format":"standard","meta":{"content-type":"","jetpack_post_was_ever_published":false,"_jetpack_newsletter_access":"","_jetpack_dont_email_post_to_subs":false,"_jetpack_newsletter_tier_id":0,"_jetpack_memberships_contains_paywalled_content":false,"_jetpack_memberships_contains_paid_content":false,"footnotes":""},"categories":[25],"tags":[7399],"class_list":["post-79436","post","type-post","status-publish","format-standard","has-post-thumbnail","hentry","category-portada","tag-unet"],"jetpack_featured_media_url":"https:\/\/lasprimeras.com.do\/wp-content\/uploads\/2024\/03\/IMG-20240327-WA0001.jpg","jetpack-related-posts":[{"id":100646,"url":"https:\/\/lasprimeras.com.do\/index.php\/2025\/06\/09\/unet-propone-fortalecer-el-transporte-masivo-en-el-gsd-para-combatir-entaponamientos\/","url_meta":{"origin":79436,"position":0},"title":"UNET propone fortalecer el transporte masivo en el GSD para combatir entaponamientos","author":"Nelson Feliz","date":"9 de junio de 2025","format":false,"excerpt":"La Uni\u00f3n Nacional de Empresas del Transporte (UNET), encabezada por su presidente Reynaldo P\u00e9rez S\u00e1nchez (Moreno), propuso este lunes un plan estrat\u00e9gico para impulsar de manera decidida el transporte masivo en el Gran Santo Domingo, como v\u00eda principal para combatir los entaponamientos que diariamente afectan a miles de ciudadanos. En\u2026","rel":"","context":"En \u00abNACIONALES\u00bb","block_context":{"text":"NACIONALES","link":"https:\/\/lasprimeras.com.do\/index.php\/category\/nacionales\/"},"img":{"alt_text":"Reynaldo P\u00e9rez S\u00e1nchez","src":"https:\/\/i0.wp.com\/lasprimeras.com.do\/wp-content\/uploads\/2025\/06\/Reynaldo-Perez-Sanchez.jpg?resize=350%2C200&ssl=1","width":350,"height":200,"srcset":"https:\/\/i0.wp.com\/lasprimeras.com.do\/wp-content\/uploads\/2025\/06\/Reynaldo-Perez-Sanchez.jpg?resize=350%2C200&ssl=1 1x, https:\/\/i0.wp.com\/lasprimeras.com.do\/wp-content\/uploads\/2025\/06\/Reynaldo-Perez-Sanchez.jpg?resize=525%2C300&ssl=1 1.5x, https:\/\/i0.wp.com\/lasprimeras.com.do\/wp-content\/uploads\/2025\/06\/Reynaldo-Perez-Sanchez.jpg?resize=700%2C400&ssl=1 2x"},"classes":[]},{"id":114909,"url":"https:\/\/lasprimeras.com.do\/index.php\/2025\/11\/14\/por-dia-nacional-del-chofer-la-unet-solicita-al-presidente-luis-abinader-redefinir-politica-de-transporte\/","url_meta":{"origin":79436,"position":1},"title":"Por &#8220;D\u00eda Nacional del Chofer&#8221; la UNET solicita al presidente Luis Abinader redefinir pol\u00edtica de transporte","author":"Nelson Feliz","date":"14 de noviembre de 2025","format":false,"excerpt":"La Uni\u00f3n Nacional de Empresas del Transporte (UNET) consider\u00f3 que el \"D\u00eda Nacional del Chofer\", que en Rep\u00fablica Dominicana se celebra cada 15 de noviembre, este a\u00f1o encuentra a este sector \"en nebulosas\" sobre todo por la \u201cindefinici\u00f3n\" que se registra en la pol\u00edtica del Gobierno en esa materia. El\u2026","rel":"","context":"En \u00abNACIONALES\u00bb","block_context":{"text":"NACIONALES","link":"https:\/\/lasprimeras.com.do\/index.php\/category\/nacionales\/"},"img":{"alt_text":"Reynaldo P\u00e9rez S\u00e1nchez","src":"https:\/\/i0.wp.com\/lasprimeras.com.do\/wp-content\/uploads\/2025\/06\/Reynaldo-Perez-Sanchez.jpg?resize=350%2C200&ssl=1","width":350,"height":200,"srcset":"https:\/\/i0.wp.com\/lasprimeras.com.do\/wp-content\/uploads\/2025\/06\/Reynaldo-Perez-Sanchez.jpg?resize=350%2C200&ssl=1 1x, https:\/\/i0.wp.com\/lasprimeras.com.do\/wp-content\/uploads\/2025\/06\/Reynaldo-Perez-Sanchez.jpg?resize=525%2C300&ssl=1 1.5x, https:\/\/i0.wp.com\/lasprimeras.com.do\/wp-content\/uploads\/2025\/06\/Reynaldo-Perez-Sanchez.jpg?resize=700%2C400&ssl=1 2x"},"classes":[]},{"id":111882,"url":"https:\/\/lasprimeras.com.do\/index.php\/2025\/10\/15\/unet-llama-al-presidente-abinader-a-adoptar-medidas-compensatorias-a-favor-de-los-transportistas-tras-desmonte-del-subsidio-a-los-combustibles\/","url_meta":{"origin":79436,"position":2},"title":"UNET pide compensaci\u00f3n a transportistas por fin de subsidio","author":"Nelson Feliz","date":"15 de octubre de 2025","format":false,"excerpt":"La Uni\u00f3n Nacional de Empresas del Transporte (UNET) plante\u00f3 este martes que al desmontar el subsidio a los combustibles al transporte p\u00fablico de pasajeros, de carga y de turismo, el Gobierno del presidente Luis Abinader debe tomar acciones compensatorias a favor de dicho sector, ya que los costos operacionales del\u2026","rel":"","context":"En \u00abECONOM\u00cdA\u00bb","block_context":{"text":"ECONOM\u00cdA","link":"https:\/\/lasprimeras.com.do\/index.php\/category\/economia\/"},"img":{"alt_text":"","src":"https:\/\/i0.wp.com\/lasprimeras.com.do\/wp-content\/uploads\/2025\/10\/Reynaldo-Perez-Sanchez.jpg?resize=350%2C200&ssl=1","width":350,"height":200,"srcset":"https:\/\/i0.wp.com\/lasprimeras.com.do\/wp-content\/uploads\/2025\/10\/Reynaldo-Perez-Sanchez.jpg?resize=350%2C200&ssl=1 1x, https:\/\/i0.wp.com\/lasprimeras.com.do\/wp-content\/uploads\/2025\/10\/Reynaldo-Perez-Sanchez.jpg?resize=525%2C300&ssl=1 1.5x, https:\/\/i0.wp.com\/lasprimeras.com.do\/wp-content\/uploads\/2025\/10\/Reynaldo-Perez-Sanchez.jpg?resize=700%2C400&ssl=1 2x"},"classes":[]},{"id":89842,"url":"https:\/\/lasprimeras.com.do\/index.php\/2024\/10\/06\/unet-respalda-operativos-de-digesett-e-intrant-y-retencion-de-vehiculos-piratas\/","url_meta":{"origin":79436,"position":3},"title":"UNET respalda operativos de DIGESETT e INTRANT y retenci\u00f3n de &#8220;veh\u00edculos piratas&#8221;","author":"Nelson Feliz","date":"6 de octubre de 2024","format":false,"excerpt":"La Uni\u00f3n Nacional de Empresas del Transporte (UNET) respald\u00f3 los operativos puestos en marcha por la Direcci\u00f3n General de Seguridad de Tr\u00e1nsito y Transporte Terrestre (DIGESETT) y el Instituto Nacional de Transporte Terrestre (INTRANT), cuyos agentes e inspectores han retenidos decenas de \"carros y guag\u00fcitas piratas\" que han invadido rutas\u2026","rel":"","context":"En \u00abNACIONALES\u00bb","block_context":{"text":"NACIONALES","link":"https:\/\/lasprimeras.com.do\/index.php\/category\/nacionales\/"},"img":{"alt_text":"Reynaldo P\u00e9rez S\u00e1nchez","src":"https:\/\/i0.wp.com\/lasprimeras.com.do\/wp-content\/uploads\/2024\/10\/Reynaldo-Perez-Sanchez-1.jpg?resize=350%2C200&ssl=1","width":350,"height":200,"srcset":"https:\/\/i0.wp.com\/lasprimeras.com.do\/wp-content\/uploads\/2024\/10\/Reynaldo-Perez-Sanchez-1.jpg?resize=350%2C200&ssl=1 1x, https:\/\/i0.wp.com\/lasprimeras.com.do\/wp-content\/uploads\/2024\/10\/Reynaldo-Perez-Sanchez-1.jpg?resize=525%2C300&ssl=1 1.5x, https:\/\/i0.wp.com\/lasprimeras.com.do\/wp-content\/uploads\/2024\/10\/Reynaldo-Perez-Sanchez-1.jpg?resize=700%2C400&ssl=1 2x"},"classes":[]},{"id":88562,"url":"https:\/\/lasprimeras.com.do\/index.php\/2024\/08\/31\/presidente-de-la-unet-dice-director-de-intrant-no-tiene-capacidad-para-viabilizar-transito\/","url_meta":{"origin":79436,"position":4},"title":"Presidente de la UNET dice director de INTRANT no tiene capacidad para viabilizar tr\u00e1nsito","author":"Nelson Feliz","date":"31 de agosto de 2024","format":false,"excerpt":"Antes el desorden y el caos que se vivi\u00f3 este viernes en las principales avenidas del Distrito Nacional por la falla del sistema de sem\u00e1foros, el presidente de la Uni\u00f3n Nacional de Empresas del Transporte (UNET), Reynaldo P\u00e9rez S\u00e1nchez (Moreno), sostuvo que el director del Intrant es un incompetente y\u2026","rel":"","context":"En \u00abNACIONALES\u00bb","block_context":{"text":"NACIONALES","link":"https:\/\/lasprimeras.com.do\/index.php\/category\/nacionales\/"},"img":{"alt_text":"Reynaldo P\u00e9rez S\u00e1nchez","src":"https:\/\/i0.wp.com\/lasprimeras.com.do\/wp-content\/uploads\/2024\/08\/Moreno.jpg?resize=350%2C200&ssl=1","width":350,"height":200},"classes":[]},{"id":66659,"url":"https:\/\/lasprimeras.com.do\/index.php\/2023\/11\/08\/presidente-unet-defiende-seriedad-de-hugo-beras\/","url_meta":{"origin":79436,"position":5},"title":"Presidente UNET defiende seriedad de Hugo Beras","author":"Nelson Feliz","date":"8 de noviembre de 2023","format":false,"excerpt":"El presidente de la Uni\u00f3n Nacional de Empresas de Transporte (UNET), Reynaldo P\u00e9rez S\u00e1nchez, defendi\u00f3 la seriedad del director del Instituto Nacional de Tr\u00e1nsito y Transporte Terrestre (INTRANT), Hugo Beras, quien ha dirigido esa entidad con pulcritud y apegado a la Ley. P\u00e9rez S\u00e1nchez, indic\u00f3 que aunque no es amigo\u2026","rel":"","context":"En \u00abNACIONALES\u00bb","block_context":{"text":"NACIONALES","link":"https:\/\/lasprimeras.com.do\/index.php\/category\/nacionales\/"},"img":{"alt_text":"Reynaldo P\u00e9rez S\u00e1nchez","src":"https:\/\/i0.wp.com\/lasprimeras.com.do\/wp-content\/uploads\/2023\/11\/Reynaldo-Perez-Sanchez-1.jpg?resize=350%2C200&ssl=1","width":350,"height":200,"srcset":"https:\/\/i0.wp.com\/lasprimeras.com.do\/wp-content\/uploads\/2023\/11\/Reynaldo-Perez-Sanchez-1.jpg?resize=350%2C200&ssl=1 1x, https:\/\/i0.wp.com\/lasprimeras.com.do\/wp-content\/uploads\/2023\/11\/Reynaldo-Perez-Sanchez-1.jpg?resize=525%2C300&ssl=1 1.5x, https:\/\/i0.wp.com\/lasprimeras.com.do\/wp-content\/uploads\/2023\/11\/Reynaldo-Perez-Sanchez-1.jpg?resize=700%2C400&ssl=1 2x"},"classes":[]}],"jetpack_sharing_enabled":true,"_links":{"self":[{"href":"https:\/\/lasprimeras.com.do\/index.php\/wp-json\/wp\/v2\/posts\/79436","targetHints":{"allow":["GET"]}}],"collection":[{"href":"https:\/\/lasprimeras.com.do\/index.php\/wp-json\/wp\/v2\/posts"}],"about":[{"href":"https:\/\/lasprimeras.com.do\/index.php\/wp-json\/wp\/v2\/types\/post"}],"author":[{"embeddable":true,"href":"https:\/\/lasprimeras.com.do\/index.php\/wp-json\/wp\/v2\/users\/3"}],"replies":[{"embeddable":true,"href":"https:\/\/lasprimeras.com.do\/index.php\/wp-json\/wp\/v2\/comments?post=79436"}],"version-history":[{"count":1,"href":"https:\/\/lasprimeras.com.do\/index.php\/wp-json\/wp\/v2\/posts\/79436\/revisions"}],"predecessor-version":[{"id":79438,"href":"https:\/\/lasprimeras.com.do\/index.php\/wp-json\/wp\/v2\/posts\/79436\/revisions\/79438"}],"wp:featuredmedia":[{"embeddable":true,"href":"https:\/\/lasprimeras.com.do\/index.php\/wp-json\/wp\/v2\/media\/79437"}],"wp:attachment":[{"href":"https:\/\/lasprimeras.com.do\/index.php\/wp-json\/wp\/v2\/media?parent=79436"}],"wp:term":[{"taxonomy":"category","embeddable":true,"href":"https:\/\/lasprimeras.com.do\/index.php\/wp-json\/wp\/v2\/categories?post=79436"},{"taxonomy":"post_tag","embeddable":true,"href":"https:\/\/lasprimeras.com.do\/index.php\/wp-json\/wp\/v2\/tags?post=79436"}],"curies":[{"name":"wp","href":"https:\/\/api.w.org\/{rel}","templated":true}]}}