{"id":79439,"date":"2024-03-27T09:03:27","date_gmt":"2024-03-27T13:03:27","guid":{"rendered":"https:\/\/lasprimeras.com.do\/?p=79439"},"modified":"2024-03-27T09:03:29","modified_gmt":"2024-03-27T13:03:29","slug":"digesett-investiga-denuncia-sobre-caso-de-agente-que-supuestamente-recibio-transferencia-de-dinero","status":"publish","type":"post","link":"https:\/\/lasprimeras.com.do\/index.php\/2024\/03\/27\/digesett-investiga-denuncia-sobre-caso-de-agente-que-supuestamente-recibio-transferencia-de-dinero\/","title":{"rendered":"DIGESETT investiga denuncia sobre caso de agente que supuestamente recibi\u00f3 transferencia de dinero"},"content":{"rendered":"\n<p>Santo Domingo.-La Direcci\u00f3n General de Seguridad de Tr\u00e1nsito y Transporte Terrestre (DIGESETT) inform\u00f3 que el departamento de Asuntos Internos ha iniciado una investigaci\u00f3n sobre la denuncia publicada en un medio de comunicaci\u00f3n impreso, de que un agente supuestamente solicit\u00f3 a un conductor transferirle dinero para no remolcarle el veh\u00edculo.<\/p>\n\n\n\n<p>A ra\u00edz de estas acusaciones, el director de la DIGESETT, general Francisco Osoria de la Cruz, P.N., dispuso sea investigado el caso y de ser cierta las acusaciones se tomen las medidas de lugar, seg\u00fan contempla nuestro reglamento policial 590-16.<\/p>\n\n\n\n<p>Asimismo, el general Osoria manifest\u00f3 que no tol\u00e9rala macuteos de parte de sus agentes e inst\u00f3 a los ciudadanos que hayan sido v\u00edctima de un comportamiento similar a que pasen por su despacho, que se le preservar\u00e1 su identidad, para poder profundizar y mejorar la parte del proceso investigativo, con la finalidad de tomar las medidas de lugar.<\/p>\n","protected":false},"excerpt":{"rendered":"<p>Santo Domingo.-La Direcci\u00f3n General de Seguridad de Tr\u00e1nsito y Transporte Terrestre (DIGESETT) inform\u00f3 que el departamento de Asuntos Internos ha iniciado una investigaci\u00f3n sobre la denuncia publicada en un medio&hellip;<\/p>\n","protected":false},"author":3,"featured_media":79440,"comment_status":"open","ping_status":"open","sticky":false,"template":"","format":"standard","meta":{"content-type":"","jetpack_post_was_ever_published":false,"_jetpack_newsletter_access":"","_jetpack_dont_email_post_to_subs":false,"_jetpack_newsletter_tier_id":0,"_jetpack_memberships_contains_paywalled_content":false,"_jetpack_memberships_contains_paid_content":false,"footnotes":""},"categories":[25],"tags":[244],"class_list":["post-79439","post","type-post","status-publish","format-standard","has-post-thumbnail","hentry","category-portada","tag-digesett"],"jetpack_featured_media_url":"https:\/\/lasprimeras.com.do\/wp-content\/uploads\/2024\/03\/1-millon-de-jovenes-votaran-en-las-elecciones-municipales-2-8.webp","jetpack-related-posts":[{"id":80851,"url":"https:\/\/lasprimeras.com.do\/index.php\/2024\/04\/13\/agente-de-digesett-resulta-con-lesiones-en-incidente-con-un-conductor-en-la-romana\/","url_meta":{"origin":79439,"position":0},"title":"Agente de DIGESETT resulta con lesiones en incidente con un conductor en La Romana","author":"BIMARY DE JES\u00daS Matos","date":"13 de abril de 2024","format":false,"excerpt":"SANTO DOMINGO.- La Direcci\u00f3n General de Seguridad de Tr\u00e1nsito y Transporte Terrestre (DIGESETT) investiga un incidente ocurrido la tarde del viernes en La Romana, donde un conductor agredi\u00f3 a un agente de la entidad que intent\u00f3 detenerlo por infringir la Ley de tr\u00e1nsito. Seg\u00fan se observa en un video colgado\u2026","rel":"","context":"En \u00abPORTADA\u00bb","block_context":{"text":"PORTADA","link":"https:\/\/lasprimeras.com.do\/index.php\/category\/portada\/"},"img":{"alt_text":"","src":"https:\/\/i0.wp.com\/lasprimeras.com.do\/wp-content\/uploads\/2024\/04\/WhatsApp-Image-2024-04-13-at-1.48.40-PM-2.jpeg?resize=350%2C200&ssl=1","width":350,"height":200,"srcset":"https:\/\/i0.wp.com\/lasprimeras.com.do\/wp-content\/uploads\/2024\/04\/WhatsApp-Image-2024-04-13-at-1.48.40-PM-2.jpeg?resize=350%2C200&ssl=1 1x, https:\/\/i0.wp.com\/lasprimeras.com.do\/wp-content\/uploads\/2024\/04\/WhatsApp-Image-2024-04-13-at-1.48.40-PM-2.jpeg?resize=525%2C300&ssl=1 1.5x, https:\/\/i0.wp.com\/lasprimeras.com.do\/wp-content\/uploads\/2024\/04\/WhatsApp-Image-2024-04-13-at-1.48.40-PM-2.jpeg?resize=700%2C400&ssl=1 2x, https:\/\/i0.wp.com\/lasprimeras.com.do\/wp-content\/uploads\/2024\/04\/WhatsApp-Image-2024-04-13-at-1.48.40-PM-2.jpeg?resize=1050%2C600&ssl=1 3x"},"classes":[]},{"id":79651,"url":"https:\/\/lasprimeras.com.do\/index.php\/2024\/03\/29\/director-de-la-digesett-supervisa-la-zona-este-del-pais\/","url_meta":{"origin":79439,"position":1},"title":"Director de la DIGESETT supervisa la zona Este del pa\u00eds","author":"Nelson Feliz","date":"29 de marzo de 2024","format":false,"excerpt":"El general Osoria entrega kit de primeros auxilios, casco protector y manuales de prevenci\u00f3n a conductores en los distintos peajes. Por Martin Restituyo El director de la Direcci\u00f3n General de Seguridad de Tr\u00e1nsito y Transporte Terrestre (DIGESETT), general Francisco Osoria de la Cruz, realiz\u00f3 un recorrido por la zona Este\u2026","rel":"","context":"En \u00abMILITARES\u00bb","block_context":{"text":"MILITARES","link":"https:\/\/lasprimeras.com.do\/index.php\/category\/militares\/"},"img":{"alt_text":"Francisco Osoria","src":"https:\/\/i0.wp.com\/lasprimeras.com.do\/wp-content\/uploads\/2024\/03\/Francisco-Osoria-1.jpg?resize=350%2C200&ssl=1","width":350,"height":200,"srcset":"https:\/\/i0.wp.com\/lasprimeras.com.do\/wp-content\/uploads\/2024\/03\/Francisco-Osoria-1.jpg?resize=350%2C200&ssl=1 1x, https:\/\/i0.wp.com\/lasprimeras.com.do\/wp-content\/uploads\/2024\/03\/Francisco-Osoria-1.jpg?resize=525%2C300&ssl=1 1.5x, https:\/\/i0.wp.com\/lasprimeras.com.do\/wp-content\/uploads\/2024\/03\/Francisco-Osoria-1.jpg?resize=700%2C400&ssl=1 2x"},"classes":[]},{"id":116257,"url":"https:\/\/lasprimeras.com.do\/index.php\/2025\/11\/28\/diputada-al-parlacen-socorro-monegro-denuncia-secuestro-de-su-vehiculo-por-la-digesett\/","url_meta":{"origin":79439,"position":2},"title":"Diputada al Parlacen Socorro Monegro denuncia secuestro de su veh\u00edculo por la Digesett","author":"Nelson Feliz","date":"28 de noviembre de 2025","format":false,"excerpt":"La diputada al Parlamento Centroamericano (Parlacen), Socorro Monegro, denunci\u00f3 este viernes el secuestro y desaparici\u00f3n de su veh\u00edculo marca Hyundai, a\u00f1o 2016, color blanco, n\u00famero de placa A932083por la Direcci\u00f3n General de Seguridad de Tr\u00e1nsito y Transporte Terrestre (Digesett). Seg\u00fan Monegro, uno de sus colaboradores tuvo un peque\u00f1o accidente de\u2026","rel":"","context":"En \u00abNACIONALES\u00bb","block_context":{"text":"NACIONALES","link":"https:\/\/lasprimeras.com.do\/index.php\/category\/nacionales\/"},"img":{"alt_text":"","src":"https:\/\/i0.wp.com\/lasprimeras.com.do\/wp-content\/uploads\/2025\/11\/WhatsApp-Image-2025-11-28-at-9.48.17-AM.jpeg?resize=350%2C200&ssl=1","width":350,"height":200,"srcset":"https:\/\/i0.wp.com\/lasprimeras.com.do\/wp-content\/uploads\/2025\/11\/WhatsApp-Image-2025-11-28-at-9.48.17-AM.jpeg?resize=350%2C200&ssl=1 1x, https:\/\/i0.wp.com\/lasprimeras.com.do\/wp-content\/uploads\/2025\/11\/WhatsApp-Image-2025-11-28-at-9.48.17-AM.jpeg?resize=525%2C300&ssl=1 1.5x, https:\/\/i0.wp.com\/lasprimeras.com.do\/wp-content\/uploads\/2025\/11\/WhatsApp-Image-2025-11-28-at-9.48.17-AM.jpeg?resize=700%2C400&ssl=1 2x, https:\/\/i0.wp.com\/lasprimeras.com.do\/wp-content\/uploads\/2025\/11\/WhatsApp-Image-2025-11-28-at-9.48.17-AM.jpeg?resize=1050%2C600&ssl=1 3x"},"classes":[]},{"id":95902,"url":"https:\/\/lasprimeras.com.do\/index.php\/2025\/03\/21\/digesett-solicita-investigacion-tras-incendio-de-grua-con-motocicletas-en-las-americas\/","url_meta":{"origin":79439,"position":3},"title":"DIGESETT solicita investigaci\u00f3n tras incendio de gr\u00faa con motocicletas en Las Am\u00e9ricas","author":"Nelson Feliz","date":"21 de marzo de 2025","format":false,"excerpt":"La Direcci\u00f3n General de Seguridad de Tr\u00e1nsito y Transporte Terrestre (DIGESETT) informa que su director, general Francisco Osoria de la Cruz, ha solicitado de manera formal una investigaci\u00f3n exhaustiva en conjunto con La Direcci\u00f3n Central de Investigaci\u00f3n (DICRIM) sobre el incidente ocurrido la tarde de este jueves, en la salida\u2026","rel":"","context":"En \u00abNACIONALES\u00bb","block_context":{"text":"NACIONALES","link":"https:\/\/lasprimeras.com.do\/index.php\/category\/nacionales\/"},"img":{"alt_text":"DIGESETT","src":"https:\/\/i0.wp.com\/lasprimeras.com.do\/wp-content\/uploads\/2025\/03\/DIGESETT.jpg?resize=350%2C200&ssl=1","width":350,"height":200,"srcset":"https:\/\/i0.wp.com\/lasprimeras.com.do\/wp-content\/uploads\/2025\/03\/DIGESETT.jpg?resize=350%2C200&ssl=1 1x, https:\/\/i0.wp.com\/lasprimeras.com.do\/wp-content\/uploads\/2025\/03\/DIGESETT.jpg?resize=525%2C300&ssl=1 1.5x"},"classes":[]},{"id":79080,"url":"https:\/\/lasprimeras.com.do\/index.php\/2024\/03\/23\/digesett-sigue-firme-con-los-operativos-para-hacer-cumplir-la-ley-de-transito\/","url_meta":{"origin":79439,"position":4},"title":"Digesett sigue firme con los operativos para hacer cumplir la ley de tr\u00e1nsito","author":"Juana Mercedes","date":"23 de marzo de 2024","format":false,"excerpt":"El director de la Direcci\u00f3n General de Seguridad de Tr\u00e1nsito y Transperrestre\u00a0(Digesett) general\u00a0Francisco Osoria de la Cruz,\u00a0garantiz\u00f3 que la entidad, implementa\u00a0operativos\u00a0para disminuir los\u00a0accidentes de tr\u00e1nsito\u00a0y hacer cumplir la\u00a0Ley 63-17 en la Rep\u00fablica Dominicana. La entidad revel\u00f3 en datos estad\u00edsticos que en los operativos realizados por los agentes de la Digesett\u2026","rel":"","context":"En \u00abMILITARES\u00bb","block_context":{"text":"MILITARES","link":"https:\/\/lasprimeras.com.do\/index.php\/category\/militares\/"},"img":{"alt_text":"Francisco Osoria de la Cruz","src":"https:\/\/i0.wp.com\/lasprimeras.com.do\/wp-content\/uploads\/2023\/12\/Francisco-Osoria-de-la-Cruz.jpg?resize=350%2C200&ssl=1","width":350,"height":200,"srcset":"https:\/\/i0.wp.com\/lasprimeras.com.do\/wp-content\/uploads\/2023\/12\/Francisco-Osoria-de-la-Cruz.jpg?resize=350%2C200&ssl=1 1x, https:\/\/i0.wp.com\/lasprimeras.com.do\/wp-content\/uploads\/2023\/12\/Francisco-Osoria-de-la-Cruz.jpg?resize=525%2C300&ssl=1 1.5x, https:\/\/i0.wp.com\/lasprimeras.com.do\/wp-content\/uploads\/2023\/12\/Francisco-Osoria-de-la-Cruz.jpg?resize=700%2C400&ssl=1 2x"},"classes":[]},{"id":115310,"url":"https:\/\/lasprimeras.com.do\/index.php\/2025\/11\/20\/digesett-sustituye-a-agente-involucrado-en-altercado-con-conductor-de-patana\/","url_meta":{"origin":79439,"position":5},"title":"DIGESETT sustituye a agente involucrado en altercado con conductor de patana","author":"Nelson Feliz","date":"20 de noviembre de 2025","format":false,"excerpt":"La medida administrativa se adopta mientras los organismos de control interno profundizan la investigaci\u00f3n del caso. La Direcci\u00f3n General de Seguridad de Tr\u00e1nsito y Transporte Terrestre (DIGESETT) inform\u00f3 que dispuso la sustituci\u00f3n inmediata del agente involucrado en el incidente ocurrido en la entrada de Brisas del Este, en Santo Domingo\u2026","rel":"","context":"En \u00abNACIONALES\u00bb","block_context":{"text":"NACIONALES","link":"https:\/\/lasprimeras.com.do\/index.php\/category\/nacionales\/"},"img":{"alt_text":"","src":"https:\/\/i0.wp.com\/lasprimeras.com.do\/wp-content\/uploads\/2025\/11\/DIGESETT.jpg?resize=350%2C200&ssl=1","width":350,"height":200,"srcset":"https:\/\/i0.wp.com\/lasprimeras.com.do\/wp-content\/uploads\/2025\/11\/DIGESETT.jpg?resize=350%2C200&ssl=1 1x, https:\/\/i0.wp.com\/lasprimeras.com.do\/wp-content\/uploads\/2025\/11\/DIGESETT.jpg?resize=525%2C300&ssl=1 1.5x, https:\/\/i0.wp.com\/lasprimeras.com.do\/wp-content\/uploads\/2025\/11\/DIGESETT.jpg?resize=700%2C400&ssl=1 2x"},"classes":[]}],"jetpack_sharing_enabled":true,"_links":{"self":[{"href":"https:\/\/lasprimeras.com.do\/index.php\/wp-json\/wp\/v2\/posts\/79439","targetHints":{"allow":["GET"]}}],"collection":[{"href":"https:\/\/lasprimeras.com.do\/index.php\/wp-json\/wp\/v2\/posts"}],"about":[{"href":"https:\/\/lasprimeras.com.do\/index.php\/wp-json\/wp\/v2\/types\/post"}],"author":[{"embeddable":true,"href":"https:\/\/lasprimeras.com.do\/index.php\/wp-json\/wp\/v2\/users\/3"}],"replies":[{"embeddable":true,"href":"https:\/\/lasprimeras.com.do\/index.php\/wp-json\/wp\/v2\/comments?post=79439"}],"version-history":[{"count":1,"href":"https:\/\/lasprimeras.com.do\/index.php\/wp-json\/wp\/v2\/posts\/79439\/revisions"}],"predecessor-version":[{"id":79441,"href":"https:\/\/lasprimeras.com.do\/index.php\/wp-json\/wp\/v2\/posts\/79439\/revisions\/79441"}],"wp:featuredmedia":[{"embeddable":true,"href":"https:\/\/lasprimeras.com.do\/index.php\/wp-json\/wp\/v2\/media\/79440"}],"wp:attachment":[{"href":"https:\/\/lasprimeras.com.do\/index.php\/wp-json\/wp\/v2\/media?parent=79439"}],"wp:term":[{"taxonomy":"category","embeddable":true,"href":"https:\/\/lasprimeras.com.do\/index.php\/wp-json\/wp\/v2\/categories?post=79439"},{"taxonomy":"post_tag","embeddable":true,"href":"https:\/\/lasprimeras.com.do\/index.php\/wp-json\/wp\/v2\/tags?post=79439"}],"curies":[{"name":"wp","href":"https:\/\/api.w.org\/{rel}","templated":true}]}}