{"id":79443,"date":"2024-03-27T09:38:24","date_gmt":"2024-03-27T13:38:24","guid":{"rendered":"https:\/\/lasprimeras.com.do\/?p=79443"},"modified":"2024-03-27T09:38:26","modified_gmt":"2024-03-27T13:38:26","slug":"hacienda-ignora-ley-5-13-y-niega-exoneracion-vehiculo-a-personas-con-discapacidad","status":"publish","type":"post","link":"https:\/\/lasprimeras.com.do\/index.php\/2024\/03\/27\/hacienda-ignora-ley-5-13-y-niega-exoneracion-vehiculo-a-personas-con-discapacidad\/","title":{"rendered":"Hacienda ignora ley 5-13 y niega exoneraci\u00f3n veh\u00edculo a personas con discapacidad"},"content":{"rendered":"\n<p class=\"wp-block-paragraph\">Santo Domingo, RD. -La Federaci\u00f3n Nacional de Discapacidad Dominicana (FENADID) denunci\u00f3 que funcionarios del gobierno incumplen los mandatos de la Ley Org\u00e1nica de Discapacidad y convenios internacionales, ratificados por el pa\u00eds.<\/p>\n\n\n\n<p class=\"wp-block-paragraph\">\u00c1ngel Espinal, presidente de FENADID signific\u00f3 que es un abuso y da pena que servidores p\u00fablicos ignoren acciones de ley de equiparaci\u00f3n de oportunidades para la gente con discapacidad, como lo es la exoneraci\u00f3n de un veh\u00edculo de motor, negada al profesional ciego, Kelvin Soto por el Ministerio de Hacienda, pese a este cumplir con todos los requerimientos.<\/p>\n\n\n\n<p class=\"wp-block-paragraph\">\u201cHoy el compa\u00f1ero Kelvin, tras haber hecho una inversi\u00f3n y tomar un pr\u00e9stamo para la compra de un veh\u00edculo, cumpliendo estrictamente con todas las exigencias de la ley, corre el riesgo de perder su inversi\u00f3n, por la indolencia y capricho de funcionarios que le niegan este derecho\u201d.<\/p>\n\n\n\n<p class=\"wp-block-paragraph\">El presidente de la FENADID manifest\u00f3 que el mandato de la ley es claro y no est\u00e1 sujeto a interpretaciones de funcionarios. <\/p>\n\n\n\n<p class=\"wp-block-paragraph\">\u201cApelamos a la sensibilidad del Presidente de la Rep\u00fablica para que no permita que en su gobierno se viole la Ley 5-13, org\u00e1nica de igualdad de los derechos de las personas con discapacidad\u201d, clam\u00f3 Espinal.<\/p>\n\n\n\n<p class=\"wp-block-paragraph\">Otras violaciones de la ley tienen que ver con el no cumplimiento de la cuota m\u00ednima laboral de personas con discapacidad, que en el sector p\u00fablico es del 5% y en el privado es del 2% de la empleoman\u00eda. Igual es la no accesibilidad del transporte y de los edificios p\u00fablicos y la no existencia de una educaci\u00f3n inclusiva, entre otras situaciones.<\/p>\n\n\n\n<p class=\"wp-block-paragraph\">La Rep\u00fablica Dominicana protege los derechos de la gente con discapacidad en su propia constituci\u00f3n, en el art\u00edculo 58. <\/p>\n\n\n\n<p class=\"wp-block-paragraph\">Adem\u00e1s, tiene una ley org\u00e1nica por los derechos de estas personas y ha firmado acuerdos internacionales, por lo que acciones como la denunciada contradicen los compromisos del Estado quisqueyano.<\/p>\n\n\n\n<p class=\"wp-block-paragraph\">En el pa\u00eds, seg\u00fan organismos internacionales, no menos del 15%de la poblaci\u00f3n tiene alg\u00fan tipo de discapacidad, representando m\u00e1s de un mill\u00f3n y medio de personas.<\/p>\n","protected":false},"excerpt":{"rendered":"<p>Santo Domingo, RD. -La Federaci\u00f3n Nacional de Discapacidad Dominicana (FENADID) denunci\u00f3 que funcionarios del gobierno incumplen los mandatos de la Ley Org\u00e1nica de Discapacidad y convenios internacionales, ratificados por el&hellip;<\/p>\n","protected":false},"author":3,"featured_media":79444,"comment_status":"open","ping_status":"open","sticky":false,"template":"","format":"standard","meta":{"content-type":"","_jetpack_newsletter_access":"","_jetpack_dont_email_post_to_subs":false,"_jetpack_newsletter_tier_id":0,"_jetpack_memberships_contains_paywalled_content":false,"_jetpack_feature_clip_id":0,"_jetpack_memberships_contains_paid_content":false,"footnotes":"","jetpack_post_was_ever_published":false},"categories":[35],"tags":[4191],"class_list":["post-79443","post","type-post","status-publish","format-standard","has-post-thumbnail","hentry","category-nacionales","tag-discapacidad"],"jetpack-related-posts":[{"id":96467,"url":"https:\/\/lasprimeras.com.do\/index.php\/2025\/04\/01\/abinader-dice-gobierno-prioriza-politicas-dirigidas-a-la-poblacion-con-discapacidad\/","url_meta":{"origin":79443,"position":0},"title":"Abinader dice Gobierno prioriza pol\u00edticas dirigidas a la poblaci\u00f3n con discapacidad","author":"Nelson Feliz","date":"1 de abril de 2025","format":false,"excerpt":"El presidente Luis Abinader expres\u00f3 este lunes que el Gobierno ha intensificado sus esfuerzos en favor de la inclusi\u00f3n de personas con discapacidad, logrando la inserci\u00f3n de m\u00e1s de 400 ciudadanos en el mercado laboral y que adem\u00e1s el Fondo Nacional para la Ni\u00f1ez y Adolescencia con Discapacidad ha beneficiado\u2026","rel":"","context":"En \u00abECONOM\u00cdA\u00bb","block_context":{"text":"ECONOM\u00cdA","link":"https:\/\/lasprimeras.com.do\/index.php\/category\/economia\/"},"img":{"alt_text":"","src":"https:\/\/i0.wp.com\/lasprimeras.com.do\/wp-content\/uploads\/2025\/04\/Luis-Abinader-2.jpg?resize=350%2C200&ssl=1","width":350,"height":200,"srcset":"https:\/\/i0.wp.com\/lasprimeras.com.do\/wp-content\/uploads\/2025\/04\/Luis-Abinader-2.jpg?resize=350%2C200&ssl=1 1x, https:\/\/i0.wp.com\/lasprimeras.com.do\/wp-content\/uploads\/2025\/04\/Luis-Abinader-2.jpg?resize=525%2C300&ssl=1 1.5x, https:\/\/i0.wp.com\/lasprimeras.com.do\/wp-content\/uploads\/2025\/04\/Luis-Abinader-2.jpg?resize=700%2C400&ssl=1 2x"},"classes":[]},{"id":65193,"url":"https:\/\/lasprimeras.com.do\/index.php\/2023\/10\/26\/personas-con-discapacidad-piden-a-periodistas-apoyarlos-en-lucha-por-sus-derechos\/","url_meta":{"origin":79443,"position":1},"title":"Personas con discapacidad piden a periodistas apoyarlos en lucha por sus derechos","author":"Nelson Feliz","date":"26 de octubre de 2023","format":false,"excerpt":"Lo hicieron durante un taller con el C\u00edrculo de Periodistas de la Salud (Cipesa). La Asociaci\u00f3n de Personas con Discapacidad F\u00edsico Motora, (Asodifimo) pidi\u00f3 el acompa\u00f1amiento de los periodistas en la difusi\u00f3n de la Ley 13-05, y las normativas dictadas a favor de esta poblaci\u00f3n y que el Estado no\u2026","rel":"","context":"En \u00abNACIONALES\u00bb","block_context":{"text":"NACIONALES","link":"https:\/\/lasprimeras.com.do\/index.php\/category\/nacionales\/"},"img":{"alt_text":"Asodifimo","src":"https:\/\/i0.wp.com\/lasprimeras.com.do\/wp-content\/uploads\/2023\/10\/Asodifimo.jpg?resize=350%2C200&ssl=1","width":350,"height":200,"srcset":"https:\/\/i0.wp.com\/lasprimeras.com.do\/wp-content\/uploads\/2023\/10\/Asodifimo.jpg?resize=350%2C200&ssl=1 1x, https:\/\/i0.wp.com\/lasprimeras.com.do\/wp-content\/uploads\/2023\/10\/Asodifimo.jpg?resize=525%2C300&ssl=1 1.5x, https:\/\/i0.wp.com\/lasprimeras.com.do\/wp-content\/uploads\/2023\/10\/Asodifimo.jpg?resize=700%2C400&ssl=1 2x"},"classes":[]},{"id":96718,"url":"https:\/\/lasprimeras.com.do\/index.php\/2025\/04\/06\/regidor-moya-destaca-trabajo-adn-en-mejora-accesibilidad-en-cumbre-sobre-discapacidad\/","url_meta":{"origin":79443,"position":2},"title":"Regidor Moya destaca trabajo ADN en mejora accesibilidad en Cumbre sobre Discapacidad","author":"Nelson Feliz","date":"6 de abril de 2025","format":false,"excerpt":"El presidente del Concejo de Regidores del Ayuntamiento del Distrito Nacional, Yovany Moya, destac\u00f3 en la Cumbre Mundial sobre Discapacidad, celebrada en Berl\u00edn, Alemania, los d\u00edas 2 y 3 de abril, que la Alcald\u00eda promueve programas de accesibilidad en todos los espacios p\u00fablicos y privados. Hizo la afirmaci\u00f3n al exponer,\u2026","rel":"","context":"En \u00abNACIONALES\u00bb","block_context":{"text":"NACIONALES","link":"https:\/\/lasprimeras.com.do\/index.php\/category\/nacionales\/"},"img":{"alt_text":"","src":"https:\/\/i0.wp.com\/lasprimeras.com.do\/wp-content\/uploads\/2025\/04\/regidor.jpg?resize=350%2C200&ssl=1","width":350,"height":200,"srcset":"https:\/\/i0.wp.com\/lasprimeras.com.do\/wp-content\/uploads\/2025\/04\/regidor.jpg?resize=350%2C200&ssl=1 1x, https:\/\/i0.wp.com\/lasprimeras.com.do\/wp-content\/uploads\/2025\/04\/regidor.jpg?resize=525%2C300&ssl=1 1.5x, https:\/\/i0.wp.com\/lasprimeras.com.do\/wp-content\/uploads\/2025\/04\/regidor.jpg?resize=700%2C400&ssl=1 2x"},"classes":[]},{"id":98317,"url":"https:\/\/lasprimeras.com.do\/index.php\/2025\/05\/06\/reitera-peticion-de-doble-parqueo-para-taxistas-recoger-y-dejar-pasajeros-con-discapacidades-en-nyc\/","url_meta":{"origin":79443,"position":3},"title":"Reitera petici\u00f3n de doble parqueo para taxistas recoger y dejar pasajeros con discapacidades en NYC","author":"Nelson Feliz","date":"6 de mayo de 2025","format":false,"excerpt":"Por Ram\u00f3n Mercedes NUEVA YORK.- El presidente del Consorcio High Class en esta ciudad, Antonio Cabrera (Tuly), que aglutina cientos de taxistas, reiter\u00f3 a las autoridades neoyorkinas permitirles a todos conductores de este tipo en los cinco condados estacionarse en doble l\u00ednea o utilizar moment\u00e1neamente los carriles de autobuses para\u2026","rel":"","context":"En \u00abINTERNACIONALES\u00bb","block_context":{"text":"INTERNACIONALES","link":"https:\/\/lasprimeras.com.do\/index.php\/category\/sin-categoria\/internacionales\/"},"img":{"alt_text":"","src":"https:\/\/i0.wp.com\/lasprimeras.com.do\/wp-content\/uploads\/2025\/05\/WhatsApp-Image-2025-05-06-at-5.22.38-AM-2.jpeg?resize=350%2C200&ssl=1","width":350,"height":200,"srcset":"https:\/\/i0.wp.com\/lasprimeras.com.do\/wp-content\/uploads\/2025\/05\/WhatsApp-Image-2025-05-06-at-5.22.38-AM-2.jpeg?resize=350%2C200&ssl=1 1x, https:\/\/i0.wp.com\/lasprimeras.com.do\/wp-content\/uploads\/2025\/05\/WhatsApp-Image-2025-05-06-at-5.22.38-AM-2.jpeg?resize=525%2C300&ssl=1 1.5x, https:\/\/i0.wp.com\/lasprimeras.com.do\/wp-content\/uploads\/2025\/05\/WhatsApp-Image-2025-05-06-at-5.22.38-AM-2.jpeg?resize=700%2C400&ssl=1 2x"},"classes":[]},{"id":91606,"url":"https:\/\/lasprimeras.com.do\/index.php\/2024\/11\/28\/someten-proyecto-para-que-legisladores-solo-importen-un-vehiculo-cada-cuatro-anos-a-partir-del-2028\/","url_meta":{"origin":79443,"position":4},"title":"Someten proyecto para que legisladores solo importen un veh\u00edculo cada cuatro a\u00f1os a partir del 2028","author":"Nelson Feliz","date":"28 de noviembre de 2024","format":false,"excerpt":"Un proyecto de ley ha sido introducido en el Senado de la Rep\u00fablica con el fin de que los legisladores solo puedan importar un veh\u00edculo cada cuatro a\u00f1os. El plan es reducir el privilegio que le ha costado 2,140 millones de pesos al Estado en el \u00faltimo cuatrienio. La iniciativa\u2026","rel":"","context":"En \u00abNACIONALES\u00bb","block_context":{"text":"NACIONALES","link":"https:\/\/lasprimeras.com.do\/index.php\/category\/nacionales\/"},"img":{"alt_text":"Alexis Victoria Yeb","src":"https:\/\/i0.wp.com\/lasprimeras.com.do\/wp-content\/uploads\/2024\/11\/Alexis-Victoria-Yeb.jpg?resize=350%2C200&ssl=1","width":350,"height":200,"srcset":"https:\/\/i0.wp.com\/lasprimeras.com.do\/wp-content\/uploads\/2024\/11\/Alexis-Victoria-Yeb.jpg?resize=350%2C200&ssl=1 1x, https:\/\/i0.wp.com\/lasprimeras.com.do\/wp-content\/uploads\/2024\/11\/Alexis-Victoria-Yeb.jpg?resize=525%2C300&ssl=1 1.5x, https:\/\/i0.wp.com\/lasprimeras.com.do\/wp-content\/uploads\/2024\/11\/Alexis-Victoria-Yeb.jpg?resize=700%2C400&ssl=1 2x"},"classes":[]},{"id":90413,"url":"https:\/\/lasprimeras.com.do\/index.php\/2024\/10\/20\/abinader-ordena-construccion-del-caid-en-veron-punta-cana\/","url_meta":{"origin":79443,"position":5},"title":"Abinader ordena construcci\u00f3n del CAID en Ver\u00f3n-Punta Cana","author":"Nelson Feliz","date":"20 de octubre de 2024","format":false,"excerpt":"El presidente Luis Abinader ordena la construcci\u00f3n de un Centro de Atenci\u00f3n Integral para la Discapacidad (CAID) en la Fundaci\u00f3n Autismo sin Fronteras. El anuncio fue dado a trav\u00e9s del Director Nacional del CAID, Dr. Henry Rosa mientras visitaba la fundaci\u00f3n y se comprometi\u00f3 en nombre del Presidente de la\u2026","rel":"","context":"En \u00abNACIONALES\u00bb","block_context":{"text":"NACIONALES","link":"https:\/\/lasprimeras.com.do\/index.php\/category\/nacionales\/"},"img":{"alt_text":"","src":"https:\/\/i0.wp.com\/lasprimeras.com.do\/wp-content\/uploads\/2024\/10\/autismo.jpg?resize=350%2C200&ssl=1","width":350,"height":200,"srcset":"https:\/\/i0.wp.com\/lasprimeras.com.do\/wp-content\/uploads\/2024\/10\/autismo.jpg?resize=350%2C200&ssl=1 1x, https:\/\/i0.wp.com\/lasprimeras.com.do\/wp-content\/uploads\/2024\/10\/autismo.jpg?resize=525%2C300&ssl=1 1.5x, https:\/\/i0.wp.com\/lasprimeras.com.do\/wp-content\/uploads\/2024\/10\/autismo.jpg?resize=700%2C400&ssl=1 2x"},"classes":[]}],"jetpack_sharing_enabled":true,"jetpack_featured_media_url":"https:\/\/lasprimeras.com.do\/wp-content\/uploads\/2024\/03\/IMG-20240327-WA0004.jpg","_links":{"self":[{"href":"https:\/\/lasprimeras.com.do\/index.php\/wp-json\/wp\/v2\/posts\/79443","targetHints":{"allow":["GET"]}}],"collection":[{"href":"https:\/\/lasprimeras.com.do\/index.php\/wp-json\/wp\/v2\/posts"}],"about":[{"href":"https:\/\/lasprimeras.com.do\/index.php\/wp-json\/wp\/v2\/types\/post"}],"author":[{"embeddable":true,"href":"https:\/\/lasprimeras.com.do\/index.php\/wp-json\/wp\/v2\/users\/3"}],"replies":[{"embeddable":true,"href":"https:\/\/lasprimeras.com.do\/index.php\/wp-json\/wp\/v2\/comments?post=79443"}],"version-history":[{"count":1,"href":"https:\/\/lasprimeras.com.do\/index.php\/wp-json\/wp\/v2\/posts\/79443\/revisions"}],"predecessor-version":[{"id":79445,"href":"https:\/\/lasprimeras.com.do\/index.php\/wp-json\/wp\/v2\/posts\/79443\/revisions\/79445"}],"wp:featuredmedia":[{"embeddable":true,"href":"https:\/\/lasprimeras.com.do\/index.php\/wp-json\/wp\/v2\/media\/79444"}],"wp:attachment":[{"href":"https:\/\/lasprimeras.com.do\/index.php\/wp-json\/wp\/v2\/media?parent=79443"}],"wp:term":[{"taxonomy":"category","embeddable":true,"href":"https:\/\/lasprimeras.com.do\/index.php\/wp-json\/wp\/v2\/categories?post=79443"},{"taxonomy":"post_tag","embeddable":true,"href":"https:\/\/lasprimeras.com.do\/index.php\/wp-json\/wp\/v2\/tags?post=79443"}],"curies":[{"name":"wp","href":"https:\/\/api.w.org\/{rel}","templated":true}]}}