{"id":79449,"date":"2024-03-27T10:21:54","date_gmt":"2024-03-27T14:21:54","guid":{"rendered":"https:\/\/lasprimeras.com.do\/?p=79449"},"modified":"2024-03-27T10:21:56","modified_gmt":"2024-03-27T14:21:56","slug":"caasd-garantiza-suministro-de-agua-potable-durante-semana-santa","status":"publish","type":"post","link":"https:\/\/lasprimeras.com.do\/index.php\/2024\/03\/27\/caasd-garantiza-suministro-de-agua-potable-durante-semana-santa\/","title":{"rendered":"CAASD garantiza suministro de agua potable durante Semana Santa"},"content":{"rendered":"\n<p>Santo Domingo. &#8211; La Corporaci\u00f3n del Acueducto y Alcantarillado de Santo Domingo (CAASD) activ\u00f3 un plan de contingencia con el objetivo de garantizar el suministro de agua potable a la poblaci\u00f3n durante el asueto de Semana Santa 2024.<\/p>\n\n\n\n<p>As\u00ed lo inform\u00f3 el director general de la instituci\u00f3n, Felipe Suberv\u00ed (Fellito), quien destac\u00f3 que las brigadas de la CAASD estar\u00e1n laborando de manera permanente ante cualquier eventualidad que pueda surgir durante el feriado.<\/p>\n\n\n\n<p>El ingeniero explic\u00f3 que el Comit\u00e9 de Emergencia est\u00e1 compuesto por el equipo de Operaciones, Unidad Ejecutora de Proyectos, Mantenimiento y atenci\u00f3n al cliente. Se\u00f1al\u00f3 que coordinar\u00e1n acciones en tiempo real, como parte de las medidas preventivas.<\/p>\n\n\n\n<p>Suberv\u00ed indic\u00f3 que los equipos t\u00e9cnicos de la instituci\u00f3n estar\u00e1n monitoreando la operatividad de los acueductos. Asimismo, precis\u00f3 que ser\u00e1n reforzadas las labores de vigilancia en las obras de tomas de los sistemas Isabela, Haina-Manoguayabo, Isa y Duey que, por su naturaleza, pudieran ser utilizadas como balnearios.<\/p>\n\n\n\n<p>&#8220;Es fundamental que todos contribuyamos a preservar este recurso vital para garantizar su disponibilidad no solo durante la Semana Santa, sino tambi\u00e9n a lo largo del a\u00f1o\u201d. Expres\u00f3 el funcionario.<\/p>\n\n\n\n<p>En ese sentido, enfatiz\u00f3 en la necesidad de adoptar pr\u00e1cticas responsables en el uso del agua, especialmente durante la Semana Mayor, debido al aumento en la demanda por las actividades recreativas.<\/p>\n\n\n\n<p>Fellito Suberv\u00ed resalt\u00f3 la implementaci\u00f3n de medidas durante las festividades. Entre estas destac\u00f3: reforzamiento de la red de distribuci\u00f3n de agua, monitoreo constante de los niveles de los embalses y plantas de tratamiento, programas de mantenimiento preventivo en infraestructuras. Adem\u00e1s de la coordinaci\u00f3n con otras instituciones y autoridades locales para una respuesta efectiva ante cualquier situaci\u00f3n de emergencia.<\/p>\n\n\n\n<p>El funcionario destac\u00f3 el trabajo que realiza la entidad a trav\u00e9s del centro de llamadas para dar asistencia inmediata a los requerimientos y reclamos de los usuarios, tanto del Distrito Nacional como de la provincia Santo Domingo. Agreg\u00f3 que el personal del call center laborar\u00e1 en horario especial jueves y viernes de 8:00 de la ma\u00f1ana a 2:00 de la tarde; s\u00e1bado y domingo de 8:00 de la ma\u00f1ana a 4:00 de la tarde.<\/p>\n\n\n\n<p>Operativo CAASD por Semana Santa 2024<\/p>\n\n\n\n<p>La CAASD distribuir\u00e1 agua embotellada en las diferentes salidas de la ciudad de Santo Domingo, a partir del Jueves Santo, cuando inicia el \u00e9xodo mayor de la poblaci\u00f3n hacia el interior del pa\u00eds.<\/p>\n\n\n\n<p>De igual modo, la instituci\u00f3n reiter\u00f3 su compromiso con la poblaci\u00f3n de brindar un servicio de calidad y continuar trabajando arduamente, para asegurar que toda la poblaci\u00f3n del Gran Santo Domingo disfrute de una Semana Santa sin contratiempos en el suministro de agua potable.<\/p>\n","protected":false},"excerpt":{"rendered":"<p>Santo Domingo. &#8211; La Corporaci\u00f3n del Acueducto y Alcantarillado de Santo Domingo (CAASD) activ\u00f3 un plan de contingencia con el objetivo de garantizar el suministro de agua potable a la&hellip;<\/p>\n","protected":false},"author":3,"featured_media":79450,"comment_status":"open","ping_status":"open","sticky":false,"template":"","format":"standard","meta":{"content-type":"","jetpack_post_was_ever_published":false,"_jetpack_newsletter_access":"","_jetpack_dont_email_post_to_subs":false,"_jetpack_newsletter_tier_id":0,"_jetpack_memberships_contains_paywalled_content":false,"_jetpack_memberships_contains_paid_content":false,"footnotes":""},"categories":[25],"tags":[697],"class_list":["post-79449","post","type-post","status-publish","format-standard","has-post-thumbnail","hentry","category-portada","tag-caasd"],"jetpack_featured_media_url":"https:\/\/lasprimeras.com.do\/wp-content\/uploads\/2024\/03\/WhatsApp-Image-2024-03-27-at-10.19.10-AM.jpeg","jetpack-related-posts":[{"id":126067,"url":"https:\/\/lasprimeras.com.do\/index.php\/2026\/03\/29\/caasd-llama-al-uso-responsable-del-agua-durante-semana-santa\/","url_meta":{"origin":79449,"position":0},"title":"CAASD llama al uso responsable del agua durante Semana Santa","author":"Nelson Feliz","date":"29 de marzo de 2026","format":false,"excerpt":"Felipe Suberv\u00ed realiza recorrido por los sistemas de acueductos y mantiene monitoreo constante a fin de garantizar el suministro de agua potable a la poblaci\u00f3n del Gran Santo Domingo. Reitera que el compromiso ciudadano es fundamental para asegurar la sostenibilidad del servicio, especialmente ante los desaf\u00edos del cambio clim\u00e1tico y\u2026","rel":"","context":"En \u00abNACIONALES\u00bb","block_context":{"text":"NACIONALES","link":"https:\/\/lasprimeras.com.do\/index.php\/category\/nacionales\/"},"img":{"alt_text":"Fellito Suberv\u00ed","src":"https:\/\/i0.wp.com\/lasprimeras.com.do\/wp-content\/uploads\/2026\/03\/Fellito-Subervi-1.jpg?resize=350%2C200&ssl=1","width":350,"height":200,"srcset":"https:\/\/i0.wp.com\/lasprimeras.com.do\/wp-content\/uploads\/2026\/03\/Fellito-Subervi-1.jpg?resize=350%2C200&ssl=1 1x, https:\/\/i0.wp.com\/lasprimeras.com.do\/wp-content\/uploads\/2026\/03\/Fellito-Subervi-1.jpg?resize=525%2C300&ssl=1 1.5x, https:\/\/i0.wp.com\/lasprimeras.com.do\/wp-content\/uploads\/2026\/03\/Fellito-Subervi-1.jpg?resize=700%2C400&ssl=1 2x"},"classes":[]},{"id":121935,"url":"https:\/\/lasprimeras.com.do\/index.php\/2026\/02\/11\/caasd-entra-en-etapa-finalizacion-trabajos-acueducto-oriental\/","url_meta":{"origin":79449,"position":1},"title":"CAASD entra en etapa finalizaci\u00f3n trabajos Acueducto Oriental","author":"Nelson Feliz","date":"11 de febrero de 2026","format":false,"excerpt":"El director general de la Corporaci\u00f3n del Acueducto y Alcantarillado de Santo Domingo (CAASD), ingeniero Felipe -Fellito- Suberv\u00ed, inform\u00f3 que durante los pr\u00f3ximos tres d\u00edas se proceder\u00e1 al drenaje de las nuevas redes instaladas para poner en funcionamiento el Acueducto Oriental, y al desag\u00fce a las existentes a fin de\u2026","rel":"","context":"En \u00abNACIONALES\u00bb","block_context":{"text":"NACIONALES","link":"https:\/\/lasprimeras.com.do\/index.php\/category\/nacionales\/"},"img":{"alt_text":"Fellito Suberv\u00ed","src":"https:\/\/i0.wp.com\/lasprimeras.com.do\/wp-content\/uploads\/2026\/02\/Fellito-Subervi.jpg?resize=350%2C200&ssl=1","width":350,"height":200,"srcset":"https:\/\/i0.wp.com\/lasprimeras.com.do\/wp-content\/uploads\/2026\/02\/Fellito-Subervi.jpg?resize=350%2C200&ssl=1 1x, https:\/\/i0.wp.com\/lasprimeras.com.do\/wp-content\/uploads\/2026\/02\/Fellito-Subervi.jpg?resize=525%2C300&ssl=1 1.5x, https:\/\/i0.wp.com\/lasprimeras.com.do\/wp-content\/uploads\/2026\/02\/Fellito-Subervi.jpg?resize=700%2C400&ssl=1 2x"},"classes":[]},{"id":111135,"url":"https:\/\/lasprimeras.com.do\/index.php\/2025\/10\/05\/subervi-recorre-acueductos-que-seran-rehabilitados-para-optimizar-abastecimiento-y-distribucion-de-agua-potable\/","url_meta":{"origin":79449,"position":2},"title":"Suberv\u00ed recorre acueductos que ser\u00e1n rehabilitados para optimizar abastecimiento y distribuci\u00f3n de agua potable","author":"Nelson Feliz","date":"5 de octubre de 2025","format":false,"excerpt":"El funcionario destac\u00f3 que, con estas intervenciones, optimizar\u00e1 de manera considerable la producci\u00f3n y distribuci\u00f3n de agua potable en toda la demarcaci\u00f3n. El director de la Corporaci\u00f3n del Acueducto y Alcantarillado de Santo Domingo (CAASD), Felipe (Fellito) Suberv\u00ed, encabez\u00f3 un recorrido de supervisi\u00f3n por los sistemas Haina-Manoguayabo e Isabela, donde\u2026","rel":"","context":"En \u00abNACIONALES\u00bb","block_context":{"text":"NACIONALES","link":"https:\/\/lasprimeras.com.do\/index.php\/category\/nacionales\/"},"img":{"alt_text":"","src":"https:\/\/i0.wp.com\/lasprimeras.com.do\/wp-content\/uploads\/2025\/10\/Fellito-Subervi-1.jpg?resize=350%2C200&ssl=1","width":350,"height":200,"srcset":"https:\/\/i0.wp.com\/lasprimeras.com.do\/wp-content\/uploads\/2025\/10\/Fellito-Subervi-1.jpg?resize=350%2C200&ssl=1 1x, https:\/\/i0.wp.com\/lasprimeras.com.do\/wp-content\/uploads\/2025\/10\/Fellito-Subervi-1.jpg?resize=525%2C300&ssl=1 1.5x, https:\/\/i0.wp.com\/lasprimeras.com.do\/wp-content\/uploads\/2025\/10\/Fellito-Subervi-1.jpg?resize=700%2C400&ssl=1 2x"},"classes":[]},{"id":119483,"url":"https:\/\/lasprimeras.com.do\/index.php\/2026\/01\/13\/fellito-subervi-supervisa-avances-de-ampliacion-acueducto-barrera-de-salinidad-en-sde\/","url_meta":{"origin":79449,"position":3},"title":"Fellito Suberv\u00ed supervisa avances de ampliaci\u00f3n acueducto Barrera de Salinidad en SDE","author":"Nelson Feliz","date":"13 de enero de 2026","format":false,"excerpt":"La segunda fase entrar\u00e1 en fase de prueba en las pr\u00f3ximas semanas El director general de la Corporaci\u00f3n del Acueducto y Alcantarillado de Santo Domingo (CAASD), Felipe \u201cFellito\u201d Suberv\u00ed, realiz\u00f3 una visita de supervisi\u00f3n a los trabajos de ampliaci\u00f3n de la segunda fase del Acueducto Oriental Barrera de Salinidad y\u2026","rel":"","context":"En \u00abNACIONALES\u00bb","block_context":{"text":"NACIONALES","link":"https:\/\/lasprimeras.com.do\/index.php\/category\/nacionales\/"},"img":{"alt_text":"","src":"https:\/\/i0.wp.com\/lasprimeras.com.do\/wp-content\/uploads\/2026\/01\/PHOTO-2026-01-13-10-09-35-2.jpg?resize=350%2C200&ssl=1","width":350,"height":200,"srcset":"https:\/\/i0.wp.com\/lasprimeras.com.do\/wp-content\/uploads\/2026\/01\/PHOTO-2026-01-13-10-09-35-2.jpg?resize=350%2C200&ssl=1 1x, https:\/\/i0.wp.com\/lasprimeras.com.do\/wp-content\/uploads\/2026\/01\/PHOTO-2026-01-13-10-09-35-2.jpg?resize=525%2C300&ssl=1 1.5x, https:\/\/i0.wp.com\/lasprimeras.com.do\/wp-content\/uploads\/2026\/01\/PHOTO-2026-01-13-10-09-35-2.jpg?resize=700%2C400&ssl=1 2x, https:\/\/i0.wp.com\/lasprimeras.com.do\/wp-content\/uploads\/2026\/01\/PHOTO-2026-01-13-10-09-35-2.jpg?resize=1050%2C600&ssl=1 3x"},"classes":[]},{"id":121371,"url":"https:\/\/lasprimeras.com.do\/index.php\/2026\/02\/03\/fellito-subervi-cerca-de-dos-millones-de-personas-seran-beneficiadas-con-entrada-del-acueducto-barrera-de-salinidad\/","url_meta":{"origin":79449,"position":4},"title":"Fellito Suberv\u00ed: Cerca de dos millones de personas ser\u00e1n beneficiadas con entrada del Acueducto Barrera de Salinidad","author":"Nelson Feliz","date":"3 de febrero de 2026","format":false,"excerpt":"El director de la CAASD anuncia ampliaci\u00f3n y remodelaci\u00f3n de esta planta potabilizadora, que entrar\u00e1 en fase de prueba en las pr\u00f3ximas semanas, constituir\u00e1 un hecho sin precedentes en la historia de la Corporaci\u00f3n del Acueducto y Alcantarillado de Santo Domingo, al producir diariamente m\u00e1s de 136 millones de galones\u2026","rel":"","context":"En \u00abNACIONALES\u00bb","block_context":{"text":"NACIONALES","link":"https:\/\/lasprimeras.com.do\/index.php\/category\/nacionales\/"},"img":{"alt_text":"Fellito Subervi","src":"https:\/\/i0.wp.com\/lasprimeras.com.do\/wp-content\/uploads\/2024\/08\/Fellito-Subervi.jpg?resize=350%2C200&ssl=1","width":350,"height":200,"srcset":"https:\/\/i0.wp.com\/lasprimeras.com.do\/wp-content\/uploads\/2024\/08\/Fellito-Subervi.jpg?resize=350%2C200&ssl=1 1x, https:\/\/i0.wp.com\/lasprimeras.com.do\/wp-content\/uploads\/2024\/08\/Fellito-Subervi.jpg?resize=525%2C300&ssl=1 1.5x, https:\/\/i0.wp.com\/lasprimeras.com.do\/wp-content\/uploads\/2024\/08\/Fellito-Subervi.jpg?resize=700%2C400&ssl=1 2x"},"classes":[]},{"id":109786,"url":"https:\/\/lasprimeras.com.do\/index.php\/2025\/09\/22\/fellito-subervi-destaca-acueducto-barrera-de-salinidad-beneficiara-a-1-8-millones-de-personas-en-el-gsd\/","url_meta":{"origin":79449,"position":5},"title":"Fellito Suberv\u00ed destaca Acueducto Barrera de Salinidad beneficiar\u00e1 a 1.8 millones de personas en el GSD","author":"Nelson Feliz","date":"22 de septiembre de 2025","format":false,"excerpt":"La CAASD ejecuta esta obra clave para fortalecer el abastecimiento de agua potable en el Gran Santo Domingo. El director general de la Corporaci\u00f3n del Acueducto y Alcantarillado de Santo Domingo (CAASD), Fellito Suberv\u00ed inform\u00f3 durante un recorrido de supervisi\u00f3n junto al presidente Luis Abinader, que el Acueducto Oriental Barrera\u2026","rel":"","context":"En \u00abECONOM\u00cdA\u00bb","block_context":{"text":"ECONOM\u00cdA","link":"https:\/\/lasprimeras.com.do\/index.php\/category\/economia\/"},"img":{"alt_text":"","src":"https:\/\/i0.wp.com\/lasprimeras.com.do\/wp-content\/uploads\/2025\/09\/Fellito-Subervi-1.jpg?resize=350%2C200&ssl=1","width":350,"height":200,"srcset":"https:\/\/i0.wp.com\/lasprimeras.com.do\/wp-content\/uploads\/2025\/09\/Fellito-Subervi-1.jpg?resize=350%2C200&ssl=1 1x, https:\/\/i0.wp.com\/lasprimeras.com.do\/wp-content\/uploads\/2025\/09\/Fellito-Subervi-1.jpg?resize=525%2C300&ssl=1 1.5x, https:\/\/i0.wp.com\/lasprimeras.com.do\/wp-content\/uploads\/2025\/09\/Fellito-Subervi-1.jpg?resize=700%2C400&ssl=1 2x"},"classes":[]}],"jetpack_sharing_enabled":true,"_links":{"self":[{"href":"https:\/\/lasprimeras.com.do\/index.php\/wp-json\/wp\/v2\/posts\/79449","targetHints":{"allow":["GET"]}}],"collection":[{"href":"https:\/\/lasprimeras.com.do\/index.php\/wp-json\/wp\/v2\/posts"}],"about":[{"href":"https:\/\/lasprimeras.com.do\/index.php\/wp-json\/wp\/v2\/types\/post"}],"author":[{"embeddable":true,"href":"https:\/\/lasprimeras.com.do\/index.php\/wp-json\/wp\/v2\/users\/3"}],"replies":[{"embeddable":true,"href":"https:\/\/lasprimeras.com.do\/index.php\/wp-json\/wp\/v2\/comments?post=79449"}],"version-history":[{"count":1,"href":"https:\/\/lasprimeras.com.do\/index.php\/wp-json\/wp\/v2\/posts\/79449\/revisions"}],"predecessor-version":[{"id":79451,"href":"https:\/\/lasprimeras.com.do\/index.php\/wp-json\/wp\/v2\/posts\/79449\/revisions\/79451"}],"wp:featuredmedia":[{"embeddable":true,"href":"https:\/\/lasprimeras.com.do\/index.php\/wp-json\/wp\/v2\/media\/79450"}],"wp:attachment":[{"href":"https:\/\/lasprimeras.com.do\/index.php\/wp-json\/wp\/v2\/media?parent=79449"}],"wp:term":[{"taxonomy":"category","embeddable":true,"href":"https:\/\/lasprimeras.com.do\/index.php\/wp-json\/wp\/v2\/categories?post=79449"},{"taxonomy":"post_tag","embeddable":true,"href":"https:\/\/lasprimeras.com.do\/index.php\/wp-json\/wp\/v2\/tags?post=79449"}],"curies":[{"name":"wp","href":"https:\/\/api.w.org\/{rel}","templated":true}]}}