{"id":79455,"date":"2024-03-27T12:12:18","date_gmt":"2024-03-27T16:12:18","guid":{"rendered":"https:\/\/lasprimeras.com.do\/?p=79455"},"modified":"2024-03-27T12:12:20","modified_gmt":"2024-03-27T16:12:20","slug":"ayuntamiento-de-santo-domingo-este-anuncia-operativo-semana-santa-2024","status":"publish","type":"post","link":"https:\/\/lasprimeras.com.do\/index.php\/2024\/03\/27\/ayuntamiento-de-santo-domingo-este-anuncia-operativo-semana-santa-2024\/","title":{"rendered":"Ayuntamiento de Santo Domingo Este anuncia \u201cOperativo Semana Santa 2024\u201d"},"content":{"rendered":"\n<p>SDE.-El Ayuntamiento de Santo Domingo Este (ASDE), a trav\u00e9s de su Direcci\u00f3n de Gesti\u00f3n Ambiental y Riesgo, deja en marcha el \u201cOperativo Semana Santa 2024\u201d, con el que busca salvaguardar la seguridad y el bienestar de los mun\u00edcipes y visitantes durante el asueto y en el que participar\u00e1n m\u00e1s de 400 voluntarios distribuidos en distintos puntos de la ciudad.<\/p>\n\n\n\n<p>Conscientes del significado cultural y religioso que representa la Semana Mayor para la ciudadan\u00eda, la instituci\u00f3n implementar\u00e1 las medidas de control necesarias que incluyen vigilancia y atenci\u00f3n a emergencias en \u00e1reas de mayor afluencia tur\u00edstica y en toda la extensi\u00f3n del municipio.<\/p>\n\n\n\n<p>Al dar a conocer las acciones en una rueda de prensa la ma\u00f1ana de este mi\u00e9rcoles, el alcalde Manuel Jim\u00e9nez inst\u00f3 a la poblaci\u00f3n a colaborar con las autoridades y a seguir las indicaciones emitidas por los organismos correspondientes para garantizar una Semana Santa de forma \u201csegura y armoniosa para todos\u201d.<br>\u201cSiendo Semana Santa un per\u00edodo especial donde hay desplazamiento se necesita respuesta eficiente para asegurar la vida y los bienes de las personas que vivimos en Santo Domingo Este\u201d, dijo Jim\u00e9nez.<\/p>\n\n\n\n<p>La jornada cuenta con el apoyo de la Defensa Civil, la Cruz Roja, Salud P\u00fablica, la Direcci\u00f3n de Seguridad de Tr\u00e1nsito y Transporte Terrestre (Digesett), la Polic\u00eda Nacional, el Cuerpo de Bomberos del municipio, la Gobernaci\u00f3n y otras entidades de rescate que desde este mi\u00e9rcoles dar\u00e1n apoyo al Plan de Mitigaci\u00f3n de Respuesta (PMR), con el despliegue de personal en los puntos de mayor afluencia de vacacionistas y de esa manera velar por su seguridad e integridad para que pasen un asueto sin contratiempos.<\/p>\n\n\n\n<p>El \u201cOperativo Semana Santa 2024\u201d contar\u00e1 con equipos de rescate como ambulancias, una lancha, unidades especializadas en rescates acu\u00e1ticos y contra incendios, as\u00ed como otros recursos que permitir\u00e1n una respuesta r\u00e1pida ante cualquier eventualidad que se pueda presentar.<\/p>\n\n\n\n<p>Los equipos estar\u00e1n ubicados en varios puntos estrat\u00e9gicos, como el Puente Juan Carlos, carretera Mella (frente a la OMSA), la avenida Ecol\u00f3gica con H\u00edpica, el Cach\u00f3n de la Rubia, entrada de San Luis, Los 3 Ojos, Parada de la Cultura y Sala de Situaciones del Palacio Municipal Dr. Jos\u00e9 Francisco Pe\u00f1a G\u00f3mez.<\/p>\n\n\n\n<p>Puestos Sat\u00e9lites dentro del municipio<\/p>\n\n\n\n<p>Dentro del municipio se colocar\u00e1n puestos sat\u00e9lites en los puentes: Francisco del Rosario S\u00e1nchez, Juan Pablo Duarte, Ram\u00f3n Mat\u00edas Mella, Charles de Gaulle. Adem\u00e1s, en las avenidas Las Am\u00e9ricas (puesto DIGESETT), Ecol\u00f3gica, Ciudad Juan Bosch, entrada de la carretera, Espa\u00f1a (frente al Ol\u00e9), y en la carretera Santo Domingo-Saman\u00e1.<\/p>\n","protected":false},"excerpt":{"rendered":"<p>SDE.-El Ayuntamiento de Santo Domingo Este (ASDE), a trav\u00e9s de su Direcci\u00f3n de Gesti\u00f3n Ambiental y Riesgo, deja en marcha el \u201cOperativo Semana Santa 2024\u201d, con el que busca salvaguardar&hellip;<\/p>\n","protected":false},"author":3,"featured_media":79456,"comment_status":"open","ping_status":"open","sticky":false,"template":"","format":"standard","meta":{"content-type":"","jetpack_post_was_ever_published":false,"_jetpack_newsletter_access":"","_jetpack_dont_email_post_to_subs":false,"_jetpack_newsletter_tier_id":0,"_jetpack_memberships_contains_paywalled_content":false,"_jetpack_memberships_contains_paid_content":false,"footnotes":""},"categories":[25],"tags":[4817],"class_list":["post-79455","post","type-post","status-publish","format-standard","has-post-thumbnail","hentry","category-portada","tag-ayuntamiento-sde"],"jetpack_featured_media_url":"https:\/\/lasprimeras.com.do\/wp-content\/uploads\/2024\/03\/WhatsApp-Image-2024-03-27-at-11.51.16-AM.jpeg","jetpack-related-posts":[{"id":110238,"url":"https:\/\/lasprimeras.com.do\/index.php\/2025\/09\/26\/ayuntamiento-de-sde-intensifica-limpieza-de-imbornales-para-mitigar-inundaciones\/","url_meta":{"origin":79455,"position":0},"title":"Ayuntamiento de SDE intensifica limpieza de imbornales para mitigar inundaciones","author":"Nelson Feliz","date":"26 de septiembre de 2025","format":false,"excerpt":"El Ayuntamiento de Santo Domingo Este despleg\u00f3 m\u00e1s de 300 agentes de la Polic\u00eda Municipal junto a brigadas de limpieza que trabajan en imbornales, filtrantes, poda de \u00e1rboles y recolecci\u00f3n de desechos en diferentes puntos cr\u00edticos del municipio, con el objetivo de mitigar los efectos de la activa onda tropical\u2026","rel":"","context":"En \u00abNACIONALES\u00bb","block_context":{"text":"NACIONALES","link":"https:\/\/lasprimeras.com.do\/index.php\/category\/nacionales\/"},"img":{"alt_text":"","src":"https:\/\/i0.wp.com\/lasprimeras.com.do\/wp-content\/uploads\/2025\/09\/Ayuntamiento-de-SDE.jpg?resize=350%2C200&ssl=1","width":350,"height":200,"srcset":"https:\/\/i0.wp.com\/lasprimeras.com.do\/wp-content\/uploads\/2025\/09\/Ayuntamiento-de-SDE.jpg?resize=350%2C200&ssl=1 1x, https:\/\/i0.wp.com\/lasprimeras.com.do\/wp-content\/uploads\/2025\/09\/Ayuntamiento-de-SDE.jpg?resize=525%2C300&ssl=1 1.5x, https:\/\/i0.wp.com\/lasprimeras.com.do\/wp-content\/uploads\/2025\/09\/Ayuntamiento-de-SDE.jpg?resize=700%2C400&ssl=1 2x"},"classes":[]},{"id":117159,"url":"https:\/\/lasprimeras.com.do\/index.php\/2025\/12\/08\/sntp-sde-pide-mayor-presupuesto-de-publicidad-para-trabajadores-de-la-prensa\/","url_meta":{"origin":79455,"position":1},"title":"SNTP-SDE pide mayor presupuesto de publicidad para trabajadores de la prensa","author":"Nelson Feliz","date":"8 de diciembre de 2025","format":false,"excerpt":"Deposita solicitud formal ante el Consejo de Regidores de la Alcald\u00eda local El Sindicato Nacional de Trabajadores de la Prensa (SNTP), filial Santo Domingo Este, deposita formalmente ante el Concejo de Regidores del ayuntamiento la solicitud para que se destine una porci\u00f3n mayoritaria del presupuesto de publicidad municipal del pr\u00f3ximo\u2026","rel":"","context":"En \u00abNACIONALES\u00bb","block_context":{"text":"NACIONALES","link":"https:\/\/lasprimeras.com.do\/index.php\/category\/nacionales\/"},"img":{"alt_text":"Dar\u00edo Ma\u00f1\u00f3n","src":"https:\/\/i0.wp.com\/lasprimeras.com.do\/wp-content\/uploads\/2025\/12\/Dario-Manon.jpg?resize=350%2C200&ssl=1","width":350,"height":200},"classes":[]},{"id":112530,"url":"https:\/\/lasprimeras.com.do\/index.php\/2025\/10\/23\/alcalde-de-sde-activa-plan-de-emergencia-ante-posibles-inundaciones-por-la-tormenta-tropical-melissa\/","url_meta":{"origin":79455,"position":2},"title":"Alcalde de SDE activa plan de emergencia ante posibles inundaciones por la tormenta tropical Melissa","author":"Nelson Feliz","date":"23 de octubre de 2025","format":false,"excerpt":"El alcalde de Santo Domingo Este, D\u00edo Astacio, inform\u00f3 que el Ayuntamiento mantiene activado su plan de emergencia municipal ante los posibles efectos de la tormenta tropical Melissa, que podr\u00eda generar inundaciones en diferentes sectores del municipio, debido a que en los pr\u00f3ximos d\u00edas caer\u00e1n unos 300 mil\u00edmetros de lluvias.\u2026","rel":"","context":"En \u00abNACIONALES\u00bb","block_context":{"text":"NACIONALES","link":"https:\/\/lasprimeras.com.do\/index.php\/category\/nacionales\/"},"img":{"alt_text":"","src":"https:\/\/i0.wp.com\/lasprimeras.com.do\/wp-content\/uploads\/2025\/10\/Dio-Astacio.jpg?resize=350%2C200&ssl=1","width":350,"height":200},"classes":[]},{"id":106158,"url":"https:\/\/lasprimeras.com.do\/index.php\/2025\/08\/11\/rafael-castillo-denuncia-alcaldia-impone-desorden-y-busqueda-en-incautacion-de-motocicletas-en-sde\/","url_meta":{"origin":79455,"position":3},"title":"Rafael Castillo denuncia Alcald\u00eda impone \u201cdesorden y b\u00fasqueda\u201d en incautaci\u00f3n de motocicletas en SDE","author":"Nelson Feliz","date":"11 de agosto de 2025","format":false,"excerpt":"\"Castillo inicia acciones legales contra Alcald\u00eda, para detener abusos contra motoristas y promover una regulaci\u00f3n real en este tipo de transporte\". El diputado y vocero de la Fuerza del Pueblo en la c\u00e1mara baja, Rafael Castillo, acus\u00f3 a la Alcald\u00eda de Santo Domingo Este de imponer un \u201cdesorden y negocio\u2026","rel":"","context":"En \u00abPOLITICA\u00bb","block_context":{"text":"POLITICA","link":"https:\/\/lasprimeras.com.do\/index.php\/category\/politica\/"},"img":{"alt_text":"Rafael Castillo","src":"https:\/\/i0.wp.com\/lasprimeras.com.do\/wp-content\/uploads\/2025\/08\/Rafael-Castillo-1.jpg?resize=350%2C200&ssl=1","width":350,"height":200,"srcset":"https:\/\/i0.wp.com\/lasprimeras.com.do\/wp-content\/uploads\/2025\/08\/Rafael-Castillo-1.jpg?resize=350%2C200&ssl=1 1x, https:\/\/i0.wp.com\/lasprimeras.com.do\/wp-content\/uploads\/2025\/08\/Rafael-Castillo-1.jpg?resize=525%2C300&ssl=1 1.5x, https:\/\/i0.wp.com\/lasprimeras.com.do\/wp-content\/uploads\/2025\/08\/Rafael-Castillo-1.jpg?resize=700%2C400&ssl=1 2x"},"classes":[]},{"id":119819,"url":"https:\/\/lasprimeras.com.do\/index.php\/2026\/01\/18\/el-sntp-filial-sde-celebra-almuerzo-de-confraternidad\/","url_meta":{"origin":79455,"position":4},"title":"El SNTP filial SDE celebra Almuerzo de Confraternidad","author":"Nelson Feliz","date":"18 de enero de 2026","format":false,"excerpt":"Dar\u00edo Ma\u00f1\u00f3n","rel":"","context":"En \u00abNACIONALES\u00bb","block_context":{"text":"NACIONALES","link":"https:\/\/lasprimeras.com.do\/index.php\/category\/nacionales\/"},"img":{"alt_text":"Dar\u00edo Ma\u00f1\u00f3n","src":"https:\/\/i0.wp.com\/lasprimeras.com.do\/wp-content\/uploads\/2026\/01\/Dario-Manon.jpg?resize=350%2C200&ssl=1","width":350,"height":200,"srcset":"https:\/\/i0.wp.com\/lasprimeras.com.do\/wp-content\/uploads\/2026\/01\/Dario-Manon.jpg?resize=350%2C200&ssl=1 1x, https:\/\/i0.wp.com\/lasprimeras.com.do\/wp-content\/uploads\/2026\/01\/Dario-Manon.jpg?resize=525%2C300&ssl=1 1.5x, https:\/\/i0.wp.com\/lasprimeras.com.do\/wp-content\/uploads\/2026\/01\/Dario-Manon.jpg?resize=700%2C400&ssl=1 2x"},"classes":[]},{"id":80923,"url":"https:\/\/lasprimeras.com.do\/index.php\/2024\/04\/14\/ayuntamiento-sde-impulsara-politicas-publicas-en-favor-del-desarrollo-de-esa-demarcacion\/","url_meta":{"origin":79455,"position":5},"title":"Ayuntamiento SDE impulsara pol\u00edticas p\u00fablicas en favor del desarrollo de esa demarcaci\u00f3n","author":"Nelson Feliz","date":"14 de abril de 2024","format":false,"excerpt":"La vicealcaldesa \u00c1ngela Henr\u00edquez ofreci\u00f3 las declaraciones al entregar certificados a l\u00edderes y lideresas de organizaciones comunitarias La vicealcaldesa de Santo Domingo Este y reelecta en el cargo, \u00c1ngela Henr\u00edquez, asegur\u00f3 que la nueva gesti\u00f3n que estar\u00e1 al frente del Ayuntamiento a partir del 24 de este mes de abril,\u2026","rel":"","context":"En \u00abSin categor\u00eda\u00bb","block_context":{"text":"Sin categor\u00eda","link":"https:\/\/lasprimeras.com.do\/index.php\/category\/sin-categoria\/"},"img":{"alt_text":"\u00c1ngela Henr\u00edquez","src":"https:\/\/i0.wp.com\/lasprimeras.com.do\/wp-content\/uploads\/2024\/04\/Angela-Henriquez.jpg?resize=350%2C200&ssl=1","width":350,"height":200,"srcset":"https:\/\/i0.wp.com\/lasprimeras.com.do\/wp-content\/uploads\/2024\/04\/Angela-Henriquez.jpg?resize=350%2C200&ssl=1 1x, https:\/\/i0.wp.com\/lasprimeras.com.do\/wp-content\/uploads\/2024\/04\/Angela-Henriquez.jpg?resize=525%2C300&ssl=1 1.5x, https:\/\/i0.wp.com\/lasprimeras.com.do\/wp-content\/uploads\/2024\/04\/Angela-Henriquez.jpg?resize=700%2C400&ssl=1 2x"},"classes":[]}],"jetpack_sharing_enabled":true,"_links":{"self":[{"href":"https:\/\/lasprimeras.com.do\/index.php\/wp-json\/wp\/v2\/posts\/79455","targetHints":{"allow":["GET"]}}],"collection":[{"href":"https:\/\/lasprimeras.com.do\/index.php\/wp-json\/wp\/v2\/posts"}],"about":[{"href":"https:\/\/lasprimeras.com.do\/index.php\/wp-json\/wp\/v2\/types\/post"}],"author":[{"embeddable":true,"href":"https:\/\/lasprimeras.com.do\/index.php\/wp-json\/wp\/v2\/users\/3"}],"replies":[{"embeddable":true,"href":"https:\/\/lasprimeras.com.do\/index.php\/wp-json\/wp\/v2\/comments?post=79455"}],"version-history":[{"count":1,"href":"https:\/\/lasprimeras.com.do\/index.php\/wp-json\/wp\/v2\/posts\/79455\/revisions"}],"predecessor-version":[{"id":79457,"href":"https:\/\/lasprimeras.com.do\/index.php\/wp-json\/wp\/v2\/posts\/79455\/revisions\/79457"}],"wp:featuredmedia":[{"embeddable":true,"href":"https:\/\/lasprimeras.com.do\/index.php\/wp-json\/wp\/v2\/media\/79456"}],"wp:attachment":[{"href":"https:\/\/lasprimeras.com.do\/index.php\/wp-json\/wp\/v2\/media?parent=79455"}],"wp:term":[{"taxonomy":"category","embeddable":true,"href":"https:\/\/lasprimeras.com.do\/index.php\/wp-json\/wp\/v2\/categories?post=79455"},{"taxonomy":"post_tag","embeddable":true,"href":"https:\/\/lasprimeras.com.do\/index.php\/wp-json\/wp\/v2\/tags?post=79455"}],"curies":[{"name":"wp","href":"https:\/\/api.w.org\/{rel}","templated":true}]}}