{"id":79458,"date":"2024-03-27T12:16:30","date_gmt":"2024-03-27T16:16:30","guid":{"rendered":"https:\/\/lasprimeras.com.do\/?p=79458"},"modified":"2024-03-27T12:16:31","modified_gmt":"2024-03-27T16:16:31","slug":"mochotran-llama-a-los-choferes-de-su-organizacion-ser-prudentes-en-semana-santa","status":"publish","type":"post","link":"https:\/\/lasprimeras.com.do\/index.php\/2024\/03\/27\/mochotran-llama-a-los-choferes-de-su-organizacion-ser-prudentes-en-semana-santa\/","title":{"rendered":"Mochotran llama a los choferes de su organizaci\u00f3n ser prudentes en Semana Santa"},"content":{"rendered":"\n<p>Santo Domingo, R.D. &#8211; El presidente del Grupo de Empresas Transporte MOCHOTRAN, Alfredo Pulinario, Cambita, llama a sus miembros y a la poblaci\u00f3n en general a no beber bebidas alcoh\u00f3licas durante el asueto de la Semana Santa.<\/p>\n\n\n\n<p>Pulinario, adem\u00e1s, exhorta a los afiliados de su organizaci\u00f3n, revisar los neum\u00e1ticos antes de salir, ponerse su cintur\u00f3n y manejar a la defensiva, siendo prudentes para que no se produzcan tragedias como en otra ocasi\u00f3n.<\/p>\n\n\n\n<p>\u201cVamos hacer una voluntad de que el pueblo se monte en nuestras unidades y pueda regresar a su casa tranquilo, no como en otras oportunidades\u201d, Manifest\u00f3.<\/p>\n\n\n\n<p>El l\u00edder del transporte dijo hacer este llamado en el entendido que es la semana del a\u00f1o con mayor riesgo en el desplazamiento en las carreteras por la cantidad de personas que van a los r\u00edos, playas y balnearios con la familia, y por la imprudencia se convierte en una tragedia.<\/p>\n\n\n\n<p>Tambi\u00e9n hizo un llamado de reflexi\u00f3n y actuar con \u00e9tica, prudencia y servir con humildad al ofrecer sus servicios. Adem\u00e1s, aprovechar la ocasi\u00f3n para acudir a los templos y lugares hist\u00f3ricos.<\/p>\n\n\n\n<p>Pulinario, Agreg\u00f3 \u201ces propicia la Semana Santa para invitar a la reflexi\u00f3n, a entregar amor y solidaridad para con sus semejantes, ser humildes y a unificar la familia\u201d.<\/p>\n\n\n\n<p>Mochotran es responsable de operar los corredores de las avenidas Winston Churchill y Charles de Gaulle del Gran Santo Domingo. Compueto por 152 compa\u00f1\u00edas, m\u00e1s de 25 mil choferes y familiares diseminadas por todo el pa\u00eds.<\/p>\n","protected":false},"excerpt":{"rendered":"<p>Santo Domingo, R.D. &#8211; El presidente del Grupo de Empresas Transporte MOCHOTRAN, Alfredo Pulinario, Cambita, llama a sus miembros y a la poblaci\u00f3n en general a no beber bebidas alcoh\u00f3licas&hellip;<\/p>\n","protected":false},"author":3,"featured_media":79459,"comment_status":"open","ping_status":"open","sticky":false,"template":"","format":"standard","meta":{"content-type":"","jetpack_post_was_ever_published":false,"_jetpack_newsletter_access":"","_jetpack_dont_email_post_to_subs":false,"_jetpack_newsletter_tier_id":0,"_jetpack_memberships_contains_paywalled_content":false,"_jetpack_memberships_contains_paid_content":false,"footnotes":""},"categories":[25],"tags":[11422],"class_list":["post-79458","post","type-post","status-publish","format-standard","has-post-thumbnail","hentry","category-portada","tag-choferes-2"],"jetpack_featured_media_url":"https:\/\/lasprimeras.com.do\/wp-content\/uploads\/2024\/03\/WhatsApp-Image-2024-03-27-at-11.51.16-AM-1.jpeg","jetpack-related-posts":[{"id":101315,"url":"https:\/\/lasprimeras.com.do\/index.php\/2025\/06\/18\/honraran-memoria-y-recordaran-legado-del-dirigente-choferil-alfredo-pulinario-cambita\/","url_meta":{"origin":79458,"position":0},"title":"Honrar\u00e1n memoria y recordar\u00e1n legado del dirigente choferil Alfredo Pulinario (Cambita)","author":"Nelson Feliz","date":"18 de junio de 2025","format":false,"excerpt":"El destacado l\u00edder choferil y empresario del transporte, Alfredo Pulinario (Cambita), ser\u00e1 objeto de un homenaje p\u00f3stumo el lunes, 23 de junio de 2025, al cumplirse el primer aniversario de su fallecimiento. Al momento de su muerte, el 23 de junio de 2024, Alfredo Pulinario (Cambita) se desempe\u00f1aba como gerente\u2026","rel":"","context":"En \u00abNACIONALES\u00bb","block_context":{"text":"NACIONALES","link":"https:\/\/lasprimeras.com.do\/index.php\/category\/nacionales\/"},"img":{"alt_text":"","src":"https:\/\/i0.wp.com\/lasprimeras.com.do\/wp-content\/uploads\/2025\/06\/Alfredo-Pulinario.jpg?resize=350%2C200&ssl=1","width":350,"height":200,"srcset":"https:\/\/i0.wp.com\/lasprimeras.com.do\/wp-content\/uploads\/2025\/06\/Alfredo-Pulinario.jpg?resize=350%2C200&ssl=1 1x, https:\/\/i0.wp.com\/lasprimeras.com.do\/wp-content\/uploads\/2025\/06\/Alfredo-Pulinario.jpg?resize=525%2C300&ssl=1 1.5x, https:\/\/i0.wp.com\/lasprimeras.com.do\/wp-content\/uploads\/2025\/06\/Alfredo-Pulinario.jpg?resize=700%2C400&ssl=1 2x"},"classes":[]},{"id":101762,"url":"https:\/\/lasprimeras.com.do\/index.php\/2025\/06\/23\/rinden-tributo-y-honran-memoria-del-lider-choferil-alfredo-pulinario-cambita\/","url_meta":{"origin":79458,"position":1},"title":"Rinden tributo y honran memoria del l\u00edder choferil Alfredo Pulinario (Cambita)","author":"Nelson Feliz","date":"23 de junio de 2025","format":false,"excerpt":"Cientos de personas se reunieron este lunes para resaltar valores y virtudes de quien fuera presidente de MOCHOTR\u00c1N, Alfredo Pulinario (Cambita), al conmemorarse el primer aniversario de su fallecimiento. Cientos de dirigentes y miembros de empresas y organizaciones del sector transporte se reunieron este lunes, 23 de junio de 2025,\u2026","rel":"","context":"En \u00abNACIONALES\u00bb","block_context":{"text":"NACIONALES","link":"https:\/\/lasprimeras.com.do\/index.php\/category\/nacionales\/"},"img":{"alt_text":"","src":"https:\/\/i0.wp.com\/lasprimeras.com.do\/wp-content\/uploads\/2025\/06\/Alfredo-Pulinario-1.jpg?resize=350%2C200&ssl=1","width":350,"height":200,"srcset":"https:\/\/i0.wp.com\/lasprimeras.com.do\/wp-content\/uploads\/2025\/06\/Alfredo-Pulinario-1.jpg?resize=350%2C200&ssl=1 1x, https:\/\/i0.wp.com\/lasprimeras.com.do\/wp-content\/uploads\/2025\/06\/Alfredo-Pulinario-1.jpg?resize=525%2C300&ssl=1 1.5x, https:\/\/i0.wp.com\/lasprimeras.com.do\/wp-content\/uploads\/2025\/06\/Alfredo-Pulinario-1.jpg?resize=700%2C400&ssl=1 2x"},"classes":[]},{"id":127857,"url":"https:\/\/lasprimeras.com.do\/index.php\/2026\/04\/16\/mochotran-destaca-labor-de-abinader-al-congelar-combustibles-califica-medida-como-una-accion-patriotica\/","url_meta":{"origin":79458,"position":2},"title":"Mochotran destaca labor de Abinader al congelar combustibles; califica medida como una \u201cacci\u00f3n patri\u00f3tica\u201d","author":"Nelson Feliz","date":"16 de abril de 2026","format":false,"excerpt":"Por Martin Restituyo El presidente del Grupo de Empresas de Transporte Mochotran, Alfredo Pulinario Mariot (Tito), salud\u00f3 con entusiasmo la iniciativa del mandatario Luis Abinader de mantener congelados los precios de los combustibles para la pr\u00f3xima semana. El dirigente choferil destac\u00f3 que esta decisi\u00f3n gubernamental llega en un momento crucial\u2026","rel":"","context":"En \u00abECONOM\u00cdA\u00bb","block_context":{"text":"ECONOM\u00cdA","link":"https:\/\/lasprimeras.com.do\/index.php\/category\/economia\/"},"img":{"alt_text":"","src":"https:\/\/i0.wp.com\/lasprimeras.com.do\/wp-content\/uploads\/2026\/04\/Tito-Pulinario-dia-del-periodista.jpg?resize=350%2C200&ssl=1","width":350,"height":200},"classes":[]},{"id":118147,"url":"https:\/\/lasprimeras.com.do\/index.php\/2025\/12\/22\/mochotran-reafirma-estabilidad-en-tarifas-y-proyecta-expansion-del-sistema-de-transporte\/","url_meta":{"origin":79458,"position":3},"title":"Mochotran reafirma estabilidad en tarifas y proyecta expansi\u00f3n del sistema de transporte","author":"Nelson Feliz","date":"22 de diciembre de 2025","format":false,"excerpt":"Por Orlando Arias El Grupo de Empresas del Transporte Mochotran asegur\u00f3 que no aplicar\u00e1 aumentos en el precio de los pasajes durante las festividades navide\u00f1as, garantizando as\u00ed estabilidad tarifaria para los miles de usuarios que a diario utilizan sus unidades en el Gran Santo Domingo. El presidente de la entidad,\u2026","rel":"","context":"En \u00abECONOM\u00cdA\u00bb","block_context":{"text":"ECONOM\u00cdA","link":"https:\/\/lasprimeras.com.do\/index.php\/category\/economia\/"},"img":{"alt_text":"Alfredo Pulinario Mariot","src":"https:\/\/i0.wp.com\/lasprimeras.com.do\/wp-content\/uploads\/2025\/12\/Tito-Pulinario.jpg?resize=350%2C200&ssl=1","width":350,"height":200,"srcset":"https:\/\/i0.wp.com\/lasprimeras.com.do\/wp-content\/uploads\/2025\/12\/Tito-Pulinario.jpg?resize=350%2C200&ssl=1 1x, https:\/\/i0.wp.com\/lasprimeras.com.do\/wp-content\/uploads\/2025\/12\/Tito-Pulinario.jpg?resize=525%2C300&ssl=1 1.5x, https:\/\/i0.wp.com\/lasprimeras.com.do\/wp-content\/uploads\/2025\/12\/Tito-Pulinario.jpg?resize=700%2C400&ssl=1 2x"},"classes":[]},{"id":126320,"url":"https:\/\/lasprimeras.com.do\/index.php\/2026\/03\/31\/mochotran-resalta-eficiencia-y-seguridad-en-su-cuarto-aniversario\/","url_meta":{"origin":79458,"position":4},"title":"MOCHOTRAN resalta eficiencia y seguridad en su cuarto aniversario","author":"Nelson Feliz","date":"31 de marzo de 2026","format":false,"excerpt":"Por Martin Restituyo El Grupo de Empresas de Transporte Mochotran destac\u00f3 la calidad, eficiencia y seguridad de sus servicios al conmemorar su cuarto aniversario con una misa de acci\u00f3n de gracias celebrada en la terminal de autobuses ubicada en esta demarcaci\u00f3n. Durante la actividad, el presidente de la empresa, Alfredo\u2026","rel":"","context":"En \u00abNACIONALES\u00bb","block_context":{"text":"NACIONALES","link":"https:\/\/lasprimeras.com.do\/index.php\/category\/nacionales\/"},"img":{"alt_text":"Alfredo Pulinario","src":"https:\/\/i0.wp.com\/lasprimeras.com.do\/wp-content\/uploads\/2026\/03\/Alfredo-Pulinario.jpg?resize=350%2C200&ssl=1","width":350,"height":200,"srcset":"https:\/\/i0.wp.com\/lasprimeras.com.do\/wp-content\/uploads\/2026\/03\/Alfredo-Pulinario.jpg?resize=350%2C200&ssl=1 1x, https:\/\/i0.wp.com\/lasprimeras.com.do\/wp-content\/uploads\/2026\/03\/Alfredo-Pulinario.jpg?resize=525%2C300&ssl=1 1.5x, https:\/\/i0.wp.com\/lasprimeras.com.do\/wp-content\/uploads\/2026\/03\/Alfredo-Pulinario.jpg?resize=700%2C400&ssl=1 2x"},"classes":[]},{"id":85216,"url":"https:\/\/lasprimeras.com.do\/index.php\/2024\/06\/25\/sepultaran-a-las-300pm-restos-de-alfredo-pulinario-en-el-cementerio-jardin-memorial\/","url_meta":{"origin":79458,"position":5},"title":"Sepultaran a las 3:00PM, restos de Alfredo Pulinario en el Cementerio Jard\u00edn Memorial","author":"Nelson Feliz","date":"25 de junio de 2024","format":false,"excerpt":"El Grupo de Empresas de Transporte (MOCHOTRAN) informo este martes que el cad\u00e1ver del fenecido empresario choferil Alfredo Pulinario, (Cambita), ser\u00e1 trasladado a la Terminal de Autobuses Mochotran, de la avenida Jacobo Majluta, a partir de la 1:00 P.M. All\u00ed se efectuar\u00e1 una misa de cuerpo presente, para luego darle\u2026","rel":"","context":"En \u00abNACIONALES\u00bb","block_context":{"text":"NACIONALES","link":"https:\/\/lasprimeras.com.do\/index.php\/category\/nacionales\/"},"img":{"alt_text":"Alfredo Pulinario","src":"https:\/\/i0.wp.com\/lasprimeras.com.do\/wp-content\/uploads\/2023\/11\/Alfredo-Pulinario.jpg?resize=350%2C200&ssl=1","width":350,"height":200,"srcset":"https:\/\/i0.wp.com\/lasprimeras.com.do\/wp-content\/uploads\/2023\/11\/Alfredo-Pulinario.jpg?resize=350%2C200&ssl=1 1x, https:\/\/i0.wp.com\/lasprimeras.com.do\/wp-content\/uploads\/2023\/11\/Alfredo-Pulinario.jpg?resize=525%2C300&ssl=1 1.5x, https:\/\/i0.wp.com\/lasprimeras.com.do\/wp-content\/uploads\/2023\/11\/Alfredo-Pulinario.jpg?resize=700%2C400&ssl=1 2x"},"classes":[]}],"jetpack_sharing_enabled":true,"_links":{"self":[{"href":"https:\/\/lasprimeras.com.do\/index.php\/wp-json\/wp\/v2\/posts\/79458","targetHints":{"allow":["GET"]}}],"collection":[{"href":"https:\/\/lasprimeras.com.do\/index.php\/wp-json\/wp\/v2\/posts"}],"about":[{"href":"https:\/\/lasprimeras.com.do\/index.php\/wp-json\/wp\/v2\/types\/post"}],"author":[{"embeddable":true,"href":"https:\/\/lasprimeras.com.do\/index.php\/wp-json\/wp\/v2\/users\/3"}],"replies":[{"embeddable":true,"href":"https:\/\/lasprimeras.com.do\/index.php\/wp-json\/wp\/v2\/comments?post=79458"}],"version-history":[{"count":1,"href":"https:\/\/lasprimeras.com.do\/index.php\/wp-json\/wp\/v2\/posts\/79458\/revisions"}],"predecessor-version":[{"id":79460,"href":"https:\/\/lasprimeras.com.do\/index.php\/wp-json\/wp\/v2\/posts\/79458\/revisions\/79460"}],"wp:featuredmedia":[{"embeddable":true,"href":"https:\/\/lasprimeras.com.do\/index.php\/wp-json\/wp\/v2\/media\/79459"}],"wp:attachment":[{"href":"https:\/\/lasprimeras.com.do\/index.php\/wp-json\/wp\/v2\/media?parent=79458"}],"wp:term":[{"taxonomy":"category","embeddable":true,"href":"https:\/\/lasprimeras.com.do\/index.php\/wp-json\/wp\/v2\/categories?post=79458"},{"taxonomy":"post_tag","embeddable":true,"href":"https:\/\/lasprimeras.com.do\/index.php\/wp-json\/wp\/v2\/tags?post=79458"}],"curies":[{"name":"wp","href":"https:\/\/api.w.org\/{rel}","templated":true}]}}