{"id":79462,"date":"2024-03-27T13:10:29","date_gmt":"2024-03-27T17:10:29","guid":{"rendered":"https:\/\/lasprimeras.com.do\/?p=79462"},"modified":"2024-03-27T13:10:30","modified_gmt":"2024-03-27T17:10:30","slug":"comision-de-la-jce-verifica-en-europa-montaje-para-elecciones-del-19-de-mayo","status":"publish","type":"post","link":"https:\/\/lasprimeras.com.do\/index.php\/2024\/03\/27\/comision-de-la-jce-verifica-en-europa-montaje-para-elecciones-del-19-de-mayo\/","title":{"rendered":"Comisi\u00f3n de la JCE verifica en Europa montaje para elecciones del 19 de mayo"},"content":{"rendered":"\n<p>Espa\u00f1a.- Una comisi\u00f3n de la Junta Central Electoral (JCE) llev\u00f3 a cabo reuniones de trabajo en Europa con representantes de las Oficinas de Coordinaci\u00f3n de Log\u00edstica Electoral en el Exterior (OCLEE), de las Oficinas de Servicios en el Exterior (OSE), as\u00ed como tambi\u00e9n con presidentes, secretarios y delegados de las organizaciones pol\u00edticas, con el prop\u00f3sito de verificar los avances en la preparaci\u00f3n del pr\u00f3ximo proceso electoral del 19 de mayo de 2024, as\u00ed como capacitar en el uso de los equipos EDET.<\/p>\n\n\n\n<p>Estos encuentros se realizaron en Madrid, Barcelona y Valencia, en Espa\u00f1a; Mil\u00e1n, en Italia; Z\u00farich, en Suiza; as\u00ed como en localidades de Holanda, de cara a la preparaci\u00f3n del voto en el exterior que aplica para los niveles presidencial y de diputados del exterior.<\/p>\n\n\n\n<p>La comisi\u00f3n estuvo integrada por el presidente de la JCE, Rom\u00e1n Andr\u00e9s J\u00e1quez Liranzo; por los miembros titulares Dolores Fern\u00e1ndez y Samir Chami Isa; los directores Well Sep\u00falveda, del Voto en el Exterior; Mario N\u00fa\u00f1ez, de Elecciones; Lenis Garc\u00eda, de Partidos Pol\u00edticos; Jhonny Rivera, de Inform\u00e1tica; y Lourdes Tiburcio, asistente de la miembro titular Fern\u00e1ndez S\u00e1nchez.<\/p>\n\n\n\n<p>Durante estos encuentros, que iniciaron en Suiza, el presidente de la Junta Central Electoral llam\u00f3 a los dominicanos y dominicanas residentes en el exterior e inscritos en el padr\u00f3n de electores a \u201celegir ir a votar el pr\u00f3ximo 19 de mayo\u201d.<\/p>\n\n\n\n<p>Sobre el derecho al sufragio de los dominicanos y dominicanas residentes en el extranjero establecido en el art\u00edculo 110 de la Ley 20-23 Org\u00e1nica del R\u00e9gimen Electoral, J\u00e1quez Liranzo resalt\u00f3 la importancia de ejercer el sufragio.<\/p>\n\n\n\n<p>\u201cDe nada sirve tener ese poder si no se ejerce. Hay que votar, hay que votar por la patria que llevas dentro, que fue un eslogan que nos dio mucho resultado porque llevamos el empadronamiento del exterior de unos 500,000 a 863,000 dominicanas y dominicanos\u201d, exhort\u00f3 J\u00e1quez Liranzo.<\/p>\n\n\n\n<p>Explic\u00f3 que la JCE se ha preocupado por realizar un proceso electoral \u00edntegro, transparente, justo, en equidad y seguro y que, por eso, es importante que la ciudadan\u00eda razone sobre la trascendencia del poder de elegir.<\/p>\n\n\n\n<p>\u201cPorque al elegir ir a votar elegimos democracia. Y es que cuando elegimos participar, se ejerce un derecho y se ejerce un deber. Hay que elegir votar este 19 de mayo porque si no lo hacemos estamos cedi\u00e9ndole a otro que s\u00ed lo hace\u2026 ese poder\u201d, manifest\u00f3.<\/p>\n\n\n\n<p>Reiter\u00f3 que \u201celegir votar es el poder m\u00e1s contundente que le da la democracia a quien elige sufragar, por lo que recomend\u00f3 a dominicanos y dominicanas en el exterior a que este pr\u00f3ximo 19 de mayo \u201celijan votar\u201d.<\/p>\n\n\n\n<p>Voto en el exterior es una conquista de la democracia<\/p>\n\n\n\n<p>Durante este recorrido el presidente de la JCE expres\u00f3 a los presentes que a cien a\u00f1os de haberse realizado las primeras elecciones en Rep\u00fablica Dominicana, hay que tener en cuenta que el voto en el exterior es una conquista de la democracia y que cada d\u00eda debe fortalecerse y garantizarse.<\/p>\n\n\n\n<p>\u201cEl poder que significa el voto en el exterior para la Rep\u00fablica Dominicana. Lo primero es, que una conquista democr\u00e1tica que no se puede retrotraer por nada\u201d, dijo J\u00e1quez Liranzo durante su presencia en Valencia, donde destac\u00f3 que esta localidad era un referente de participaci\u00f3n<\/p>\n\n\n\n<p>En el desarrollo de la jornada de trabajo en Europa, adem\u00e1s del presidente de la JCE, los miembros titulares Dolores Fern\u00e1ndez y Rafael Chami Isa; as\u00ed como los directores de Partidos Pol\u00edticos, Lenis Garc\u00eda; del Voto Dominicano en el Exterior, Well Sep\u00falveda; de Inform\u00e1tica, Johnny Rivera; de Elecciones Mario N\u00fa\u00f1ez; agotaron sus respectivos turnos para orientar y motivar sobre la importancia del voto en el exterior.<\/p>\n\n\n\n<p>En cada punto en donde estuvo presente la comisi\u00f3n de la JCE se impartieron talleres para edificar sobre el padr\u00f3n y el calendario de actividades en el exterior, credenciales, fiscalizaci\u00f3n, fondos y control financiero. Se llev\u00f3 a cabo una demostraci\u00f3n sobre el funcionamiento de los EDET<\/p>\n\n\n\n<p>Agenda de trabajo en Europa de cara a elecciones<\/p>\n\n\n\n<p>La jornada de trabajos de cara a las elecciones del 19 de mayo en Europa inici\u00f3 con los encuentros el pasado domingo 17 de marzo en Z\u00farich, Suiza; para luego desplazarse el lunes hacia Milano, Italia; el mi\u00e9rcoles estuvieron en Holanda; para finalizar en Espa\u00f1a, visitando Madrid y Barcelona<\/p>\n\n\n\n<p>Durante la estancia en Madrid, adem\u00e1s de los talleres de capacitaci\u00f3n y de las reuniones con los miembros de las OCLEE, de las OSE, as\u00ed como tambi\u00e9n con presidentes, secretarios y delegados pol\u00edticos, la comisi\u00f3n de la JCE sostuvo un encuentro con el embajador dominicano en Espa\u00f1a, Juan Bol\u00edvar D\u00edaz, para tratar temas relacionados con el proceso electoral de mayo.<\/p>\n\n\n\n<p>Adem\u00e1s, la comisi\u00f3n de la JCE gir\u00f3 una visita al c\u00f3nsul dominicano en Madrid, Miguel V\u00e1squez Pe\u00f1a, con quien conversaron sobre el montaje del proceso electoral de este 19 de mayo.<\/p>\n\n\n\n<p>Asimismo, la delegaci\u00f3n de la JCE se reuni\u00f3 con Julissa Reynoso, embajadora de EE. UU. en Espa\u00f1a, con quien conversaron sobre el voto dominicano en el exterior, as\u00ed como tambi\u00e9n sobre los procesos del Registro Civil.<\/p>\n\n\n\n<p>JCE y la Complutense de Madrid firman acuerdo<\/p>\n\n\n\n<p>Entre otros encuentros que rindieron tambi\u00e9n sus frutos, el pasado martes 26 de marzo, el presidente de la JCE firm\u00f3 un acuerdo de colaboraci\u00f3n entre la Universidad Complutense de Madrid, representada por Rafael Rubio, director del Grupo de Investigaci\u00f3n sobre Tecnolog\u00eda y Democracia de la casa de altos estudios.<\/p>\n\n\n\n<p>Este acuerdo, sobre consultor\u00eda e investigaci\u00f3n de la desinformaci\u00f3n para el proceso de elecciones generales de 2024, tiene como prop\u00f3sito elaborar una estrategia de comunicaci\u00f3n de la JCE en materia de campa\u00f1as de desinformaci\u00f3n para el proceso electoral del 19 de mayo de 2024 y una eventual segunda vuelta.<\/p>\n\n\n\n<p>La finalidad de este periplo y de reunirse con actores clave de cara al proceso electoral del 19 de mayo, es garantizar el conocimiento sobre las funciones a desarrollar y el manejo de los equipos EDET a utilizarse en el proceso.<\/p>\n","protected":false},"excerpt":{"rendered":"<p>Espa\u00f1a.- Una comisi\u00f3n de la Junta Central Electoral (JCE) llev\u00f3 a cabo reuniones de trabajo en Europa con representantes de las Oficinas de Coordinaci\u00f3n de Log\u00edstica Electoral en el Exterior&hellip;<\/p>\n","protected":false},"author":3,"featured_media":79463,"comment_status":"open","ping_status":"open","sticky":false,"template":"","format":"standard","meta":{"content-type":"","jetpack_post_was_ever_published":false,"_jetpack_newsletter_access":"","_jetpack_dont_email_post_to_subs":false,"_jetpack_newsletter_tier_id":0,"_jetpack_memberships_contains_paywalled_content":false,"_jetpack_memberships_contains_paid_content":false,"footnotes":""},"categories":[25],"tags":[183],"class_list":["post-79462","post","type-post","status-publish","format-standard","has-post-thumbnail","hentry","category-portada","tag-jce"],"jetpack_featured_media_url":"https:\/\/lasprimeras.com.do\/wp-content\/uploads\/2024\/03\/WhatsApp-Image-2024-03-27-at-1.03.47-PM.jpeg","jetpack-related-posts":[{"id":79519,"url":"https:\/\/lasprimeras.com.do\/index.php\/2024\/03\/27\/comision-de-la-jce-verifica-en-europa-montaje-para-elecciones-del-19-de-mayo-2\/","url_meta":{"origin":79462,"position":0},"title":"Comisi\u00f3n de la JCE verifica en Europa montaje para elecciones del 19 de mayo","author":"Nelson Feliz","date":"27 de marzo de 2024","format":false,"excerpt":"J\u00e1quez Liranzo llama a dominicanos a elegir \u201cir a votar\u201d Espa\u00f1a.- Una comisi\u00f3n de la Junta Central Electoral (JCE) llev\u00f3 a cabo reuniones de trabajo en Europa con representantes de las Oficinas de Coordinaci\u00f3n de Log\u00edstica Electoral en el Exterior (OCLEE), de las Oficinas de Servicios en el Exterior (OSE),\u2026","rel":"","context":"En \u00abPORTADA\u00bb","block_context":{"text":"PORTADA","link":"https:\/\/lasprimeras.com.do\/index.php\/category\/portada\/"},"img":{"alt_text":"JCE","src":"https:\/\/i0.wp.com\/lasprimeras.com.do\/wp-content\/uploads\/2024\/03\/Montaje-ext.-6.jpg?resize=350%2C200&ssl=1","width":350,"height":200,"srcset":"https:\/\/i0.wp.com\/lasprimeras.com.do\/wp-content\/uploads\/2024\/03\/Montaje-ext.-6.jpg?resize=350%2C200&ssl=1 1x, https:\/\/i0.wp.com\/lasprimeras.com.do\/wp-content\/uploads\/2024\/03\/Montaje-ext.-6.jpg?resize=525%2C300&ssl=1 1.5x, https:\/\/i0.wp.com\/lasprimeras.com.do\/wp-content\/uploads\/2024\/03\/Montaje-ext.-6.jpg?resize=700%2C400&ssl=1 2x"},"classes":[]},{"id":125535,"url":"https:\/\/lasprimeras.com.do\/index.php\/2026\/03\/24\/comision-de-la-jce-recibe-propuestas-de-aspirantes-a-miembros-de-las-oclee-en-europa\/","url_meta":{"origin":79462,"position":1},"title":"Comisi\u00f3n de la JCE recibe propuestas de aspirantes a miembros de las OCLEE en Europa","author":"Nelson Feliz","date":"24 de marzo de 2026","format":false,"excerpt":"Madrid, Espa\u00f1a. - Una comisi\u00f3n de la Junta Central Electoral (JCE) recibi\u00f3 las propuestas de los aspirantes a miembros de las Oficinas de Coordinaci\u00f3n de Log\u00edstica Electoral en el Exterior (OCLEE) de cara a las elecciones de 2028, en una ruta de trabajo que inici\u00f3 desde el 13 hasta el\u2026","rel":"","context":"En \u00abNACIONALES\u00bb","block_context":{"text":"NACIONALES","link":"https:\/\/lasprimeras.com.do\/index.php\/category\/nacionales\/"},"img":{"alt_text":"","src":"https:\/\/i0.wp.com\/lasprimeras.com.do\/wp-content\/uploads\/2026\/03\/OCLEE-09.jpg?resize=350%2C200&ssl=1","width":350,"height":200,"srcset":"https:\/\/i0.wp.com\/lasprimeras.com.do\/wp-content\/uploads\/2026\/03\/OCLEE-09.jpg?resize=350%2C200&ssl=1 1x, https:\/\/i0.wp.com\/lasprimeras.com.do\/wp-content\/uploads\/2026\/03\/OCLEE-09.jpg?resize=525%2C300&ssl=1 1.5x, https:\/\/i0.wp.com\/lasprimeras.com.do\/wp-content\/uploads\/2026\/03\/OCLEE-09.jpg?resize=700%2C400&ssl=1 2x"},"classes":[]},{"id":53323,"url":"https:\/\/lasprimeras.com.do\/index.php\/2023\/06\/25\/jce-sigue-en-la-ruta-de-la-preparacion-de-las-elecciones\/","url_meta":{"origin":79462,"position":2},"title":"JCE sigue en la ruta de la preparaci\u00f3n de las elecciones","author":"Nelson Feliz","date":"25 de junio de 2023","format":false,"excerpt":"Realiza talleres, captaci\u00f3n de miembros de colegios electorales y empadronamiento en el exterior. Por Martin Restituyo En el marco de la preparaci\u00f3n de los comicios de este 2024 y en cumplimiento con el calendario electoral, la Junta Central Electoral (JCE) agot\u00f3 una apretada agenda a nivel nacional y en el\u2026","rel":"","context":"En \u00abNACIONALES\u00bb","block_context":{"text":"NACIONALES","link":"https:\/\/lasprimeras.com.do\/index.php\/category\/nacionales\/"},"img":{"alt_text":"","src":"https:\/\/i0.wp.com\/lasprimeras.com.do\/wp-content\/uploads\/2023\/06\/Ruta-05.jpg?resize=350%2C200&ssl=1","width":350,"height":200,"srcset":"https:\/\/i0.wp.com\/lasprimeras.com.do\/wp-content\/uploads\/2023\/06\/Ruta-05.jpg?resize=350%2C200&ssl=1 1x, https:\/\/i0.wp.com\/lasprimeras.com.do\/wp-content\/uploads\/2023\/06\/Ruta-05.jpg?resize=525%2C300&ssl=1 1.5x, https:\/\/i0.wp.com\/lasprimeras.com.do\/wp-content\/uploads\/2023\/06\/Ruta-05.jpg?resize=700%2C400&ssl=1 2x"},"classes":[]},{"id":111500,"url":"https:\/\/lasprimeras.com.do\/index.php\/2025\/10\/09\/jce-iniciara-encuentros-para-conformacion-de-las-oclee-a-partir-de-este-10-de-octubre\/","url_meta":{"origin":79462,"position":3},"title":"JCE iniciar\u00e1 encuentros para conformaci\u00f3n de las OCLEE a partir de este 10 de octubre","author":"Nelson Feliz","date":"9 de octubre de 2025","format":false,"excerpt":"La Junta Central Electoral (JCE) iniciar\u00e1 este viernes 10 de octubre las reuniones para la recepci\u00f3n de propuestas de aspirantes a miembros de las 24 Oficinas de Coordinaci\u00f3n de Log\u00edstica Electoral (OCLEE), responsables del montaje de las elecciones del a\u00f1o 2028 en el exterior. Las reuniones iniciar\u00e1n con varias rutas\u2026","rel":"","context":"En \u00abNACIONALES\u00bb","block_context":{"text":"NACIONALES","link":"https:\/\/lasprimeras.com.do\/index.php\/category\/nacionales\/"},"img":{"alt_text":"","src":"https:\/\/i0.wp.com\/lasprimeras.com.do\/wp-content\/uploads\/2025\/10\/JCE-1.jpg?resize=350%2C200&ssl=1","width":350,"height":200,"srcset":"https:\/\/i0.wp.com\/lasprimeras.com.do\/wp-content\/uploads\/2025\/10\/JCE-1.jpg?resize=350%2C200&ssl=1 1x, https:\/\/i0.wp.com\/lasprimeras.com.do\/wp-content\/uploads\/2025\/10\/JCE-1.jpg?resize=525%2C300&ssl=1 1.5x, https:\/\/i0.wp.com\/lasprimeras.com.do\/wp-content\/uploads\/2025\/10\/JCE-1.jpg?resize=700%2C400&ssl=1 2x"},"classes":[]},{"id":122547,"url":"https:\/\/lasprimeras.com.do\/index.php\/2026\/02\/19\/valoran-jce-capacite-su-personal-en-el-exterior-para-nuevo-formato-de-cedula\/","url_meta":{"origin":79462,"position":4},"title":"Valoran JCE capacite su personal en el exterior para nuevo formato de c\u00e9dula","author":"Nelson Feliz","date":"19 de febrero de 2026","format":false,"excerpt":"Por Ram\u00f3n Mercedes NUEVA YORK.- Organizaciones y dominicanos comunes en esta ciudad valoran de positivo que la Junta Central Electoral (JCE) capacite su personal en el exterior para la implementaci\u00f3n del proceso de renovaci\u00f3n de la nueva C\u00e9dula de Identidad y Electoral. El apoyo al organismo electoral fue concedido por\u2026","rel":"","context":"En \u00abNACIONALES\u00bb","block_context":{"text":"NACIONALES","link":"https:\/\/lasprimeras.com.do\/index.php\/category\/nacionales\/"},"img":{"alt_text":"","src":"https:\/\/i0.wp.com\/lasprimeras.com.do\/wp-content\/uploads\/2025\/11\/JCE.jpg?resize=350%2C200&ssl=1","width":350,"height":200,"srcset":"https:\/\/i0.wp.com\/lasprimeras.com.do\/wp-content\/uploads\/2025\/11\/JCE.jpg?resize=350%2C200&ssl=1 1x, https:\/\/i0.wp.com\/lasprimeras.com.do\/wp-content\/uploads\/2025\/11\/JCE.jpg?resize=525%2C300&ssl=1 1.5x, https:\/\/i0.wp.com\/lasprimeras.com.do\/wp-content\/uploads\/2025\/11\/JCE.jpg?resize=700%2C400&ssl=1 2x"},"classes":[]},{"id":111650,"url":"https:\/\/lasprimeras.com.do\/index.php\/2025\/10\/12\/jce-inicia-recepcion-de-propuestas-de-aspirantes-a-miembros-de-las-oclee-en-el-exterior\/","url_meta":{"origin":79462,"position":5},"title":"JCE inicia recepci\u00f3n de propuestas de aspirantes a miembros de las OCLEE en el exterior","author":"Nelson Feliz","date":"12 de octubre de 2025","format":false,"excerpt":"Estados Unidos. - Una comisi\u00f3n de la Junta Central Electoral (JCE) recibi\u00f3 las propuestas de aspirantes a miembros para conformar las Oficinas de Coordinaci\u00f3n de Log\u00edstica Electoral en el Exterior (OCLEE) de cara al proceso electoral del 2028, iniciando la jornada en Filadelfia y Washington. La comisi\u00f3n la encabezan la\u2026","rel":"","context":"En \u00abNACIONALES\u00bb","block_context":{"text":"NACIONALES","link":"https:\/\/lasprimeras.com.do\/index.php\/category\/nacionales\/"},"img":{"alt_text":"","src":"https:\/\/i0.wp.com\/lasprimeras.com.do\/wp-content\/uploads\/2025\/10\/JCE-2.jpg?resize=350%2C200&ssl=1","width":350,"height":200,"srcset":"https:\/\/i0.wp.com\/lasprimeras.com.do\/wp-content\/uploads\/2025\/10\/JCE-2.jpg?resize=350%2C200&ssl=1 1x, https:\/\/i0.wp.com\/lasprimeras.com.do\/wp-content\/uploads\/2025\/10\/JCE-2.jpg?resize=525%2C300&ssl=1 1.5x, https:\/\/i0.wp.com\/lasprimeras.com.do\/wp-content\/uploads\/2025\/10\/JCE-2.jpg?resize=700%2C400&ssl=1 2x"},"classes":[]}],"jetpack_sharing_enabled":true,"_links":{"self":[{"href":"https:\/\/lasprimeras.com.do\/index.php\/wp-json\/wp\/v2\/posts\/79462","targetHints":{"allow":["GET"]}}],"collection":[{"href":"https:\/\/lasprimeras.com.do\/index.php\/wp-json\/wp\/v2\/posts"}],"about":[{"href":"https:\/\/lasprimeras.com.do\/index.php\/wp-json\/wp\/v2\/types\/post"}],"author":[{"embeddable":true,"href":"https:\/\/lasprimeras.com.do\/index.php\/wp-json\/wp\/v2\/users\/3"}],"replies":[{"embeddable":true,"href":"https:\/\/lasprimeras.com.do\/index.php\/wp-json\/wp\/v2\/comments?post=79462"}],"version-history":[{"count":1,"href":"https:\/\/lasprimeras.com.do\/index.php\/wp-json\/wp\/v2\/posts\/79462\/revisions"}],"predecessor-version":[{"id":79464,"href":"https:\/\/lasprimeras.com.do\/index.php\/wp-json\/wp\/v2\/posts\/79462\/revisions\/79464"}],"wp:featuredmedia":[{"embeddable":true,"href":"https:\/\/lasprimeras.com.do\/index.php\/wp-json\/wp\/v2\/media\/79463"}],"wp:attachment":[{"href":"https:\/\/lasprimeras.com.do\/index.php\/wp-json\/wp\/v2\/media?parent=79462"}],"wp:term":[{"taxonomy":"category","embeddable":true,"href":"https:\/\/lasprimeras.com.do\/index.php\/wp-json\/wp\/v2\/categories?post=79462"},{"taxonomy":"post_tag","embeddable":true,"href":"https:\/\/lasprimeras.com.do\/index.php\/wp-json\/wp\/v2\/tags?post=79462"}],"curies":[{"name":"wp","href":"https:\/\/api.w.org\/{rel}","templated":true}]}}