{"id":79590,"date":"2024-03-29T07:25:26","date_gmt":"2024-03-29T11:25:26","guid":{"rendered":"https:\/\/lasprimeras.com.do\/?p=79590"},"modified":"2024-03-29T07:25:28","modified_gmt":"2024-03-29T11:25:28","slug":"papa-francisco-pide-a-sacerdotes-liberarse-egoismos-y-ambiciones","status":"publish","type":"post","link":"https:\/\/lasprimeras.com.do\/index.php\/2024\/03\/29\/papa-francisco-pide-a-sacerdotes-liberarse-egoismos-y-ambiciones\/","title":{"rendered":"Papa Francisco pide a sacerdotes liberarse ego\u00edsmos y ambiciones"},"content":{"rendered":"\n<p>EFE.-El papa Francisco celebr\u00f3 este jueves 28 de marzo la misa Crismal, con la que se abre el llamado Triduo pascual de la Semana Santa. En su larga homil\u00eda, le\u00edda con buena voz, pidi\u00f3 a los sacerdotes liberarse de ego\u00edsmos y ambiciones, as\u00ed como perdonar siempre y \u201cllorar\u201d por los dem\u00e1s.<\/p>\n\n\n\n<p>En la misa de este Jueves Santo se conmemora la instituci\u00f3n del sacramento del orden sacerdotal por Jesucristo durante la \u00daltima Cena y est\u00e1 dedicada a la renovaci\u00f3n por parte de los sacerdotes de los votos de pobreza, castidad y obediencia, por lo que en la ceremonia participaron principalmente los curas de la di\u00f3cesis de Roma.<\/p>\n\n\n\n<p>Adem\u00e1s, durante la ceremonia tambi\u00e9n se bendicen los \u00f3leos de los catec\u00famenos, el de los enfermos y del crisma, que se utilizan durante el a\u00f1o para los bautismos, confirmaciones y unci\u00f3n de los enfermos y Francisco tambi\u00e9n bendijo las tres \u00e1nforas de plata con estos que ser\u00e1n utilizados en las celebraciones vaticanas.<\/p>\n\n\n\n<p>En los d\u00edas pasados, el papa hab\u00eda preferido no leer los discursos preparados, ya que se cansaba debido a algunos problemas respiratorios, pero hoy pronunci\u00f3 la larga homil\u00eda sin problemas.<\/p>\n\n\n\n<p>El pont\u00edfice reflexion\u00f3 sobre la necesidad de \u00abla compunci\u00f3n y las l\u00e1grimas\u00bb en los miembros de la iglesia porque \u00abquien se compunge de coraz\u00f3n se siente m\u00e1s hermano de todos los pecadores del mundo, sin un atisbo de superioridad o de aspereza de juicio, sino con el deseo de amar y reparar\u00bb, se\u00f1al\u00f3.<\/p>\n\n\n\n<p>El m\u00e1ximo representante de la iglesia cat\u00f3lica agreg\u00f3 que \u00abotra caracter\u00edstica de la compunci\u00f3n es la solidaridad, pues un coraz\u00f3n d\u00f3cil, liberado por el esp\u00edritu de las Bienaventuranzas, se inclina naturalmente a hacer compunci\u00f3n por los dem\u00e1s; en vez de enfadarse o escandalizarse por el mal que cometen los hermanos, llora por sus pecados\u00bb.<\/p>\n\n\n\n<p>Francisco, el primer Papa en realizar la ceremonia de lavado de pies fuera de las iglesias<\/p>\n\n\n\n<p>Durante el servicio, el primer papa latinoamericano de la historia, de 87 a\u00f1os, renov\u00f3 sus votos junto a miles de sacerdotes en la Bas\u00edlica de San Pedro y bendijo los \u00f3leos que se utilizar\u00e1n en los sacramentos de la iglesia.<\/p>\n\n\n\n<p>El Jueves Santo se conmemora el d\u00eda de la \u00daltima Cena de Jes\u00fas con sus ap\u00f3stoles la noche antes de morir.<\/p>\n\n\n\n<p>\u00abQueridos hermanos, a nosotros, sus pastores, el Se\u00f1or no nos pide juicios despectivos sobre los que no creen, sino amor y l\u00e1grimas por los que est\u00e1n alejados. Las situaciones dif\u00edciles que vemos y vivimos, la falta de fe, los sufrimientos que tocamos, al entrar en contacto con un coraz\u00f3n compungido, no suscitan la determinaci\u00f3n en la pol\u00e9mica, sino la perseverancia en la misericordia\u00bb, afirm\u00f3 Francisco.<\/p>\n\n\n\n<p>Y a los sacerdotes indic\u00f3: \u00abCu\u00e1nto necesitamos liberarnos de resistencias y recriminaciones, de ego\u00edsmos y ambiciones, de rigorismos e insatisfacciones, para encomendarnos e interceder ante Dios, encontrando en \u00c9l una paz que salva de cualquier tempestad. Adoremos, intercedamos y lloremos por los dem\u00e1s\u00bb.<\/p>\n\n\n\n<p>El papa tambi\u00e9n quiso agradecer a los sacerdotes, \u00abpor sus corazones abiertos y d\u00f3ciles; gracias por sus fatigas y sus l\u00e1grimas\u00bb y \u00abpor llevar la maravilla de la misericordia de Dios a los hermanos y a las hermanas de nuestro tiempo\u00bb.<\/p>\n\n\n\n<p>Francisco tambi\u00e9n presidir\u00e1 el V\u00eda Crucis del Viernes Santo frente al Coliseo romano, y que se salt\u00f3 el a\u00f1o pasado debido al fr\u00edo, ya que se estaba recuperando de una bronquitis.<\/p>\n\n\n\n<p>El S\u00e1bado Santo celebrar\u00e1 la Vigilia Pascual y el domingo en la plaza de San Pedro oficiar\u00e1 la Misa de Resurrecci\u00f3n y la bendici\u00f3n urbi et orbi.<\/p>\n","protected":false},"excerpt":{"rendered":"<p>EFE.-El papa Francisco celebr\u00f3 este jueves 28 de marzo la misa Crismal, con la que se abre el llamado Triduo pascual de la Semana Santa. En su larga homil\u00eda, le\u00edda&hellip;<\/p>\n","protected":false},"author":3,"featured_media":79591,"comment_status":"open","ping_status":"open","sticky":false,"template":"","format":"standard","meta":{"content-type":"","jetpack_post_was_ever_published":false,"_jetpack_newsletter_access":"","_jetpack_dont_email_post_to_subs":false,"_jetpack_newsletter_tier_id":0,"_jetpack_memberships_contains_paywalled_content":false,"_jetpack_memberships_contains_paid_content":false,"footnotes":""},"categories":[1],"tags":[1388],"class_list":["post-79590","post","type-post","status-publish","format-standard","has-post-thumbnail","hentry","category-sin-categoria","tag-papa-francisco"],"jetpack_featured_media_url":"https:\/\/lasprimeras.com.do\/wp-content\/uploads\/2024\/03\/6a0c8a05-4f4b-48f5-a1d9-1ad180753c4a.jpg","jetpack-related-posts":[{"id":97215,"url":"https:\/\/lasprimeras.com.do\/index.php\/2025\/04\/17\/papa-francisco-visita-prision-de-roma-en-su-cita-anual-de-semana-santa\/","url_meta":{"origin":79590,"position":0},"title":"Papa Francisco visita prisi\u00f3n de Roma en su cita anual de Semana Santa","author":"Nelson Feliz","date":"17 de abril de 2025","format":false,"excerpt":"POR NICOLE WINFIELD CIUDAD DEL VATICANO (AP) \u2014 El papa Francisco visit\u00f3 el jueves la prisi\u00f3n principal de Roma y se reuni\u00f3 con decenas de reclusos mientras cumpl\u00eda con su compromiso pascual de pasar el Jueves Santo entre los menos afortunados, todo ello, mientras contin\u00faa recuper\u00e1ndose de un episodio de\u2026","rel":"","context":"En \u00abINTERNACIONALES\u00bb","block_context":{"text":"INTERNACIONALES","link":"https:\/\/lasprimeras.com.do\/index.php\/category\/sin-categoria\/internacionales\/"},"img":{"alt_text":"Papa Francisco","src":"https:\/\/i0.wp.com\/lasprimeras.com.do\/wp-content\/uploads\/2025\/04\/Papa-Francisco.jpg?resize=350%2C200&ssl=1","width":350,"height":200,"srcset":"https:\/\/i0.wp.com\/lasprimeras.com.do\/wp-content\/uploads\/2025\/04\/Papa-Francisco.jpg?resize=350%2C200&ssl=1 1x, https:\/\/i0.wp.com\/lasprimeras.com.do\/wp-content\/uploads\/2025\/04\/Papa-Francisco.jpg?resize=525%2C300&ssl=1 1.5x, https:\/\/i0.wp.com\/lasprimeras.com.do\/wp-content\/uploads\/2025\/04\/Papa-Francisco.jpg?resize=700%2C400&ssl=1 2x"},"classes":[]},{"id":83957,"url":"https:\/\/lasprimeras.com.do\/index.php\/2024\/05\/28\/el-papa-se-disculpa-despues-de-prohibir-homosexualidad-en-la-iglesia-catolica\/","url_meta":{"origin":79590,"position":1},"title":"El Papa se disculpa despu\u00e9s de prohibir homosexualidad en la Iglesia Cat\u00f3lica","author":"Nelson Feliz","date":"28 de mayo de 2024","format":false,"excerpt":"POR NICOLE WINFIELD CIUDAD DEL VATICANO (AP) \u2014 El Papa Francisco se disculp\u00f3 el martes despu\u00e9s de que lo citaran usando un t\u00e9rmino vulgar y despectivo sobre los hombres homosexuales para reafirmar la prohibici\u00f3n de la Iglesia Cat\u00f3lica sobre los sacerdotes homosexuales. El alboroto que sigui\u00f3 subray\u00f3 c\u00f3mo la ense\u00f1anza\u2026","rel":"","context":"En \u00abSin categor\u00eda\u00bb","block_context":{"text":"Sin categor\u00eda","link":"https:\/\/lasprimeras.com.do\/index.php\/category\/sin-categoria\/"},"img":{"alt_text":"","src":"https:\/\/i0.wp.com\/lasprimeras.com.do\/wp-content\/uploads\/2024\/05\/El-Papa-Francisco-1.jpg?resize=350%2C200&ssl=1","width":350,"height":200,"srcset":"https:\/\/i0.wp.com\/lasprimeras.com.do\/wp-content\/uploads\/2024\/05\/El-Papa-Francisco-1.jpg?resize=350%2C200&ssl=1 1x, https:\/\/i0.wp.com\/lasprimeras.com.do\/wp-content\/uploads\/2024\/05\/El-Papa-Francisco-1.jpg?resize=525%2C300&ssl=1 1.5x, https:\/\/i0.wp.com\/lasprimeras.com.do\/wp-content\/uploads\/2024\/05\/El-Papa-Francisco-1.jpg?resize=700%2C400&ssl=1 2x"},"classes":[]},{"id":83950,"url":"https:\/\/lasprimeras.com.do\/index.php\/2024\/05\/28\/el-papa-francisco-hay-demasiado-ambiente-marica-en-ciertos-seminarios\/","url_meta":{"origin":79590,"position":2},"title":"El Papa Francisco: \u00abHay demasiado ambiente marica en ciertos seminarios\u00bb","author":"Nelson Feliz","date":"28 de mayo de 2024","format":false,"excerpt":"Pide a los obispos italianos que no ordenen a personas homosexuales para que no sean sacerdotes con doble vida. Javier Mart\u00ednez-Brocal Corresponsal en el Vaticano El Vaticano, www.abc.es.-. El Papa Francisco ha solicitado a los obispos italianos que no ordenen sacerdotes ni admitan en el seminario a personas homosexuales. Se\u2026","rel":"","context":"En \u00abSin categor\u00eda\u00bb","block_context":{"text":"Sin categor\u00eda","link":"https:\/\/lasprimeras.com.do\/index.php\/category\/sin-categoria\/"},"img":{"alt_text":"El Papa Francisco","src":"https:\/\/i0.wp.com\/lasprimeras.com.do\/wp-content\/uploads\/2024\/05\/El-Papa-Francisco.jpg?resize=350%2C200&ssl=1","width":350,"height":200,"srcset":"https:\/\/i0.wp.com\/lasprimeras.com.do\/wp-content\/uploads\/2024\/05\/El-Papa-Francisco.jpg?resize=350%2C200&ssl=1 1x, https:\/\/i0.wp.com\/lasprimeras.com.do\/wp-content\/uploads\/2024\/05\/El-Papa-Francisco.jpg?resize=525%2C300&ssl=1 1.5x"},"classes":[]},{"id":84710,"url":"https:\/\/lasprimeras.com.do\/index.php\/2024\/06\/13\/obispo-castro-marte-dice-que-el-papa-francisco-tiene-razon-al-recomendar-homilias-cortas\/","url_meta":{"origin":79590,"position":3},"title":"Obispo Castro Marte dice que el papa Francisco tiene raz\u00f3n al recomendar homil\u00edas cortas","author":"Nelson Feliz","date":"13 de junio de 2024","format":false,"excerpt":"Cree que el cura que hace homil\u00edas largas fue porque no las prepar\u00f3 previamente. \"El santo padre tiene mucha raz\u00f3n\". Esta fue la respuesta de Jes\u00fas Castro Marte, obispo de la Di\u00f3cesis Nuestra Se\u00f1ora de la Altagracia, de Hig\u00fcey, ante la sugerencia del papa Francisco a los curas de hacer\u2026","rel":"","context":"En \u00abNACIONALES\u00bb","block_context":{"text":"NACIONALES","link":"https:\/\/lasprimeras.com.do\/index.php\/category\/nacionales\/"},"img":{"alt_text":"Jes\u00fas Castro Marte","src":"https:\/\/i0.wp.com\/lasprimeras.com.do\/wp-content\/uploads\/2024\/06\/Jesus-Castro-Marte.jpg?resize=350%2C200&ssl=1","width":350,"height":200,"srcset":"https:\/\/i0.wp.com\/lasprimeras.com.do\/wp-content\/uploads\/2024\/06\/Jesus-Castro-Marte.jpg?resize=350%2C200&ssl=1 1x, https:\/\/i0.wp.com\/lasprimeras.com.do\/wp-content\/uploads\/2024\/06\/Jesus-Castro-Marte.jpg?resize=525%2C300&ssl=1 1.5x, https:\/\/i0.wp.com\/lasprimeras.com.do\/wp-content\/uploads\/2024\/06\/Jesus-Castro-Marte.jpg?resize=700%2C400&ssl=1 2x"},"classes":[]},{"id":125994,"url":"https:\/\/lasprimeras.com.do\/index.php\/2026\/03\/29\/el-papa-leon-xiv-rechaza-en-domingo-de-ramos-las-afirmaciones-de-que-dios-justifica-la-guerra\/","url_meta":{"origin":79590,"position":4},"title":"El papa Le\u00f3n XIV rechaza en Domingo de Ramos las afirmaciones de que Dios justifica la guerra","author":"Nelson Feliz","date":"29 de marzo de 2026","format":false,"excerpt":"POR NICOLE WINFIELD ROMA (AP) \u2014 El papa Le\u00f3n XIV rechaz\u00f3 el domingo las afirmaciones de que Dios justifica la guerra y rez\u00f3 especialmente por los cristianos en Oriente Medio durante una misa del Domingo de Ramos ante decenas de miles de personas en la plaza de San Pedro. Mientras\u2026","rel":"","context":"En \u00abINTERNACIONALES\u00bb","block_context":{"text":"INTERNACIONALES","link":"https:\/\/lasprimeras.com.do\/index.php\/category\/sin-categoria\/internacionales\/"},"img":{"alt_text":"","src":"https:\/\/i0.wp.com\/lasprimeras.com.do\/wp-content\/uploads\/2026\/03\/Papa-Leon.jpg?resize=350%2C200&ssl=1","width":350,"height":200,"srcset":"https:\/\/i0.wp.com\/lasprimeras.com.do\/wp-content\/uploads\/2026\/03\/Papa-Leon.jpg?resize=350%2C200&ssl=1 1x, https:\/\/i0.wp.com\/lasprimeras.com.do\/wp-content\/uploads\/2026\/03\/Papa-Leon.jpg?resize=525%2C300&ssl=1 1.5x, https:\/\/i0.wp.com\/lasprimeras.com.do\/wp-content\/uploads\/2026\/03\/Papa-Leon.jpg?resize=700%2C400&ssl=1 2x"},"classes":[]},{"id":52315,"url":"https:\/\/lasprimeras.com.do\/index.php\/2023\/06\/09\/el-papa-francisco-condecora-damas-dominicanas-con-la-cruz-de-la-iglesia-y-el-papa\/","url_meta":{"origin":79590,"position":5},"title":"El Papa Francisco condecora damas dominicanas con \u201cLa Cruz de la Iglesia y el Papa\u201d","author":"prenxa100","date":"9 de junio de 2023","format":false,"excerpt":"Es la primera vez en el pa\u00eds que se otorga esta alta distinci\u00f3n. Monse\u00f1or Jain M\u00e9ndez impuso una condecoraci\u00f3n papal a Lidia Acosta de Rodr\u00edguez, Sonia Villanueva de Brouwer y Mar\u00eda del Pilar Rodr\u00edguez, en una ceremonia religiosa donde se destac\u00f3 que es la primera vez en el pa\u00eds que\u2026","rel":"","context":"En \u00abNACIONALES\u00bb","block_context":{"text":"NACIONALES","link":"https:\/\/lasprimeras.com.do\/index.php\/category\/nacionales\/"},"img":{"alt_text":"","src":"","width":0,"height":0},"classes":[]}],"jetpack_sharing_enabled":true,"_links":{"self":[{"href":"https:\/\/lasprimeras.com.do\/index.php\/wp-json\/wp\/v2\/posts\/79590","targetHints":{"allow":["GET"]}}],"collection":[{"href":"https:\/\/lasprimeras.com.do\/index.php\/wp-json\/wp\/v2\/posts"}],"about":[{"href":"https:\/\/lasprimeras.com.do\/index.php\/wp-json\/wp\/v2\/types\/post"}],"author":[{"embeddable":true,"href":"https:\/\/lasprimeras.com.do\/index.php\/wp-json\/wp\/v2\/users\/3"}],"replies":[{"embeddable":true,"href":"https:\/\/lasprimeras.com.do\/index.php\/wp-json\/wp\/v2\/comments?post=79590"}],"version-history":[{"count":1,"href":"https:\/\/lasprimeras.com.do\/index.php\/wp-json\/wp\/v2\/posts\/79590\/revisions"}],"predecessor-version":[{"id":79592,"href":"https:\/\/lasprimeras.com.do\/index.php\/wp-json\/wp\/v2\/posts\/79590\/revisions\/79592"}],"wp:featuredmedia":[{"embeddable":true,"href":"https:\/\/lasprimeras.com.do\/index.php\/wp-json\/wp\/v2\/media\/79591"}],"wp:attachment":[{"href":"https:\/\/lasprimeras.com.do\/index.php\/wp-json\/wp\/v2\/media?parent=79590"}],"wp:term":[{"taxonomy":"category","embeddable":true,"href":"https:\/\/lasprimeras.com.do\/index.php\/wp-json\/wp\/v2\/categories?post=79590"},{"taxonomy":"post_tag","embeddable":true,"href":"https:\/\/lasprimeras.com.do\/index.php\/wp-json\/wp\/v2\/tags?post=79590"}],"curies":[{"name":"wp","href":"https:\/\/api.w.org\/{rel}","templated":true}]}}