{"id":79635,"date":"2024-03-28T12:29:00","date_gmt":"2024-03-28T16:29:00","guid":{"rendered":"https:\/\/lasprimeras.com.do\/?p=79635"},"modified":"2024-03-29T12:33:47","modified_gmt":"2024-03-29T16:33:47","slug":"el-hospital-dario-contreras-preparado-ante-asueto-de-semana-santa","status":"publish","type":"post","link":"https:\/\/lasprimeras.com.do\/index.php\/2024\/03\/28\/el-hospital-dario-contreras-preparado-ante-asueto-de-semana-santa\/","title":{"rendered":"El hospital Dar\u00edo Contreras preparado ante asueto de Semana Santa"},"content":{"rendered":"\n<p>En el hospital Dar\u00edo Contreras est\u00e1n preparados con 100 camas disponibles, aproximadamente 40 m\u00e9dicos especializados en diferentes \u00e1reas y la emergencia abierta 24 horas para brindar asistencia m\u00e9dica durante el asueto de Semana Santa.<\/p>\n\n\n\n<p>Neurocirujano, traumat\u00f3logo, maxilofaciales, cirujano general y tor\u00e1cico son de los especialistas que conforman el equipo que trabaja en el operativo m\u00e9dico de esta Semana Santa en el centro m\u00e9dico ubicado en Santo Domingo Este.<\/p>\n\n\n\n<p>Gabriel Ravelo, especialista en traumatolog\u00eda indic\u00f3 que la sociedad aparenta estar m\u00e1s concienciada, ya que en los primeros d\u00edas de la Semana Mayor, han disminuido el flujo de pacientes por accidentes de tr\u00e1nsito, intoxicaci\u00f3n alimenticia y alcoh\u00f3lica.<\/p>\n\n\n\n<p>Inform\u00f3 adem\u00e1s que en lo que va de la tarde del Jueves Santos, no han llegado pacientes en esas condiciones, a diferencia de otros a\u00f1os.<\/p>\n\n\n\n<p>Este medio pudo confirmar como en las afueras de la emergencia del centro hab\u00eda un ambiente tranquilo y sin ninguna otra novedad.<\/p>\n","protected":false},"excerpt":{"rendered":"<p>En el hospital Dar\u00edo Contreras est\u00e1n preparados con 100 camas disponibles, aproximadamente 40 m\u00e9dicos especializados en diferentes \u00e1reas y la emergencia abierta 24 horas para brindar asistencia m\u00e9dica durante el&hellip;<\/p>\n","protected":false},"author":2,"featured_media":79636,"comment_status":"open","ping_status":"open","sticky":false,"template":"","format":"standard","meta":{"content-type":"","jetpack_post_was_ever_published":false,"_jetpack_newsletter_access":"","_jetpack_dont_email_post_to_subs":false,"_jetpack_newsletter_tier_id":0,"_jetpack_memberships_contains_paywalled_content":false,"_jetpack_memberships_contains_paid_content":false,"footnotes":""},"categories":[1],"tags":[8020,12332,4165,560,12198],"class_list":["post-79635","post","type-post","status-publish","format-standard","has-post-thumbnail","hentry","category-sin-categoria","tag-camas","tag-dario-contreras","tag-doctores","tag-emergencia","tag-semana-santa"],"jetpack_featured_media_url":"https:\/\/lasprimeras.com.do\/wp-content\/uploads\/2024\/03\/Dario-Contreras.jpg","jetpack-related-posts":[{"id":79421,"url":"https:\/\/lasprimeras.com.do\/index.php\/2024\/03\/27\/hospitales-son-reforzados-por-el-largo-asueto\/","url_meta":{"origin":79635,"position":0},"title":"Hospitales son reforzados por el largo asueto","author":"BIMARY DE JES\u00daS Matos","date":"27 de marzo de 2024","format":false,"excerpt":"Santo Domingo.\u2013 Cada Semana Santa se espera el desplazamiento de millones de dominicanos hacia las diferentes localidades del interior del pa\u00eds, lo que aumenta la ocurrencia de eventos que provoquen riesgos a la salud y que puedan terminar en la sala de un hospital. En ese sentido, el director del\u2026","rel":"","context":"En \u00abNACIONALES\u00bb","block_context":{"text":"NACIONALES","link":"https:\/\/lasprimeras.com.do\/index.php\/category\/nacionales\/"},"img":{"alt_text":"","src":"https:\/\/i0.wp.com\/lasprimeras.com.do\/wp-content\/uploads\/2024\/03\/1-millon-de-jovenes-votaran-en-las-elecciones-municipales-2-7.webp?resize=350%2C200&ssl=1","width":350,"height":200},"classes":[]},{"id":79446,"url":"https:\/\/lasprimeras.com.do\/index.php\/2024\/03\/27\/preparados-hospitales-gsd-y-monte-plata-por-semana-santa\/","url_meta":{"origin":79635,"position":1},"title":"Preparados Hospitales GSD y Monte Plata por Semana Santa","author":"BIMARY DE JES\u00daS Matos","date":"27 de marzo de 2024","format":false,"excerpt":"Distrito Nacional, RD.- Preparados ante cualquier evencualidad est\u00e1n los hospitales del Gran Santo Domingo y Monte Plata, pertenecientes a la demarcaci\u00f3n del Servicio Regional de Salud Metropolitano (SRSM), a prop\u00f3sito del Operativo \u201cConciencia por la Vida, Semana Santa 2024\u201d, que coordina el Centro de Operaciones de Emergencias (COE). El director\u2026","rel":"","context":"En \u00abNACIONALES\u00bb","block_context":{"text":"NACIONALES","link":"https:\/\/lasprimeras.com.do\/index.php\/category\/nacionales\/"},"img":{"alt_text":"","src":"https:\/\/i0.wp.com\/lasprimeras.com.do\/wp-content\/uploads\/2024\/03\/IMG-20240327-WA0006.jpg?resize=350%2C200&ssl=1","width":350,"height":200,"srcset":"https:\/\/i0.wp.com\/lasprimeras.com.do\/wp-content\/uploads\/2024\/03\/IMG-20240327-WA0006.jpg?resize=350%2C200&ssl=1 1x, https:\/\/i0.wp.com\/lasprimeras.com.do\/wp-content\/uploads\/2024\/03\/IMG-20240327-WA0006.jpg?resize=525%2C300&ssl=1 1.5x, https:\/\/i0.wp.com\/lasprimeras.com.do\/wp-content\/uploads\/2024\/03\/IMG-20240327-WA0006.jpg?resize=700%2C400&ssl=1 2x"},"classes":[]},{"id":97268,"url":"https:\/\/lasprimeras.com.do\/index.php\/2025\/04\/17\/senasa-refuerza-sus-puntos-de-servicios-en-hospitales\/","url_meta":{"origin":79635,"position":2},"title":"SeNaSa refuerza sus puntos de servicios en hospitales","author":"Nelson Feliz","date":"17 de abril de 2025","format":false,"excerpt":"El director ejecutivo del Seguro Nacional de Salud (SeNaSa), doctor Santiago Hazim, anunci\u00f3 el fortalecimiento de los puntos de servicio en los principales hospitales del pa\u00eds durante la Semana Mayor. \"As\u00ed como SeNaSa activa sus protocolos necesarios para que, durante esta Semana Santa, se sienta seguro y tranquilo, de esa\u2026","rel":"","context":"En \u00abSALUD\u00bb","block_context":{"text":"SALUD","link":"https:\/\/lasprimeras.com.do\/index.php\/category\/salud\/"},"img":{"alt_text":"","src":"https:\/\/i0.wp.com\/lasprimeras.com.do\/wp-content\/uploads\/2025\/02\/SeNaSa.jpg?resize=350%2C200&ssl=1","width":350,"height":200,"srcset":"https:\/\/i0.wp.com\/lasprimeras.com.do\/wp-content\/uploads\/2025\/02\/SeNaSa.jpg?resize=350%2C200&ssl=1 1x, https:\/\/i0.wp.com\/lasprimeras.com.do\/wp-content\/uploads\/2025\/02\/SeNaSa.jpg?resize=525%2C300&ssl=1 1.5x, https:\/\/i0.wp.com\/lasprimeras.com.do\/wp-content\/uploads\/2025\/02\/SeNaSa.jpg?resize=700%2C400&ssl=1 2x"},"classes":[]},{"id":79710,"url":"https:\/\/lasprimeras.com.do\/index.php\/2024\/03\/30\/pocas-emergencias-predominan-en-hospitales-del-gran-santo-domingo-este-sabado-santo\/","url_meta":{"origin":79635,"position":3},"title":"Pocas emergencias predominan en hospitales del Gran Santo Domingo este S\u00e1bado Santo","author":"Nelson Feliz","date":"30 de marzo de 2024","format":false,"excerpt":"En los principales hospitales de asistencia m\u00e9dica del Gran Santo Domingo, transcurri\u00f3 la ma\u00f1ana de este S\u00e1bado Santo sin novedades en las salas de emergencia, a diferencia de otros a\u00f1os. En el hospital doctor Francisco Moscoso Puello, ubicado en el Distrito Nacional, no registr\u00f3 en la emergencia pacientes por accidente\u2026","rel":"","context":"En \u00abSin categor\u00eda\u00bb","block_context":{"text":"Sin categor\u00eda","link":"https:\/\/lasprimeras.com.do\/index.php\/category\/sin-categoria\/"},"img":{"alt_text":"Dario Contreras","src":"https:\/\/i0.wp.com\/lasprimeras.com.do\/wp-content\/uploads\/2024\/03\/Dario-Contreras.jpg?resize=350%2C200&ssl=1","width":350,"height":200},"classes":[]},{"id":79777,"url":"https:\/\/lasprimeras.com.do\/index.php\/2024\/03\/31\/santo-domingo-este-no-reporta-perdidas-de-vida-por-accidentes-en-asueto-semana-santa\/","url_meta":{"origin":79635,"position":4},"title":"Santo Domingo Este no reporta p\u00e9rdidas de vida por accidentes en asueto Semana Santa","author":"Nelson Feliz","date":"31 de marzo de 2024","format":false,"excerpt":"Por Martin Restituyo El Ayuntamiento de Santo Domingo Este contin\u00faa desarrollando su amplio operativo de Semana Santa 2024 para garantizar que los mun\u00edcipes que salieron de la ciudad puedan tener un regreso sin contratiempos en una jornada que hasta la ma\u00f1ana de este domingo no ha dejado v\u00edctimas mortales. De\u2026","rel":"","context":"En \u00abNACIONALES\u00bb","block_context":{"text":"NACIONALES","link":"https:\/\/lasprimeras.com.do\/index.php\/category\/nacionales\/"},"img":{"alt_text":"Santo Domingo Este","src":"https:\/\/i0.wp.com\/lasprimeras.com.do\/wp-content\/uploads\/2024\/03\/Santo-Domingo-Este.jpg?resize=350%2C200&ssl=1","width":350,"height":200,"srcset":"https:\/\/i0.wp.com\/lasprimeras.com.do\/wp-content\/uploads\/2024\/03\/Santo-Domingo-Este.jpg?resize=350%2C200&ssl=1 1x, https:\/\/i0.wp.com\/lasprimeras.com.do\/wp-content\/uploads\/2024\/03\/Santo-Domingo-Este.jpg?resize=525%2C300&ssl=1 1.5x, https:\/\/i0.wp.com\/lasprimeras.com.do\/wp-content\/uploads\/2024\/03\/Santo-Domingo-Este.jpg?resize=700%2C400&ssl=1 2x"},"classes":[]},{"id":79953,"url":"https:\/\/lasprimeras.com.do\/index.php\/2024\/04\/01\/ney-arias-lora-pasa-balance-durante-el-operativo-semana-santa-2024\/","url_meta":{"origin":79635,"position":5},"title":"Ney Arias Lora pasa balance durante el operativo Semana Santa 2024","author":"Nelson Feliz","date":"1 de abril de 2024","format":false,"excerpt":"La Direcci\u00f3n del Hospital Universitario Docente Traumatol\u00f3gico Dr. Ney Arias Lora, al pasar balance a las emergencias atendidas durante el per\u00edodo \u201cConciencia por la Vida 2024\u201d, el director del centro de salud, inform\u00f3 que durante el asueto, disminuyeron las emergencias en comparaci\u00f3n al a\u00f1o anterior. El doctor Julio Landr\u00f3n, felicit\u00f3\u2026","rel":"","context":"En \u00abSin categor\u00eda\u00bb","block_context":{"text":"Sin categor\u00eda","link":"https:\/\/lasprimeras.com.do\/index.php\/category\/sin-categoria\/"},"img":{"alt_text":"Ney Arias Lora","src":"https:\/\/i0.wp.com\/lasprimeras.com.do\/wp-content\/uploads\/2024\/04\/ney-arias-2025.jpg?resize=350%2C200&ssl=1","width":350,"height":200,"srcset":"https:\/\/i0.wp.com\/lasprimeras.com.do\/wp-content\/uploads\/2024\/04\/ney-arias-2025.jpg?resize=350%2C200&ssl=1 1x, https:\/\/i0.wp.com\/lasprimeras.com.do\/wp-content\/uploads\/2024\/04\/ney-arias-2025.jpg?resize=525%2C300&ssl=1 1.5x, https:\/\/i0.wp.com\/lasprimeras.com.do\/wp-content\/uploads\/2024\/04\/ney-arias-2025.jpg?resize=700%2C400&ssl=1 2x"},"classes":[]}],"jetpack_sharing_enabled":true,"_links":{"self":[{"href":"https:\/\/lasprimeras.com.do\/index.php\/wp-json\/wp\/v2\/posts\/79635","targetHints":{"allow":["GET"]}}],"collection":[{"href":"https:\/\/lasprimeras.com.do\/index.php\/wp-json\/wp\/v2\/posts"}],"about":[{"href":"https:\/\/lasprimeras.com.do\/index.php\/wp-json\/wp\/v2\/types\/post"}],"author":[{"embeddable":true,"href":"https:\/\/lasprimeras.com.do\/index.php\/wp-json\/wp\/v2\/users\/2"}],"replies":[{"embeddable":true,"href":"https:\/\/lasprimeras.com.do\/index.php\/wp-json\/wp\/v2\/comments?post=79635"}],"version-history":[{"count":1,"href":"https:\/\/lasprimeras.com.do\/index.php\/wp-json\/wp\/v2\/posts\/79635\/revisions"}],"predecessor-version":[{"id":79637,"href":"https:\/\/lasprimeras.com.do\/index.php\/wp-json\/wp\/v2\/posts\/79635\/revisions\/79637"}],"wp:featuredmedia":[{"embeddable":true,"href":"https:\/\/lasprimeras.com.do\/index.php\/wp-json\/wp\/v2\/media\/79636"}],"wp:attachment":[{"href":"https:\/\/lasprimeras.com.do\/index.php\/wp-json\/wp\/v2\/media?parent=79635"}],"wp:term":[{"taxonomy":"category","embeddable":true,"href":"https:\/\/lasprimeras.com.do\/index.php\/wp-json\/wp\/v2\/categories?post=79635"},{"taxonomy":"post_tag","embeddable":true,"href":"https:\/\/lasprimeras.com.do\/index.php\/wp-json\/wp\/v2\/tags?post=79635"}],"curies":[{"name":"wp","href":"https:\/\/api.w.org\/{rel}","templated":true}]}}