{"id":79639,"date":"2024-03-29T14:56:20","date_gmt":"2024-03-29T18:56:20","guid":{"rendered":"https:\/\/lasprimeras.com.do\/?p=79639"},"modified":"2024-03-29T14:56:21","modified_gmt":"2024-03-29T18:56:21","slug":"coe-reporta-una-persona-fallecida-en-primer-boletin-de-operativo-por-semana-santa","status":"publish","type":"post","link":"https:\/\/lasprimeras.com.do\/index.php\/2024\/03\/29\/coe-reporta-una-persona-fallecida-en-primer-boletin-de-operativo-por-semana-santa\/","title":{"rendered":"COE reporta una persona fallecida en primer bolet\u00edn de operativo por Semana Santa"},"content":{"rendered":"\n<p>Santo Domingo.-El Centro de Operaciones de Emergencia (COE) report\u00f3 este viernes el fallecimiento de una persona en uno de los 36 accidentes de tr\u00e1nsito ocurridos en el marco del asueto de Semana Santa.<\/p>\n\n\n\n<p>Al leer el primer bolet\u00edn del operativo de Semana Santa, \u201cConciencia por la Vida 2024\u201d, correspondiente al jueves 28 de marzo hasta el viernes 29 a las 6:00 de la ma\u00f1ana, Juan Manuel M\u00e9ndez, director del COE, sostuvo que 50 personas resultaron afectadas en accidentes de tr\u00e1nsito.<\/p>\n\n\n\n<p>De los accidentes registrados, 29 involucran motocicletas, tres veh\u00edculos livianos, tres atropellamientos y un veh\u00edculo pesado. De estos accidentes, 26 ocurrieron en autopistas y carreteras y 10 en cascos urbanos.<\/p>\n","protected":false},"excerpt":{"rendered":"<p>Santo Domingo.-El Centro de Operaciones de Emergencia (COE) report\u00f3 este viernes el fallecimiento de una persona en uno de los 36 accidentes de tr\u00e1nsito ocurridos en el marco del asueto&hellip;<\/p>\n","protected":false},"author":3,"featured_media":79640,"comment_status":"open","ping_status":"open","sticky":false,"template":"","format":"standard","meta":{"content-type":"","jetpack_post_was_ever_published":false,"_jetpack_newsletter_access":"","_jetpack_dont_email_post_to_subs":false,"_jetpack_newsletter_tier_id":0,"_jetpack_memberships_contains_paywalled_content":false,"_jetpack_memberships_contains_paid_content":false,"footnotes":""},"categories":[35],"tags":[2266],"class_list":["post-79639","post","type-post","status-publish","format-standard","has-post-thumbnail","hentry","category-nacionales","tag-coe"],"jetpack_featured_media_url":"https:\/\/lasprimeras.com.do\/wp-content\/uploads\/2024\/03\/1-millon-de-jovenes-votaran-en-las-elecciones-municipales-2-19.jpg","jetpack-related-posts":[{"id":97397,"url":"https:\/\/lasprimeras.com.do\/index.php\/2025\/04\/20\/coe-reporta-23-fallecidos-en-tercer-boletin-de-semana-santa\/","url_meta":{"origin":79639,"position":0},"title":"COE reporta 23 fallecidos en tercer bolet\u00edn de Semana Santa","author":"Nelson Feliz","date":"20 de abril de 2025","format":false,"excerpt":"El Centro de Operaciones de Emergencias (COE) report\u00f3 8 personas fallecidas en el Operativo Semana Santa en las \u00faltimas horas totalizando 23 en el operativo que inici\u00f3 el pasado jueves al medio d\u00eda. Entre los fallecidos en las \u00faltimas 24 horas tres est\u00e1n dentro del operativo y otras cinco fuera\u2026","rel":"","context":"En \u00abNACIONALES\u00bb","block_context":{"text":"NACIONALES","link":"https:\/\/lasprimeras.com.do\/index.php\/category\/nacionales\/"},"img":{"alt_text":"","src":"https:\/\/i0.wp.com\/lasprimeras.com.do\/wp-content\/uploads\/2023\/12\/accidentes.jpeg?resize=350%2C200&ssl=1","width":350,"height":200,"srcset":"https:\/\/i0.wp.com\/lasprimeras.com.do\/wp-content\/uploads\/2023\/12\/accidentes.jpeg?resize=350%2C200&ssl=1 1x, https:\/\/i0.wp.com\/lasprimeras.com.do\/wp-content\/uploads\/2023\/12\/accidentes.jpeg?resize=525%2C300&ssl=1 1.5x, https:\/\/i0.wp.com\/lasprimeras.com.do\/wp-content\/uploads\/2023\/12\/accidentes.jpeg?resize=700%2C400&ssl=1 2x"},"classes":[]},{"id":79812,"url":"https:\/\/lasprimeras.com.do\/index.php\/2024\/03\/31\/coe-reporta-5-fallecidos-en-operativo-semana-santa-y-3-fuera-del-mismo\/","url_meta":{"origin":79639,"position":1},"title":"COE reporta 5 fallecidos en operativo Semana Santa y 3 fuera del mismo","author":"Nelson Feliz","date":"31 de marzo de 2024","format":false,"excerpt":"El Centro de Operaciones de Emergencia, COE reporto en el tercer bolet\u00edn que en las \u00faltimas 24 horas, ocho personas perdieron la vida en accidentes de tr\u00e1nsito, de estos fallecimientos cinco est\u00e1n dentro del operativo \u201cConciencia por la Vida: Semana Santa 2024\u201d. De acuerdo con el director del COE, Juan\u2026","rel":"","context":"En \u00abNACIONALES\u00bb","block_context":{"text":"NACIONALES","link":"https:\/\/lasprimeras.com.do\/index.php\/category\/nacionales\/"},"img":{"alt_text":"","src":"https:\/\/i0.wp.com\/lasprimeras.com.do\/wp-content\/uploads\/2024\/03\/65f3a7703e1eb_jce2-1.webp?resize=350%2C200&ssl=1","width":350,"height":200,"srcset":"https:\/\/i0.wp.com\/lasprimeras.com.do\/wp-content\/uploads\/2024\/03\/65f3a7703e1eb_jce2-1.webp?resize=350%2C200&ssl=1 1x, https:\/\/i0.wp.com\/lasprimeras.com.do\/wp-content\/uploads\/2024\/03\/65f3a7703e1eb_jce2-1.webp?resize=525%2C300&ssl=1 1.5x, https:\/\/i0.wp.com\/lasprimeras.com.do\/wp-content\/uploads\/2024\/03\/65f3a7703e1eb_jce2-1.webp?resize=700%2C400&ssl=1 2x, https:\/\/i0.wp.com\/lasprimeras.com.do\/wp-content\/uploads\/2024\/03\/65f3a7703e1eb_jce2-1.webp?resize=1050%2C600&ssl=1 3x"},"classes":[]},{"id":97316,"url":"https:\/\/lasprimeras.com.do\/index.php\/2025\/04\/18\/coe-reporta-cinco-fallecidos-en-primer-boletin-por-semana-santa\/","url_meta":{"origin":79639,"position":2},"title":"COE reporta cinco fallecidos en primer bolet\u00edn por Semana Santa","author":"Nelson Feliz","date":"18 de abril de 2025","format":false,"excerpt":"COE extiende hasta las 7:00 de la noche el horario para el uso de las playas y balnearios El Centro de Operaciones de Emergencias (COE) report\u00f3 cinco personas fallecidas en su primer bolet\u00edn del Operativo Semana Santa 2025, de las cuales cuatro murieron en accidentes de tr\u00e1nsito y una por\u2026","rel":"","context":"En \u00abNACIONALES\u00bb","block_context":{"text":"NACIONALES","link":"https:\/\/lasprimeras.com.do\/index.php\/category\/nacionales\/"},"img":{"alt_text":"","src":"https:\/\/i0.wp.com\/lasprimeras.com.do\/wp-content\/uploads\/2025\/04\/Juan-Manuel-Mendez-2.jpg?resize=350%2C200&ssl=1","width":350,"height":200,"srcset":"https:\/\/i0.wp.com\/lasprimeras.com.do\/wp-content\/uploads\/2025\/04\/Juan-Manuel-Mendez-2.jpg?resize=350%2C200&ssl=1 1x, https:\/\/i0.wp.com\/lasprimeras.com.do\/wp-content\/uploads\/2025\/04\/Juan-Manuel-Mendez-2.jpg?resize=525%2C300&ssl=1 1.5x, https:\/\/i0.wp.com\/lasprimeras.com.do\/wp-content\/uploads\/2025\/04\/Juan-Manuel-Mendez-2.jpg?resize=700%2C400&ssl=1 2x"},"classes":[]},{"id":126665,"url":"https:\/\/lasprimeras.com.do\/index.php\/2026\/04\/04\/coe-reporta-7-fallecidos-y-mas-de-60-accidentes-de-transito-en-ultimas-24-horas\/","url_meta":{"origin":79639,"position":3},"title":"COE reporta 7 fallecidos y m\u00e1s de 60 accidentes de tr\u00e1nsito en \u00faltimas 24 horas","author":"Nelson Feliz","date":"4 de abril de 2026","format":false,"excerpt":"El Segundo bolet\u00edn el Centro de Operaciones de Emergencias (COE) inform\u00f3 que en las \u00faltimas 24 horas del operativo \u201cConciencia por la Vida, Semana Santa 2026\u201d se registraron 64 accidentes de tr\u00e1nsito que dejaron 80 personas afectadas y un total de siete fallecidos. De acuerdo con el bolet\u00edn n\u00famero 2\u2026","rel":"","context":"En \u00abNACIONALES\u00bb","block_context":{"text":"NACIONALES","link":"https:\/\/lasprimeras.com.do\/index.php\/category\/nacionales\/"},"img":{"alt_text":"","src":"https:\/\/i0.wp.com\/lasprimeras.com.do\/wp-content\/uploads\/2026\/04\/Juan-Ml.-Mendez-1.jpg?resize=350%2C200&ssl=1","width":350,"height":200},"classes":[]},{"id":79840,"url":"https:\/\/lasprimeras.com.do\/index.php\/2024\/03\/31\/suman-20-muertos-desde-el-viernes-santo-hasta-este-domingo-de-resurreccion\/","url_meta":{"origin":79639,"position":4},"title":"Suman 20 muertos desde el Viernes Santo hasta este Domingo de Resurrecci\u00f3n","author":"Nelson Feliz","date":"31 de marzo de 2024","format":false,"excerpt":"La mayor\u00eda de fallecimientos ocurrieron en accidentes de tr\u00e1nsito. La cantidad de fallecidos dentro del operativo \"Consciencia por la vida, Semana Santa 2024\" del Centro de Operaciones de Emergencias (COE) hasta este Domingo de Resurrecci\u00f3n es de 20 personas. El COE report\u00f3 que hasta las 6:00 de la ma\u00f1ana del\u2026","rel":"","context":"En \u00abNACIONALES\u00bb","block_context":{"text":"NACIONALES","link":"https:\/\/lasprimeras.com.do\/index.php\/category\/nacionales\/"},"img":{"alt_text":"Juan Manuel M\u00e9ndez","src":"https:\/\/i0.wp.com\/lasprimeras.com.do\/wp-content\/uploads\/2024\/03\/Juan-Manuel-Mendez-1.jpg?resize=350%2C200&ssl=1","width":350,"height":200,"srcset":"https:\/\/i0.wp.com\/lasprimeras.com.do\/wp-content\/uploads\/2024\/03\/Juan-Manuel-Mendez-1.jpg?resize=350%2C200&ssl=1 1x, https:\/\/i0.wp.com\/lasprimeras.com.do\/wp-content\/uploads\/2024\/03\/Juan-Manuel-Mendez-1.jpg?resize=525%2C300&ssl=1 1.5x, https:\/\/i0.wp.com\/lasprimeras.com.do\/wp-content\/uploads\/2024\/03\/Juan-Manuel-Mendez-1.jpg?resize=700%2C400&ssl=1 2x"},"classes":[]},{"id":97379,"url":"https:\/\/lasprimeras.com.do\/index.php\/2025\/04\/19\/semana-santa-10-muertes-y-84-afectados-por-accidentes-en-las-vias-dominicanas\/","url_meta":{"origin":79639,"position":5},"title":"Semana Santa : 10 muertes y 84 afectados por accidentes en las v\u00edas dominicanas","author":"Nelson Feliz","date":"19 de abril de 2025","format":false,"excerpt":"Un total de nueve personas han fallecido y 84 personas afectadas en 66 accidentes de tr\u00e1nsito en lo que va de Semana Santa, tres de las cuales est\u00e1n dentro del operativo \u00abConciencia por la Vida\u00bb que abarca desde la tarde del Jueves Santo, hasta el Domingo de Resurrecci\u00f3n, seg\u00fan el\u2026","rel":"","context":"En \u00abNACIONALES\u00bb","block_context":{"text":"NACIONALES","link":"https:\/\/lasprimeras.com.do\/index.php\/category\/nacionales\/"},"img":{"alt_text":"","src":"https:\/\/i0.wp.com\/lasprimeras.com.do\/wp-content\/uploads\/2025\/04\/Juan-Manuel-Mendez-2.jpg?resize=350%2C200&ssl=1","width":350,"height":200,"srcset":"https:\/\/i0.wp.com\/lasprimeras.com.do\/wp-content\/uploads\/2025\/04\/Juan-Manuel-Mendez-2.jpg?resize=350%2C200&ssl=1 1x, https:\/\/i0.wp.com\/lasprimeras.com.do\/wp-content\/uploads\/2025\/04\/Juan-Manuel-Mendez-2.jpg?resize=525%2C300&ssl=1 1.5x, https:\/\/i0.wp.com\/lasprimeras.com.do\/wp-content\/uploads\/2025\/04\/Juan-Manuel-Mendez-2.jpg?resize=700%2C400&ssl=1 2x"},"classes":[]}],"jetpack_sharing_enabled":true,"_links":{"self":[{"href":"https:\/\/lasprimeras.com.do\/index.php\/wp-json\/wp\/v2\/posts\/79639","targetHints":{"allow":["GET"]}}],"collection":[{"href":"https:\/\/lasprimeras.com.do\/index.php\/wp-json\/wp\/v2\/posts"}],"about":[{"href":"https:\/\/lasprimeras.com.do\/index.php\/wp-json\/wp\/v2\/types\/post"}],"author":[{"embeddable":true,"href":"https:\/\/lasprimeras.com.do\/index.php\/wp-json\/wp\/v2\/users\/3"}],"replies":[{"embeddable":true,"href":"https:\/\/lasprimeras.com.do\/index.php\/wp-json\/wp\/v2\/comments?post=79639"}],"version-history":[{"count":1,"href":"https:\/\/lasprimeras.com.do\/index.php\/wp-json\/wp\/v2\/posts\/79639\/revisions"}],"predecessor-version":[{"id":79641,"href":"https:\/\/lasprimeras.com.do\/index.php\/wp-json\/wp\/v2\/posts\/79639\/revisions\/79641"}],"wp:featuredmedia":[{"embeddable":true,"href":"https:\/\/lasprimeras.com.do\/index.php\/wp-json\/wp\/v2\/media\/79640"}],"wp:attachment":[{"href":"https:\/\/lasprimeras.com.do\/index.php\/wp-json\/wp\/v2\/media?parent=79639"}],"wp:term":[{"taxonomy":"category","embeddable":true,"href":"https:\/\/lasprimeras.com.do\/index.php\/wp-json\/wp\/v2\/categories?post=79639"},{"taxonomy":"post_tag","embeddable":true,"href":"https:\/\/lasprimeras.com.do\/index.php\/wp-json\/wp\/v2\/tags?post=79639"}],"curies":[{"name":"wp","href":"https:\/\/api.w.org\/{rel}","templated":true}]}}