{"id":79645,"date":"2024-03-29T14:58:51","date_gmt":"2024-03-29T18:58:51","guid":{"rendered":"https:\/\/lasprimeras.com.do\/?p=79645"},"modified":"2024-03-29T14:58:52","modified_gmt":"2024-03-29T18:58:52","slug":"sacerdote-llama-a-evangelicos-a-revisar-contenidos-del-cristianismo","status":"publish","type":"post","link":"https:\/\/lasprimeras.com.do\/index.php\/2024\/03\/29\/sacerdote-llama-a-evangelicos-a-revisar-contenidos-del-cristianismo\/","title":{"rendered":"Sacerdote llama a evang\u00e9licos a revisar contenidos del cristianismo"},"content":{"rendered":"\n<p>Santo Domingo.-El sacerdote Franciscano Jos\u00e9 Guerrero tuvo a su cargo hoy el tercer mensaje del Serm\u00f3n de las Siete Palabras, en el cual dedic\u00f3 este Viernes Santo a la mujer e hizo un llamado a los evang\u00e9licos para &#8220;revisar la historia, los contenidos fundamentales del cristianismo y volver el rostro al verdadero pueblo de Dios&#8221;.<\/p>\n\n\n\n<p>&#8220;Hacer un llamado a nuestros hermanos evang\u00e9licos, que han dejado a Mar\u00eda fuera de su casa, para que junto con nosotros experimenten la ternura, la delicadeza y el amor de la madre del nuevo pueblo de Dios&#8221;, sostuvo el exorcista de la Arquidi\u00f3cesis de Santo Domingo.<\/p>\n\n\n\n<p>&#8220;Hermanos evang\u00e9licos, estamos en la \u00e9poca de la globalizaci\u00f3n; la globalizaci\u00f3n es un signo de los tiempos que exige la unidad de todo el pueblo de Dios; la misma unidad de Dios exige la unidad de su pueblo, y el nuevo pueblo de Dios se realiza y se constituye en la Santa Madre Iglesia Cat\u00f3lica&#8221;, a\u00f1adi\u00f3.<\/p>\n\n\n\n<p>El religioso cuestion\u00f3: &#8220;La historia nos da la raz\u00f3n. Despu\u00e9s de la muerte del \u00faltimo ap\u00f3stol, san Juan Evangelista, \u00bfpor qu\u00e9 tengo que esperar m\u00e1s de 1,500 a\u00f1os de historia, para que venga Mart\u00edn Lutero y todos los reformadores y reformadoras antes y despu\u00e9s de \u00e9l para que me digan d\u00f3nde est\u00e1 la verdad del cristianismo y de la Iglesia de Cristo?&#8221;.<\/p>\n\n\n\n<p>&#8220;\u00bfPor qu\u00e9 no escuchar mejor a Pap\u00edas, san Policarpo, san Ignacio de Antioqu\u00eda, san Clemente, san Justino m\u00e1rtir, san Ireneo, san Atanasio, Or\u00edgenes, Tertuliano, al gran san Agust\u00edn de Hipona, san Cirilo de Alejandr\u00eda? Algunos de ellos fueron disc\u00edpulos de los ap\u00f3stoles, o bien los conocieron&#8221;.<\/p>\n","protected":false},"excerpt":{"rendered":"<p>Santo Domingo.-El sacerdote Franciscano Jos\u00e9 Guerrero tuvo a su cargo hoy el tercer mensaje del Serm\u00f3n de las Siete Palabras, en el cual dedic\u00f3 este Viernes Santo a la mujer&hellip;<\/p>\n","protected":false},"author":3,"featured_media":79646,"comment_status":"open","ping_status":"open","sticky":false,"template":"","format":"standard","meta":{"content-type":"","jetpack_post_was_ever_published":false,"_jetpack_newsletter_access":"","_jetpack_dont_email_post_to_subs":false,"_jetpack_newsletter_tier_id":0,"_jetpack_memberships_contains_paywalled_content":false,"_jetpack_memberships_contains_paid_content":false,"footnotes":""},"categories":[25],"tags":[1966],"class_list":["post-79645","post","type-post","status-publish","format-standard","has-post-thumbnail","hentry","category-portada","tag-sacerdote"],"jetpack_featured_media_url":"https:\/\/lasprimeras.com.do\/wp-content\/uploads\/2024\/03\/1-millon-de-jovenes-votaran-en-las-elecciones-municipales-2-20.jpg","jetpack-related-posts":[{"id":118663,"url":"https:\/\/lasprimeras.com.do\/index.php\/2026\/01\/01\/ezequiel-molina-advierte-de-la-ira-de-dios-a-los-corruptos-que-saquean-el-dinero-del-pueblo\/","url_meta":{"origin":79645,"position":0},"title":"Ezequiel Molina advierte de la ira de Dios &#8220;a los corruptos&#8221; que saquean el dinero del pueblo","author":"Nelson Feliz","date":"1 de enero de 2026","format":false,"excerpt":"Miles de cristianos evang\u00e9licos se citaron la tarde de este jueves en la edici\u00f3n 62 de La Batalla de la Fe, evento celebrado cada primero de enero en el Estadio Ol\u00edmpico F\u00e9lix S\u00e1nchez. En su discurso, el pastor Ezequiel Molina lanz\u00f3 duras cr\u00edticas contra los que cometen actos de corrupci\u00f3n\u2026","rel":"","context":"En \u00abNACIONALES\u00bb","block_context":{"text":"NACIONALES","link":"https:\/\/lasprimeras.com.do\/index.php\/category\/nacionales\/"},"img":{"alt_text":"Ezequiel Molina","src":"https:\/\/i0.wp.com\/lasprimeras.com.do\/wp-content\/uploads\/2026\/01\/Ezequiel-Molina.jpg?resize=350%2C200&ssl=1","width":350,"height":200,"srcset":"https:\/\/i0.wp.com\/lasprimeras.com.do\/wp-content\/uploads\/2026\/01\/Ezequiel-Molina.jpg?resize=350%2C200&ssl=1 1x, https:\/\/i0.wp.com\/lasprimeras.com.do\/wp-content\/uploads\/2026\/01\/Ezequiel-Molina.jpg?resize=525%2C300&ssl=1 1.5x, https:\/\/i0.wp.com\/lasprimeras.com.do\/wp-content\/uploads\/2026\/01\/Ezequiel-Molina.jpg?resize=700%2C400&ssl=1 2x"},"classes":[]},{"id":67293,"url":"https:\/\/lasprimeras.com.do\/index.php\/2023\/11\/14\/llega-a-jarabacoa-el-lunes-de-fuego-poder-de-la-gloria-de-dios\/","url_meta":{"origin":79645,"position":1},"title":"\u201cLlega a Jarabacoa el Lunes de Fuego\u201d, poder de la gloria de Dios","author":"Nelson Feliz","date":"14 de noviembre de 2023","format":false,"excerpt":"El poder de la gloria de Dios impactar\u00e1 la ciudad de la eterna primavera, Jarabacoa, quien es conocida no solo por ser el polo tur\u00edstico de monta\u00f1a n\u00famero uno de la Rep\u00fablica Dominicana, sino tambi\u00e9n porque registra el crecimiento del turismo espiritual con el evento cristiano \u201cLunes de Fuego\u201d, que\u2026","rel":"","context":"En \u00abENTRETENIMIENTO\u00bb","block_context":{"text":"ENTRETENIMIENTO","link":"https:\/\/lasprimeras.com.do\/index.php\/category\/entretenimiento\/"},"img":{"alt_text":"PASTOR","src":"https:\/\/i0.wp.com\/lasprimeras.com.do\/wp-content\/uploads\/2023\/11\/PASTOR.jpg?resize=350%2C200&ssl=1","width":350,"height":200,"srcset":"https:\/\/i0.wp.com\/lasprimeras.com.do\/wp-content\/uploads\/2023\/11\/PASTOR.jpg?resize=350%2C200&ssl=1 1x, https:\/\/i0.wp.com\/lasprimeras.com.do\/wp-content\/uploads\/2023\/11\/PASTOR.jpg?resize=525%2C300&ssl=1 1.5x, https:\/\/i0.wp.com\/lasprimeras.com.do\/wp-content\/uploads\/2023\/11\/PASTOR.jpg?resize=700%2C400&ssl=1 2x"},"classes":[]},{"id":126705,"url":"https:\/\/lasprimeras.com.do\/index.php\/2026\/04\/04\/carlos-guzman-reaparece-leyendo-isaias-en-la-solemne-misa-crismal\/","url_meta":{"origin":79645,"position":2},"title":"Carlos Guzm\u00e1n reaparece leyendo Isa\u00edas en la Solemne misa Crismal","author":"Nelson Feliz","date":"4 de abril de 2026","format":false,"excerpt":"\u00bfCoincidencia o mensaje para Santo Domingo Norte? Por Liza Medrano Desde la Catedral de Santo Domingo, la Primada de Am\u00e9rica, el exalcalde de Santo Domingo Norte, Carlos Guzm\u00e1n, ha dado lectura a la biblia en el libro de Isa\u00edas, palabras que bien podr\u00edan servir de aliciente esperanzador al municipio que\u2026","rel":"","context":"En \u00abPOLITICA\u00bb","block_context":{"text":"POLITICA","link":"https:\/\/lasprimeras.com.do\/index.php\/category\/politica\/"},"img":{"alt_text":"Carlos Guzm\u00e1n","src":"https:\/\/i0.wp.com\/lasprimeras.com.do\/wp-content\/uploads\/2026\/04\/Carlos-Guzman.png?resize=350%2C200&ssl=1","width":350,"height":200,"srcset":"https:\/\/i0.wp.com\/lasprimeras.com.do\/wp-content\/uploads\/2026\/04\/Carlos-Guzman.png?resize=350%2C200&ssl=1 1x, https:\/\/i0.wp.com\/lasprimeras.com.do\/wp-content\/uploads\/2026\/04\/Carlos-Guzman.png?resize=525%2C300&ssl=1 1.5x, https:\/\/i0.wp.com\/lasprimeras.com.do\/wp-content\/uploads\/2026\/04\/Carlos-Guzman.png?resize=700%2C400&ssl=1 2x"},"classes":[]},{"id":98629,"url":"https:\/\/lasprimeras.com.do\/index.php\/2025\/05\/09\/presidente-abinader-destaca-unidad-del-pueblo-dominicano-en-la-fe-y-la-oracion\/","url_meta":{"origin":79645,"position":3},"title":"Presidente Abinader destaca unidad del pueblo dominicano en la fe y la oraci\u00f3n","author":"Nelson Feliz","date":"9 de mayo de 2025","format":false,"excerpt":"Mandatario participa en el XI Desayuno Nacional de la Oraci\u00f3n. El presidente Luis Abinader, particip\u00f3 este viernes en el XI Desayuno Nacional de la Oraci\u00f3n, un evento organizado por el Ej\u00e9rcito Dominicano de Oraci\u00f3n, donde comparti\u00f3 un emotivo mensaje sobre la importancia de la fe, la oraci\u00f3n y la unidad\u2026","rel":"","context":"En \u00abNACIONALES\u00bb","block_context":{"text":"NACIONALES","link":"https:\/\/lasprimeras.com.do\/index.php\/category\/nacionales\/"},"img":{"alt_text":"","src":"https:\/\/i0.wp.com\/lasprimeras.com.do\/wp-content\/uploads\/2025\/05\/oracion.jpg?resize=350%2C200&ssl=1","width":350,"height":200,"srcset":"https:\/\/i0.wp.com\/lasprimeras.com.do\/wp-content\/uploads\/2025\/05\/oracion.jpg?resize=350%2C200&ssl=1 1x, https:\/\/i0.wp.com\/lasprimeras.com.do\/wp-content\/uploads\/2025\/05\/oracion.jpg?resize=525%2C300&ssl=1 1.5x, https:\/\/i0.wp.com\/lasprimeras.com.do\/wp-content\/uploads\/2025\/05\/oracion.jpg?resize=700%2C400&ssl=1 2x"},"classes":[]},{"id":79159,"url":"https:\/\/lasprimeras.com.do\/index.php\/2024\/03\/24\/reynaldo-franco-llama-a-meditar-en-la-palabra-de-dios-durante-asueto-de-semana-santa\/","url_meta":{"origin":79645,"position":4},"title":"Reynaldo Franco llama a \u00a0meditar en la \u201cPalabra de Dios\u201d durante asueto de Semana Santa","author":"Nelson Feliz","date":"24 de marzo de 2024","format":false,"excerpt":"El obispo Nacional de las Iglesias Pentecostales de Jesucristo IPJ y la Comunidad Apost\u00f3lica Internacional COAPIN, doctor Reynaldo Franco Aquino, hizo un llamado a la poblaci\u00f3n a la reflexi\u00f3n durante el tiempo de asueto por la Semana Santa. El l\u00edder evang\u00e9lico inst\u00f3 a los ciudadanos a dedicar tiempo de calidad\u2026","rel":"","context":"En \u00abNACIONALES\u00bb","block_context":{"text":"NACIONALES","link":"https:\/\/lasprimeras.com.do\/index.php\/category\/nacionales\/"},"img":{"alt_text":"Reynaldo Franco Aquino","src":"https:\/\/i0.wp.com\/lasprimeras.com.do\/wp-content\/uploads\/2024\/03\/Reynaldo-Franco-Aquino.jpg?resize=350%2C200&ssl=1","width":350,"height":200,"srcset":"https:\/\/i0.wp.com\/lasprimeras.com.do\/wp-content\/uploads\/2024\/03\/Reynaldo-Franco-Aquino.jpg?resize=350%2C200&ssl=1 1x, https:\/\/i0.wp.com\/lasprimeras.com.do\/wp-content\/uploads\/2024\/03\/Reynaldo-Franco-Aquino.jpg?resize=525%2C300&ssl=1 1.5x, https:\/\/i0.wp.com\/lasprimeras.com.do\/wp-content\/uploads\/2024\/03\/Reynaldo-Franco-Aquino.jpg?resize=700%2C400&ssl=1 2x"},"classes":[]},{"id":56258,"url":"https:\/\/lasprimeras.com.do\/index.php\/2023\/07\/30\/lider-evangelico-promueve-la-paternidad-responsable\/","url_meta":{"origin":79645,"position":5},"title":"L\u00edder evang\u00e9lico promueve la \u201cpaternidad responsable\u201d","author":"Nelson Feliz","date":"30 de julio de 2023","format":false,"excerpt":"Al conmemorarse este domingo el \u201cD\u00eda de los Padres\u201d, el Obispo Reynaldo Franco Aquino hizo un llamado todos los sectores de la sociedad, a las instituciones que trabajan con la promoci\u00f3n de la educaci\u00f3n y los valores, a los pastores y l\u00edderes cristianos a promover la \u201cpaternidad responsable\u201d, y ense\u00f1ar\u2026","rel":"","context":"En \u00abNACIONALES\u00bb","block_context":{"text":"NACIONALES","link":"https:\/\/lasprimeras.com.do\/index.php\/category\/nacionales\/"},"img":{"alt_text":"","src":"https:\/\/i0.wp.com\/lasprimeras.com.do\/wp-content\/uploads\/2023\/07\/Reynaldo1.jpg?resize=350%2C200&ssl=1","width":350,"height":200},"classes":[]}],"jetpack_sharing_enabled":true,"_links":{"self":[{"href":"https:\/\/lasprimeras.com.do\/index.php\/wp-json\/wp\/v2\/posts\/79645","targetHints":{"allow":["GET"]}}],"collection":[{"href":"https:\/\/lasprimeras.com.do\/index.php\/wp-json\/wp\/v2\/posts"}],"about":[{"href":"https:\/\/lasprimeras.com.do\/index.php\/wp-json\/wp\/v2\/types\/post"}],"author":[{"embeddable":true,"href":"https:\/\/lasprimeras.com.do\/index.php\/wp-json\/wp\/v2\/users\/3"}],"replies":[{"embeddable":true,"href":"https:\/\/lasprimeras.com.do\/index.php\/wp-json\/wp\/v2\/comments?post=79645"}],"version-history":[{"count":1,"href":"https:\/\/lasprimeras.com.do\/index.php\/wp-json\/wp\/v2\/posts\/79645\/revisions"}],"predecessor-version":[{"id":79647,"href":"https:\/\/lasprimeras.com.do\/index.php\/wp-json\/wp\/v2\/posts\/79645\/revisions\/79647"}],"wp:featuredmedia":[{"embeddable":true,"href":"https:\/\/lasprimeras.com.do\/index.php\/wp-json\/wp\/v2\/media\/79646"}],"wp:attachment":[{"href":"https:\/\/lasprimeras.com.do\/index.php\/wp-json\/wp\/v2\/media?parent=79645"}],"wp:term":[{"taxonomy":"category","embeddable":true,"href":"https:\/\/lasprimeras.com.do\/index.php\/wp-json\/wp\/v2\/categories?post=79645"},{"taxonomy":"post_tag","embeddable":true,"href":"https:\/\/lasprimeras.com.do\/index.php\/wp-json\/wp\/v2\/tags?post=79645"}],"curies":[{"name":"wp","href":"https:\/\/api.w.org\/{rel}","templated":true}]}}