{"id":79657,"date":"2024-03-29T21:55:41","date_gmt":"2024-03-30T01:55:41","guid":{"rendered":"https:\/\/lasprimeras.com.do\/?p=79657"},"modified":"2024-03-29T21:55:41","modified_gmt":"2024-03-30T01:55:41","slug":"infotep-y-unipap-firman-carta-de-intencion-para-la-transferencia-de-conocimiento-y-tecnologias-2","status":"publish","type":"post","link":"https:\/\/lasprimeras.com.do\/index.php\/2024\/03\/29\/infotep-y-unipap-firman-carta-de-intencion-para-la-transferencia-de-conocimiento-y-tecnologias-2\/","title":{"rendered":"INFOTEP y UNIPAP firman carta de intenci\u00f3n para la transferencia de conocimiento y tecnolog\u00edas"},"content":{"rendered":"\n<p>Por Mart\u00edn Restituyo<\/p>\n\n\n\n<p>El Instituto Nacional de Formaci\u00f3n T\u00e9cnico Profesional (INFOTEP) y la Universidad Panamericana del Puerto (UNIPAP), de Venezuela, firmaron un protocolo de intenci\u00f3n, con el objetivo de establecer las bases para la cooperaci\u00f3n t\u00e9cnica entre ambas instituciones en investigaci\u00f3n, transferencia de conocimiento y tecnolog\u00edas de inter\u00e9s mutuo.<\/p>\n\n\n\n<p>El director general del INFOTEP, Rafael Santos Bad\u00eda, afirm\u00f3 que este acuerdo permitir\u00e1 llevar a cabo acciones conjuntas para formar t\u00e9cnicos en elaboraci\u00f3n y conservaci\u00f3n de alimentos y bebidas.<\/p>\n\n\n\n<p>De su lado, el rector de la UNIPAP, Jes\u00fas Leal Guti\u00e9rrez, afirm\u00f3 que desde esa alta casa de estudio colaborar\u00e1 en todo lo posible para apoyar al INFOTEP en el proceso de formaci\u00f3n de las personas que quieren un empleo decente.<\/p>\n\n\n\n<p>Tambi\u00e9n qued\u00f3 establecido que, los funcionarios y colaboradores del INFOTEP podr\u00e1n cursar en UNIPAP programas de pregrado, grado y postgrado.<\/p>\n\n\n\n<p>Asimismo, los participantes del INFOTEP podr\u00e1n llevar a cabo pr\u00e1cticas profesionales, pasant\u00edas, servicio social u otras modalidades de pr\u00e1ctica, participaci\u00f3n de seminarios, movilidad y otros programas de complementaci\u00f3n en la UNIPAP.<\/p>\n\n\n\n<p>Ambas instituciones procurar\u00e1n la organizaci\u00f3n conjunta de eventos y actividades, como: Congresos, seminarios, simposios, talleres, conferencias, ferias cient\u00edficas y acad\u00e9micas, entre otros.<\/p>\n\n\n\n<p>Igualmente, facilitar\u00e1n el intercambio de informaci\u00f3n y material impreso, audiovisual y digital existente en cada instituci\u00f3n sobre temas de inter\u00e9s com\u00fan, respetando y reconociendo los derechos de autor de cada una de las instituciones.<\/p>\n","protected":false},"excerpt":{"rendered":"<p>Por Mart\u00edn Restituyo El Instituto Nacional de Formaci\u00f3n T\u00e9cnico Profesional (INFOTEP) y la Universidad Panamericana del Puerto (UNIPAP), de Venezuela, firmaron un protocolo de intenci\u00f3n, con el objetivo de establecer&hellip;<\/p>\n","protected":false},"author":2,"featured_media":79658,"comment_status":"open","ping_status":"open","sticky":false,"template":"","format":"standard","meta":{"content-type":"","jetpack_post_was_ever_published":false,"_jetpack_newsletter_access":"","_jetpack_dont_email_post_to_subs":false,"_jetpack_newsletter_tier_id":0,"_jetpack_memberships_contains_paywalled_content":false,"_jetpack_memberships_contains_paid_content":false,"footnotes":""},"categories":[35,25],"tags":[12338,1340,1880,7885,12336,12337],"class_list":["post-79657","post","type-post","status-publish","format-standard","has-post-thumbnail","hentry","category-nacionales","category-portada","tag-carta-de-intencion","tag-conocimiento","tag-infotep","tag-tecnologias","tag-transferencia","tag-unipap"],"jetpack_featured_media_url":"https:\/\/lasprimeras.com.do\/wp-content\/uploads\/2024\/03\/Rafael-Santos-Badia-1-1.jpg","jetpack-related-posts":[{"id":79486,"url":"https:\/\/lasprimeras.com.do\/index.php\/2024\/03\/27\/infotep-y-unipap-firman-carta-de-intencion-para-la-transferencia-de-conocimiento-y-tecnologias\/","url_meta":{"origin":79657,"position":0},"title":"Infotep y Unipap firman carta de intenci\u00f3n para la transferencia de conocimiento y tecnolog\u00edas","author":"Juana Mercedes","date":"27 de marzo de 2024","format":false,"excerpt":"El Instituto Nacional de Formaci\u00f3n T\u00e9cnico Profesional\u00a0(Infotep)\u00a0y la Universidad Panamericana del Puerto\u00a0(Unipap), de Venezuela, firmaron un\u00a0protocolo de intenci\u00f3n, con el objetivo de establecer las bases para la\u00a0cooperaci\u00f3n t\u00e9cnica\u00a0entre ambas instituciones en\u00a0investigaci\u00f3n, transferencia de conocimiento y tecnolog\u00edas de inter\u00e9s mutuo. El director general del Infotep,\u00a0Rafael Santos Bad\u00eda, afirm\u00f3 que este acuerdo\u2026","rel":"","context":"En \u00abNACIONALES\u00bb","block_context":{"text":"NACIONALES","link":"https:\/\/lasprimeras.com.do\/index.php\/category\/nacionales\/"},"img":{"alt_text":"","src":"https:\/\/i0.wp.com\/lasprimeras.com.do\/wp-content\/uploads\/2024\/03\/Jesus-Leal-Gutierrez-rector-de-la-UNIPAP-y-Rafael-Santos-Badia-director-general-INFOTEP-2-1.jpg?resize=350%2C200&ssl=1","width":350,"height":200,"srcset":"https:\/\/i0.wp.com\/lasprimeras.com.do\/wp-content\/uploads\/2024\/03\/Jesus-Leal-Gutierrez-rector-de-la-UNIPAP-y-Rafael-Santos-Badia-director-general-INFOTEP-2-1.jpg?resize=350%2C200&ssl=1 1x, https:\/\/i0.wp.com\/lasprimeras.com.do\/wp-content\/uploads\/2024\/03\/Jesus-Leal-Gutierrez-rector-de-la-UNIPAP-y-Rafael-Santos-Badia-director-general-INFOTEP-2-1.jpg?resize=525%2C300&ssl=1 1.5x, https:\/\/i0.wp.com\/lasprimeras.com.do\/wp-content\/uploads\/2024\/03\/Jesus-Leal-Gutierrez-rector-de-la-UNIPAP-y-Rafael-Santos-Badia-director-general-INFOTEP-2-1.jpg?resize=700%2C400&ssl=1 2x, https:\/\/i0.wp.com\/lasprimeras.com.do\/wp-content\/uploads\/2024\/03\/Jesus-Leal-Gutierrez-rector-de-la-UNIPAP-y-Rafael-Santos-Badia-director-general-INFOTEP-2-1.jpg?resize=1050%2C600&ssl=1 3x"},"classes":[]},{"id":51055,"url":"https:\/\/lasprimeras.com.do\/index.php\/2023\/05\/26\/infotep-e-inadeh-de-panama-firman-memorando-de-entendimiento-para-fortalecer-formacion-profesional\/","url_meta":{"origin":79657,"position":1},"title":"INFOTEP e INADEH de Panam\u00e1 firman memorando de entendimiento para fortalecer formaci\u00f3n profesional","author":"prenxa100","date":"26 de mayo de 2023","format":false,"excerpt":"El acuerdo de la instituci\u00f3n con su hom\u00f3logo paname\u00f1o tiene una vigencia de cinco a\u00f1os. SANTO DOMINGO.-.El Instituto Nacional de Formaci\u00f3n T\u00e9cnico Profesional (INFOTEP) firm\u00f3 un memorando de entendimiento con el Instituto Nacional de Formaci\u00f3n Profesional y Capacitaci\u00f3n para el Desarrollo Humano de Panam\u00e1 (INADEH), con el prop\u00f3sito de unir\u2026","rel":"","context":"En \u00abNACIONALES\u00bb","block_context":{"text":"NACIONALES","link":"https:\/\/lasprimeras.com.do\/index.php\/category\/nacionales\/"},"img":{"alt_text":"","src":"https:\/\/i0.wp.com\/atento.com.do\/wp-content\/uploads\/2023\/05\/infotep-1024x682.jpg?resize=350%2C200&ssl=1","width":350,"height":200,"srcset":"https:\/\/i0.wp.com\/atento.com.do\/wp-content\/uploads\/2023\/05\/infotep-1024x682.jpg?resize=350%2C200&ssl=1 1x, https:\/\/i0.wp.com\/atento.com.do\/wp-content\/uploads\/2023\/05\/infotep-1024x682.jpg?resize=525%2C300&ssl=1 1.5x, https:\/\/i0.wp.com\/atento.com.do\/wp-content\/uploads\/2023\/05\/infotep-1024x682.jpg?resize=700%2C400&ssl=1 2x"},"classes":[]},{"id":102792,"url":"https:\/\/lasprimeras.com.do\/index.php\/2025\/07\/08\/senado-e-infotep-formalizan-acuerdo-para-robustecer-la-formacion-institucional\/","url_meta":{"origin":79657,"position":2},"title":"Senado e INFOTEP formalizan acuerdo para robustecer la formaci\u00f3n institucional","author":"Nelson Feliz","date":"8 de julio de 2025","format":false,"excerpt":"\u2022La C\u00e1mara Alta y el \u00f3rgano rector de la formaci\u00f3n t\u00e9cnico profesional unen esfuerzos para capacitar a senadores y su personal en \u00e1reas estrat\u00e9gicas. El Senado de la Rep\u00fablica y el Instituto Nacional de Formaci\u00f3n T\u00e9cnico Profesional (INFOTEP) firmaron un acuerdo de colaboraci\u00f3n interinstitucional dirigido a los legisladores y colaboradores\u2026","rel":"","context":"En \u00abNACIONALES\u00bb","block_context":{"text":"NACIONALES","link":"https:\/\/lasprimeras.com.do\/index.php\/category\/nacionales\/"},"img":{"alt_text":"","src":"https:\/\/i0.wp.com\/lasprimeras.com.do\/wp-content\/uploads\/2025\/07\/Ricardo-de-los-Santos-y-Rafael-Santos-Badia-1.jpg?resize=350%2C200&ssl=1","width":350,"height":200,"srcset":"https:\/\/i0.wp.com\/lasprimeras.com.do\/wp-content\/uploads\/2025\/07\/Ricardo-de-los-Santos-y-Rafael-Santos-Badia-1.jpg?resize=350%2C200&ssl=1 1x, https:\/\/i0.wp.com\/lasprimeras.com.do\/wp-content\/uploads\/2025\/07\/Ricardo-de-los-Santos-y-Rafael-Santos-Badia-1.jpg?resize=525%2C300&ssl=1 1.5x, https:\/\/i0.wp.com\/lasprimeras.com.do\/wp-content\/uploads\/2025\/07\/Ricardo-de-los-Santos-y-Rafael-Santos-Badia-1.jpg?resize=700%2C400&ssl=1 2x"},"classes":[]},{"id":127357,"url":"https:\/\/lasprimeras.com.do\/index.php\/2026\/04\/10\/infotep-designo-a-carlos-jose-hernandez-sanchez-como-director-de-la-regional-cibao-sur\/","url_meta":{"origin":79657,"position":3},"title":"INFOTEP design\u00f3 a Carlos Jos\u00e9 Hern\u00e1ndez S\u00e1nchez como director de la Regional Cibao Sur","author":"Nelson Feliz","date":"10 de abril de 2026","format":false,"excerpt":"\u00b7-Cuenta con m\u00e1s de tres d\u00e9cadas de trayectoria en la instituci\u00f3n y s\u00f3lida formaci\u00f3n en gesti\u00f3n y tecnolog\u00eda-. El Instituto Nacional de Formaci\u00f3n T\u00e9cnico Profesional (INFOTEP) design\u00f3 a Carlos Jos\u00e9 Hern\u00e1ndez S\u00e1nchez como director de la Regional Cibao Sur, mediante el circular n\u00famero 1-002, una disposici\u00f3n adoptada por la Direcci\u00f3n\u2026","rel":"","context":"En \u00abNACIONALES\u00bb","block_context":{"text":"NACIONALES","link":"https:\/\/lasprimeras.com.do\/index.php\/category\/nacionales\/"},"img":{"alt_text":"Carlos Jos\u00e9 Hern\u00e1ndez S\u00e1nchez","src":"https:\/\/i0.wp.com\/lasprimeras.com.do\/wp-content\/uploads\/2026\/04\/Carlos-Jose-Hernandez-Sanchez.jpg?resize=350%2C200&ssl=1","width":350,"height":200,"srcset":"https:\/\/i0.wp.com\/lasprimeras.com.do\/wp-content\/uploads\/2026\/04\/Carlos-Jose-Hernandez-Sanchez.jpg?resize=350%2C200&ssl=1 1x, https:\/\/i0.wp.com\/lasprimeras.com.do\/wp-content\/uploads\/2026\/04\/Carlos-Jose-Hernandez-Sanchez.jpg?resize=525%2C300&ssl=1 1.5x, https:\/\/i0.wp.com\/lasprimeras.com.do\/wp-content\/uploads\/2026\/04\/Carlos-Jose-Hernandez-Sanchez.jpg?resize=700%2C400&ssl=1 2x"},"classes":[]},{"id":104490,"url":"https:\/\/lasprimeras.com.do\/index.php\/2025\/07\/24\/infotep-ofrece-una-conferencia-magistral-titulada-la-democratizacion-del-conocimiento-cientifico-tecnologico\/","url_meta":{"origin":79657,"position":4},"title":"INFOTEP ofrece una conferencia magistral titulada \u201cLa democratizaci\u00f3n del conocimiento cient\u00edfico-tecnol\u00f3gico\u201d","author":"Nelson Feliz","date":"24 de julio de 2025","format":false,"excerpt":"\u2022Las Comisiones Evaluadoras validan, con transparencia y rigor t\u00e9cnico, las competencias adquiridas por trabajadores y aprendices en distintas modalidades de formaci\u00f3n. El Instituto Nacional de Formaci\u00f3n T\u00e9cnico Profesional (INFOTEP) realiz\u00f3 su encuentro nacional con los integrantes de las Comisiones Evaluadoras de los egresados de la instituci\u00f3n, en el que mediante\u2026","rel":"","context":"En \u00abNACIONALES\u00bb","block_context":{"text":"NACIONALES","link":"https:\/\/lasprimeras.com.do\/index.php\/category\/nacionales\/"},"img":{"alt_text":"","src":"https:\/\/i0.wp.com\/lasprimeras.com.do\/wp-content\/uploads\/2025\/07\/Rafael-Santos-Badia-1.jpg?resize=350%2C200&ssl=1","width":350,"height":200,"srcset":"https:\/\/i0.wp.com\/lasprimeras.com.do\/wp-content\/uploads\/2025\/07\/Rafael-Santos-Badia-1.jpg?resize=350%2C200&ssl=1 1x, https:\/\/i0.wp.com\/lasprimeras.com.do\/wp-content\/uploads\/2025\/07\/Rafael-Santos-Badia-1.jpg?resize=525%2C300&ssl=1 1.5x, https:\/\/i0.wp.com\/lasprimeras.com.do\/wp-content\/uploads\/2025\/07\/Rafael-Santos-Badia-1.jpg?resize=700%2C400&ssl=1 2x"},"classes":[]},{"id":116423,"url":"https:\/\/lasprimeras.com.do\/index.php\/2025\/12\/01\/director-del-infotep-afirma-formacion-tecnico-impulsa-productividad-y-competitividad-de-las-mipymes\/","url_meta":{"origin":79657,"position":5},"title":"Director del INFOTEP afirma Formaci\u00f3n T\u00e9cnico impulsa productividad y competitividad de las MIPYMES","author":"Nelson Feliz","date":"1 de diciembre de 2025","format":false,"excerpt":"\u00b7Rafael Santos Bad\u00eda destaca que la capacitaci\u00f3n, la asistencia t\u00e9cnica y el emprendimiento fortalecen el crecimiento econ\u00f3mico nacional. La formaci\u00f3n t\u00e9cnico profesional se ha convertido en un factor decisivo para el crecimiento de las Mipymes y para el dinamismo econ\u00f3mico del pa\u00eds, afirm\u00f3 el director general del INFOTEP, Rafael Santos\u2026","rel":"","context":"En \u00abECONOM\u00cdA\u00bb","block_context":{"text":"ECONOM\u00cdA","link":"https:\/\/lasprimeras.com.do\/index.php\/category\/economia\/"},"img":{"alt_text":"","src":"https:\/\/i0.wp.com\/lasprimeras.com.do\/wp-content\/uploads\/2025\/12\/Rafael-Santos-Badia.jpg?resize=350%2C200&ssl=1","width":350,"height":200,"srcset":"https:\/\/i0.wp.com\/lasprimeras.com.do\/wp-content\/uploads\/2025\/12\/Rafael-Santos-Badia.jpg?resize=350%2C200&ssl=1 1x, https:\/\/i0.wp.com\/lasprimeras.com.do\/wp-content\/uploads\/2025\/12\/Rafael-Santos-Badia.jpg?resize=525%2C300&ssl=1 1.5x, https:\/\/i0.wp.com\/lasprimeras.com.do\/wp-content\/uploads\/2025\/12\/Rafael-Santos-Badia.jpg?resize=700%2C400&ssl=1 2x"},"classes":[]}],"jetpack_sharing_enabled":true,"_links":{"self":[{"href":"https:\/\/lasprimeras.com.do\/index.php\/wp-json\/wp\/v2\/posts\/79657","targetHints":{"allow":["GET"]}}],"collection":[{"href":"https:\/\/lasprimeras.com.do\/index.php\/wp-json\/wp\/v2\/posts"}],"about":[{"href":"https:\/\/lasprimeras.com.do\/index.php\/wp-json\/wp\/v2\/types\/post"}],"author":[{"embeddable":true,"href":"https:\/\/lasprimeras.com.do\/index.php\/wp-json\/wp\/v2\/users\/2"}],"replies":[{"embeddable":true,"href":"https:\/\/lasprimeras.com.do\/index.php\/wp-json\/wp\/v2\/comments?post=79657"}],"version-history":[{"count":1,"href":"https:\/\/lasprimeras.com.do\/index.php\/wp-json\/wp\/v2\/posts\/79657\/revisions"}],"predecessor-version":[{"id":79659,"href":"https:\/\/lasprimeras.com.do\/index.php\/wp-json\/wp\/v2\/posts\/79657\/revisions\/79659"}],"wp:featuredmedia":[{"embeddable":true,"href":"https:\/\/lasprimeras.com.do\/index.php\/wp-json\/wp\/v2\/media\/79658"}],"wp:attachment":[{"href":"https:\/\/lasprimeras.com.do\/index.php\/wp-json\/wp\/v2\/media?parent=79657"}],"wp:term":[{"taxonomy":"category","embeddable":true,"href":"https:\/\/lasprimeras.com.do\/index.php\/wp-json\/wp\/v2\/categories?post=79657"},{"taxonomy":"post_tag","embeddable":true,"href":"https:\/\/lasprimeras.com.do\/index.php\/wp-json\/wp\/v2\/tags?post=79657"}],"curies":[{"name":"wp","href":"https:\/\/api.w.org\/{rel}","templated":true}]}}