{"id":79707,"date":"2024-03-30T14:57:33","date_gmt":"2024-03-30T18:57:33","guid":{"rendered":"https:\/\/lasprimeras.com.do\/?p=79707"},"modified":"2024-03-30T14:57:35","modified_gmt":"2024-03-30T18:57:35","slug":"se-registran-69-accidentes-de-transito-y-150-personas-intoxicadas-en-las-ultimas-24-horas","status":"publish","type":"post","link":"https:\/\/lasprimeras.com.do\/index.php\/2024\/03\/30\/se-registran-69-accidentes-de-transito-y-150-personas-intoxicadas-en-las-ultimas-24-horas\/","title":{"rendered":"Se registran 69 accidentes de tr\u00e1nsito y 150 personas intoxicadas en las \u00faltimas 24 horas"},"content":{"rendered":"\n<p><strong>Juan Manuel M\u00e9ndez Garc\u00eda, director del COE consider\u00f3 que hay una disminuci\u00f3n de los eventos tr\u00e1gico durante este asueto de Semana Santa.<\/strong><\/p>\n\n\n\n<p>El Centro de Operaciones de Emergencia (COE) emiti\u00f3 este S\u00e1bado Santo el segundo bolet\u00edn informativo del Operativo Semana Santa \u201cConciencia por la vida 2024\u201d, registr\u00f3 un total de 69 accidentes de tr\u00e1nsito en las diferentes autopistas del pa\u00eds.<\/p>\n\n\n\n<p>El director del COE, Juan Manuel Mendez Garc\u00eda, detall\u00f3 que por causa de los accidentes notificados resultaron heridas 112 ciudadanos de los cuales, 52 involucran motocicletas, 10 veh\u00edculos livianos y siete atropellamientos. Se realizaron un total de 8,970 asistencias viales a los ciudadanos.<\/p>\n\n\n\n<p>Confirm\u00f3 que como resultado de esos eventos dos personas fallecieron por accidentes y dos por inmersi\u00f3n de asfixia.<\/p>\n\n\n\n<p>Adem\u00e1s, dentro del sistema de seguridad registraron 150 personas intoxicadas por ingesta de alcohol, entre ellos unos 13 menores de 10 y 17 a\u00f1os de edad. Tambi\u00e9n otras 64 personas fueron atendidas por intoxicaci\u00f3n alimentaria.<\/p>\n\n\n\n<p>Juan Manuel M\u00e9ndez Garc\u00eda, director del COE consider\u00f3 que la disminuci\u00f3n de los eventos tr\u00e1gico durante este asueto, es el resultado de las campa\u00f1as de concientizaci\u00f3n y el despliegue de las instituciones de emergencia y el orden p\u00fablico.<\/p>\n\n\n\n<p>Indic\u00f3 que no celebra que este a\u00f1o se hayan registrado menos muertes durante el asueto porque no es correcto medir la eficiencia de los operativos por la cantidad de ciudadanos que pierden la vida sino por la reducci\u00f3n de los accidentes de tr\u00e1nsitos.<\/p>\n\n\n\n<p>Exhort\u00f3 a los dominicanos no excederse al momento de tomar bebidas alcoh\u00f3licas si est\u00e1n conduciendo, incit\u00f3 a los motoristas a usar el caso protector.<\/p>\n\n\n\n<p>Fuente Listin Diario<\/p>\n","protected":false},"excerpt":{"rendered":"<p>Juan Manuel M\u00e9ndez Garc\u00eda, director del COE consider\u00f3 que hay una disminuci\u00f3n de los eventos tr\u00e1gico durante este asueto de Semana Santa. El Centro de Operaciones de Emergencia (COE) emiti\u00f3&hellip;<\/p>\n","protected":false},"author":2,"featured_media":79708,"comment_status":"open","ping_status":"open","sticky":false,"template":"","format":"standard","meta":{"content-type":"","jetpack_post_was_ever_published":false,"_jetpack_newsletter_access":"","_jetpack_dont_email_post_to_subs":false,"_jetpack_newsletter_tier_id":0,"_jetpack_memberships_contains_paywalled_content":false,"_jetpack_memberships_contains_paid_content":false,"footnotes":""},"categories":[35,25],"tags":[1331,2266,12347,12198,2049],"class_list":["post-79707","post","type-post","status-publish","format-standard","has-post-thumbnail","hentry","category-nacionales","category-portada","tag-accidentes","tag-coe","tag-intoxicadas","tag-semana-santa","tag-transito"],"jetpack_featured_media_url":"https:\/\/lasprimeras.com.do\/wp-content\/uploads\/2024\/03\/Juan-Manuel-Mendez-Garcia.jpeg","jetpack-related-posts":[{"id":97397,"url":"https:\/\/lasprimeras.com.do\/index.php\/2025\/04\/20\/coe-reporta-23-fallecidos-en-tercer-boletin-de-semana-santa\/","url_meta":{"origin":79707,"position":0},"title":"COE reporta 23 fallecidos en tercer bolet\u00edn de Semana Santa","author":"Nelson Feliz","date":"20 de abril de 2025","format":false,"excerpt":"El Centro de Operaciones de Emergencias (COE) report\u00f3 8 personas fallecidas en el Operativo Semana Santa en las \u00faltimas horas totalizando 23 en el operativo que inici\u00f3 el pasado jueves al medio d\u00eda. Entre los fallecidos en las \u00faltimas 24 horas tres est\u00e1n dentro del operativo y otras cinco fuera\u2026","rel":"","context":"En \u00abNACIONALES\u00bb","block_context":{"text":"NACIONALES","link":"https:\/\/lasprimeras.com.do\/index.php\/category\/nacionales\/"},"img":{"alt_text":"","src":"https:\/\/i0.wp.com\/lasprimeras.com.do\/wp-content\/uploads\/2023\/12\/accidentes.jpeg?resize=350%2C200&ssl=1","width":350,"height":200,"srcset":"https:\/\/i0.wp.com\/lasprimeras.com.do\/wp-content\/uploads\/2023\/12\/accidentes.jpeg?resize=350%2C200&ssl=1 1x, https:\/\/i0.wp.com\/lasprimeras.com.do\/wp-content\/uploads\/2023\/12\/accidentes.jpeg?resize=525%2C300&ssl=1 1.5x, https:\/\/i0.wp.com\/lasprimeras.com.do\/wp-content\/uploads\/2023\/12\/accidentes.jpeg?resize=700%2C400&ssl=1 2x"},"classes":[]},{"id":79840,"url":"https:\/\/lasprimeras.com.do\/index.php\/2024\/03\/31\/suman-20-muertos-desde-el-viernes-santo-hasta-este-domingo-de-resurreccion\/","url_meta":{"origin":79707,"position":1},"title":"Suman 20 muertos desde el Viernes Santo hasta este Domingo de Resurrecci\u00f3n","author":"Nelson Feliz","date":"31 de marzo de 2024","format":false,"excerpt":"La mayor\u00eda de fallecimientos ocurrieron en accidentes de tr\u00e1nsito. La cantidad de fallecidos dentro del operativo \"Consciencia por la vida, Semana Santa 2024\" del Centro de Operaciones de Emergencias (COE) hasta este Domingo de Resurrecci\u00f3n es de 20 personas. El COE report\u00f3 que hasta las 6:00 de la ma\u00f1ana del\u2026","rel":"","context":"En \u00abNACIONALES\u00bb","block_context":{"text":"NACIONALES","link":"https:\/\/lasprimeras.com.do\/index.php\/category\/nacionales\/"},"img":{"alt_text":"Juan Manuel M\u00e9ndez","src":"https:\/\/i0.wp.com\/lasprimeras.com.do\/wp-content\/uploads\/2024\/03\/Juan-Manuel-Mendez-1.jpg?resize=350%2C200&ssl=1","width":350,"height":200,"srcset":"https:\/\/i0.wp.com\/lasprimeras.com.do\/wp-content\/uploads\/2024\/03\/Juan-Manuel-Mendez-1.jpg?resize=350%2C200&ssl=1 1x, https:\/\/i0.wp.com\/lasprimeras.com.do\/wp-content\/uploads\/2024\/03\/Juan-Manuel-Mendez-1.jpg?resize=525%2C300&ssl=1 1.5x, https:\/\/i0.wp.com\/lasprimeras.com.do\/wp-content\/uploads\/2024\/03\/Juan-Manuel-Mendez-1.jpg?resize=700%2C400&ssl=1 2x"},"classes":[]},{"id":72720,"url":"https:\/\/lasprimeras.com.do\/index.php\/2024\/01\/02\/coe-reporta-19-muertos-en-accidentes-de-transito-en-fin-de-ano\/","url_meta":{"origin":79707,"position":2},"title":"COE reporta 19 muertos en accidentes de tr\u00e1nsito en fin de a\u00f1o","author":"BIMARY DE JES\u00daS Matos","date":"2 de enero de 2024","format":false,"excerpt":"Santo Domingo.-El Centro de Operaciones de Emergencias (COE) report\u00f3 este martes en su tercer bolet\u00edn de la segunda fase del operativo \u00abConciencia Por la vida 2023-2024\u00bb un total de 19 personas fallecidas por accidentes de tr\u00e1nsito durante las festividades de fin de a\u00f1o y a\u00f1o nuevo. Estas 19 personas fallecidas\u2026","rel":"","context":"En \u00abPORTADA\u00bb","block_context":{"text":"PORTADA","link":"https:\/\/lasprimeras.com.do\/index.php\/category\/portada\/"},"img":{"alt_text":"","src":"https:\/\/i0.wp.com\/lasprimeras.com.do\/wp-content\/uploads\/2024\/01\/WhatsApp-Image-2024-01-02-at-2.04.35-PM.jpeg?resize=350%2C200&ssl=1","width":350,"height":200,"srcset":"https:\/\/i0.wp.com\/lasprimeras.com.do\/wp-content\/uploads\/2024\/01\/WhatsApp-Image-2024-01-02-at-2.04.35-PM.jpeg?resize=350%2C200&ssl=1 1x, https:\/\/i0.wp.com\/lasprimeras.com.do\/wp-content\/uploads\/2024\/01\/WhatsApp-Image-2024-01-02-at-2.04.35-PM.jpeg?resize=525%2C300&ssl=1 1.5x"},"classes":[]},{"id":79812,"url":"https:\/\/lasprimeras.com.do\/index.php\/2024\/03\/31\/coe-reporta-5-fallecidos-en-operativo-semana-santa-y-3-fuera-del-mismo\/","url_meta":{"origin":79707,"position":3},"title":"COE reporta 5 fallecidos en operativo Semana Santa y 3 fuera del mismo","author":"Nelson Feliz","date":"31 de marzo de 2024","format":false,"excerpt":"El Centro de Operaciones de Emergencia, COE reporto en el tercer bolet\u00edn que en las \u00faltimas 24 horas, ocho personas perdieron la vida en accidentes de tr\u00e1nsito, de estos fallecimientos cinco est\u00e1n dentro del operativo \u201cConciencia por la Vida: Semana Santa 2024\u201d. De acuerdo con el director del COE, Juan\u2026","rel":"","context":"En \u00abNACIONALES\u00bb","block_context":{"text":"NACIONALES","link":"https:\/\/lasprimeras.com.do\/index.php\/category\/nacionales\/"},"img":{"alt_text":"","src":"https:\/\/i0.wp.com\/lasprimeras.com.do\/wp-content\/uploads\/2024\/03\/65f3a7703e1eb_jce2-1.webp?resize=350%2C200&ssl=1","width":350,"height":200,"srcset":"https:\/\/i0.wp.com\/lasprimeras.com.do\/wp-content\/uploads\/2024\/03\/65f3a7703e1eb_jce2-1.webp?resize=350%2C200&ssl=1 1x, https:\/\/i0.wp.com\/lasprimeras.com.do\/wp-content\/uploads\/2024\/03\/65f3a7703e1eb_jce2-1.webp?resize=525%2C300&ssl=1 1.5x, https:\/\/i0.wp.com\/lasprimeras.com.do\/wp-content\/uploads\/2024\/03\/65f3a7703e1eb_jce2-1.webp?resize=700%2C400&ssl=1 2x, https:\/\/i0.wp.com\/lasprimeras.com.do\/wp-content\/uploads\/2024\/03\/65f3a7703e1eb_jce2-1.webp?resize=1050%2C600&ssl=1 3x"},"classes":[]},{"id":79639,"url":"https:\/\/lasprimeras.com.do\/index.php\/2024\/03\/29\/coe-reporta-una-persona-fallecida-en-primer-boletin-de-operativo-por-semana-santa\/","url_meta":{"origin":79707,"position":4},"title":"COE reporta una persona fallecida en primer bolet\u00edn de operativo por Semana Santa","author":"BIMARY DE JES\u00daS Matos","date":"29 de marzo de 2024","format":false,"excerpt":"Santo Domingo.-El Centro de Operaciones de Emergencia (COE) report\u00f3 este viernes el fallecimiento de una persona en uno de los 36 accidentes de tr\u00e1nsito ocurridos en el marco del asueto de Semana Santa. Al leer el primer bolet\u00edn del operativo de Semana Santa, \u201cConciencia por la Vida 2024\u201d, correspondiente al\u2026","rel":"","context":"En \u00abNACIONALES\u00bb","block_context":{"text":"NACIONALES","link":"https:\/\/lasprimeras.com.do\/index.php\/category\/nacionales\/"},"img":{"alt_text":"","src":"https:\/\/i0.wp.com\/lasprimeras.com.do\/wp-content\/uploads\/2024\/03\/1-millon-de-jovenes-votaran-en-las-elecciones-municipales-2-19.jpg?resize=350%2C200&ssl=1","width":350,"height":200,"srcset":"https:\/\/i0.wp.com\/lasprimeras.com.do\/wp-content\/uploads\/2024\/03\/1-millon-de-jovenes-votaran-en-las-elecciones-municipales-2-19.jpg?resize=350%2C200&ssl=1 1x, https:\/\/i0.wp.com\/lasprimeras.com.do\/wp-content\/uploads\/2024\/03\/1-millon-de-jovenes-votaran-en-las-elecciones-municipales-2-19.jpg?resize=525%2C300&ssl=1 1.5x, https:\/\/i0.wp.com\/lasprimeras.com.do\/wp-content\/uploads\/2024\/03\/1-millon-de-jovenes-votaran-en-las-elecciones-municipales-2-19.jpg?resize=700%2C400&ssl=1 2x"},"classes":[]},{"id":92232,"url":"https:\/\/lasprimeras.com.do\/index.php\/2025\/01\/01\/coe-reporta-nueve-fallecidos-en-las-ultimas-24-horas-todos-iban-en-motocicletas\/","url_meta":{"origin":79707,"position":5},"title":"COE reporta nueve fallecidos en las \u00faltimas 24 horas; todos iban en motocicletas","author":"Nelson Feliz","date":"1 de enero de 2025","format":false,"excerpt":"Se han atendido unas 145 personas intoxicadas por alcohol; 29 resultaron ser menores de edad. El director del Centro de Operaciones de emergencias (COE) general Juan Manuel M\u00e9ndez, inform\u00f3 hoy que, durante las \u00faltimas 24 horas, se reportaron 82 accidentes de tr\u00e1nsito en autopistas, carreteras, calles y avenidas de la\u2026","rel":"","context":"En \u00abNACIONALES\u00bb","block_context":{"text":"NACIONALES","link":"https:\/\/lasprimeras.com.do\/index.php\/category\/nacionales\/"},"img":{"alt_text":"Juan Manuel M\u00e9ndez Garc\u00eda","src":"https:\/\/i0.wp.com\/lasprimeras.com.do\/wp-content\/uploads\/2024\/12\/Juan-Manuel-Mendez-Garcia.jpg?resize=350%2C200&ssl=1","width":350,"height":200,"srcset":"https:\/\/i0.wp.com\/lasprimeras.com.do\/wp-content\/uploads\/2024\/12\/Juan-Manuel-Mendez-Garcia.jpg?resize=350%2C200&ssl=1 1x, https:\/\/i0.wp.com\/lasprimeras.com.do\/wp-content\/uploads\/2024\/12\/Juan-Manuel-Mendez-Garcia.jpg?resize=525%2C300&ssl=1 1.5x, https:\/\/i0.wp.com\/lasprimeras.com.do\/wp-content\/uploads\/2024\/12\/Juan-Manuel-Mendez-Garcia.jpg?resize=700%2C400&ssl=1 2x"},"classes":[]}],"jetpack_sharing_enabled":true,"_links":{"self":[{"href":"https:\/\/lasprimeras.com.do\/index.php\/wp-json\/wp\/v2\/posts\/79707","targetHints":{"allow":["GET"]}}],"collection":[{"href":"https:\/\/lasprimeras.com.do\/index.php\/wp-json\/wp\/v2\/posts"}],"about":[{"href":"https:\/\/lasprimeras.com.do\/index.php\/wp-json\/wp\/v2\/types\/post"}],"author":[{"embeddable":true,"href":"https:\/\/lasprimeras.com.do\/index.php\/wp-json\/wp\/v2\/users\/2"}],"replies":[{"embeddable":true,"href":"https:\/\/lasprimeras.com.do\/index.php\/wp-json\/wp\/v2\/comments?post=79707"}],"version-history":[{"count":1,"href":"https:\/\/lasprimeras.com.do\/index.php\/wp-json\/wp\/v2\/posts\/79707\/revisions"}],"predecessor-version":[{"id":79709,"href":"https:\/\/lasprimeras.com.do\/index.php\/wp-json\/wp\/v2\/posts\/79707\/revisions\/79709"}],"wp:featuredmedia":[{"embeddable":true,"href":"https:\/\/lasprimeras.com.do\/index.php\/wp-json\/wp\/v2\/media\/79708"}],"wp:attachment":[{"href":"https:\/\/lasprimeras.com.do\/index.php\/wp-json\/wp\/v2\/media?parent=79707"}],"wp:term":[{"taxonomy":"category","embeddable":true,"href":"https:\/\/lasprimeras.com.do\/index.php\/wp-json\/wp\/v2\/categories?post=79707"},{"taxonomy":"post_tag","embeddable":true,"href":"https:\/\/lasprimeras.com.do\/index.php\/wp-json\/wp\/v2\/tags?post=79707"}],"curies":[{"name":"wp","href":"https:\/\/api.w.org\/{rel}","templated":true}]}}