{"id":79806,"date":"2024-03-30T13:36:00","date_gmt":"2024-03-30T17:36:00","guid":{"rendered":"https:\/\/lasprimeras.com.do\/?p=79806"},"modified":"2024-03-31T13:40:57","modified_gmt":"2024-03-31T17:40:57","slug":"hombre-muere-al-impactar-su-motocicleta-contra-un-autobus-en-bavaro","status":"publish","type":"post","link":"https:\/\/lasprimeras.com.do\/index.php\/2024\/03\/30\/hombre-muere-al-impactar-su-motocicleta-contra-un-autobus-en-bavaro\/","title":{"rendered":"Hombre muere al impactar su motocicleta contra un autob\u00fas en B\u00e1varo"},"content":{"rendered":"\n<p>Por Irentoni Vega<\/p>\n\n\n\n<p>Un hombre muri\u00f3 la madrugada del S\u00e1bado Santo en una colisi\u00f3n entre una motocicleta y un autob\u00fas de transporte, el lamentable hecho ocurri\u00f3 en la Avenida Barcel\u00f3, del distrito municipal Ver\u00f3n-Punta Cana.<\/p>\n\n\n\n<p>La v\u00edctima fue identificada como \u00c1ngel Midio Vicente Montero, de 28 a\u00f1os de edad, seg\u00fan su c\u00e9dula de identidad residente en El Cercado.<\/p>\n\n\n\n<p>Vicente Montero, muri\u00f3 producto de los golpes y heridas que recibi\u00f3 en el fuerte choque, mientras se desplazaba en una motocicleta que impact\u00f3 de frente con un autob\u00fas.<\/p>\n\n\n\n<p>Al lugar de la tragedia se presentaron unidades del 911, agentes de la Digesett, la Polic\u00eda Nacional, el Cuerpo de Bomberos y la Defensa Civil.<\/p>\n\n\n\n<p>La v\u00edctima laboraba como chofer de la compa\u00f1\u00eda de transporte tur\u00edstico Otium International.<\/p>\n\n\n\n<p>\u00c1ngel Midio, se convirti\u00f3 en la tercera v\u00edctima por accidente de tr\u00e1nsito en la zona tur\u00edstica de B\u00e1varo tras el asueto de la Semana Mayor, y la cuarta de la provincia La Altagracia.<\/p>\n\n\n\n<p>La regi\u00f3n Este solo ha tenido fallecidos por accidente de tr\u00e1nsito en la provincia La Altagracia, durante lo que va del asueto de la Semana Santa.<\/p>\n","protected":false},"excerpt":{"rendered":"<p>Por Irentoni Vega Un hombre muri\u00f3 la madrugada del S\u00e1bado Santo en una colisi\u00f3n entre una motocicleta y un autob\u00fas de transporte, el lamentable hecho ocurri\u00f3 en la Avenida Barcel\u00f3,&hellip;<\/p>\n","protected":false},"author":2,"featured_media":79807,"comment_status":"open","ping_status":"open","sticky":false,"template":"","format":"standard","meta":{"content-type":"","jetpack_post_was_ever_published":false,"_jetpack_newsletter_access":"","_jetpack_dont_email_post_to_subs":false,"_jetpack_newsletter_tier_id":0,"_jetpack_memberships_contains_paywalled_content":false,"_jetpack_memberships_contains_paid_content":false,"footnotes":""},"categories":[35],"tags":[2709,4137,46,3901,2274,650],"class_list":["post-79806","post","type-post","status-publish","format-standard","has-post-thumbnail","hentry","category-nacionales","tag-autobus","tag-bavaro","tag-hombre","tag-impactar","tag-motocicleta","tag-muere"],"jetpack_featured_media_url":"https:\/\/lasprimeras.com.do\/wp-content\/uploads\/2024\/03\/Angel-Midio-Vicente-Montero.jpg","jetpack-related-posts":[{"id":66403,"url":"https:\/\/lasprimeras.com.do\/index.php\/2023\/11\/06\/la-romana-hombre-muere-al-chocar-motocicleta-cuando-intentaba-escapar-de-una-patrulla\/","url_meta":{"origin":79806,"position":0},"title":"La Romana: Hombre muere al chocar motocicleta cuando intentaba escapar de una patrulla","author":"Nelson Feliz","date":"6 de noviembre de 2023","format":false,"excerpt":"El individuo estaba armado y dos de sus compa\u00f1eros fueron heridos y apresados, mientras que un tercero escap\u00f3. Un individuo muri\u00f3 al chocar contra un veh\u00edculo la motocicleta en la que intentaba escapar de una patrulla policial junto a otros tres compa\u00f1eros, quienes son buscados activamente en La Romana por\u2026","rel":"","context":"En \u00abNACIONALES\u00bb","block_context":{"text":"NACIONALES","link":"https:\/\/lasprimeras.com.do\/index.php\/category\/nacionales\/"},"img":{"alt_text":"ACCIDENTE","src":"https:\/\/i0.wp.com\/lasprimeras.com.do\/wp-content\/uploads\/2023\/11\/ACCIDENTE.jpg?resize=350%2C200&ssl=1","width":350,"height":200,"srcset":"https:\/\/i0.wp.com\/lasprimeras.com.do\/wp-content\/uploads\/2023\/11\/ACCIDENTE.jpg?resize=350%2C200&ssl=1 1x, https:\/\/i0.wp.com\/lasprimeras.com.do\/wp-content\/uploads\/2023\/11\/ACCIDENTE.jpg?resize=525%2C300&ssl=1 1.5x, https:\/\/i0.wp.com\/lasprimeras.com.do\/wp-content\/uploads\/2023\/11\/ACCIDENTE.jpg?resize=700%2C400&ssl=1 2x"},"classes":[]},{"id":50798,"url":"https:\/\/lasprimeras.com.do\/index.php\/2023\/05\/24\/conductor-de-motocicleta-muere-al-deslizarse-en-la-carretera-pedernales-oviedo\/","url_meta":{"origin":79806,"position":1},"title":"Conductor de motocicleta muere al deslizarse en la carretera Pedernales-Oviedo","author":"prenxa100","date":"24 de mayo de 2023","format":false,"excerpt":"Por Odalis B\u00e1ez OVIEDO , Pedernales.- Un hombre de 34 a\u00f1os de edad muri\u00f3 al deslizarse la motocicleta que conduc\u00eda en el tramo carretero entre el municipio de Oviedo y Pedernales. La v\u00edctima fue identificada como Jael Alex\u00e1nder P\u00e9rez, quien sufri\u00f3 un deslizamiento en la motocicleta marca Suzuky sin placa\u2026","rel":"","context":"En \u00abNACIONALES\u00bb","block_context":{"text":"NACIONALES","link":"https:\/\/lasprimeras.com.do\/index.php\/category\/nacionales\/"},"img":{"alt_text":"","src":"https:\/\/i0.wp.com\/atento.com.do\/wp-content\/uploads\/2023\/05\/WhatsApp-Image-2023-05-24-at-6.54.56-AM-768x1024.jpeg?resize=350%2C200","width":350,"height":200,"srcset":"https:\/\/i0.wp.com\/atento.com.do\/wp-content\/uploads\/2023\/05\/WhatsApp-Image-2023-05-24-at-6.54.56-AM-768x1024.jpeg?resize=350%2C200 1x, https:\/\/i0.wp.com\/atento.com.do\/wp-content\/uploads\/2023\/05\/WhatsApp-Image-2023-05-24-at-6.54.56-AM-768x1024.jpeg?resize=525%2C300 1.5x, https:\/\/i0.wp.com\/atento.com.do\/wp-content\/uploads\/2023\/05\/WhatsApp-Image-2023-05-24-at-6.54.56-AM-768x1024.jpeg?resize=700%2C400 2x"},"classes":[]},{"id":50728,"url":"https:\/\/lasprimeras.com.do\/index.php\/2023\/05\/23\/hombre-muere-y-su-hija-resulta-herida-en-accidente-transito\/","url_meta":{"origin":79806,"position":2},"title":"Hombre muere y su hija resulta herida en accidente tr\u00e1nsito","author":"prenxa100","date":"23 de mayo de 2023","format":false,"excerpt":"DUVERGE.- Un hombre muri\u00f3 y su hija result\u00f3 herida la ma\u00f1ana del martes luego de impactar la motocicleta que viajaban con una vaca en el tramo carretero que comunica a La Colonia Mixta del municipio de Duverg\u00e9 de la provincia Independencia. El occiso respond\u00eda al nombre de Milquian de la\u2026","rel":"","context":"En \u00abNACIONALES\u00bb","block_context":{"text":"NACIONALES","link":"https:\/\/lasprimeras.com.do\/index.php\/category\/nacionales\/"},"img":{"alt_text":"","src":"","width":0,"height":0},"classes":[]},{"id":48586,"url":"https:\/\/lasprimeras.com.do\/index.php\/2023\/05\/02\/dos-jovenes-mueren-tras-ser-impactadas-por-un-vehiculo-en-la-carretera-hato-mayor-spm\/","url_meta":{"origin":79806,"position":3},"title":"Dos jovenes mueren tras ser impactadas por un veh\u00edculo en la carretera Hato Mayor-SPM","author":"prenxa100","date":"2 de mayo de 2023","format":false,"excerpt":"Manuel Antonio Vega SAN PEDRO DE MACOR\u00cdS. \u2013 Una mujer y un hombre murieron tras ser impactados por un veh\u00edculo mientras se desplazaban en la carretera Mella, pr\u00f3ximo al batey Alejandro Bass del municipio Consuelo, provincia San Pedro de Macor\u00eds. Las victimas mortales solo han sido identificadas como Yasm\u00edn Dominga\u2026","rel":"","context":"En \u00abNACIONALES\u00bb","block_context":{"text":"NACIONALES","link":"https:\/\/lasprimeras.com.do\/index.php\/category\/nacionales\/"},"img":{"alt_text":"","src":"","width":0,"height":0},"classes":[]},{"id":72680,"url":"https:\/\/lasprimeras.com.do\/index.php\/2024\/01\/02\/mueren-dos-personas-en-accidentes-de-transito-en-la-romana-y-san-pedro-de-macoris\/","url_meta":{"origin":79806,"position":4},"title":"Mueren dos personas en accidentes de tr\u00e1nsito en La Romana y San Pedro de Macor\u00eds","author":"Nelson Feliz","date":"2 de enero de 2024","format":false,"excerpt":"Dos motociclistas perdieron la vida este primero de enero del 2024 en La Romana y en San Pedro de Macor\u00eds, uno al colisionar con un veh\u00edculo CRV y el otro con un poste del tendido el\u00e9ctrico. Una de las v\u00edctimas, Francisco Julio Inirio Rojas, de 22 a\u00f1os de edad, impact\u00f3\u2026","rel":"","context":"En \u00abNACIONALES\u00bb","block_context":{"text":"NACIONALES","link":"https:\/\/lasprimeras.com.do\/index.php\/category\/nacionales\/"},"img":{"alt_text":"Las v\u00edctimas del accidente de tr\u00e1nsito se desplazaban en sendas motocicletas; una choc\u00f3 con un veh\u00edculo marca CRV y la otra con un poste de luz","src":"https:\/\/i0.wp.com\/lasprimeras.com.do\/wp-content\/uploads\/2024\/01\/accidentes.jpg?resize=350%2C200&ssl=1","width":350,"height":200,"srcset":"https:\/\/i0.wp.com\/lasprimeras.com.do\/wp-content\/uploads\/2024\/01\/accidentes.jpg?resize=350%2C200&ssl=1 1x, https:\/\/i0.wp.com\/lasprimeras.com.do\/wp-content\/uploads\/2024\/01\/accidentes.jpg?resize=525%2C300&ssl=1 1.5x, https:\/\/i0.wp.com\/lasprimeras.com.do\/wp-content\/uploads\/2024\/01\/accidentes.jpg?resize=700%2C400&ssl=1 2x"},"classes":[]},{"id":54354,"url":"https:\/\/lasprimeras.com.do\/index.php\/2023\/07\/10\/una-nina-muere-y-otras-dos-resultan-heridas-junto-a-una-adulta-tras-deslizarse-motocicleta-en-montecristi\/","url_meta":{"origin":79806,"position":5},"title":"Una ni\u00f1a muere y otras dos resultan heridas junto a una adulta tras deslizarse motocicleta en Montecristi","author":"Nelson Feliz","date":"10 de julio de 2023","format":false,"excerpt":"Una ni\u00f1a de cuatro a\u00f1os de edad falleci\u00f3 anoche y otras dos menores de 8 y 3 a\u00f1os resultaron heridas, incluyendo una adulta de 28 a\u00f1os, al deslizarse la motocicleta donde se desplazaban, pr\u00f3ximo al Batey Maguaca, en el municipio San Fernando de Montecristi. La v\u00edctima fatal es la menor\u2026","rel":"","context":"En \u00abNACIONALES\u00bb","block_context":{"text":"NACIONALES","link":"https:\/\/lasprimeras.com.do\/index.php\/category\/nacionales\/"},"img":{"alt_text":"Hospital P\u00fablico Padre Fantino","src":"https:\/\/i0.wp.com\/lasprimeras.com.do\/wp-content\/uploads\/2023\/07\/WhatsApp-Image-2023-07-10-at-8.23.29-AM.jpeg?resize=350%2C200&ssl=1","width":350,"height":200,"srcset":"https:\/\/i0.wp.com\/lasprimeras.com.do\/wp-content\/uploads\/2023\/07\/WhatsApp-Image-2023-07-10-at-8.23.29-AM.jpeg?resize=350%2C200&ssl=1 1x, https:\/\/i0.wp.com\/lasprimeras.com.do\/wp-content\/uploads\/2023\/07\/WhatsApp-Image-2023-07-10-at-8.23.29-AM.jpeg?resize=525%2C300&ssl=1 1.5x, https:\/\/i0.wp.com\/lasprimeras.com.do\/wp-content\/uploads\/2023\/07\/WhatsApp-Image-2023-07-10-at-8.23.29-AM.jpeg?resize=700%2C400&ssl=1 2x"},"classes":[]}],"jetpack_sharing_enabled":true,"_links":{"self":[{"href":"https:\/\/lasprimeras.com.do\/index.php\/wp-json\/wp\/v2\/posts\/79806","targetHints":{"allow":["GET"]}}],"collection":[{"href":"https:\/\/lasprimeras.com.do\/index.php\/wp-json\/wp\/v2\/posts"}],"about":[{"href":"https:\/\/lasprimeras.com.do\/index.php\/wp-json\/wp\/v2\/types\/post"}],"author":[{"embeddable":true,"href":"https:\/\/lasprimeras.com.do\/index.php\/wp-json\/wp\/v2\/users\/2"}],"replies":[{"embeddable":true,"href":"https:\/\/lasprimeras.com.do\/index.php\/wp-json\/wp\/v2\/comments?post=79806"}],"version-history":[{"count":1,"href":"https:\/\/lasprimeras.com.do\/index.php\/wp-json\/wp\/v2\/posts\/79806\/revisions"}],"predecessor-version":[{"id":79808,"href":"https:\/\/lasprimeras.com.do\/index.php\/wp-json\/wp\/v2\/posts\/79806\/revisions\/79808"}],"wp:featuredmedia":[{"embeddable":true,"href":"https:\/\/lasprimeras.com.do\/index.php\/wp-json\/wp\/v2\/media\/79807"}],"wp:attachment":[{"href":"https:\/\/lasprimeras.com.do\/index.php\/wp-json\/wp\/v2\/media?parent=79806"}],"wp:term":[{"taxonomy":"category","embeddable":true,"href":"https:\/\/lasprimeras.com.do\/index.php\/wp-json\/wp\/v2\/categories?post=79806"},{"taxonomy":"post_tag","embeddable":true,"href":"https:\/\/lasprimeras.com.do\/index.php\/wp-json\/wp\/v2\/tags?post=79806"}],"curies":[{"name":"wp","href":"https:\/\/api.w.org\/{rel}","templated":true}]}}