{"id":79828,"date":"2024-03-31T16:29:56","date_gmt":"2024-03-31T20:29:56","guid":{"rendered":"https:\/\/lasprimeras.com.do\/?p=79828"},"modified":"2024-03-31T16:29:57","modified_gmt":"2024-03-31T20:29:57","slug":"obras-se-promueven-en-todo-el-mundo-en-los-principales-idiomas","status":"publish","type":"post","link":"https:\/\/lasprimeras.com.do\/index.php\/2024\/03\/31\/obras-se-promueven-en-todo-el-mundo-en-los-principales-idiomas\/","title":{"rendered":"Obras se promueven en todo el mundo en los principales idiomas"},"content":{"rendered":"\n<p>Por: Pedro Julio Abreu Columna<\/p>\n\n\n\n<p>Las obras literarias <a>La Grecia de Hoy y los Siglos de Oro del Imperio Griego (Filosof\u00eda y Poes\u00eda), Biograf\u00eda de un \u00c1guila, El Comercio Internacional en el Nuevo Orden Mundial((Econom\u00eda) y Los Grandes del F\u00fatbol la M\u00fasica la Pintura y el Cine<\/a>.Del escritor PedroJulio Abreu Columna, se promueven en los principales idiomas del mundo.<\/p>\n\n\n\n<p>Entre estos idiomas se pueden destacar o mencionar, que se promueven los libros de Pedro Julio Abreu Columna, enespa\u00f1ol, <a>Hind\u00fa<\/a>, Portugu\u00e9s, Italiano, Franc\u00e9s, Alem\u00e1n,<a>Ingl\u00e9s<\/a>, <a>Chino<\/a>, Japon\u00e9s, \u00c1rabe, Urdu, <a>Suajili<\/a>, <a>Catal\u00e1n, Gallego, Euskera<\/a>. Cubriendo todo el mundo \ud83c\udf0f.&nbsp; Cubriendo todo el Globo terr\u00e1queo.<\/p>\n\n\n\n<p>En espa\u00f1ol, se promueven en el continente americano, Europa, Asia, \u00c1frica, y oceania.&nbsp; Est\u00e1n disponibles a la venta en m\u00e1s de cuatro mil quinientas librer\u00edas, y en las m\u00e1s grandes de Espa\u00f1a, Latinoam\u00e9rica, el habla hispana, &nbsp;del habla ingl\u00e9s y de los paises que conforman nuestro planeta tierra.<\/p>\n\n\n\n<p>Hind\u00fa o (Hindi), en este idioma llegan las obras del autor ala India, Nepal, Nueva Zelandia, Australia y Nueva Zelanda; Singapur, Sudeste Asi\u00e1tico; Jamaica, El Caribe; Trinidad y Tobago, alrededor de 570 millones de habitantes.<\/p>\n\n\n\n<p>El portugu\u00e9s es otro de los idiomas en que se promueven las obras de este autor actualmente el quinto idioma m\u00e1s hablado en el mundo y el idioma oficial de Portugal, Brasil, Angola, Cabo Verde, Timor Oriental. Guinea-Bissau, Mozambique, Santo Tom\u00e9 y Pr\u00edncipe y en Macao.<\/p>\n\n\n\n<p>El italiano es un idioma que se habla en pa\u00edses europeos Italia, Suiza, la Ciudad del Vaticano, en este idioma est\u00e1n los portales de la web para los libros del autor.<\/p>\n\n\n\n<p>Francia, Canad\u00e1, B\u00e9lgica, Suiza, Rep\u00fablica Democr\u00e1tica del Congo, Rep\u00fablica del Congo.<\/p>\n\n\n\n<p>Costa de Marfil, entre otros pa\u00edses.<\/p>\n\n\n\n<p>En el idioma alem\u00e1n, se difunden las obras abarcando mas de un centenar de millones de personas que hablan este idioma en el mundo especialmente en Alemania y otros pa\u00edses de Europa.<\/p>\n\n\n\n<p>En el idioma ingl\u00e9s se promueven los libros: Biograf\u00eda de un \u00c1guila, La Grecia de Hoy y los Siglos de Oro del Imperio Griego (Filosof\u00eda y Poes\u00eda), El Comercio Internacional en el Nuevo Orden Mundial ((Econom\u00eda) y Los Grandes del F\u00fatbol la M\u00fasica la Pintura y el Cine, llegando alrededor de setenta pa\u00edsesque hablan este idioma de manera oficial y unos mil cuatrocientos millones que lo hablan.<\/p>\n\n\n\n<p>En el idioma Chino Mandar\u00edn, este idioma que se hablaen China, Hong Kong, Macao, Singapur, Taiw\u00e1n, es hablado por alrededor de mil quinientos millones de personas en el mundo.<\/p>\n\n\n\n<p>El idioma japon\u00e9s, que es hablado en Jap\u00f3n y otros lugares del mundo tiene una cantidad de m\u00e1s de ciento veinticinco millones de personas que lo hablan en el mundo.<\/p>\n\n\n\n<p>&nbsp;El idioma \u00e1rabe, que es la lengua nativa en m\u00e1s de veinte pa\u00edses y adem\u00e1s es hablado por alrededor o un numero mayor a los doscientos setenta millones de personas como lengua nativa en Asia, \u00c1frica, Medio Oriente, llegando algo m\u00e1s de quinientos millones de personas que lo hablan en el mundo.<\/p>\n\n\n\n<p>Urdu, es un idioma hablado por varios cientos de millones de personas en la India y otros pa\u00edses del mundo.<\/p>\n\n\n\n<p>Suajili, es un idioma utilizado en \u00c1frica por gran parte de los pa\u00edses africanos, hablado por varios cientos de millones de personas.<\/p>\n\n\n\n<p>En los idiomas Catal\u00e1n, Gallego, Euskera, lenguas o idiomas que son hablados en Espa\u00f1a, tambi\u00e9n son promocionados los libros del Autor.<\/p>\n\n\n\n<p>En las principales librer\u00edas del mundo esta disponible, y en los portales de ventas de libros online,disponible en Estados Unidos, Espa\u00f1a, Pa\u00eds Vasco, Europa, Canad\u00e1, M\u00e9xico, Am\u00e9rica Latina, Australia Ocean\u00eda, Emiratos \u00c1rabes, Dub\u00e1i, Abu Dabi, Arabia Saudita, Kuwait, \u00c1frica, Jap\u00f3n Asia.&nbsp;&nbsp; Amazon, lavanguardia.com ,&nbsp; Libros.cc ,&nbsp; fnac, La Casa del libro, El Corte Ingl\u00e9s, Amazon M\u00e9xico, elkar.eus , Cause Libros , Corotos, MarketPlace, Amazon Espa\u00f1a,&nbsp; Amazon Italia, Amazon Francia, Amazon Turqu\u00eda, Amazon Canad\u00e1, Amazon Australia, Amazon Emiratos \u00c1rabes, Amazon Jap\u00f3n, Amazon Brasil, Amazon Inglaterra, Google books,&nbsp; Apple Books, \/books.apple.com\/do\/book\/biograf\u00eda-de-un-\u00e1guila,&nbsp; m\u00e1s cuatro mil librer\u00edas alrededor del mundo promueven las obras.<\/p>\n\n\n\n<p>La Biograf\u00eda de un \u00c1guila, recibi\u00f3 el premio \u201cMaestr\u00eda\u201d por la calidad de la obra la consideraron una obra Maestra, porel grupo editorial, m\u00e1s grande de Espa\u00f1a.<\/p>\n\n\n\n<p>Biograf\u00eda de un \u00c1guila, fue valorada por su aporte a la ciencia y a la humanidad, lo que le permiti\u00f3 a esta obra ser valorada como una obra maestra, otorg\u00e1ndole los expertos en la materia el premio Maestr\u00eda.<\/p>\n\n\n\n<p>Mientras que el libro\u201cLa Grecia de Hoy y los Siglos de Oro del Imperio Griego (Filosof\u00eda y Poes\u00eda)\u201d a gozado de una aceptaci\u00f3n internacional a nivel de reyes, presidentes, primeros ministros y cancilleres en diferentes pa\u00edses del mundo.\u00a0 <\/p>\n\n\n\n<p>La misma fue editada por el grupo editorial PenguinRandom House, que es un grupo editorial alem\u00e1n, que es considerado el m\u00e1s grande y el m\u00e1s influyente en el idioma anglosaj\u00f3n y en los dem\u00e1s idiomas adem\u00e1s del ingl\u00e9s y el alem\u00e1n. Obras se promueven en todo el mundo en los principales idiomas, cubriendo toda la Tierra.<\/p>\n","protected":false},"excerpt":{"rendered":"<p>Por: Pedro Julio Abreu Columna Las obras literarias La Grecia de Hoy y los Siglos de Oro del Imperio Griego (Filosof\u00eda y Poes\u00eda), Biograf\u00eda de un \u00c1guila, El Comercio Internacional&hellip;<\/p>\n","protected":false},"author":2,"featured_media":79829,"comment_status":"open","ping_status":"open","sticky":false,"template":"","format":"standard","meta":{"content-type":"","jetpack_post_was_ever_published":false,"_jetpack_newsletter_access":"","_jetpack_dont_email_post_to_subs":false,"_jetpack_newsletter_tier_id":0,"_jetpack_memberships_contains_paywalled_content":false,"_jetpack_memberships_contains_paid_content":false,"footnotes":""},"categories":[95],"tags":[12406],"class_list":["post-79828","post","type-post","status-publish","format-standard","has-post-thumbnail","hentry","category-opinion","tag-obras-se-promueven-en-todo-el-mundo"],"jetpack_featured_media_url":"https:\/\/lasprimeras.com.do\/wp-content\/uploads\/2024\/03\/Mapa-del-mundo.jpg","jetpack-related-posts":[{"id":63919,"url":"https:\/\/lasprimeras.com.do\/index.php\/2023\/10\/16\/liber-23\/","url_meta":{"origin":79828,"position":0},"title":"LIBER 23","author":"Nelson Feliz","date":"16 de octubre de 2023","format":false,"excerpt":"Por: Pedro Julio Abreu Columna Recientemente participe de la Feria Internacional del Libro \u201cLIBER\u201d, que se celebr\u00f3 en l el consorcio Institucional Ferial de Madrid \u201cIFEMA\u201d, en la ciudad de Madrid, Espa\u00f1a. E l evento se realiza cada a\u00f1o y re\u00fane a editoras de libros, productores de revistas, compositores de\u2026","rel":"","context":"En \u00abOPINI\u00d3N\u00bb","block_context":{"text":"OPINI\u00d3N","link":"https:\/\/lasprimeras.com.do\/index.php\/category\/opinion\/"},"img":{"alt_text":"Liber 23","src":"https:\/\/i0.wp.com\/lasprimeras.com.do\/wp-content\/uploads\/2023\/10\/Liber-23.jpg?resize=350%2C200&ssl=1","width":350,"height":200,"srcset":"https:\/\/i0.wp.com\/lasprimeras.com.do\/wp-content\/uploads\/2023\/10\/Liber-23.jpg?resize=350%2C200&ssl=1 1x, https:\/\/i0.wp.com\/lasprimeras.com.do\/wp-content\/uploads\/2023\/10\/Liber-23.jpg?resize=525%2C300&ssl=1 1.5x, https:\/\/i0.wp.com\/lasprimeras.com.do\/wp-content\/uploads\/2023\/10\/Liber-23.jpg?resize=700%2C400&ssl=1 2x"},"classes":[]},{"id":120897,"url":"https:\/\/lasprimeras.com.do\/index.php\/2026\/01\/29\/mescyt-promueve-el-ingles-como-pilar-de-la-competitividad-juvenil-en-santo-domingo-este\/","url_meta":{"origin":79828,"position":1},"title":"MESCyT promueve el ingl\u00e9s como pilar de la competitividad juvenil en Santo Domingo Este","author":"Nelson Feliz","date":"29 de enero de 2026","format":false,"excerpt":"El ministro de Educaci\u00f3n Superior, Ciencia y Tecnolog\u00eda (MESCyT), doctor Franklin Garc\u00eda Ferm\u00edn, contin\u00faa fortaleciendo el programa Ingl\u00e9s por Inmersi\u00f3n para la Competitividad, una iniciativa que beneficiar\u00e1 a m\u00e1s de 900 j\u00f3venes del municipio Santo Domingo Este. Garc\u00eda Ferm\u00edn sigue apostando al dominio del idioma como una herramienta clave para\u2026","rel":"","context":"En \u00abNACIONALES\u00bb","block_context":{"text":"NACIONALES","link":"https:\/\/lasprimeras.com.do\/index.php\/category\/nacionales\/"},"img":{"alt_text":"","src":"https:\/\/i0.wp.com\/lasprimeras.com.do\/wp-content\/uploads\/2026\/01\/IMG-20260128-WA0539.jpg?resize=350%2C200&ssl=1","width":350,"height":200,"srcset":"https:\/\/i0.wp.com\/lasprimeras.com.do\/wp-content\/uploads\/2026\/01\/IMG-20260128-WA0539.jpg?resize=350%2C200&ssl=1 1x, https:\/\/i0.wp.com\/lasprimeras.com.do\/wp-content\/uploads\/2026\/01\/IMG-20260128-WA0539.jpg?resize=525%2C300&ssl=1 1.5x, https:\/\/i0.wp.com\/lasprimeras.com.do\/wp-content\/uploads\/2026\/01\/IMG-20260128-WA0539.jpg?resize=700%2C400&ssl=1 2x, https:\/\/i0.wp.com\/lasprimeras.com.do\/wp-content\/uploads\/2026\/01\/IMG-20260128-WA0539.jpg?resize=1050%2C600&ssl=1 3x, https:\/\/i0.wp.com\/lasprimeras.com.do\/wp-content\/uploads\/2026\/01\/IMG-20260128-WA0539.jpg?resize=1400%2C800&ssl=1 4x"},"classes":[]},{"id":74597,"url":"https:\/\/lasprimeras.com.do\/index.php\/2024\/01\/24\/la-preocupante-situacion-del-agua-que-viven-los-dominicanos\/","url_meta":{"origin":79828,"position":2},"title":"La preocupante situaci\u00f3n del agua que viven los dominicanos","author":"Nelson Feliz","date":"24 de enero de 2024","format":false,"excerpt":"Por: Pedro Julio Abreu Columna Se puede observar la situaci\u00f3n critica en materia de Agua, que esta viviendo la Rep\u00fablica Dominicana.\u00a0\u00a0 Los ciudadanos de esta gran naci\u00f3n, est\u00e1n pasando calamidad, una cruj\u00eda, que pareciera que no se esta viviendo en el siglo XXI. Este comportamiento de desabastecimiento de ese l\u00edquido,\u2026","rel":"","context":"En \u00abOPINI\u00d3N\u00bb","block_context":{"text":"OPINI\u00d3N","link":"https:\/\/lasprimeras.com.do\/index.php\/category\/opinion\/"},"img":{"alt_text":"Pedro Julio Abreu Columna.","src":"https:\/\/i0.wp.com\/lasprimeras.com.do\/wp-content\/uploads\/2024\/01\/Pedro-Julio-Abreu-Columna.jpg?resize=350%2C200&ssl=1","width":350,"height":200},"classes":[]},{"id":81867,"url":"https:\/\/lasprimeras.com.do\/index.php\/2024\/04\/25\/yo-al-igual-que-joaquin-balaguer-tambien-tengo-mis-enanos\/","url_meta":{"origin":79828,"position":3},"title":"Yo al igual que Joaqu\u00edn Balaguer tambi\u00e9n tengo mis enanos","author":"Nelson Feliz","date":"25 de abril de 2024","format":false,"excerpt":"Por: Pedro Julio Abreu Columna El siete veces presidente de la Rep\u00fablica Dominicana, el doctor Joaqu\u00edn Balaguer,\u00a0\u00a0 que tiene r\u00e9cord hist\u00f3rico de ser el presidente dominicano m\u00e1s veces elegidos en la naci\u00f3n dominicana y que entrego su ultima voluntad a Pedro, https:\/\/ahoramismo.com.do\/opiniones\/balaguer-entrega-el-poder-y-su-ultima-voluntad-a-pedro\/ y\/ohttps:\/\/pjac.es\/2023\/11\/26\/balaguer-entrega-el-poder-y-su-ultima-voluntad-a-pedro\/ . El doctor Joaqu\u00edn Balaguer, tiene un\u2026","rel":"","context":"En \u00abOPINI\u00d3N\u00bb","block_context":{"text":"OPINI\u00d3N","link":"https:\/\/lasprimeras.com.do\/index.php\/category\/opinion\/"},"img":{"alt_text":"Joaquin Balaguer y Pedro Julio Abreu Columna","src":"https:\/\/i0.wp.com\/lasprimeras.com.do\/wp-content\/uploads\/2024\/04\/Joaquin-Balaguer-y-Pedro-Julio-Abreu-Columna-3-3.jpg?resize=350%2C200&ssl=1","width":350,"height":200,"srcset":"https:\/\/i0.wp.com\/lasprimeras.com.do\/wp-content\/uploads\/2024\/04\/Joaquin-Balaguer-y-Pedro-Julio-Abreu-Columna-3-3.jpg?resize=350%2C200&ssl=1 1x, https:\/\/i0.wp.com\/lasprimeras.com.do\/wp-content\/uploads\/2024\/04\/Joaquin-Balaguer-y-Pedro-Julio-Abreu-Columna-3-3.jpg?resize=525%2C300&ssl=1 1.5x"},"classes":[]},{"id":88638,"url":"https:\/\/lasprimeras.com.do\/index.php\/2024\/09\/01\/raquel-pena-inaugura-obras-en-pedro-brand-y-villa-altagracia\/","url_meta":{"origin":79828,"position":4},"title":"Raquel Pe\u00f1a inaugura obras en Pedro Brand y Villa Altagracia","author":"Nelson Feliz","date":"1 de septiembre de 2024","format":false,"excerpt":"La vicepresidenta de la Rep\u00fablica, Raquel Pe\u00f1a, entreg\u00f3 este domingo cuatro obras valoradas en RD$ 320,220,050 que impactaran a varias comunidades de Pedro Brand y Villa Altagracia en materia deportiva, de salud, educaci\u00f3n y vivienda. Se trata de la remodelaci\u00f3n de un complejo deportivo en La Cuaba, la entrega de\u2026","rel":"","context":"En \u00abECONOM\u00cdA\u00bb","block_context":{"text":"ECONOM\u00cdA","link":"https:\/\/lasprimeras.com.do\/index.php\/category\/economia\/"},"img":{"alt_text":"Raquel Pe\u00f1a","src":"https:\/\/i0.wp.com\/lasprimeras.com.do\/wp-content\/uploads\/2024\/09\/Raquel-Pena.jpg?resize=350%2C200&ssl=1","width":350,"height":200,"srcset":"https:\/\/i0.wp.com\/lasprimeras.com.do\/wp-content\/uploads\/2024\/09\/Raquel-Pena.jpg?resize=350%2C200&ssl=1 1x, https:\/\/i0.wp.com\/lasprimeras.com.do\/wp-content\/uploads\/2024\/09\/Raquel-Pena.jpg?resize=525%2C300&ssl=1 1.5x, https:\/\/i0.wp.com\/lasprimeras.com.do\/wp-content\/uploads\/2024\/09\/Raquel-Pena.jpg?resize=700%2C400&ssl=1 2x"},"classes":[]},{"id":120533,"url":"https:\/\/lasprimeras.com.do\/index.php\/2026\/01\/25\/voluntariado-agentes-al-100-promueve-la-insignia-corazon-de-duarte-en-jornada-del-ministerio-de-educacion\/","url_meta":{"origin":79828,"position":5},"title":"Voluntariado Agentes al 100 promueve la insignia \u201cCoraz\u00f3n de Duarte\u201d en jornada del Ministerio de Educaci\u00f3n","author":"Nelson Feliz","date":"25 de enero de 2026","format":false,"excerpt":"La iniciativa \u201cHablemos de Duarte\u201d se desarrolla de manera simult\u00e1nea en todo el territorio nacional Al conmemorarse el pr\u00f3ximo 26 de enero el natalicio del patricio Juan Pablo Duarte, estudiantes del voluntariado Agentes al 100 participar\u00e1n en una jornada c\u00edvica y pedag\u00f3gica del Ministerio de Educaci\u00f3n de la Rep\u00fablica Dominicana\u2026","rel":"","context":"En \u00abNACIONALES\u00bb","block_context":{"text":"NACIONALES","link":"https:\/\/lasprimeras.com.do\/index.php\/category\/nacionales\/"},"img":{"alt_text":"Voluntariado Agentes al 100 promueve la insignia \u201cCoraz\u00f3n de Duarte\u201d en jornada del Ministerio de Educaci\u00f3n por el natalicio del patricio","src":"https:\/\/i0.wp.com\/lasprimeras.com.do\/wp-content\/uploads\/2026\/01\/estudiantes-1.jpg?resize=350%2C200&ssl=1","width":350,"height":200,"srcset":"https:\/\/i0.wp.com\/lasprimeras.com.do\/wp-content\/uploads\/2026\/01\/estudiantes-1.jpg?resize=350%2C200&ssl=1 1x, https:\/\/i0.wp.com\/lasprimeras.com.do\/wp-content\/uploads\/2026\/01\/estudiantes-1.jpg?resize=525%2C300&ssl=1 1.5x, https:\/\/i0.wp.com\/lasprimeras.com.do\/wp-content\/uploads\/2026\/01\/estudiantes-1.jpg?resize=700%2C400&ssl=1 2x"},"classes":[]}],"jetpack_sharing_enabled":true,"_links":{"self":[{"href":"https:\/\/lasprimeras.com.do\/index.php\/wp-json\/wp\/v2\/posts\/79828","targetHints":{"allow":["GET"]}}],"collection":[{"href":"https:\/\/lasprimeras.com.do\/index.php\/wp-json\/wp\/v2\/posts"}],"about":[{"href":"https:\/\/lasprimeras.com.do\/index.php\/wp-json\/wp\/v2\/types\/post"}],"author":[{"embeddable":true,"href":"https:\/\/lasprimeras.com.do\/index.php\/wp-json\/wp\/v2\/users\/2"}],"replies":[{"embeddable":true,"href":"https:\/\/lasprimeras.com.do\/index.php\/wp-json\/wp\/v2\/comments?post=79828"}],"version-history":[{"count":1,"href":"https:\/\/lasprimeras.com.do\/index.php\/wp-json\/wp\/v2\/posts\/79828\/revisions"}],"predecessor-version":[{"id":79830,"href":"https:\/\/lasprimeras.com.do\/index.php\/wp-json\/wp\/v2\/posts\/79828\/revisions\/79830"}],"wp:featuredmedia":[{"embeddable":true,"href":"https:\/\/lasprimeras.com.do\/index.php\/wp-json\/wp\/v2\/media\/79829"}],"wp:attachment":[{"href":"https:\/\/lasprimeras.com.do\/index.php\/wp-json\/wp\/v2\/media?parent=79828"}],"wp:term":[{"taxonomy":"category","embeddable":true,"href":"https:\/\/lasprimeras.com.do\/index.php\/wp-json\/wp\/v2\/categories?post=79828"},{"taxonomy":"post_tag","embeddable":true,"href":"https:\/\/lasprimeras.com.do\/index.php\/wp-json\/wp\/v2\/tags?post=79828"}],"curies":[{"name":"wp","href":"https:\/\/api.w.org\/{rel}","templated":true}]}}