{"id":79834,"date":"2024-03-31T16:59:11","date_gmt":"2024-03-31T20:59:11","guid":{"rendered":"https:\/\/lasprimeras.com.do\/?p=79834"},"modified":"2024-03-31T16:59:11","modified_gmt":"2024-03-31T20:59:11","slug":"banistas-se-quejan-por-altos-precios-de-pescados-en-boca-chica","status":"publish","type":"post","link":"https:\/\/lasprimeras.com.do\/index.php\/2024\/03\/31\/banistas-se-quejan-por-altos-precios-de-pescados-en-boca-chica\/","title":{"rendered":"Ba\u00f1istas se quejan por altos precios de pescados en Boca Chica"},"content":{"rendered":"\n<p>Aunque a la playa de Boca Chica han estado acudiendo ba\u00f1istas a \u201cpasar un rato en familia\u201d, durante el asueto de esta Semana Santa, hay quienes se quejan por los altos precios que presentan los platos que se comercializan en la zona.<\/p>\n\n\n\n<p>Tal es el caso de Belkys Fr\u00edas, quien acudi\u00f3 con sus amigos este Domingo de Resurrecci\u00f3n a disfrutar de la playa y a \u201crelajarse\u201d, pero se lament\u00f3 no haber llevado comida desde su casa por lo \u201ccaro\u2019 que le vend\u00edan un pescado.<\/p>\n\n\n\n<p>\u201cNo hab\u00edamos venido y aprovechamos este \u00faltimo d\u00eda\u201d, dijo al tiempo de agregar que le estaban \u201cvendiendo un pescado en 950 pesos\u201d, precio que considera elevado.<\/p>\n\n\n\n<p>A esta queja se sum\u00f3 Juan Batista, quien dijo que \u201cno le gusta preguntar precios a la hora de pedir\u201d, pero que se llev\u00f3 una sorpresa cuando \u201cpor dos servicios de pescado\u201d tuvo que pagar 3,400 pesos.<\/p>\n\n\n\n<p>\u201cYo no pregunto, porque a m\u00ed no me gusta preguntar y cuando me dijeron que la cuenta era 3,400 mir\u00e9 para todos los lados\u201d, indic\u00f3 Batista.<\/p>\n\n\n\n<p>A pesar de los altos precios que se\u00f1alan los consumidores, Angelina Isarguez, quien trabaja en una de las casetas de comida en lugar, dijo que \u201clas ventas han estado regular\u201d.<\/p>\n\n\n\n<p>Fuente Listin Diario<\/p>\n","protected":false},"excerpt":{"rendered":"<p>Aunque a la playa de Boca Chica han estado acudiendo ba\u00f1istas a \u201cpasar un rato en familia\u201d, durante el asueto de esta Semana Santa, hay quienes se quejan por los&hellip;<\/p>\n","protected":false},"author":2,"featured_media":79835,"comment_status":"open","ping_status":"open","sticky":false,"template":"","format":"standard","meta":{"content-type":"","jetpack_post_was_ever_published":false,"_jetpack_newsletter_access":"","_jetpack_dont_email_post_to_subs":false,"_jetpack_newsletter_tier_id":0,"_jetpack_memberships_contains_paywalled_content":false,"_jetpack_memberships_contains_paid_content":false,"footnotes":""},"categories":[376],"tags":[9092,12411,2703,12410],"class_list":["post-79834","post","type-post","status-publish","format-standard","has-post-thumbnail","hentry","category-turismo","tag-altos-precios","tag-banistas","tag-boca-chica","tag-pescados"],"jetpack_featured_media_url":"https:\/\/lasprimeras.com.do\/wp-content\/uploads\/2024\/03\/pescados.jpeg","jetpack-related-posts":[{"id":126542,"url":"https:\/\/lasprimeras.com.do\/index.php\/2026\/04\/02\/banistas-desafian-lluvias-en-boca-chica-y-guayacanes\/","url_meta":{"origin":79834,"position":0},"title":"Ba\u00f1istas desaf\u00edan lluvias en Boca Chica y Guayacanes","author":"Nelson Feliz","date":"2 de abril de 2026","format":false,"excerpt":"Personas de diferentes partes del pa\u00eds se trasladaron a estas localidades para disfrutar de un d\u00eda en la playa, sin importar las condiciones clim\u00e1ticas. A pesar de las lluvias registradas desde tempranas horas de la tarde este Jueves Santo, principalmente en el Gran Santo Domingo, decenas de ba\u00f1istas acudieron a\u2026","rel":"","context":"En \u00abTURISMO\u00bb","block_context":{"text":"TURISMO","link":"https:\/\/lasprimeras.com.do\/index.php\/category\/turismo\/"},"img":{"alt_text":"","src":"https:\/\/i0.wp.com\/lasprimeras.com.do\/wp-content\/uploads\/2026\/04\/BC-1.jpg?resize=350%2C200&ssl=1","width":350,"height":200},"classes":[]},{"id":79695,"url":"https:\/\/lasprimeras.com.do\/index.php\/2024\/03\/30\/sabado-santo-aumenta-el-flujo-de-visitantes-a-la-playa-de-boca-chica\/","url_meta":{"origin":79834,"position":1},"title":"S\u00e1bado Santo: Aumenta el flujo de visitantes a la playa de Boca Chica","author":"Nelson Feliz","date":"30 de marzo de 2024","format":false,"excerpt":"En la ma\u00f1ana de este S\u00e1bado Santo la concurrida plata de Boca Chica a\u00fan ten\u00eda varias mesas vac\u00edas, pero conforme avanzaban las horas las personas iban llegando a esta zona. Felix Marinez, quien llegaba desde Villa Mella, manifest\u00f3 que su intenci\u00f3n para este d\u00eda \"era estar tranquilo en familia\" y\u2026","rel":"","context":"En \u00abPORTADA\u00bb","block_context":{"text":"PORTADA","link":"https:\/\/lasprimeras.com.do\/index.php\/category\/portada\/"},"img":{"alt_text":"Gran flujo de visitantes en Boca ChicaRA\u00d9L ASENCIO","src":"https:\/\/i0.wp.com\/lasprimeras.com.do\/wp-content\/uploads\/2024\/03\/Gran-flujo-de-visitantes-en-Boca-ChicaRAUL-ASENCIO.jpeg?resize=350%2C200&ssl=1","width":350,"height":200,"srcset":"https:\/\/i0.wp.com\/lasprimeras.com.do\/wp-content\/uploads\/2024\/03\/Gran-flujo-de-visitantes-en-Boca-ChicaRAUL-ASENCIO.jpeg?resize=350%2C200&ssl=1 1x, https:\/\/i0.wp.com\/lasprimeras.com.do\/wp-content\/uploads\/2024\/03\/Gran-flujo-de-visitantes-en-Boca-ChicaRAUL-ASENCIO.jpeg?resize=525%2C300&ssl=1 1.5x, https:\/\/i0.wp.com\/lasprimeras.com.do\/wp-content\/uploads\/2024\/03\/Gran-flujo-de-visitantes-en-Boca-ChicaRAUL-ASENCIO.jpeg?resize=700%2C400&ssl=1 2x"},"classes":[]},{"id":97279,"url":"https:\/\/lasprimeras.com.do\/index.php\/2025\/04\/17\/comerciantes-informales-aprovechan-alta-demanda-de-pescado-en-semana-santa\/","url_meta":{"origin":79834,"position":2},"title":"Comerciantes informales aprovechan alta demanda de pescado en Semana Santa","author":"Nelson Feliz","date":"17 de abril de 2025","format":false,"excerpt":"Con la llegada de la Semana Santa, decenas de vendedores informales de pescado se han instalado en las calles de distintos barrios de Santo Domingo, ofreciendo productos del mar a precios variados, en medio de una tradici\u00f3n que se repite cada a\u00f1o. En Manoguayabo, Los Alcarrizos, Villa Mella, Los R\u00edos,\u2026","rel":"","context":"En \u00abECONOM\u00cdA\u00bb","block_context":{"text":"ECONOM\u00cdA","link":"https:\/\/lasprimeras.com.do\/index.php\/category\/economia\/"},"img":{"alt_text":"","src":"https:\/\/i0.wp.com\/lasprimeras.com.do\/wp-content\/uploads\/2025\/04\/pescado.jpg?resize=350%2C200&ssl=1","width":350,"height":200,"srcset":"https:\/\/i0.wp.com\/lasprimeras.com.do\/wp-content\/uploads\/2025\/04\/pescado.jpg?resize=350%2C200&ssl=1 1x, https:\/\/i0.wp.com\/lasprimeras.com.do\/wp-content\/uploads\/2025\/04\/pescado.jpg?resize=525%2C300&ssl=1 1.5x, https:\/\/i0.wp.com\/lasprimeras.com.do\/wp-content\/uploads\/2025\/04\/pescado.jpg?resize=700%2C400&ssl=1 2x"},"classes":[]},{"id":126617,"url":"https:\/\/lasprimeras.com.do\/index.php\/2026\/04\/03\/vendedores-de-pescado-en-san-cristobal-reportan-ventas-mixtas-y-precios-variados-en-viernes-santo\/","url_meta":{"origin":79834,"position":3},"title":"Vendedores de pescado en San Crist\u00f3bal reportan ventas mixtas y precios variados en Viernes Santo","author":"Nelson Feliz","date":"3 de abril de 2026","format":false,"excerpt":"Los precios de pescado en San Crist\u00f3bal oscilan entre 175 y 300 pesos la libra, con una variedad de especies disponibles para los consumidores. En pleno Viernes Santo, el movimiento de venta de pescado en varios puntos de la provincia San Crist\u00f3bal muestra un panorama variado: mientras algunos comerciantes reportan\u2026","rel":"","context":"En \u00abECONOM\u00cdA\u00bb","block_context":{"text":"ECONOM\u00cdA","link":"https:\/\/lasprimeras.com.do\/index.php\/category\/economia\/"},"img":{"alt_text":"Un vendedor de pescado en una playa de San Crist\u00f3bal. (DIARIO LIBRE\/MARIELA LORENZO)","src":"https:\/\/i0.wp.com\/lasprimeras.com.do\/wp-content\/uploads\/2026\/04\/Un-vendedor-de-pescado-en-una-playa-de-San-Cristobal.jpg?resize=350%2C200&ssl=1","width":350,"height":200,"srcset":"https:\/\/i0.wp.com\/lasprimeras.com.do\/wp-content\/uploads\/2026\/04\/Un-vendedor-de-pescado-en-una-playa-de-San-Cristobal.jpg?resize=350%2C200&ssl=1 1x, https:\/\/i0.wp.com\/lasprimeras.com.do\/wp-content\/uploads\/2026\/04\/Un-vendedor-de-pescado-en-una-playa-de-San-Cristobal.jpg?resize=525%2C300&ssl=1 1.5x, https:\/\/i0.wp.com\/lasprimeras.com.do\/wp-content\/uploads\/2026\/04\/Un-vendedor-de-pescado-en-una-playa-de-San-Cristobal.jpg?resize=700%2C400&ssl=1 2x"},"classes":[]},{"id":102655,"url":"https:\/\/lasprimeras.com.do\/index.php\/2025\/07\/07\/tiburones-en-rockaway-queens-obligan-cerrar-playas-frecuentadas-por-dominicanos\/","url_meta":{"origin":79834,"position":4},"title":"Tiburones en Rockaway-Queens obligan cerrar playas frecuentadas por dominicanos","author":"Nelson Feliz","date":"7 de julio de 2025","format":false,"excerpt":"Por Ram\u00f3n Mercedes NUEVA YORK.- Cientos de ba\u00f1istas, entre ellos decenas de dominicanos, tuvieron que abandonar el pasado s\u00e1bado abruptamente la playa de la calle 32 en Rockaway en Queens, la m\u00e1s extensa y paseo mar\u00edtimo de la bah\u00eda. Inmediatamente, los socorristas con el uso de drones y el personal\u2026","rel":"","context":"En \u00abINTERNACIONALES\u00bb","block_context":{"text":"INTERNACIONALES","link":"https:\/\/lasprimeras.com.do\/index.php\/category\/sin-categoria\/internacionales\/"},"img":{"alt_text":"","src":"https:\/\/i0.wp.com\/lasprimeras.com.do\/wp-content\/uploads\/2025\/07\/WhatsApp-Image-2025-07-07-at-6.22.42-AM-2.jpeg?resize=350%2C200&ssl=1","width":350,"height":200,"srcset":"https:\/\/i0.wp.com\/lasprimeras.com.do\/wp-content\/uploads\/2025\/07\/WhatsApp-Image-2025-07-07-at-6.22.42-AM-2.jpeg?resize=350%2C200&ssl=1 1x, https:\/\/i0.wp.com\/lasprimeras.com.do\/wp-content\/uploads\/2025\/07\/WhatsApp-Image-2025-07-07-at-6.22.42-AM-2.jpeg?resize=525%2C300&ssl=1 1.5x, https:\/\/i0.wp.com\/lasprimeras.com.do\/wp-content\/uploads\/2025\/07\/WhatsApp-Image-2025-07-07-at-6.22.42-AM-2.jpeg?resize=700%2C400&ssl=1 2x"},"classes":[]},{"id":65806,"url":"https:\/\/lasprimeras.com.do\/index.php\/2023\/10\/31\/leonel-propone-crear-bonos-especiales-en-noviembre-y-diciembre-para-amortiguar-altos-precios-de-alimentos\/","url_meta":{"origin":79834,"position":5},"title":"Leonel propone crear bonos especiales en noviembre y diciembre para amortiguar altos precios de alimentos","author":"Nelson Feliz","date":"31 de octubre de 2023","format":false,"excerpt":"Dice la gente se queja de que no hay dinero y los alimentos est\u00e1n muy caros. El candidato presidencial de la Fuerza del Pueblo, Leonel Fern\u00e1ndez, dijo hoy a trav\u00e9s de un v\u00eddeo, que por donde quiera la gente se queja de que no hay dinero en las calles y\u2026","rel":"","context":"En \u00abECONOM\u00cdA\u00bb","block_context":{"text":"ECONOM\u00cdA","link":"https:\/\/lasprimeras.com.do\/index.php\/category\/economia\/"},"img":{"alt_text":"Leonel Fernandez","src":"https:\/\/i0.wp.com\/lasprimeras.com.do\/wp-content\/uploads\/2023\/10\/Leonel-Fernandez-5.jpg?resize=350%2C200&ssl=1","width":350,"height":200,"srcset":"https:\/\/i0.wp.com\/lasprimeras.com.do\/wp-content\/uploads\/2023\/10\/Leonel-Fernandez-5.jpg?resize=350%2C200&ssl=1 1x, https:\/\/i0.wp.com\/lasprimeras.com.do\/wp-content\/uploads\/2023\/10\/Leonel-Fernandez-5.jpg?resize=525%2C300&ssl=1 1.5x, https:\/\/i0.wp.com\/lasprimeras.com.do\/wp-content\/uploads\/2023\/10\/Leonel-Fernandez-5.jpg?resize=700%2C400&ssl=1 2x"},"classes":[]}],"jetpack_sharing_enabled":true,"_links":{"self":[{"href":"https:\/\/lasprimeras.com.do\/index.php\/wp-json\/wp\/v2\/posts\/79834","targetHints":{"allow":["GET"]}}],"collection":[{"href":"https:\/\/lasprimeras.com.do\/index.php\/wp-json\/wp\/v2\/posts"}],"about":[{"href":"https:\/\/lasprimeras.com.do\/index.php\/wp-json\/wp\/v2\/types\/post"}],"author":[{"embeddable":true,"href":"https:\/\/lasprimeras.com.do\/index.php\/wp-json\/wp\/v2\/users\/2"}],"replies":[{"embeddable":true,"href":"https:\/\/lasprimeras.com.do\/index.php\/wp-json\/wp\/v2\/comments?post=79834"}],"version-history":[{"count":1,"href":"https:\/\/lasprimeras.com.do\/index.php\/wp-json\/wp\/v2\/posts\/79834\/revisions"}],"predecessor-version":[{"id":79836,"href":"https:\/\/lasprimeras.com.do\/index.php\/wp-json\/wp\/v2\/posts\/79834\/revisions\/79836"}],"wp:featuredmedia":[{"embeddable":true,"href":"https:\/\/lasprimeras.com.do\/index.php\/wp-json\/wp\/v2\/media\/79835"}],"wp:attachment":[{"href":"https:\/\/lasprimeras.com.do\/index.php\/wp-json\/wp\/v2\/media?parent=79834"}],"wp:term":[{"taxonomy":"category","embeddable":true,"href":"https:\/\/lasprimeras.com.do\/index.php\/wp-json\/wp\/v2\/categories?post=79834"},{"taxonomy":"post_tag","embeddable":true,"href":"https:\/\/lasprimeras.com.do\/index.php\/wp-json\/wp\/v2\/tags?post=79834"}],"curies":[{"name":"wp","href":"https:\/\/api.w.org\/{rel}","templated":true}]}}