{"id":79852,"date":"2024-03-31T17:33:47","date_gmt":"2024-03-31T21:33:47","guid":{"rendered":"https:\/\/lasprimeras.com.do\/?p=79852"},"modified":"2024-03-31T17:33:48","modified_gmt":"2024-03-31T21:33:48","slug":"republica-dominicana-gana-titulo-de-la-primera-serie-del-caribe-kids-2024-sobre-venezuela","status":"publish","type":"post","link":"https:\/\/lasprimeras.com.do\/index.php\/2024\/03\/31\/republica-dominicana-gana-titulo-de-la-primera-serie-del-caribe-kids-2024-sobre-venezuela\/","title":{"rendered":"Rep\u00fablica Dominicana gana t\u00edtulo de la primera Serie del Caribe Kids 2024 sobre Venezuela"},"content":{"rendered":"\n<p><strong>Ganaron el partido 12-10; Juan de Pe\u00f1a fue seleccionado el Jugador M\u00e1s Valioso<\/strong><\/p>\n\n\n\n<p><strong>Ciudad De Panam\u00e1.-.<\/strong> En un partido digno de una gran final, la representaci\u00f3n de la Liga de B\u00e9isbol de la Rep\u00fablica Dominicana hizo historia al coronarse campe\u00f3n de la Primera Serie del Caribe Kids al derrotar 12 vueltas por 10 al conjunto de Venezuela, en el choque de la serie final librado en el estadio Juan Dem\u00f3stenes Arosamena.<\/p>\n\n\n\n<p>El trofeo de campe\u00f3n lo entreg\u00f3 Antonio &#8220;Tony&#8221; Flores, presidente de la Liga de B\u00e9isbol Profesional &#8220;Roberto Clemente&#8221; de Puerto Rico, al gerente del equipo, Pavel Aguil\u00f3 y al dirigente Anderson Hern\u00e1ndez.<\/p>\n\n\n\n<p>Juan de Pe\u00f1a fue nombrado el Jugador M\u00e1s Valioso de la Primera Serie del Caribe Kids y se le entreg\u00f3 su trofeo. Cada jugador venezolano y dominicano recibi\u00f3 medallas de manos de Tony Flores, presidente de la Liga Profesional de B\u00e9isbol &#8220;Roberto Clemente&#8221;.<\/p>\n\n\n\n<p>El partido se decidi\u00f3 a favor de los dominicanos en el quinto acto cuando Juan de Pe\u00f1a peg\u00f3 un jonr\u00f3n con dos en bases para romper el empate a nueve por bando y colocar la pizarra 12 por nueve a favor de los criollos. Luego, Venezuela agreg\u00f3 una carrera m\u00e1s.<\/p>\n\n\n\n<p>De Pe\u00f1a remolc\u00f3 tres anotaciones, al igual que Gustavo Talmare, quien conect\u00f3 un cuadrangular remolcador de tres carreras en el cuarto episodio.<\/p>\n\n\n\n<p>La Confederaci\u00f3n de B\u00e9isbol Profesional del Caribe, dirigida por Juan Francisco Puello Herrera, cont\u00f3 con el apoyo de las ligas miembros y ligas invitadas, as\u00ed como del Comit\u00e9 Organizador, de Probeis y de PanDeportes, para llevar a cabo el evento que ha recibido los mayores elogios en sentido general.<\/p>\n\n\n\n<p>El partido lo gan\u00f3 Juan de Pe\u00f1a, quien relev\u00f3 a Angel Luis Peralta, trabajando tres entradas, permitiendo dos hits y cuatro carreras, otorgando cuatro boletos y ponchando a uno.<\/p>\n\n\n\n<p>Mientras que carg\u00f3 con la derrota Jos\u00e9 Ignacio P\u00e9rez, quien reemplaz\u00f3 a Abraham Reyes. Robert Medina hab\u00eda entrado por P\u00e9rez. El salvamento fue para Angel Garc\u00eda.<\/p>\n\n\n\n<p>Venezuela tom\u00f3 ventaja de 3-0 en el primer episodio gracias a jugadas de selecci\u00f3n y un error del cuadro de la Rep\u00fablica Dominicana.<\/p>\n\n\n\n<p>Los criollos, despu\u00e9s de perder el primer partido de la serie, ganaron seis de forma consecutiva, demostrando su calidad en la justa.<\/p>\n\n\n\n<p>En el mismo primer acto, los dominicanos reaccionaron empatando el choque a tres y luego se fueron adelante 4-3. Angel Garc\u00eda remolc\u00f3 dos de esas cuatro vueltas, al igual que Kelvin Reyes, quien empuj\u00f3 dos.<\/p>\n\n\n\n<p>Los venezolanos igualaron las acciones a cuatro en el segundo acto, pero los dominicanos se adelantaron 5-4 con un hit de Angel Garc\u00eda.<\/p>\n\n\n\n<p>Venezuela hizo tres carreras en el cuarto y dos en el quinto, mientras que la Rep\u00fablica Dominicana anot\u00f3 una en el segundo, tres en el cuarto y tres en el quinto. Anderson Hern\u00e1ndez fue el dirigente vencedor de la Primera Serie del Caribe Kids 2024. Adcio Media transmiti\u00f3 todos los partidos por Digital 15.<\/p>\n\n\n\n<p>Anderson Hern\u00e1ndez<\/p>\n\n\n\n<p>El dirigente dominicano, Anderson Hern\u00e1ndez, felicit\u00f3 a cada uno de sus jugadores por haber conquistado la primera corona de la Serie del Caribe Kids y dijo que el triunfo es de la Rep\u00fablica Dominicana.<\/p>\n\n\n\n<p>Los m\u00e1s destacados<\/p>\n\n\n\n<p>Juan Andr\u00e9s Guerrero, de Venezuela, fue el campe\u00f3n de bateo; Gustavo Talmare, de la Rep\u00fablica Dominicana, fue el l\u00edder en cuadrangulares; y Jos\u00e9 Ignacio P\u00e9rez, de Venezuela, fue el mejor lanzador.<\/p>\n\n\n\n<p>Hechos m\u00e1s relevantes de la SCK<\/p>\n\n\n\n<p>Joaqu\u00edn Lisandro Duarte y Alan Dom\u00ednguez se convirtieron en los primeros lanzadores en tirar un &#8220;No Hitter-combinado&#8221; en la Primera Serie del Caribe Kids, tras obtener una blanqueada 1-0 ante Panam\u00e1, en el segundo partido de la II jornada de la justa de b\u00e9isbol organizada por la Confederaci\u00f3n de B\u00e9isbol Profesional del Caribe.<\/p>\n\n\n\n<p>Mientras que la Rep\u00fablica Dominicana infligi\u00f3 el pasado martes el primer nocaut de la Primera Serie del Caribe Kids 2024, tras vencer de forma aplastante 12 vueltas por cero a Puerto Rico, en el tercer partido de esa jornada.<\/p>\n\n\n\n<p>El combinado de M\u00e9xico mantuvo su invicto en la Serie del Caribe Kids al vencer a Nicaragua 18 carreras por 0, en lo que pasa a los libros como el primer S\u00faper Nocaut en la historia de estos cert\u00e1menes.<\/p>\n\n\n\n<p>M\u00e9xico, que de paso mantuvo su invicto (4-0), ya hab\u00eda entrado en los libros en la jornada anterior cuando le propin\u00f3 un juego de cero hits cero carreras al equipo local.<\/p>\n\n\n\n<p>El pasado jueves, la Rep\u00fablica Dominicana super\u00f3 a Panam\u00e1 20 carreras por cuatro en el juego que cerr\u00f3 la ronda clasificatoria de la I Serie del Caribe Kids.<\/p>\n","protected":false},"excerpt":{"rendered":"<p>Ganaron el partido 12-10; Juan de Pe\u00f1a fue seleccionado el Jugador M\u00e1s Valioso Ciudad De Panam\u00e1.-. En un partido digno de una gran final, la representaci\u00f3n de la Liga de&hellip;<\/p>\n","protected":false},"author":2,"featured_media":79853,"comment_status":"open","ping_status":"open","sticky":false,"template":"","format":"standard","meta":{"content-type":"","jetpack_post_was_ever_published":false,"_jetpack_newsletter_access":"","_jetpack_dont_email_post_to_subs":false,"_jetpack_newsletter_tier_id":0,"_jetpack_memberships_contains_paywalled_content":false,"_jetpack_memberships_contains_paid_content":false,"footnotes":""},"categories":[1],"tags":[12417,2866,1226,12418,420],"class_list":["post-79852","post","type-post","status-publish","format-standard","has-post-thumbnail","hentry","category-sin-categoria","tag-gana-titulo","tag-primera","tag-republica-dominicana","tag-serie-del-caribe-kids-2024","tag-venezuela"],"jetpack_featured_media_url":"https:\/\/lasprimeras.com.do\/wp-content\/uploads\/2024\/03\/Serie-del-Caribe-Kids.jpg","jetpack-related-posts":[{"id":70128,"url":"https:\/\/lasprimeras.com.do\/index.php\/2023\/12\/08\/anuncian-en-panama-la-primera-serie-del-caribe-kids-para-marzo\/","url_meta":{"origin":79852,"position":0},"title":"Anuncian en Panam\u00e1 la primera Serie del Caribe Kids para marzo","author":"BIMARY DE JES\u00daS Matos","date":"8 de diciembre de 2023","format":false,"excerpt":"CIUDAD DE PANAMA.- El comisionado de la Confederaci\u00f3n de B\u00e9isbol Profesional del Caribe (CBPC), el dominicano Juan Francisco Puello, inform\u00f3 que Panam\u00e1 ser\u00e1 la sede de la primera Serie del Caribe Kids, que se desarrollar\u00e1 del 25 al 30 de marzo del pr\u00f3ximo a\u00f1o. \u00abLa Serie del Caribe tiene un\u2026","rel":"","context":"En \u00abSin categor\u00eda\u00bb","block_context":{"text":"Sin categor\u00eda","link":"https:\/\/lasprimeras.com.do\/index.php\/category\/sin-categoria\/"},"img":{"alt_text":"","src":"https:\/\/i0.wp.com\/lasprimeras.com.do\/wp-content\/uploads\/2023\/12\/407687961_18403296082008455_1909368182557485689_n-5.jpg?resize=350%2C200&ssl=1","width":350,"height":200,"srcset":"https:\/\/i0.wp.com\/lasprimeras.com.do\/wp-content\/uploads\/2023\/12\/407687961_18403296082008455_1909368182557485689_n-5.jpg?resize=350%2C200&ssl=1 1x, https:\/\/i0.wp.com\/lasprimeras.com.do\/wp-content\/uploads\/2023\/12\/407687961_18403296082008455_1909368182557485689_n-5.jpg?resize=525%2C300&ssl=1 1.5x"},"classes":[]},{"id":103401,"url":"https:\/\/lasprimeras.com.do\/index.php\/2025\/07\/15\/oramos-antes-del-jonron-el-testimonio-detras-de-la-hazana-dominicana-en-la-serie-del-caribe-kids\/","url_meta":{"origin":79852,"position":1},"title":"&#8220;Oramos antes del jonr\u00f3n&#8221;: el testimonio detr\u00e1s de la haza\u00f1a dominicana en la Serie del Caribe Kids","author":"Nelson Feliz","date":"15 de julio de 2025","format":false,"excerpt":"El campeonato se ti\u00f1\u00f3 de gloria tricolor con victoria 2-1 sobre Venezuela en La Guaira. La derrota parec\u00eda cercana. El pitcheo de la Liga de Venezuela tra\u00eda una seguidilla de ceros contra la Liga Dominicana (Lidom). Pero hab\u00eda que sacar los \u00faltimos tres outs para levantar el t\u00edtulo. Llegado ese\u2026","rel":"","context":"En \u00abDEPORTES\u00bb","block_context":{"text":"DEPORTES","link":"https:\/\/lasprimeras.com.do\/index.php\/category\/deportes\/"},"img":{"alt_text":"","src":"https:\/\/i0.wp.com\/lasprimeras.com.do\/wp-content\/uploads\/2025\/07\/El-equipo-de-la-Liga-Dominicana-Lidom.jpg?resize=350%2C200&ssl=1","width":350,"height":200,"srcset":"https:\/\/i0.wp.com\/lasprimeras.com.do\/wp-content\/uploads\/2025\/07\/El-equipo-de-la-Liga-Dominicana-Lidom.jpg?resize=350%2C200&ssl=1 1x, https:\/\/i0.wp.com\/lasprimeras.com.do\/wp-content\/uploads\/2025\/07\/El-equipo-de-la-Liga-Dominicana-Lidom.jpg?resize=525%2C300&ssl=1 1.5x, https:\/\/i0.wp.com\/lasprimeras.com.do\/wp-content\/uploads\/2025\/07\/El-equipo-de-la-Liga-Dominicana-Lidom.jpg?resize=700%2C400&ssl=1 2x"},"classes":[]},{"id":120808,"url":"https:\/\/lasprimeras.com.do\/index.php\/2026\/01\/28\/banreservas-entrega-copa-a-los-leones-del-escogido-campeones-de-la-serie-final-de-lidom-25-26\/","url_meta":{"origin":79852,"position":2},"title":"Banreservas entrega copa a los Leones del Escogido, campeones de la Serie Final de LIDOM 25-26","author":"Nelson Feliz","date":"28 de enero de 2026","format":false,"excerpt":"La instituci\u00f3n financiera reafirma su compromiso con la Liga de B\u00e9isbol Profesional de la Rep\u00fablica Dominicana y el deporte nacional. El Banco de Reservas entreg\u00f3 la copa de campeones a los Leones del Escogido, ganadores de la Serie Final del Torneo de B\u00e9isbol Oto\u00f1o-Invierno Dominicano (LIDOM) 2025-2026, reafirmando as\u00ed su\u2026","rel":"","context":"En \u00abDEPORTES\u00bb","block_context":{"text":"DEPORTES","link":"https:\/\/lasprimeras.com.do\/index.php\/category\/deportes\/"},"img":{"alt_text":"","src":"https:\/\/i0.wp.com\/lasprimeras.com.do\/wp-content\/uploads\/2026\/01\/IMG-20260127-WA0909.jpg?resize=350%2C200&ssl=1","width":350,"height":200,"srcset":"https:\/\/i0.wp.com\/lasprimeras.com.do\/wp-content\/uploads\/2026\/01\/IMG-20260127-WA0909.jpg?resize=350%2C200&ssl=1 1x, https:\/\/i0.wp.com\/lasprimeras.com.do\/wp-content\/uploads\/2026\/01\/IMG-20260127-WA0909.jpg?resize=525%2C300&ssl=1 1.5x, https:\/\/i0.wp.com\/lasprimeras.com.do\/wp-content\/uploads\/2026\/01\/IMG-20260127-WA0909.jpg?resize=700%2C400&ssl=1 2x, https:\/\/i0.wp.com\/lasprimeras.com.do\/wp-content\/uploads\/2026\/01\/IMG-20260127-WA0909.jpg?resize=1050%2C600&ssl=1 3x"},"classes":[]},{"id":117816,"url":"https:\/\/lasprimeras.com.do\/index.php\/2025\/12\/16\/serie-del-caribe-2026-en-incertidumbre-mexico-dominicana-y-puerto-rico-no-iran-a-venezuela\/","url_meta":{"origin":79852,"position":3},"title":"Serie del Caribe 2026 en incertidumbre: M\u00e9xico, Dominicana y Puerto Rico no ir\u00e1n a Venezuela","author":"Nelson Feliz","date":"16 de diciembre de 2025","format":false,"excerpt":"Una mujer cuelga ropa en el techo de su residencia en Caracas, Venezuela, el 12 de diciembre de 2025. (AP Foto\/Ariana Cubillos)","rel":"","context":"En \u00abDEPORTES\u00bb","block_context":{"text":"DEPORTES","link":"https:\/\/lasprimeras.com.do\/index.php\/category\/deportes\/"},"img":{"alt_text":"Serie del Caribe 2026","src":"https:\/\/i0.wp.com\/lasprimeras.com.do\/wp-content\/uploads\/2025\/12\/Serie-del-Caribe-2026.jpg?resize=350%2C200&ssl=1","width":350,"height":200,"srcset":"https:\/\/i0.wp.com\/lasprimeras.com.do\/wp-content\/uploads\/2025\/12\/Serie-del-Caribe-2026.jpg?resize=350%2C200&ssl=1 1x, https:\/\/i0.wp.com\/lasprimeras.com.do\/wp-content\/uploads\/2025\/12\/Serie-del-Caribe-2026.jpg?resize=525%2C300&ssl=1 1.5x, https:\/\/i0.wp.com\/lasprimeras.com.do\/wp-content\/uploads\/2025\/12\/Serie-del-Caribe-2026.jpg?resize=700%2C400&ssl=1 2x"},"classes":[]},{"id":75253,"url":"https:\/\/lasprimeras.com.do\/index.php\/2024\/01\/30\/abinader-entrega-bandera-dominicana-para-la-serie-del-caribe-2024-a-los-tigres-del-licey\/","url_meta":{"origin":79852,"position":4},"title":"Abinader entrega bandera dominicana para la Serie del Caribe 2024 a los Tigres del Licey","author":"Nelson Feliz","date":"30 de enero de 2024","format":false,"excerpt":"Mandatario anuncia convertir\u00e1n el Comisionado Dominicano de B\u00e9isbol en una unidad especializada con sus recursos y personal propios para colaborar con las academias y con todo el sector para lograr que este deporte siga avanzando. El presidente Luis Abinader recibi\u00f3 este martes a los Tigres del Licey, equipo campe\u00f3n de\u2026","rel":"","context":"En \u00abSin categor\u00eda\u00bb","block_context":{"text":"Sin categor\u00eda","link":"https:\/\/lasprimeras.com.do\/index.php\/category\/sin-categoria\/"},"img":{"alt_text":"Luis Abinader","src":"https:\/\/i0.wp.com\/lasprimeras.com.do\/wp-content\/uploads\/2024\/01\/Luis-Abinader-bandera.jpg?resize=350%2C200&ssl=1","width":350,"height":200,"srcset":"https:\/\/i0.wp.com\/lasprimeras.com.do\/wp-content\/uploads\/2024\/01\/Luis-Abinader-bandera.jpg?resize=350%2C200&ssl=1 1x, https:\/\/i0.wp.com\/lasprimeras.com.do\/wp-content\/uploads\/2024\/01\/Luis-Abinader-bandera.jpg?resize=525%2C300&ssl=1 1.5x, https:\/\/i0.wp.com\/lasprimeras.com.do\/wp-content\/uploads\/2024\/01\/Luis-Abinader-bandera.jpg?resize=700%2C400&ssl=1 2x"},"classes":[]},{"id":103822,"url":"https:\/\/lasprimeras.com.do\/index.php\/2025\/07\/18\/equipo-dominicano-parte-en-busca-de-la-copa-mundial-u12-wbsc-en-taiwan\/","url_meta":{"origin":79852,"position":5},"title":"Equipo dominicano parte en busca de la copa mundial U12 WBSC en Taiw\u00e1n","author":"Nelson Feliz","date":"18 de julio de 2025","format":false,"excerpt":"El equipo dominicano que representar\u00e1 al pa\u00eds en la Copa Mundial de B\u00e9isbol U12 WBSC, a celebrarse en Taiw\u00e1n, parti\u00f3 este viernes desde el Aeropuerto Internacional de Las Am\u00e9ricas con destino a Nueva York, cargado de ilusi\u00f3n, disciplina y orgullo patrio, en la antesala de una cita hist\u00f3rica para el\u2026","rel":"","context":"En \u00abDEPORTES\u00bb","block_context":{"text":"DEPORTES","link":"https:\/\/lasprimeras.com.do\/index.php\/category\/deportes\/"},"img":{"alt_text":"","src":"https:\/\/i0.wp.com\/lasprimeras.com.do\/wp-content\/uploads\/2025\/07\/DOSS-1.jpg?resize=350%2C200&ssl=1","width":350,"height":200,"srcset":"https:\/\/i0.wp.com\/lasprimeras.com.do\/wp-content\/uploads\/2025\/07\/DOSS-1.jpg?resize=350%2C200&ssl=1 1x, https:\/\/i0.wp.com\/lasprimeras.com.do\/wp-content\/uploads\/2025\/07\/DOSS-1.jpg?resize=525%2C300&ssl=1 1.5x, https:\/\/i0.wp.com\/lasprimeras.com.do\/wp-content\/uploads\/2025\/07\/DOSS-1.jpg?resize=700%2C400&ssl=1 2x"},"classes":[]}],"jetpack_sharing_enabled":true,"_links":{"self":[{"href":"https:\/\/lasprimeras.com.do\/index.php\/wp-json\/wp\/v2\/posts\/79852","targetHints":{"allow":["GET"]}}],"collection":[{"href":"https:\/\/lasprimeras.com.do\/index.php\/wp-json\/wp\/v2\/posts"}],"about":[{"href":"https:\/\/lasprimeras.com.do\/index.php\/wp-json\/wp\/v2\/types\/post"}],"author":[{"embeddable":true,"href":"https:\/\/lasprimeras.com.do\/index.php\/wp-json\/wp\/v2\/users\/2"}],"replies":[{"embeddable":true,"href":"https:\/\/lasprimeras.com.do\/index.php\/wp-json\/wp\/v2\/comments?post=79852"}],"version-history":[{"count":1,"href":"https:\/\/lasprimeras.com.do\/index.php\/wp-json\/wp\/v2\/posts\/79852\/revisions"}],"predecessor-version":[{"id":79854,"href":"https:\/\/lasprimeras.com.do\/index.php\/wp-json\/wp\/v2\/posts\/79852\/revisions\/79854"}],"wp:featuredmedia":[{"embeddable":true,"href":"https:\/\/lasprimeras.com.do\/index.php\/wp-json\/wp\/v2\/media\/79853"}],"wp:attachment":[{"href":"https:\/\/lasprimeras.com.do\/index.php\/wp-json\/wp\/v2\/media?parent=79852"}],"wp:term":[{"taxonomy":"category","embeddable":true,"href":"https:\/\/lasprimeras.com.do\/index.php\/wp-json\/wp\/v2\/categories?post=79852"},{"taxonomy":"post_tag","embeddable":true,"href":"https:\/\/lasprimeras.com.do\/index.php\/wp-json\/wp\/v2\/tags?post=79852"}],"curies":[{"name":"wp","href":"https:\/\/api.w.org\/{rel}","templated":true}]}}