{"id":79862,"date":"2024-03-31T20:49:51","date_gmt":"2024-04-01T00:49:51","guid":{"rendered":"https:\/\/lasprimeras.com.do\/?p=79862"},"modified":"2024-03-31T20:49:53","modified_gmt":"2024-04-01T00:49:53","slug":"cae-abatido-delincuente-haitiano-conocido-como-el-terror-en-la-vega","status":"publish","type":"post","link":"https:\/\/lasprimeras.com.do\/index.php\/2024\/03\/31\/cae-abatido-delincuente-haitiano-conocido-como-el-terror-en-la-vega\/","title":{"rendered":"Cae abatido delincuente haitiano conocido como &#8220;El Terror&#8221; en La Vega"},"content":{"rendered":"\n<p><strong>-Enfrent\u00f3 patrulla policial que trat\u00f3 de apresarlo en el sector Los Pomos y le ocupan arma de fuego.<\/strong><\/p>\n\n\n\n<p>La Polic\u00eda Nacional inform\u00f3 que cay\u00f3 abatido en el sector Los Pomos,&nbsp; La Vega, un delincuente haitiano, se\u00f1alado como de &#8220;alto perfil criminal&#8221;, quien era buscado por m\u00faltiples denuncias y \u00f3rdenes de arresto.<\/p>\n\n\n\n<p>Se trata del delincuente haitiano Leonelo Uo Milot (El Terror), quien recibi\u00f3 las heridas que presenta por parte de una patrulla de la Direcci\u00f3n Central de Investigaci\u00f3n (DICRIM), que repeli\u00f3 una agresi\u00f3n a tiros.<\/p>\n\n\n\n<p>La instituci\u00f3n del orden indic\u00f3 que en poder de &#8220;El Terror&#8221;, se\u00f1alado como el cabecilla de una banda criminal que opera en el Cibao Central, se ocup\u00f3 una pistola cuya procedencia se investiga y con la cual atac\u00f3 a tiros a los agentes actuantes.&nbsp;&nbsp;&nbsp;&nbsp;&nbsp;&nbsp;&nbsp;&nbsp;&nbsp;&nbsp;&nbsp;&nbsp;&nbsp;&nbsp;&nbsp;&nbsp;&nbsp;&nbsp;&nbsp;&nbsp;&nbsp;&nbsp;&nbsp;&nbsp;&nbsp;&nbsp;&nbsp;&nbsp;&nbsp;<\/p>\n\n\n\n<p>Se destaca que &#8220;El Terror&#8221; era buscado en atenci\u00f3n a las \u00f3rdenes de arresto 342-2023&nbsp; y AJ 00856 de la provincia S\u00e1nchez Ram\u00edrez.&nbsp; Oportunamente se ofrecer\u00e1n mayores detalles del caso.<\/p>\n","protected":false},"excerpt":{"rendered":"<p>-Enfrent\u00f3 patrulla policial que trat\u00f3 de apresarlo en el sector Los Pomos y le ocupan arma de fuego. La Polic\u00eda Nacional inform\u00f3 que cay\u00f3 abatido en el sector Los Pomos,&nbsp;&hellip;<\/p>\n","protected":false},"author":2,"featured_media":71925,"comment_status":"open","ping_status":"open","sticky":false,"template":"","format":"standard","meta":{"content-type":"","jetpack_post_was_ever_published":false,"_jetpack_newsletter_access":"","_jetpack_dont_email_post_to_subs":false,"_jetpack_newsletter_tier_id":0,"_jetpack_memberships_contains_paywalled_content":false,"_jetpack_memberships_contains_paid_content":false,"footnotes":""},"categories":[3057],"tags":[7427,1155,12424,1156,940],"class_list":["post-79862","post","type-post","status-publish","format-standard","has-post-thumbnail","hentry","category-militares","tag-cae-abatido","tag-delincuente","tag-el-terror","tag-haitiano","tag-la-vega"],"jetpack_featured_media_url":"https:\/\/lasprimeras.com.do\/wp-content\/uploads\/2023\/12\/Patrulla.jpg","jetpack-related-posts":[{"id":81413,"url":"https:\/\/lasprimeras.com.do\/index.php\/2024\/04\/20\/reconocido-delincuente-cae-abatido-en-los-mina\/","url_meta":{"origin":79862,"position":0},"title":"Reconocido delincuente cae abatido en Los Mina","author":"Nelson Feliz","date":"20 de abril de 2024","format":false,"excerpt":"Franklin Marte enfrent\u00f3 patrulla policial que lo buscaba por homicidio. Miembros de la Polic\u00eda Nacional neutralizaron un supuesto delincuente al enfrentar una patrulla que intent\u00f3 apresarlo en el barrio Vietnam, del sector Los Mina, Santo Domingo Este. Se trata de Franklin Marte, de 19 a\u00f1os, residente en el citado sector,\u2026","rel":"","context":"En \u00abMILITARES\u00bb","block_context":{"text":"MILITARES","link":"https:\/\/lasprimeras.com.do\/index.php\/category\/militares\/"},"img":{"alt_text":"pistola","src":"https:\/\/i0.wp.com\/lasprimeras.com.do\/wp-content\/uploads\/2024\/04\/pistola.jpg?resize=350%2C200&ssl=1","width":350,"height":200,"srcset":"https:\/\/i0.wp.com\/lasprimeras.com.do\/wp-content\/uploads\/2024\/04\/pistola.jpg?resize=350%2C200&ssl=1 1x, https:\/\/i0.wp.com\/lasprimeras.com.do\/wp-content\/uploads\/2024\/04\/pistola.jpg?resize=525%2C300&ssl=1 1.5x, https:\/\/i0.wp.com\/lasprimeras.com.do\/wp-content\/uploads\/2024\/04\/pistola.jpg?resize=700%2C400&ssl=1 2x"},"classes":[]},{"id":99251,"url":"https:\/\/lasprimeras.com.do\/index.php\/2025\/05\/19\/cae-abatido-el-abusador-al-enfrentar-patrulla-en-la-romana\/","url_meta":{"origin":79862,"position":1},"title":"Cae abatido \u201cEl Abusador\u201d al enfrentar patrulla en La Romana","author":"Nelson Feliz","date":"19 de mayo de 2025","format":false,"excerpt":"\u201cEl Abusador\u201d era buscado por homicidio y ataque a un sargento mayor ERD -Le ocupan pistola utilizada contra los agentes, la cual portaba de manera ilegal. Un reconocido delincuente que era activamente buscado con orden de arresto por su implicaci\u00f3n en el homicidio de otro antisocial identificado como Rayner Rodr\u00edguez\u2026","rel":"","context":"En \u00abMILITARES\u00bb","block_context":{"text":"MILITARES","link":"https:\/\/lasprimeras.com.do\/index.php\/category\/militares\/"},"img":{"alt_text":"","src":"https:\/\/i0.wp.com\/lasprimeras.com.do\/wp-content\/uploads\/2024\/06\/Pistola.jpg?resize=350%2C200&ssl=1","width":350,"height":200,"srcset":"https:\/\/i0.wp.com\/lasprimeras.com.do\/wp-content\/uploads\/2024\/06\/Pistola.jpg?resize=350%2C200&ssl=1 1x, https:\/\/i0.wp.com\/lasprimeras.com.do\/wp-content\/uploads\/2024\/06\/Pistola.jpg?resize=525%2C300&ssl=1 1.5x, https:\/\/i0.wp.com\/lasprimeras.com.do\/wp-content\/uploads\/2024\/06\/Pistola.jpg?resize=700%2C400&ssl=1 2x"},"classes":[]},{"id":65965,"url":"https:\/\/lasprimeras.com.do\/index.php\/2023\/11\/02\/cae-abatido-en-sdn-presunto-delincuente-ataco-a-tiros-a-agentes-policiales\/","url_meta":{"origin":79862,"position":2},"title":"Cae abatido en SDN presunto delincuente atac\u00f3 a tiros a agentes policiales","author":"Nelson Feliz","date":"2 de noviembre de 2023","format":false,"excerpt":"-Se ampl\u00edan las investigaciones en torno al caso donde se ocup\u00f3 una pistola ilegal y varios cargadores. Por Mart\u00edn Restituyo La Polic\u00eda Nacional inform\u00f3 que cay\u00f3 abatido un reconocido delincuente, tras enfrentar a tiros a agentes policiales que trataron de apresarlo en el residencial Bienaventuranza, del municipio Santo Domingo Norte.\u2026","rel":"","context":"En \u00abMILITARES\u00bb","block_context":{"text":"MILITARES","link":"https:\/\/lasprimeras.com.do\/index.php\/category\/militares\/"},"img":{"alt_text":"pistola","src":"https:\/\/i0.wp.com\/lasprimeras.com.do\/wp-content\/uploads\/2023\/11\/pistola.jpg?resize=350%2C200&ssl=1","width":350,"height":200,"srcset":"https:\/\/i0.wp.com\/lasprimeras.com.do\/wp-content\/uploads\/2023\/11\/pistola.jpg?resize=350%2C200&ssl=1 1x, https:\/\/i0.wp.com\/lasprimeras.com.do\/wp-content\/uploads\/2023\/11\/pistola.jpg?resize=525%2C300&ssl=1 1.5x, https:\/\/i0.wp.com\/lasprimeras.com.do\/wp-content\/uploads\/2023\/11\/pistola.jpg?resize=700%2C400&ssl=1 2x"},"classes":[]},{"id":64156,"url":"https:\/\/lasprimeras.com.do\/index.php\/2023\/10\/18\/cae-abatido-presunto-delincuente-el-moreno-al-enfrentar-agentes-policiales-en-los-tres-brazos\/","url_meta":{"origin":79862,"position":3},"title":"Cae abatido presunto delincuente \u201cEl Moreno\u201d al enfrentar agentes policiales en Los Tres Brazos","author":"Nelson Feliz","date":"18 de octubre de 2023","format":false,"excerpt":"-Le ocupan pistola que portaba de manera ilegal y apresan a otros tres hombres. Por Mart\u00edn Restituyo Un presunto delincuente al que agentes policiales le daban seguimiento por la comisi\u00f3n de distintos atracos mano armada perpetrados en el sector Los Tres Brazos, del municipio Santo Domingo Este, cay\u00f3 abatido al\u2026","rel":"","context":"En \u00abMILITARES\u00bb","block_context":{"text":"MILITARES","link":"https:\/\/lasprimeras.com.do\/index.php\/category\/militares\/"},"img":{"alt_text":"","src":"","width":0,"height":0},"classes":[]},{"id":126391,"url":"https:\/\/lasprimeras.com.do\/index.php\/2026\/04\/01\/cae-abatido-reconocido-delincuente-el-30-tras-enfrentar-patrulla-en-sdn\/","url_meta":{"origin":79862,"position":4},"title":"Cae abatido reconocido delincuente \u201cEl 30\u201d, tras enfrentar patrulla en SDN","author":"Nelson Feliz","date":"1 de abril de 2026","format":false,"excerpt":"*-Durante la acci\u00f3n fue ocupada un arma de fuego ilegal y evidencias bal\u00edsticas.* *-El hoy occiso contaba con amplio historial delictivo vinculado a homicidios y heridos por arma de fuego.* La Polic\u00eda Nacional inform\u00f3 que un reconocido delincuente result\u00f3 muerto tras enfrentar a tiros a una patrulla de la Subdirecci\u00f3n\u2026","rel":"","context":"En \u00abMILITARES\u00bb","block_context":{"text":"MILITARES","link":"https:\/\/lasprimeras.com.do\/index.php\/category\/militares\/"},"img":{"alt_text":"","src":"https:\/\/i0.wp.com\/lasprimeras.com.do\/wp-content\/uploads\/2026\/04\/IMG-20260401-WA0472.jpg?resize=350%2C200&ssl=1","width":350,"height":200,"srcset":"https:\/\/i0.wp.com\/lasprimeras.com.do\/wp-content\/uploads\/2026\/04\/IMG-20260401-WA0472.jpg?resize=350%2C200&ssl=1 1x, https:\/\/i0.wp.com\/lasprimeras.com.do\/wp-content\/uploads\/2026\/04\/IMG-20260401-WA0472.jpg?resize=525%2C300&ssl=1 1.5x, https:\/\/i0.wp.com\/lasprimeras.com.do\/wp-content\/uploads\/2026\/04\/IMG-20260401-WA0472.jpg?resize=700%2C400&ssl=1 2x, https:\/\/i0.wp.com\/lasprimeras.com.do\/wp-content\/uploads\/2026\/04\/IMG-20260401-WA0472.jpg?resize=1050%2C600&ssl=1 3x"},"classes":[]},{"id":65673,"url":"https:\/\/lasprimeras.com.do\/index.php\/2023\/10\/30\/delincuente-cae-abatido-tras-enfrentar-a-tiros-agentes-en-santiago\/","url_meta":{"origin":79862,"position":5},"title":"Delincuente cae abatido tras enfrentar a tiros agentes en Santiago","author":"Nelson Feliz","date":"30 de octubre de 2023","format":false,"excerpt":"Por Roberto P\u00e9rez Reconocido delincuente cae abatido tras enfrentar a tiros agentes adscritos a la Sub-Direcci\u00f3n de Investigaciones de esta ciudad, en el sector Villa Rosa de Cienfuegos. Se trata de Brayan Smil Santos, alias Chamocha, quien era activamente buscado mediante orden de arresto por la muerte de un oficial\u2026","rel":"","context":"En \u00abMILITARES\u00bb","block_context":{"text":"MILITARES","link":"https:\/\/lasprimeras.com.do\/index.php\/category\/militares\/"},"img":{"alt_text":"Policia","src":"https:\/\/i0.wp.com\/lasprimeras.com.do\/wp-content\/uploads\/2023\/10\/Policia.png?resize=350%2C200&ssl=1","width":350,"height":200},"classes":[]}],"jetpack_sharing_enabled":true,"_links":{"self":[{"href":"https:\/\/lasprimeras.com.do\/index.php\/wp-json\/wp\/v2\/posts\/79862","targetHints":{"allow":["GET"]}}],"collection":[{"href":"https:\/\/lasprimeras.com.do\/index.php\/wp-json\/wp\/v2\/posts"}],"about":[{"href":"https:\/\/lasprimeras.com.do\/index.php\/wp-json\/wp\/v2\/types\/post"}],"author":[{"embeddable":true,"href":"https:\/\/lasprimeras.com.do\/index.php\/wp-json\/wp\/v2\/users\/2"}],"replies":[{"embeddable":true,"href":"https:\/\/lasprimeras.com.do\/index.php\/wp-json\/wp\/v2\/comments?post=79862"}],"version-history":[{"count":1,"href":"https:\/\/lasprimeras.com.do\/index.php\/wp-json\/wp\/v2\/posts\/79862\/revisions"}],"predecessor-version":[{"id":79863,"href":"https:\/\/lasprimeras.com.do\/index.php\/wp-json\/wp\/v2\/posts\/79862\/revisions\/79863"}],"wp:featuredmedia":[{"embeddable":true,"href":"https:\/\/lasprimeras.com.do\/index.php\/wp-json\/wp\/v2\/media\/71925"}],"wp:attachment":[{"href":"https:\/\/lasprimeras.com.do\/index.php\/wp-json\/wp\/v2\/media?parent=79862"}],"wp:term":[{"taxonomy":"category","embeddable":true,"href":"https:\/\/lasprimeras.com.do\/index.php\/wp-json\/wp\/v2\/categories?post=79862"},{"taxonomy":"post_tag","embeddable":true,"href":"https:\/\/lasprimeras.com.do\/index.php\/wp-json\/wp\/v2\/tags?post=79862"}],"curies":[{"name":"wp","href":"https:\/\/api.w.org\/{rel}","templated":true}]}}