{"id":79867,"date":"2024-03-31T21:12:33","date_gmt":"2024-04-01T01:12:33","guid":{"rendered":"https:\/\/lasprimeras.com.do\/?p=79867"},"modified":"2024-03-31T21:12:34","modified_gmt":"2024-04-01T01:12:34","slug":"capturan-hombre-por-ultimar-a-punaladas-a-su-ex-pareja-en-samana","status":"publish","type":"post","link":"https:\/\/lasprimeras.com.do\/index.php\/2024\/03\/31\/capturan-hombre-por-ultimar-a-punaladas-a-su-ex-pareja-en-samana\/","title":{"rendered":"Capturan hombre por ultimar a pu\u00f1aladas a su ex pareja en Saman\u00e1"},"content":{"rendered":"\n<p>Por Martin Restituyo<\/p>\n\n\n\n<p>Agentes policiales, adscritos a la Direcci\u00f3n Central de Investigaci\u00f3n (DICRIM), capturaron mediante labores de inteligencia a un hombre acusado de haberle quitado la vida a su ex concubina, motivado a alegados asuntos pasionales, en un hecho ocurrido en el municipio de S\u00e1nchez, de la provincia de Saman\u00e1.<\/p>\n\n\n\n<p>Se trata de Jorge Luis Almonte Calca\u00f1o, de 27 a\u00f1os, quien fue apresado en el sector El Cerro de Quincito, del citado municipio, cuando trataba de evadir la justicia por el homicidio de Yuderka Payano Burgos, de 32, a consecuencia de m\u00faltiples heridas corto punzante.<\/p>\n\n\n\n<p>De acuerdo con el informe preliminar, un pariente de la v\u00edctima declar\u00f3 que ella y su agresor llevaban un tiempo separados, pero \u00e9ste \u00faltimo se habr\u00eda molestado tras percatarse de que ella ya hab\u00eda iniciado una relaci\u00f3n sentimental con otra persona.<\/p>\n\n\n\n<p>Agreg\u00f3 que Almonte Calca\u00f1o, tan pronto cometi\u00f3 el hecho, emprendi\u00f3 la huida, pero no pudo lograr su objetivo por la r\u00e1pida intervenci\u00f3n de los agentes policiales del DICRIM y de Inteligencia (DINTEL), quienes lo pusieron bajo arresto.<\/p>\n\n\n\n<p>El detenido ser\u00e1 puesto a disposici\u00f3n del Ministerio P\u00fablico, para los fines legales correspondientes.<\/p>\n","protected":false},"excerpt":{"rendered":"<p>Por Martin Restituyo Agentes policiales, adscritos a la Direcci\u00f3n Central de Investigaci\u00f3n (DICRIM), capturaron mediante labores de inteligencia a un hombre acusado de haberle quitado la vida a su ex&hellip;<\/p>\n","protected":false},"author":2,"featured_media":79783,"comment_status":"open","ping_status":"open","sticky":false,"template":"","format":"standard","meta":{"content-type":"","jetpack_post_was_ever_published":false,"_jetpack_newsletter_access":"","_jetpack_dont_email_post_to_subs":false,"_jetpack_newsletter_tier_id":0,"_jetpack_memberships_contains_paywalled_content":false,"_jetpack_memberships_contains_paid_content":false,"footnotes":""},"categories":[3057],"tags":[10072,477,1281,8324],"class_list":["post-79867","post","type-post","status-publish","format-standard","has-post-thumbnail","hentry","category-militares","tag-asesino","tag-pn","tag-preso","tag-samana-2"],"jetpack_featured_media_url":"https:\/\/lasprimeras.com.do\/wp-content\/uploads\/2024\/03\/capt.jpg","jetpack-related-posts":[{"id":80549,"url":"https:\/\/lasprimeras.com.do\/index.php\/2024\/04\/09\/policia-captura-hombre-ultimo-a-punaladas-a-dos-personas-en-samana\/","url_meta":{"origin":79867,"position":0},"title":"Polic\u00eda captura hombre ultim\u00f3 a pu\u00f1aladas a dos personas en Saman\u00e1","author":"BIMARY DE JES\u00daS Matos","date":"9 de abril de 2024","format":false,"excerpt":"Saman\u00e1.-La Polic\u00eda Nacional inform\u00f3 que agentes de la Direcci\u00f3n Central de Investigaci\u00f3n (DICRIM), capturaron a un hombre que se present\u00f3 en la vivienda de una familia y les quit\u00f3 la vida por heridas cortopunzantes a un hombre y una mujer, as\u00ed como tambi\u00e9n ocasion\u00f3 heridas del mismo tipo a la\u2026","rel":"","context":"En \u00abNACIONALES\u00bb","block_context":{"text":"NACIONALES","link":"https:\/\/lasprimeras.com.do\/index.php\/category\/nacionales\/"},"img":{"alt_text":"","src":"https:\/\/i0.wp.com\/lasprimeras.com.do\/wp-content\/uploads\/2024\/04\/6a0c8a05-4f4b-48f5-a1d9-1ad180753c4a-17.jpg?resize=350%2C200&ssl=1","width":350,"height":200,"srcset":"https:\/\/i0.wp.com\/lasprimeras.com.do\/wp-content\/uploads\/2024\/04\/6a0c8a05-4f4b-48f5-a1d9-1ad180753c4a-17.jpg?resize=350%2C200&ssl=1 1x, https:\/\/i0.wp.com\/lasprimeras.com.do\/wp-content\/uploads\/2024\/04\/6a0c8a05-4f4b-48f5-a1d9-1ad180753c4a-17.jpg?resize=525%2C300&ssl=1 1.5x, https:\/\/i0.wp.com\/lasprimeras.com.do\/wp-content\/uploads\/2024\/04\/6a0c8a05-4f4b-48f5-a1d9-1ad180753c4a-17.jpg?resize=700%2C400&ssl=1 2x"},"classes":[]},{"id":49601,"url":"https:\/\/lasprimeras.com.do\/index.php\/2023\/05\/12\/capturan-hombre-ultimo-su-ex-pareja-en-el-municipio-la-canela\/","url_meta":{"origin":79867,"position":1},"title":"Capturan hombre ultim\u00f3 su ex pareja en el municipio La Canela","author":"prenxa100","date":"12 de mayo de 2023","format":false,"excerpt":"Por Roberto P\u00e9rez Santiago de los Caballeros.- La Polic\u00eda Nacional, fue capturo un hombre autor de ultimar a su ex pareja en el municipio La Canela, sector Los Alm\u00e1cigos de esta provincia. Se trata de Cesar Antonio Guzm\u00e1n Vidal, alias\u00a0 \u201cEl Tractorista\u201d de\u00a0 33 a\u00f1os de edad, quien fue apresado\u2026","rel":"","context":"En \u00abNACIONALES\u00bb","block_context":{"text":"NACIONALES","link":"https:\/\/lasprimeras.com.do\/index.php\/category\/nacionales\/"},"img":{"alt_text":"","src":"","width":0,"height":0},"classes":[]},{"id":79782,"url":"https:\/\/lasprimeras.com.do\/index.php\/2024\/03\/31\/hombre-apunala-a-su-exesposa-en-un-fatal-ataque-de-celos-en-samana\/","url_meta":{"origin":79867,"position":2},"title":"Hombre apu\u00f1ala a su exesposa en un fatal ataque de celos en Saman\u00e1","author":"Nelson Feliz","date":"31 de marzo de 2024","format":false,"excerpt":"Un hombre apu\u00f1ala mata exesposa propin\u00e1ndole al menos ocho cuchilladas en un fatal ataque de celos sector El Cangrejo del municipio de S\u00e1nchez, provincia Saman\u00e1. La v\u00edctima, fue identificada como Yudelka Payano Burgos, de 32 a\u00f1os, qui\u00e9n sucumbi\u00f3 ante la brutalidad del ataque, dejando consternada a toda la comunidad. El\u2026","rel":"","context":"En \u00abNACIONALES\u00bb","block_context":{"text":"NACIONALES","link":"https:\/\/lasprimeras.com.do\/index.php\/category\/nacionales\/"},"img":{"alt_text":"","src":"https:\/\/i0.wp.com\/lasprimeras.com.do\/wp-content\/uploads\/2024\/03\/capt.jpg?resize=350%2C200&ssl=1","width":350,"height":200},"classes":[]},{"id":117693,"url":"https:\/\/lasprimeras.com.do\/index.php\/2025\/12\/14\/alcaldias-de-samana-bonao-y-moca-reciben-la-ruta-de-la-limpieza-de-eco5rd\/","url_meta":{"origin":79867,"position":3},"title":"Alcald\u00edas de Saman\u00e1, Bonao y Moca reciben la Ruta de la Limpieza de Eco5RD","author":"Nelson Feliz","date":"14 de diciembre de 2025","format":false,"excerpt":"Esta iniciativa fortalece la recolecci\u00f3n de desechos s\u00f3lidos durante la temporada navide\u00f1a y respalda la gesti\u00f3n municipal La Unidad Ejecutora de la Presidencia Eco5RD implement\u00f3 esta semana la Ruta de la Limpieza Navide\u00f1a en los municipios de Moca, Bonao y Saman\u00e1, con el objetivo de garantizar espacios limpios y ordenados\u2026","rel":"","context":"En \u00abNACIONALES\u00bb","block_context":{"text":"NACIONALES","link":"https:\/\/lasprimeras.com.do\/index.php\/category\/nacionales\/"},"img":{"alt_text":"Ruta de la Limpieza de Eco5RD","src":"https:\/\/i0.wp.com\/lasprimeras.com.do\/wp-content\/uploads\/2025\/12\/Ruta-de-la-Limpieza-de-Eco5RD.jpg?resize=350%2C200&ssl=1","width":350,"height":200,"srcset":"https:\/\/i0.wp.com\/lasprimeras.com.do\/wp-content\/uploads\/2025\/12\/Ruta-de-la-Limpieza-de-Eco5RD.jpg?resize=350%2C200&ssl=1 1x, https:\/\/i0.wp.com\/lasprimeras.com.do\/wp-content\/uploads\/2025\/12\/Ruta-de-la-Limpieza-de-Eco5RD.jpg?resize=525%2C300&ssl=1 1.5x, https:\/\/i0.wp.com\/lasprimeras.com.do\/wp-content\/uploads\/2025\/12\/Ruta-de-la-Limpieza-de-Eco5RD.jpg?resize=700%2C400&ssl=1 2x"},"classes":[]},{"id":108004,"url":"https:\/\/lasprimeras.com.do\/index.php\/2025\/09\/02\/alcalde-de-samana-solicita-a-abinader-resolver-de-manera-definitiva-el-tema-de-titulacion\/","url_meta":{"origin":79867,"position":4},"title":"Alcalde de Saman\u00e1 solicita a Abinader resolver de manera definitiva el tema de titulaci\u00f3n","author":"Nelson Feliz","date":"2 de septiembre de 2025","format":false,"excerpt":"El alcalde de Saman\u00e1 y presidente de la Federaci\u00f3n Dominicana de Municipios (FEDOMU), Nelson N\u00fa\u00f1ez, hizo este martes un llamado al presidente de la Rep\u00fablica, Luis Abinader, a resolver de manera definitiva la problem\u00e1tica de titulaci\u00f3n de terrenos en esa provincia, especialmente en las \u00e1reas verdes que, seg\u00fan denunci\u00f3, han\u2026","rel":"","context":"En \u00abPOLITICA\u00bb","block_context":{"text":"POLITICA","link":"https:\/\/lasprimeras.com.do\/index.php\/category\/politica\/"},"img":{"alt_text":"","src":"https:\/\/i0.wp.com\/lasprimeras.com.do\/wp-content\/uploads\/2025\/09\/Nelson-Nunez.jpg?resize=350%2C200&ssl=1","width":350,"height":200,"srcset":"https:\/\/i0.wp.com\/lasprimeras.com.do\/wp-content\/uploads\/2025\/09\/Nelson-Nunez.jpg?resize=350%2C200&ssl=1 1x, https:\/\/i0.wp.com\/lasprimeras.com.do\/wp-content\/uploads\/2025\/09\/Nelson-Nunez.jpg?resize=525%2C300&ssl=1 1.5x, https:\/\/i0.wp.com\/lasprimeras.com.do\/wp-content\/uploads\/2025\/09\/Nelson-Nunez.jpg?resize=700%2C400&ssl=1 2x"},"classes":[]},{"id":100118,"url":"https:\/\/lasprimeras.com.do\/index.php\/2025\/06\/01\/abinader-inaugura-remozado-malecon-de-santa-barbara-de-samana\/","url_meta":{"origin":79867,"position":5},"title":"Abinader inaugura remozado Malec\u00f3n de Santa B\u00e1rbara de Saman\u00e1","author":"Nelson Feliz","date":"1 de junio de 2025","format":false,"excerpt":"El presidente Luis Abinader exhort\u00f3 a los habitantes de la provincia de Saman\u00e1 a unirse y trabajar juntos por el desarrollo integral de la zona, impulsado por las m\u00faltiples obras que ejecuta el gobierno central y que elevan su competitividad como destino tur\u00edstico y econ\u00f3mico. \u201cTrabajemos juntos, solucionemos los problemas\u2026","rel":"","context":"En \u00abECONOM\u00cdA\u00bb","block_context":{"text":"ECONOM\u00cdA","link":"https:\/\/lasprimeras.com.do\/index.php\/category\/economia\/"},"img":{"alt_text":"","src":"https:\/\/i0.wp.com\/lasprimeras.com.do\/wp-content\/uploads\/2025\/06\/Luis-Abinader.jpg?resize=350%2C200&ssl=1","width":350,"height":200,"srcset":"https:\/\/i0.wp.com\/lasprimeras.com.do\/wp-content\/uploads\/2025\/06\/Luis-Abinader.jpg?resize=350%2C200&ssl=1 1x, https:\/\/i0.wp.com\/lasprimeras.com.do\/wp-content\/uploads\/2025\/06\/Luis-Abinader.jpg?resize=525%2C300&ssl=1 1.5x, https:\/\/i0.wp.com\/lasprimeras.com.do\/wp-content\/uploads\/2025\/06\/Luis-Abinader.jpg?resize=700%2C400&ssl=1 2x"},"classes":[]}],"jetpack_sharing_enabled":true,"_links":{"self":[{"href":"https:\/\/lasprimeras.com.do\/index.php\/wp-json\/wp\/v2\/posts\/79867","targetHints":{"allow":["GET"]}}],"collection":[{"href":"https:\/\/lasprimeras.com.do\/index.php\/wp-json\/wp\/v2\/posts"}],"about":[{"href":"https:\/\/lasprimeras.com.do\/index.php\/wp-json\/wp\/v2\/types\/post"}],"author":[{"embeddable":true,"href":"https:\/\/lasprimeras.com.do\/index.php\/wp-json\/wp\/v2\/users\/2"}],"replies":[{"embeddable":true,"href":"https:\/\/lasprimeras.com.do\/index.php\/wp-json\/wp\/v2\/comments?post=79867"}],"version-history":[{"count":1,"href":"https:\/\/lasprimeras.com.do\/index.php\/wp-json\/wp\/v2\/posts\/79867\/revisions"}],"predecessor-version":[{"id":79868,"href":"https:\/\/lasprimeras.com.do\/index.php\/wp-json\/wp\/v2\/posts\/79867\/revisions\/79868"}],"wp:featuredmedia":[{"embeddable":true,"href":"https:\/\/lasprimeras.com.do\/index.php\/wp-json\/wp\/v2\/media\/79783"}],"wp:attachment":[{"href":"https:\/\/lasprimeras.com.do\/index.php\/wp-json\/wp\/v2\/media?parent=79867"}],"wp:term":[{"taxonomy":"category","embeddable":true,"href":"https:\/\/lasprimeras.com.do\/index.php\/wp-json\/wp\/v2\/categories?post=79867"},{"taxonomy":"post_tag","embeddable":true,"href":"https:\/\/lasprimeras.com.do\/index.php\/wp-json\/wp\/v2\/tags?post=79867"}],"curies":[{"name":"wp","href":"https:\/\/api.w.org\/{rel}","templated":true}]}}