{"id":79875,"date":"2024-04-01T07:20:12","date_gmt":"2024-04-01T11:20:12","guid":{"rendered":"https:\/\/lasprimeras.com.do\/?p=79875"},"modified":"2024-04-01T07:20:14","modified_gmt":"2024-04-01T11:20:14","slug":"ciudadanos-disfrutaron-de-los-juegos-deportivos-y-recreativos-en-semana-santa-2024","status":"publish","type":"post","link":"https:\/\/lasprimeras.com.do\/index.php\/2024\/04\/01\/ciudadanos-disfrutaron-de-los-juegos-deportivos-y-recreativos-en-semana-santa-2024\/","title":{"rendered":"Ciudadanos disfrutaron de los juegos deportivos y recreativos en Semana Santa 2024"},"content":{"rendered":"\n<p>Santo Domingo.-Decenas de vacacionistas en las distintas playas, r\u00edos y balnearios del pa\u00eds disfrutaron durante cinco d\u00edas de los Juegos Deportivos y Recreativos Semana Santa 2024, organizados por el Ministerio de Deportes y Recreaci\u00f3n.<\/p>\n\n\n\n<p>El ministro de Deportes, Francisco Camacho, calific\u00f3 como un \u00e9xito los Juegos, luego de recorrer playas y balnearios de las diferentes regiones del pa\u00eds como labores de supervisi\u00f3n.<\/p>\n\n\n\n<p>Este domingo, Camacho visit\u00f3 playas y r\u00edos de las provincias de La Vega y Gaspar Hern\u00e1ndez, municipio de la provincia Espaillat, en la Regi\u00f3n del Cibao.<\/p>\n\n\n\n<p>Adem\u00e1s, comparti\u00f3 con los ba\u00f1istas, quienes disfrutaban de eventos de voleibol, baloncesto, juegos de domin\u00f3, balonmano, vitillas, adem\u00e1s de los tradicionales juegos recreativos como la soga, la carrera de sacos, el huevo y el \u201cmatao\u201d.<\/p>\n\n\n\n<p>El ministro deportivo tambi\u00e9n comparti\u00f3 con los directores provinciales y municipales que realizaron una gran faena en la Semana Santa.<\/p>\n\n\n\n<p>El pasado s\u00e1bado, Francisco Camacho recorri\u00f3 la provincia Barahona, donde supervis\u00f3 la celebraci\u00f3n de los Juegos Deportivos y Recreativos Semana Santa 2024, y all\u00ed contact\u00f3 que todo estaba en orden y el montaje de los Juegos se efectu\u00f3 con rotundo \u00e9xito, con una gran participaci\u00f3n de j\u00f3venes y adultos que lo disfrutaban de manera sana.<\/p>\n\n\n\n<p>El funcionario deportivo tambi\u00e9n arrib\u00f3 al municipio Cabral en la provincia Barahona, en seguimiento de los Juegos Deportivos y Recreativos Semana Santa 2024.<\/p>\n\n\n\n<p>\u201cHoy estuvimos visitando varias provincias del Sur, escuchando y compartiendo con todos los que participan en esta hermosa actividad donde realizan competencias en diferentes disciplinas deportivas y juegos recreativos\u201d, dijo Camacho.<\/p>\n\n\n\n<p>Manifest\u00f3 que durante el recorrido tambi\u00e9n visit\u00f3 el poblado de Los R\u00edos, en provincia Bahoruco, donde encontraron cientos de personas disfrutando de la organizaci\u00f3n de un torneo de voleibol playero.<\/p>\n\n\n\n<p>Los Juegos Deportivos Recreativos Semana Santa 2024, llegaron, igualmente, a Najayo, en San Crist\u00f3bal, donde siguen desarroll\u00e1ndose con \u00e9xito y gran asistencia de personas que decidieron disfrutar de unos d\u00edas de recreaci\u00f3n, con mente y cuerpo sano.<\/p>\n\n\n\n<p>La actividad tuvo inicio desde el pasado mi\u00e9rcoles, con un acto en la playa de Boca Chica.<\/p>\n\n\n\n<p><\/p>\n","protected":false},"excerpt":{"rendered":"<p>Santo Domingo.-Decenas de vacacionistas en las distintas playas, r\u00edos y balnearios del pa\u00eds disfrutaron durante cinco d\u00edas de los Juegos Deportivos y Recreativos Semana Santa 2024, organizados por el Ministerio&hellip;<\/p>\n","protected":false},"author":3,"featured_media":79876,"comment_status":"open","ping_status":"open","sticky":false,"template":"","format":"standard","meta":{"content-type":"","jetpack_post_was_ever_published":false,"_jetpack_newsletter_access":"","_jetpack_dont_email_post_to_subs":false,"_jetpack_newsletter_tier_id":0,"_jetpack_memberships_contains_paywalled_content":false,"_jetpack_memberships_contains_paid_content":false,"footnotes":""},"categories":[1],"tags":[11501],"class_list":["post-79875","post","type-post","status-publish","format-standard","has-post-thumbnail","hentry","category-sin-categoria","tag-deportivo"],"jetpack_featured_media_url":"https:\/\/lasprimeras.com.do\/wp-content\/uploads\/2024\/04\/MIDEREC.jpeg","jetpack-related-posts":[{"id":125775,"url":"https:\/\/lasprimeras.com.do\/index.php\/2026\/03\/25\/defensa-civil-478-playas-y-balnearios-habiles-durante-asueto-de-semana-santa\/","url_meta":{"origin":79875,"position":0},"title":"Defensa Civil: 478 playas y balnearios h\u00e1biles durante asueto de Semana Santa","author":"Nelson Feliz","date":"25 de marzo de 2026","format":false,"excerpt":"Un total de 478 playas y balnearios estar\u00e1n h\u00e1biles durante el asueto de Semana Santa 2026, seg\u00fan inform\u00f3 la Defensa Civil. Ser\u00e1 la misma cantidad de puestos de socorro que dispondr\u00e1 el organismo. Las playas y los balnearios est\u00e1n localizados desde la regi\u00f3n Ozama, en la provincia de Santo Domingo,\u2026","rel":"","context":"En \u00abTURISMO\u00bb","block_context":{"text":"TURISMO","link":"https:\/\/lasprimeras.com.do\/index.php\/category\/turismo\/"},"img":{"alt_text":"","src":"https:\/\/i0.wp.com\/lasprimeras.com.do\/wp-content\/uploads\/2026\/03\/playas-y-balnearios.jpg?resize=350%2C200&ssl=1","width":350,"height":200},"classes":[]},{"id":126524,"url":"https:\/\/lasprimeras.com.do\/index.php\/2026\/04\/02\/amplio-despliegue-policial-por-semana-santa\/","url_meta":{"origin":79875,"position":1},"title":"Amplio despliegue policial por Semana Santa","author":"Nelson Feliz","date":"2 de abril de 2026","format":false,"excerpt":"La Polic\u00eda Nacional despleg\u00f3 este Jueves Santo un amplio dispositivo de seguridad en todo el territorio nacional, como parte del operativo \u201cProteger y Servir Semana Santa 2026\u201d, con el objetivo de garantizar el orden, la prevenci\u00f3n y la tranquilidad ciudadana durante el asueto. En la regi\u00f3n Sur, agentes adscritos a\u2026","rel":"","context":"En \u00abMILITARES\u00bb","block_context":{"text":"MILITARES","link":"https:\/\/lasprimeras.com.do\/index.php\/category\/militares\/"},"img":{"alt_text":"","src":"https:\/\/i0.wp.com\/lasprimeras.com.do\/wp-content\/uploads\/2026\/04\/dos.jpg?resize=350%2C200&ssl=1","width":350,"height":200,"srcset":"https:\/\/i0.wp.com\/lasprimeras.com.do\/wp-content\/uploads\/2026\/04\/dos.jpg?resize=350%2C200&ssl=1 1x, https:\/\/i0.wp.com\/lasprimeras.com.do\/wp-content\/uploads\/2026\/04\/dos.jpg?resize=525%2C300&ssl=1 1.5x, https:\/\/i0.wp.com\/lasprimeras.com.do\/wp-content\/uploads\/2026\/04\/dos.jpg?resize=700%2C400&ssl=1 2x"},"classes":[]},{"id":59318,"url":"https:\/\/lasprimeras.com.do\/index.php\/2023\/09\/01\/reconocen-alcalde-manuel-jimenez-por-sus-aportes-al-deporte-y-al-desarrollo-local\/","url_meta":{"origin":79875,"position":2},"title":"Reconocen alcalde Manuel Jim\u00e9nez por sus aportes al deporte y al desarrollo local","author":"Nelson Feliz","date":"1 de septiembre de 2023","format":false,"excerpt":"Organizadores de los juegos patrios valoran propuesta de estadio profesional en Santo Domingo Este. Por Martin Restituyo El Comit\u00e9 Organizador de los Juegos Patrios de New York entreg\u00f3 un reconocimiento especial al alcalde Manuel Jim\u00e9nez por su trayectoria de servicio a favor de la comunidad y por sus grandes aportes\u2026","rel":"","context":"En \u00abSin categor\u00eda\u00bb","block_context":{"text":"Sin categor\u00eda","link":"https:\/\/lasprimeras.com.do\/index.php\/category\/sin-categoria\/"},"img":{"alt_text":"","src":"https:\/\/i0.wp.com\/lasprimeras.com.do\/wp-content\/uploads\/2023\/09\/Manuel-Jimenez-3.jpg?resize=350%2C200&ssl=1","width":350,"height":200,"srcset":"https:\/\/i0.wp.com\/lasprimeras.com.do\/wp-content\/uploads\/2023\/09\/Manuel-Jimenez-3.jpg?resize=350%2C200&ssl=1 1x, https:\/\/i0.wp.com\/lasprimeras.com.do\/wp-content\/uploads\/2023\/09\/Manuel-Jimenez-3.jpg?resize=525%2C300&ssl=1 1.5x, https:\/\/i0.wp.com\/lasprimeras.com.do\/wp-content\/uploads\/2023\/09\/Manuel-Jimenez-3.jpg?resize=700%2C400&ssl=1 2x"},"classes":[]},{"id":80105,"url":"https:\/\/lasprimeras.com.do\/index.php\/2024\/04\/04\/ministro-de-deportes-anuncia-la-construccion-pabellon-taekwondo\/","url_meta":{"origin":79875,"position":3},"title":"Ministro de Deportes anuncia la construcci\u00f3n pabell\u00f3n taekwondo","author":"BIMARY DE JES\u00daS Matos","date":"4 de abril de 2024","format":false,"excerpt":"Santo Domingo.- El ministro de Deportes, Francisco Camacho, anunci\u00f3 la construcci\u00f3n de un pabell\u00f3n de taekwondo, disciplina que ha dado al pa\u00eds una medalla ol\u00edmpica de plata y otra de bronce. El funcionario afirm\u00f3 en un comunicado difundido este mi\u00e9rcoles que ma\u00f1ana recibir\u00e1 los planos de la construcci\u00f3n por parte\u2026","rel":"","context":"En \u00abSin categor\u00eda\u00bb","block_context":{"text":"Sin categor\u00eda","link":"https:\/\/lasprimeras.com.do\/index.php\/category\/sin-categoria\/"},"img":{"alt_text":"","src":"https:\/\/i0.wp.com\/lasprimeras.com.do\/wp-content\/uploads\/2024\/04\/TAEKWONDO.jpg?resize=350%2C200&ssl=1","width":350,"height":200,"srcset":"https:\/\/i0.wp.com\/lasprimeras.com.do\/wp-content\/uploads\/2024\/04\/TAEKWONDO.jpg?resize=350%2C200&ssl=1 1x, https:\/\/i0.wp.com\/lasprimeras.com.do\/wp-content\/uploads\/2024\/04\/TAEKWONDO.jpg?resize=525%2C300&ssl=1 1.5x, https:\/\/i0.wp.com\/lasprimeras.com.do\/wp-content\/uploads\/2024\/04\/TAEKWONDO.jpg?resize=700%2C400&ssl=1 2x, https:\/\/i0.wp.com\/lasprimeras.com.do\/wp-content\/uploads\/2024\/04\/TAEKWONDO.jpg?resize=1050%2C600&ssl=1 3x"},"classes":[]},{"id":81900,"url":"https:\/\/lasprimeras.com.do\/index.php\/2024\/04\/26\/deportes-entregara-incentivo-de-100000-pesos-a-los-atletas-que-iran-a-juegos-olimpicos\/","url_meta":{"origin":79875,"position":4},"title":"Deportes entregar\u00e1 incentivo de 100,000 pesos a los atletas que ir\u00e1n a Juegos Ol\u00edmpicos","author":"BIMARY DE JES\u00daS Matos","date":"26 de abril de 2024","format":false,"excerpt":"Santo Domingo.- El ministro de Deportes, Francisco Camacho, cumpliendo con los postulados del presidente Luis Abinader, anunci\u00f3 este jueves la entrega de un incentivo sin precedentes de 100,000 pesos a los atletas ya clasificados y a los que tambi\u00e9n lo hagan para los Juegos Ol\u00edmpicos de Par\u00eds 2024, y eso\u2026","rel":"","context":"En \u00abSin categor\u00eda\u00bb","block_context":{"text":"Sin categor\u00eda","link":"https:\/\/lasprimeras.com.do\/index.php\/category\/sin-categoria\/"},"img":{"alt_text":"","src":"https:\/\/i0.wp.com\/lasprimeras.com.do\/wp-content\/uploads\/2024\/04\/6a0c8a05-4f4b-48f5-a1d9-1ad180753c4a-16.webp?resize=350%2C200&ssl=1","width":350,"height":200,"srcset":"https:\/\/i0.wp.com\/lasprimeras.com.do\/wp-content\/uploads\/2024\/04\/6a0c8a05-4f4b-48f5-a1d9-1ad180753c4a-16.webp?resize=350%2C200&ssl=1 1x, https:\/\/i0.wp.com\/lasprimeras.com.do\/wp-content\/uploads\/2024\/04\/6a0c8a05-4f4b-48f5-a1d9-1ad180753c4a-16.webp?resize=525%2C300&ssl=1 1.5x, https:\/\/i0.wp.com\/lasprimeras.com.do\/wp-content\/uploads\/2024\/04\/6a0c8a05-4f4b-48f5-a1d9-1ad180753c4a-16.webp?resize=700%2C400&ssl=1 2x, https:\/\/i0.wp.com\/lasprimeras.com.do\/wp-content\/uploads\/2024\/04\/6a0c8a05-4f4b-48f5-a1d9-1ad180753c4a-16.webp?resize=1050%2C600&ssl=1 3x, https:\/\/i0.wp.com\/lasprimeras.com.do\/wp-content\/uploads\/2024\/04\/6a0c8a05-4f4b-48f5-a1d9-1ad180753c4a-16.webp?resize=1400%2C800&ssl=1 4x"},"classes":[]},{"id":125479,"url":"https:\/\/lasprimeras.com.do\/index.php\/2026\/03\/23\/ministro-kelvin-cruz-clasura-con-exito-los-rescatados-juegos-de-la-mujer-2026\/","url_meta":{"origin":79875,"position":5},"title":"Ministro Kelvin Cruz clasura con \u00e9xito los rescatados Juegos de la Mujer 2026","author":"Nelson Feliz","date":"23 de marzo de 2026","format":false,"excerpt":"Zona Metropolitana conquista primer lugar con 52 medallas La Zona Metropolitana conquist\u00f3 los V Juegos Deportivos de la Mujer 2026, que fueron clausurados este domingo por el ministro de Deportes, Kelvin Cruz, en un solemne acto celebrado en el polideportivo de la Ciudad Juan Bosch, en este municipio. La representaci\u00f3n\u2026","rel":"","context":"En \u00abDEPORTES\u00bb","block_context":{"text":"DEPORTES","link":"https:\/\/lasprimeras.com.do\/index.php\/category\/deportes\/"},"img":{"alt_text":"Kelvin Cruz","src":"https:\/\/i0.wp.com\/lasprimeras.com.do\/wp-content\/uploads\/2024\/07\/Kelvin-Cruz.jpg?resize=350%2C200&ssl=1","width":350,"height":200,"srcset":"https:\/\/i0.wp.com\/lasprimeras.com.do\/wp-content\/uploads\/2024\/07\/Kelvin-Cruz.jpg?resize=350%2C200&ssl=1 1x, https:\/\/i0.wp.com\/lasprimeras.com.do\/wp-content\/uploads\/2024\/07\/Kelvin-Cruz.jpg?resize=525%2C300&ssl=1 1.5x, https:\/\/i0.wp.com\/lasprimeras.com.do\/wp-content\/uploads\/2024\/07\/Kelvin-Cruz.jpg?resize=700%2C400&ssl=1 2x"},"classes":[]}],"jetpack_sharing_enabled":true,"_links":{"self":[{"href":"https:\/\/lasprimeras.com.do\/index.php\/wp-json\/wp\/v2\/posts\/79875","targetHints":{"allow":["GET"]}}],"collection":[{"href":"https:\/\/lasprimeras.com.do\/index.php\/wp-json\/wp\/v2\/posts"}],"about":[{"href":"https:\/\/lasprimeras.com.do\/index.php\/wp-json\/wp\/v2\/types\/post"}],"author":[{"embeddable":true,"href":"https:\/\/lasprimeras.com.do\/index.php\/wp-json\/wp\/v2\/users\/3"}],"replies":[{"embeddable":true,"href":"https:\/\/lasprimeras.com.do\/index.php\/wp-json\/wp\/v2\/comments?post=79875"}],"version-history":[{"count":1,"href":"https:\/\/lasprimeras.com.do\/index.php\/wp-json\/wp\/v2\/posts\/79875\/revisions"}],"predecessor-version":[{"id":79877,"href":"https:\/\/lasprimeras.com.do\/index.php\/wp-json\/wp\/v2\/posts\/79875\/revisions\/79877"}],"wp:featuredmedia":[{"embeddable":true,"href":"https:\/\/lasprimeras.com.do\/index.php\/wp-json\/wp\/v2\/media\/79876"}],"wp:attachment":[{"href":"https:\/\/lasprimeras.com.do\/index.php\/wp-json\/wp\/v2\/media?parent=79875"}],"wp:term":[{"taxonomy":"category","embeddable":true,"href":"https:\/\/lasprimeras.com.do\/index.php\/wp-json\/wp\/v2\/categories?post=79875"},{"taxonomy":"post_tag","embeddable":true,"href":"https:\/\/lasprimeras.com.do\/index.php\/wp-json\/wp\/v2\/tags?post=79875"}],"curies":[{"name":"wp","href":"https:\/\/api.w.org\/{rel}","templated":true}]}}