{"id":79915,"date":"2024-04-01T15:20:54","date_gmt":"2024-04-01T19:20:54","guid":{"rendered":"https:\/\/lasprimeras.com.do\/?p=79915"},"modified":"2024-04-01T15:20:56","modified_gmt":"2024-04-01T19:20:56","slug":"diputado-norberto-rodriguez-recibe-apoyo-masivo-de-la-region-de-brooklyn-del-prm","status":"publish","type":"post","link":"https:\/\/lasprimeras.com.do\/index.php\/2024\/04\/01\/diputado-norberto-rodriguez-recibe-apoyo-masivo-de-la-region-de-brooklyn-del-prm\/","title":{"rendered":"Diputado Norberto Rodr\u00edguez recibe apoyo masivo de la Regi\u00f3n de Brooklyn del PRM"},"content":{"rendered":"\n<p>Por: Aquiles Rojas<\/p>\n\n\n\n<p>NUEVA YORK.- La regional del condado de Brooklyn del Partido Revolucionario Moderno (PRM), que preside Rafael Salazar, organiz\u00f3 un masivo acto en respaldo al diputado de ultramar por la circunscripci\u00f3n uno y actual candidato a la misma posici\u00f3n, Norberto Rodr\u00edguez.<\/p>\n\n\n\n<p>\u201cHoy nos hemos reunido en este hermoso lugar, donde han venido todos estos compa\u00f1eros, miembros y simpatizantes del PRM a respaldar a nuestro amigo, el diputado Norberto Rodr\u00edguez, quien ha demostrado ser un legislador preocupado por los dominicanos que residimos en el exterior y lo ha manifestado con sus propuestas legislativas\u201d, afirm\u00f3 Paula Rosario, secretaria de acta de la Regi\u00f3n.<\/p>\n\n\n\n<p>\u201cHemos organizado este acto, el cual sobrepas\u00f3 nuestras expectativas, debido a las tantas personas que se han dado cita hoy en respaldo de nuestro diputado Norberto Rodr\u00edguez y del presidente Luis Abinader\u201d, se\u00f1al\u00f3 Rafael Salazar.<\/p>\n\n\n\n<p>Agreg\u00f3 que el congresista Rodr\u00edguez es un hombre de la di\u00e1spora, un amigo que contesta el tel\u00e9fono cuando se le llama, no cierra las puertas, por eso y mucho m\u00e1s lo queremos cuatro a\u00f1os m\u00e1s.<\/p>\n\n\n\n<p>\u201cEstamos apoyando al diputado Norberto Rodr\u00edguez porque es una persona muy honesta y ha presentado proyectos de leyes que buscan mejorar la calidad de vida de los dominicanos que vivimos fuera de nuestro pa\u00eds, en particular los Estados Unidos\u201d, indic\u00f3 Luis N\u00fa\u00f1ez, presidente del Frente Agropecuario del PRM Brooklyn.<\/p>\n\n\n\n<p>\u201cEste es un acto para darle el apoyo incondicional al diputado Norberto Rodr\u00edguez, en particular las mujeres de Brooklyn, que la mayor\u00eda est\u00e1 con \u00e9l y con nuestro presidente Luis Abinader para que siga por cuatro a\u00f1os m\u00e1s al frente del Gobierno dominicano\u201d, manifest\u00f3 V\u00edctor Luz\u00f3n, reconocido dirigente de dicha regi\u00f3n.<\/p>\n\n\n\n<p>\u201cAgradecemos la invitaci\u00f3n que nos hizo Rafael Salazar y todo el equipo, en el d\u00eda de hoy hemos venido a representar la juventud revolucionaria a este gran encuentro y hemos visto una respuesta muy favorable para el diputado Norberto Rodr\u00edguez, quien realmente se lo merece, porque ha hecho un gran trabajo y tenemos que darle nuestro voto para que tenga cuatro a\u00f1os m\u00e1s\u201d, expres\u00f3 la presidente de la JRM, Scarlyn Cabral.<\/p>\n\n\n\n<p>La oraci\u00f3n e invocaci\u00f3n al Se\u00f1or estuvo a cargo de Fiordaliza Pe\u00f1a, la bienvenida a cargo de Luis N\u00fa\u00f1ez y la maestr\u00eda de ceremonia recay\u00f3 sobre Paula Rosario.<\/p>\n\n\n\n<p>Adem\u00e1s, se destac\u00f3 la presencia de Manuel Cabrera, Vicente Rosario, Emigdio Moronta, Edgar N\u00fa\u00f1ez, V\u00edctor Guaba, Monchy Nicasio, Oscar Villam\u00e1n, Elvis Valdez, Pedro Fr\u00edas y miembros de la corriente Lealtad Pol\u00edtica, que encabezan Puro Fajardo y Awilda Brito, entre otros.<\/p>\n\n\n\n<p>La actividad se realiz\u00f3 a casa llena, en un restaurante del condado de Brooklyn, la noche de este s\u00e1bado.<\/p>\n","protected":false},"excerpt":{"rendered":"<p>Por: Aquiles Rojas NUEVA YORK.- La regional del condado de Brooklyn del Partido Revolucionario Moderno (PRM), que preside Rafael Salazar, organiz\u00f3 un masivo acto en respaldo al diputado de ultramar&hellip;<\/p>\n","protected":false},"author":3,"featured_media":79916,"comment_status":"open","ping_status":"open","sticky":false,"template":"","format":"standard","meta":{"content-type":"","jetpack_post_was_ever_published":false,"_jetpack_newsletter_access":"","_jetpack_dont_email_post_to_subs":false,"_jetpack_newsletter_tier_id":0,"_jetpack_memberships_contains_paywalled_content":false,"_jetpack_memberships_contains_paid_content":false,"footnotes":""},"categories":[1],"tags":[31],"class_list":["post-79915","post","type-post","status-publish","format-standard","has-post-thumbnail","hentry","category-sin-categoria","tag-prm"],"jetpack_featured_media_url":"https:\/\/lasprimeras.com.do\/wp-content\/uploads\/2024\/04\/img-20240331-wa0271.jpg","jetpack-related-posts":[{"id":127458,"url":"https:\/\/lasprimeras.com.do\/index.php\/2026\/04\/12\/carolina-recibe-contundente-respaldo-de-estructura-del-prm-en-monsenor-nouel\/","url_meta":{"origin":79915,"position":0},"title":"Carolina recibe contundente respaldo de estructura del PRM en Monse\u00f1or Nouel","author":"Nelson Feliz","date":"12 de abril de 2026","format":false,"excerpt":"\u2022H\u00e9ctor Acosta y Norberto Ortiz aseguran que Carolina cuenta con el 100% del apoyo en la provincia Carolina Mej\u00eda recibi\u00f3 un contundente respaldo de la estructura pol\u00edtica del Partido Revolucionario Moderno (PRM) en la provincia Monse\u00f1or Nouel, en un encuentro encabezado por el senador H\u00e9ctor Acosta (El Torito) y el\u2026","rel":"","context":"En \u00abPOLITICA\u00bb","block_context":{"text":"POLITICA","link":"https:\/\/lasprimeras.com.do\/index.php\/category\/politica\/"},"img":{"alt_text":"Carolina Mej\u00eda","src":"https:\/\/i0.wp.com\/lasprimeras.com.do\/wp-content\/uploads\/2026\/04\/Carolina-Mejia.jpg?resize=350%2C200&ssl=1","width":350,"height":200,"srcset":"https:\/\/i0.wp.com\/lasprimeras.com.do\/wp-content\/uploads\/2026\/04\/Carolina-Mejia.jpg?resize=350%2C200&ssl=1 1x, https:\/\/i0.wp.com\/lasprimeras.com.do\/wp-content\/uploads\/2026\/04\/Carolina-Mejia.jpg?resize=525%2C300&ssl=1 1.5x, https:\/\/i0.wp.com\/lasprimeras.com.do\/wp-content\/uploads\/2026\/04\/Carolina-Mejia.jpg?resize=700%2C400&ssl=1 2x"},"classes":[]},{"id":69993,"url":"https:\/\/lasprimeras.com.do\/index.php\/2023\/12\/07\/prm-en-staten-island-realizaron-por-vez-primera-gran-gala-navidena\/","url_meta":{"origin":79915,"position":1},"title":"PRM en Staten Island realizaron por vez primera Gran Gala Navide\u00f1a","author":"Nelson Feliz","date":"7 de diciembre de 2023","format":false,"excerpt":"Por Aquiles Rojas NUEVA YORK.-. La direcci\u00f3n del Partido Revolucionario Moderno (PRM-SI) y la comunidad dominicana de Staten Island realiz\u00f3 por primera vez en su demarcaci\u00f3n su Gran Cena de Gala para celebrar las navidades 2023. \u201cAnte todo, quiero darle las gracias a Dios por permitirnos que este hermoso encuentro\u2026","rel":"","context":"En \u00abSin categor\u00eda\u00bb","block_context":{"text":"Sin categor\u00eda","link":"https:\/\/lasprimeras.com.do\/index.php\/category\/sin-categoria\/"},"img":{"alt_text":"PRM","src":"https:\/\/i0.wp.com\/lasprimeras.com.do\/wp-content\/uploads\/2023\/12\/PRM-1.jpg?resize=350%2C200&ssl=1","width":350,"height":200,"srcset":"https:\/\/i0.wp.com\/lasprimeras.com.do\/wp-content\/uploads\/2023\/12\/PRM-1.jpg?resize=350%2C200&ssl=1 1x, https:\/\/i0.wp.com\/lasprimeras.com.do\/wp-content\/uploads\/2023\/12\/PRM-1.jpg?resize=525%2C300&ssl=1 1.5x, https:\/\/i0.wp.com\/lasprimeras.com.do\/wp-content\/uploads\/2023\/12\/PRM-1.jpg?resize=700%2C400&ssl=1 2x"},"classes":[]},{"id":61080,"url":"https:\/\/lasprimeras.com.do\/index.php\/2023\/09\/21\/cuestionan-precandidatos-con-menos-apoyo-y-sin-hacer-campana-fueran-reelectos-en-pirricas-primarias-del-prm-en-nueva-york\/","url_meta":{"origin":79915,"position":2},"title":"Cuestionan precandidatos con menos apoyo y sin hacer campa\u00f1a fueran reelectos en p\u00edrricas primarias del PRM en Nueva York","author":"Nelson Feliz","date":"21 de septiembre de 2023","format":false,"excerpt":"Por Miguel Cruz Tejada Numerosos dirigentes, militantes y miembros de equipos de aspirantes a diputaciones de ultramar del PRM cuestionan la elecci\u00f3n de dos de los precandidatos reeleccionistas a la diputaci\u00f3n en la Circunscripci\u00f3n #1 de Estados Unidos, Norberto Rodr\u00edguez V\u00e1squez y Kenia Bid\u00f3 Parra, quienes contaban con menos apoyo\u2026","rel":"","context":"En \u00abSin categor\u00eda\u00bb","block_context":{"text":"Sin categor\u00eda","link":"https:\/\/lasprimeras.com.do\/index.php\/category\/sin-categoria\/"},"img":{"alt_text":"El diputado Norberto Rodr\u00edguez y la diputada Kenia Bid\u00f3 figuran en primer y segundo lugar en las primarias del PRM NY, mientras en el tercero, Cirilo Moronta quien alega fue el m\u00e1s votado.","src":"https:\/\/i0.wp.com\/lasprimeras.com.do\/wp-content\/uploads\/2023\/09\/Cuestionan-precandidatos-con-menos.jpg?resize=350%2C200&ssl=1","width":350,"height":200,"srcset":"https:\/\/i0.wp.com\/lasprimeras.com.do\/wp-content\/uploads\/2023\/09\/Cuestionan-precandidatos-con-menos.jpg?resize=350%2C200&ssl=1 1x, https:\/\/i0.wp.com\/lasprimeras.com.do\/wp-content\/uploads\/2023\/09\/Cuestionan-precandidatos-con-menos.jpg?resize=525%2C300&ssl=1 1.5x, https:\/\/i0.wp.com\/lasprimeras.com.do\/wp-content\/uploads\/2023\/09\/Cuestionan-precandidatos-con-menos.jpg?resize=700%2C400&ssl=1 2x, https:\/\/i0.wp.com\/lasprimeras.com.do\/wp-content\/uploads\/2023\/09\/Cuestionan-precandidatos-con-menos.jpg?resize=1050%2C600&ssl=1 3x, https:\/\/i0.wp.com\/lasprimeras.com.do\/wp-content\/uploads\/2023\/09\/Cuestionan-precandidatos-con-menos.jpg?resize=1400%2C800&ssl=1 4x"},"classes":[]},{"id":125347,"url":"https:\/\/lasprimeras.com.do\/index.php\/2026\/03\/22\/carolina-reafirma-fortaleza-con-masivo-acto-de-apoyo-mientras-rinde-cuentas-como-secretaria-general\/","url_meta":{"origin":79915,"position":3},"title":"Carolina reafirma fortaleza con masivo acto de apoyo mientras rinde cuentas como secretaria general","author":"Nelson Feliz","date":"22 de marzo de 2026","format":false,"excerpt":"Carolina rindi\u00f3 cuentas de su gesti\u00f3n ante miles de dirigentes y militantes, destacando la importancia de la autocr\u00edtica, el trabajo territorial y la continuidad del cambio que inici\u00f3 PRM. La secretaria general del Partido Revolucionario Moderno (PRM), Carolina Mej\u00eda, encabez\u00f3 este domingo un multitudinario encuentro en el club Mauricio B\u00e1ez\u2026","rel":"","context":"En \u00abPOLITICA\u00bb","block_context":{"text":"POLITICA","link":"https:\/\/lasprimeras.com.do\/index.php\/category\/politica\/"},"img":{"alt_text":"","src":"https:\/\/i0.wp.com\/lasprimeras.com.do\/wp-content\/uploads\/2026\/03\/CAROLINA.jpg?resize=350%2C200&ssl=1","width":350,"height":200,"srcset":"https:\/\/i0.wp.com\/lasprimeras.com.do\/wp-content\/uploads\/2026\/03\/CAROLINA.jpg?resize=350%2C200&ssl=1 1x, https:\/\/i0.wp.com\/lasprimeras.com.do\/wp-content\/uploads\/2026\/03\/CAROLINA.jpg?resize=525%2C300&ssl=1 1.5x, https:\/\/i0.wp.com\/lasprimeras.com.do\/wp-content\/uploads\/2026\/03\/CAROLINA.jpg?resize=700%2C400&ssl=1 2x"},"classes":[]},{"id":64419,"url":"https:\/\/lasprimeras.com.do\/index.php\/2023\/10\/20\/prm-da-a-conocer-a-rafael-garcia-como-su-candidato-a-diputado-en-sdo\/","url_meta":{"origin":79915,"position":4},"title":"PRM da a conocer a Rafael Garc\u00eda como su candidato a diputado en SDO","author":"BIMARY DE JES\u00daS Matos","date":"20 de octubre de 2023","format":false,"excerpt":"Santo Domingo.- El dirigente pol\u00edtico Rafael Garc\u00eda fue oficializado este jueves por la Comisi\u00f3n Nacional de Elecciones Internas (CNI) del PRM como el candidato a diputado por Santo Domingo Oeste. Garc\u00eda qued\u00f3 dentro de las encuestas del PRM como el candidato masculino de mayor aceptaci\u00f3n y aprobaci\u00f3n frente a sus\u2026","rel":"","context":"En \u00abSin categor\u00eda\u00bb","block_context":{"text":"Sin categor\u00eda","link":"https:\/\/lasprimeras.com.do\/index.php\/category\/sin-categoria\/"},"img":{"alt_text":"","src":"https:\/\/i0.wp.com\/lasprimeras.com.do\/wp-content\/uploads\/2023\/10\/WhatsApp-Image-2023-10-18-at-9.33.42-PM-9.jpeg?resize=350%2C200&ssl=1","width":350,"height":200,"srcset":"https:\/\/i0.wp.com\/lasprimeras.com.do\/wp-content\/uploads\/2023\/10\/WhatsApp-Image-2023-10-18-at-9.33.42-PM-9.jpeg?resize=350%2C200&ssl=1 1x, https:\/\/i0.wp.com\/lasprimeras.com.do\/wp-content\/uploads\/2023\/10\/WhatsApp-Image-2023-10-18-at-9.33.42-PM-9.jpeg?resize=525%2C300&ssl=1 1.5x"},"classes":[]},{"id":69813,"url":"https:\/\/lasprimeras.com.do\/index.php\/2023\/12\/05\/candidata-a-diputada-yani-ventura-recibe-masivo-respaldo-en-ny\/","url_meta":{"origin":79915,"position":5},"title":"Candidata a diputada Yani Ventura recibe masivo respaldo en NY","author":"Nelson Feliz","date":"5 de diciembre de 2023","format":false,"excerpt":"Por: Aquiles Rojas NUEVA YORK. -La candidata a diputada por la provincia Duarte del Partido Revolucionario Moderno (PRM) organiz\u00f3 en esta cuidad un encuentro cena esta semana con la busc\u00f3 el respaldo de sus conciudadanos para lograr los votos necesarios y convertirse en representante por su demarcaci\u00f3n en Congreso Nacional.\u2026","rel":"","context":"En \u00abSin categor\u00eda\u00bb","block_context":{"text":"Sin categor\u00eda","link":"https:\/\/lasprimeras.com.do\/index.php\/category\/sin-categoria\/"},"img":{"alt_text":"Yani Ventura","src":"https:\/\/i0.wp.com\/lasprimeras.com.do\/wp-content\/uploads\/2023\/12\/Yani-Ventura-1.jpg?resize=350%2C200&ssl=1","width":350,"height":200,"srcset":"https:\/\/i0.wp.com\/lasprimeras.com.do\/wp-content\/uploads\/2023\/12\/Yani-Ventura-1.jpg?resize=350%2C200&ssl=1 1x, https:\/\/i0.wp.com\/lasprimeras.com.do\/wp-content\/uploads\/2023\/12\/Yani-Ventura-1.jpg?resize=525%2C300&ssl=1 1.5x, https:\/\/i0.wp.com\/lasprimeras.com.do\/wp-content\/uploads\/2023\/12\/Yani-Ventura-1.jpg?resize=700%2C400&ssl=1 2x"},"classes":[]}],"jetpack_sharing_enabled":true,"_links":{"self":[{"href":"https:\/\/lasprimeras.com.do\/index.php\/wp-json\/wp\/v2\/posts\/79915","targetHints":{"allow":["GET"]}}],"collection":[{"href":"https:\/\/lasprimeras.com.do\/index.php\/wp-json\/wp\/v2\/posts"}],"about":[{"href":"https:\/\/lasprimeras.com.do\/index.php\/wp-json\/wp\/v2\/types\/post"}],"author":[{"embeddable":true,"href":"https:\/\/lasprimeras.com.do\/index.php\/wp-json\/wp\/v2\/users\/3"}],"replies":[{"embeddable":true,"href":"https:\/\/lasprimeras.com.do\/index.php\/wp-json\/wp\/v2\/comments?post=79915"}],"version-history":[{"count":1,"href":"https:\/\/lasprimeras.com.do\/index.php\/wp-json\/wp\/v2\/posts\/79915\/revisions"}],"predecessor-version":[{"id":79917,"href":"https:\/\/lasprimeras.com.do\/index.php\/wp-json\/wp\/v2\/posts\/79915\/revisions\/79917"}],"wp:featuredmedia":[{"embeddable":true,"href":"https:\/\/lasprimeras.com.do\/index.php\/wp-json\/wp\/v2\/media\/79916"}],"wp:attachment":[{"href":"https:\/\/lasprimeras.com.do\/index.php\/wp-json\/wp\/v2\/media?parent=79915"}],"wp:term":[{"taxonomy":"category","embeddable":true,"href":"https:\/\/lasprimeras.com.do\/index.php\/wp-json\/wp\/v2\/categories?post=79915"},{"taxonomy":"post_tag","embeddable":true,"href":"https:\/\/lasprimeras.com.do\/index.php\/wp-json\/wp\/v2\/tags?post=79915"}],"curies":[{"name":"wp","href":"https:\/\/api.w.org\/{rel}","templated":true}]}}