{"id":79944,"date":"2024-04-01T22:31:46","date_gmt":"2024-04-02T02:31:46","guid":{"rendered":"https:\/\/lasprimeras.com.do\/?p=79944"},"modified":"2024-04-01T22:31:48","modified_gmt":"2024-04-02T02:31:48","slug":"detectan-en-ee-uu-un-caso-de-infeccion-humana-por-gripe-aviar-altamente-contagiosa","status":"publish","type":"post","link":"https:\/\/lasprimeras.com.do\/index.php\/2024\/04\/01\/detectan-en-ee-uu-un-caso-de-infeccion-humana-por-gripe-aviar-altamente-contagiosa\/","title":{"rendered":"Detectan en EE.UU. un caso de infecci\u00f3n humana por gripe aviar altamente contagiosa"},"content":{"rendered":"\n<p class=\"wp-block-paragraph\"><strong>Los expertos relacionan el caso con brotes recientes de la enfermedad entre vacas lecheras en varios estados.<\/strong><\/p>\n\n\n\n<p class=\"wp-block-paragraph\">Un caso de gripe aviar altamente patog\u00e9nica fue detectado en un residente del estado norteamericano de Texas tras entrar en contacto con vacas lecheras infectadas, seg\u00fan inform\u00f3 este lunes el Departamento de Salud y Servicios Humanos del estado (DSHS, por sus siglas en ingl\u00e9s).<\/p>\n\n\n\n<p class=\"wp-block-paragraph\">Se trata del primer caso de infecci\u00f3n humana por esta enfermedad en Texas y el segundo en la historia de EE.UU.<\/p>\n\n\n\n<p class=\"wp-block-paragraph\">Se informa que el paciente acudi\u00f3 al m\u00e9dico con quejas de conjuntivitis, tras lo cual se le diagnostic\u00f3 el virus A(H5N1).<\/p>\n\n\n\n<p class=\"wp-block-paragraph\">El contagiado est\u00e1 recibiendo tratamiento con medicamentos antivirales. Los especialistas relacionan este caso con los recientes brotes de gripe aviar entre vacas lecheras en Texas y Kansas, de los que se advirti\u00f3 anteriormente.<\/p>\n\n\n\n<p class=\"wp-block-paragraph\">Adem\u00e1s, se notificaron casos de ganado infectado en varios otros estados.<\/p>\n\n\n\n<p class=\"wp-block-paragraph\">La gripe aviar A(H5N1) suele infectar a las aves silvestres y puede propagarse a las aves y otros animales dom\u00e9sticos, y ocasionalmente a las personas.<\/p>\n\n\n\n<p class=\"wp-block-paragraph\">Los s\u00edntomas de la infecci\u00f3n pueden incluir tos y dolor de garganta, fiebre, conjuntivitis, dificultad para respirar, n\u00e1useas, diarrea y calambres, entre otros.<\/p>\n\n\n\n<p class=\"wp-block-paragraph\">El primer caso de infecci\u00f3n humana por esta enfermedad en EE.UU. se notific\u00f3 en 2022. Seg\u00fan los expertos, la gripe se transmite muy raramente de persona a persona y el riesgo de propagaci\u00f3n masiva entre humanos sigue siendo bajo.<\/p>\n\n\n\n<p class=\"wp-block-paragraph\">Sin embargo, los m\u00e9dicos advierten que quienes entran regularmente en contacto con animales infectados corren un mayor riesgo.<\/p>\n\n\n\n<p class=\"wp-block-paragraph\">Fuente RT<\/p>\n","protected":false},"excerpt":{"rendered":"<p>Los expertos relacionan el caso con brotes recientes de la enfermedad entre vacas lecheras en varios estados. Un caso de gripe aviar altamente patog\u00e9nica fue detectado en un residente del&hellip;<\/p>\n","protected":false},"author":2,"featured_media":79945,"comment_status":"open","ping_status":"open","sticky":false,"template":"","format":"standard","meta":{"content-type":"","_jetpack_newsletter_access":"","_jetpack_dont_email_post_to_subs":false,"_jetpack_newsletter_tier_id":0,"_jetpack_memberships_contains_paywalled_content":false,"_jetpack_feature_clip_id":0,"_jetpack_memberships_contains_paid_content":false,"footnotes":"","jetpack_post_was_ever_published":false},"categories":[1],"tags":[12432,12433,206,12430,12431],"class_list":["post-79944","post","type-post","status-publish","format-standard","has-post-thumbnail","hentry","category-sin-categoria","tag-altamente","tag-detectan","tag-ee-uu","tag-gripe-aviar","tag-infeccion-humana"],"jetpack-related-posts":[{"id":99427,"url":"https:\/\/lasprimeras.com.do\/index.php\/2025\/05\/21\/republica-dominicana-suspende-la-compra-de-pollos-a-brasil-por-gripe-aviar\/","url_meta":{"origin":79944,"position":0},"title":"Rep\u00fablica Dominicana suspende la compra de pollos a Brasil por gripe aviar","author":"Nelson Feliz","date":"21 de mayo de 2025","format":false,"excerpt":"Al menos 21 pa\u00edses o bloques suspendieron la compra de pollo a Brasil por gripe aviar R\u00edo de Janeiro, EFE- Rep\u00fablica Dominicana y otros 20 pa\u00edses o bloques econ\u00f3micos vetaron la compra de carne de pollo de todo Brasil por la detecci\u00f3n de un brote de gripe aviar en una\u2026","rel":"","context":"En \u00abECONOM\u00cdA\u00bb","block_context":{"text":"ECONOM\u00cdA","link":"https:\/\/lasprimeras.com.do\/index.php\/category\/economia\/"},"img":{"alt_text":"","src":"https:\/\/i0.wp.com\/lasprimeras.com.do\/wp-content\/uploads\/2025\/05\/pollo-vivo-.jpg?resize=350%2C200&ssl=1","width":350,"height":200,"srcset":"https:\/\/i0.wp.com\/lasprimeras.com.do\/wp-content\/uploads\/2025\/05\/pollo-vivo-.jpg?resize=350%2C200&ssl=1 1x, https:\/\/i0.wp.com\/lasprimeras.com.do\/wp-content\/uploads\/2025\/05\/pollo-vivo-.jpg?resize=525%2C300&ssl=1 1.5x"},"classes":[]},{"id":53255,"url":"https:\/\/lasprimeras.com.do\/index.php\/2023\/06\/24\/washington-desclasifica-su-informe-sobre-el-origen-del-covid-19\/","url_meta":{"origin":79944,"position":1},"title":"Washington desclasifica su informe sobre el origen del covid-19","author":"Nelson Feliz","date":"24 de junio de 2023","format":false,"excerpt":"Casi todas las agencias estadounidenses consideran que el SARS-CoV-2 no fue modificado gen\u00e9ticamente. La inteligencia de Estados Unidos desclasific\u00f3 el viernes un informe sobre los posibles v\u00ednculos entre el Instituto de Virolog\u00eda de Wuhan, la ciudad china donde se detectaron los primeros casos de covid-19, y el origen de la\u2026","rel":"","context":"En \u00abSin categor\u00eda\u00bb","block_context":{"text":"Sin categor\u00eda","link":"https:\/\/lasprimeras.com.do\/index.php\/category\/sin-categoria\/"},"img":{"alt_text":"","src":"https:\/\/i0.wp.com\/lasprimeras.com.do\/wp-content\/uploads\/2023\/06\/covid.jpg?resize=350%2C200&ssl=1","width":350,"height":200,"srcset":"https:\/\/i0.wp.com\/lasprimeras.com.do\/wp-content\/uploads\/2023\/06\/covid.jpg?resize=350%2C200&ssl=1 1x, https:\/\/i0.wp.com\/lasprimeras.com.do\/wp-content\/uploads\/2023\/06\/covid.jpg?resize=525%2C300&ssl=1 1.5x, https:\/\/i0.wp.com\/lasprimeras.com.do\/wp-content\/uploads\/2023\/06\/covid.jpg?resize=700%2C400&ssl=1 2x"},"classes":[]},{"id":48799,"url":"https:\/\/lasprimeras.com.do\/index.php\/2023\/05\/04\/el-pais-registra-3693-casos-de-varicela-en-lo-que-va-de-ano\/","url_meta":{"origin":79944,"position":2},"title":"El pa\u00eds registra 3,693 casos de varicela en lo que va de a\u00f1o","author":"prenxa100","date":"4 de mayo de 2023","format":false,"excerpt":"DORIS PANTALE\u00d3N SANTO DOMINGO, RD.-.Un total de 3,693 casos de varicela, enfermedad viral contagiosa que se manifiesta principalmente con erupciones en la piel, han sido reportados en el pa\u00eds en lo que va de a\u00f1o, lo que representa un incremento con relaci\u00f3n al mismo per\u00edodo del a\u00f1o pasado. Al confirmar\u2026","rel":"","context":"En \u00abSin categor\u00eda\u00bb","block_context":{"text":"Sin categor\u00eda","link":"https:\/\/lasprimeras.com.do\/index.php\/category\/sin-categoria\/"},"img":{"alt_text":"","src":"","width":0,"height":0},"classes":[]},{"id":72381,"url":"https:\/\/lasprimeras.com.do\/index.php\/2023\/12\/29\/25000-casos-de-dengue-reportados-este-ano\/","url_meta":{"origin":79944,"position":3},"title":"25,000 casos de dengue reportados este a\u00f1o","author":"BIMARY DE JES\u00daS Matos","date":"29 de diciembre de 2023","format":false,"excerpt":"Santo Domingo.-En lo que va de 2023, el sistema de vigilancia epidemiol\u00f3gica ha recibido el reporte de 24,735 casos sospechosos de dengue y ha confirmado 23 muertes a causa de la enfermedad, que durante m\u00e1s de cinco meses mantuvo niveles epid\u00e9micos en el pa\u00eds, generando una alta ocupaci\u00f3n de camas\u2026","rel":"","context":"En \u00abPORTADA\u00bb","block_context":{"text":"PORTADA","link":"https:\/\/lasprimeras.com.do\/index.php\/category\/portada\/"},"img":{"alt_text":"","src":"https:\/\/i0.wp.com\/lasprimeras.com.do\/wp-content\/uploads\/2023\/12\/WhatsApp-Image-2023-12-28-at-10.42.13-PM-1.jpeg?resize=350%2C200&ssl=1","width":350,"height":200,"srcset":"https:\/\/i0.wp.com\/lasprimeras.com.do\/wp-content\/uploads\/2023\/12\/WhatsApp-Image-2023-12-28-at-10.42.13-PM-1.jpeg?resize=350%2C200&ssl=1 1x, https:\/\/i0.wp.com\/lasprimeras.com.do\/wp-content\/uploads\/2023\/12\/WhatsApp-Image-2023-12-28-at-10.42.13-PM-1.jpeg?resize=525%2C300&ssl=1 1.5x"},"classes":[]},{"id":128322,"url":"https:\/\/lasprimeras.com.do\/index.php\/2026\/04\/22\/virus-altamente-contagioso-se-propaga-por-nyc-y-el-resto-de-ee-uu\/","url_meta":{"origin":79944,"position":4},"title":"Virus altamente contagioso se propaga por NYC y el resto de EE. UU.","author":"Nelson Feliz","date":"22 de abril de 2026","format":false,"excerpt":"Por Ram\u00f3n Mercedes NUEVA YORK.- Un virus estomacal altamente contagioso, que afecta principalmente a beb\u00e9s y ni\u00f1os peque\u00f1os, se propaga r\u00e1pidamente en esta ciudad y en el resto de Estados Unidos, advierten las autoridades sanitarias. Los s\u00edntomas incluyen v\u00f3mitos frecuentes, diarrea acuosa y fiebre. Estos pueden durar varios d\u00edas o\u2026","rel":"","context":"En \u00abSALUD\u00bb","block_context":{"text":"SALUD","link":"https:\/\/lasprimeras.com.do\/index.php\/category\/salud\/"},"img":{"alt_text":"","src":"https:\/\/i0.wp.com\/lasprimeras.com.do\/wp-content\/uploads\/2026\/04\/Virus-altamente-contagioso-se-propaga-por-NYC-y-el-resto-de-EE.-UU.jpg?resize=350%2C200&ssl=1","width":350,"height":200,"srcset":"https:\/\/i0.wp.com\/lasprimeras.com.do\/wp-content\/uploads\/2026\/04\/Virus-altamente-contagioso-se-propaga-por-NYC-y-el-resto-de-EE.-UU.jpg?resize=350%2C200&ssl=1 1x, https:\/\/i0.wp.com\/lasprimeras.com.do\/wp-content\/uploads\/2026\/04\/Virus-altamente-contagioso-se-propaga-por-NYC-y-el-resto-de-EE.-UU.jpg?resize=525%2C300&ssl=1 1.5x, https:\/\/i0.wp.com\/lasprimeras.com.do\/wp-content\/uploads\/2026\/04\/Virus-altamente-contagioso-se-propaga-por-NYC-y-el-resto-de-EE.-UU.jpg?resize=700%2C400&ssl=1 2x"},"classes":[]},{"id":86558,"url":"https:\/\/lasprimeras.com.do\/index.php\/2024\/07\/27\/mas-de-un-millon-de-personas-fallece-cada-ano-en-el-mundo-por-hepatitis\/","url_meta":{"origin":79944,"position":5},"title":"M\u00e1s de un mill\u00f3n de personas fallece cada a\u00f1o en el mundo por hepatitis","author":"Nelson Feliz","date":"27 de julio de 2024","format":false,"excerpt":"Autoridades de salud mundial luchan para la erradicaci\u00f3n en 2030 La gastroenter\u00f3loga internista de los Centros de Diagn\u00f3stico y Medicina Avanzada y de Conferencias M\u00e9dicas y Telemedicina (CEDIMAT), doctora Fabiolina S\u00e1nchez sostuvo que las hepatitis es la segunda causa infecciosa de muerte en el mundo. S\u00e1nchez, cit\u00f3 datos de la\u2026","rel":"","context":"En \u00abPORTADA\u00bb","block_context":{"text":"PORTADA","link":"https:\/\/lasprimeras.com.do\/index.php\/category\/portada\/"},"img":{"alt_text":"Dra. Fabiolina S\u00e1nchez. Gastroenter\u00f3loga","src":"https:\/\/i0.wp.com\/lasprimeras.com.do\/wp-content\/uploads\/2024\/07\/Dra.-Fabiolina-Sanchez.-Gastroenterologa.jpg?resize=350%2C200&ssl=1","width":350,"height":200,"srcset":"https:\/\/i0.wp.com\/lasprimeras.com.do\/wp-content\/uploads\/2024\/07\/Dra.-Fabiolina-Sanchez.-Gastroenterologa.jpg?resize=350%2C200&ssl=1 1x, https:\/\/i0.wp.com\/lasprimeras.com.do\/wp-content\/uploads\/2024\/07\/Dra.-Fabiolina-Sanchez.-Gastroenterologa.jpg?resize=525%2C300&ssl=1 1.5x, https:\/\/i0.wp.com\/lasprimeras.com.do\/wp-content\/uploads\/2024\/07\/Dra.-Fabiolina-Sanchez.-Gastroenterologa.jpg?resize=700%2C400&ssl=1 2x"},"classes":[]}],"jetpack_sharing_enabled":true,"jetpack_featured_media_url":"https:\/\/lasprimeras.com.do\/wp-content\/uploads\/2024\/04\/gripe.jpg","_links":{"self":[{"href":"https:\/\/lasprimeras.com.do\/index.php\/wp-json\/wp\/v2\/posts\/79944","targetHints":{"allow":["GET"]}}],"collection":[{"href":"https:\/\/lasprimeras.com.do\/index.php\/wp-json\/wp\/v2\/posts"}],"about":[{"href":"https:\/\/lasprimeras.com.do\/index.php\/wp-json\/wp\/v2\/types\/post"}],"author":[{"embeddable":true,"href":"https:\/\/lasprimeras.com.do\/index.php\/wp-json\/wp\/v2\/users\/2"}],"replies":[{"embeddable":true,"href":"https:\/\/lasprimeras.com.do\/index.php\/wp-json\/wp\/v2\/comments?post=79944"}],"version-history":[{"count":1,"href":"https:\/\/lasprimeras.com.do\/index.php\/wp-json\/wp\/v2\/posts\/79944\/revisions"}],"predecessor-version":[{"id":79946,"href":"https:\/\/lasprimeras.com.do\/index.php\/wp-json\/wp\/v2\/posts\/79944\/revisions\/79946"}],"wp:featuredmedia":[{"embeddable":true,"href":"https:\/\/lasprimeras.com.do\/index.php\/wp-json\/wp\/v2\/media\/79945"}],"wp:attachment":[{"href":"https:\/\/lasprimeras.com.do\/index.php\/wp-json\/wp\/v2\/media?parent=79944"}],"wp:term":[{"taxonomy":"category","embeddable":true,"href":"https:\/\/lasprimeras.com.do\/index.php\/wp-json\/wp\/v2\/categories?post=79944"},{"taxonomy":"post_tag","embeddable":true,"href":"https:\/\/lasprimeras.com.do\/index.php\/wp-json\/wp\/v2\/tags?post=79944"}],"curies":[{"name":"wp","href":"https:\/\/api.w.org\/{rel}","templated":true}]}}