{"id":79950,"date":"2024-04-01T23:24:47","date_gmt":"2024-04-02T03:24:47","guid":{"rendered":"https:\/\/lasprimeras.com.do\/?p=79950"},"modified":"2024-04-01T23:24:47","modified_gmt":"2024-04-02T03:24:47","slug":"presidente-abinader-presenta-logros-sobre-transparencia-gubernamental","status":"publish","type":"post","link":"https:\/\/lasprimeras.com.do\/index.php\/2024\/04\/01\/presidente-abinader-presenta-logros-sobre-transparencia-gubernamental\/","title":{"rendered":"Presidente Abinader presenta logros sobre transparencia gubernamental"},"content":{"rendered":"\n<p><strong>_ Dice 93.4% de las instituciones cumplen con el \u00edndice de transparencia exigido, siendo este un nivel importante que van a seguir aumentando_<\/strong><\/p>\n\n\n\n<p>El presidente Luis Abinader present\u00f3 este lunes los logros que han registrado diversas instituciones p\u00fablicas en materia de transparencia, entre las que figuran la Direcci\u00f3n General de Aduanas, la de \u00c9tica e Integridad Gubernamental, Compras y Contrataciones y el Ministerio de Medio Ambiente.<\/p>\n\n\n\n<p>Este informe recoge los avances desde 2020 hasta 2023.<\/p>\n\n\n\n<p>Iniciando con la Direcci\u00f3n General de Aduanas, el mandatario inform\u00f3 que desde su lanzamiento en junio de 2021, el despacho en 24 horas de esta instituci\u00f3n, ha marcado un hito significativo, con m\u00e1s de 62 mil contenedores despachados en ese lapso de tiempo, y m\u00e1s de 124 mil contenedores despachados de un d\u00eda para otro.<\/p>\n\n\n\n<p>Este esfuerzo ha resultado en un ahorro estimado de m\u00e1s de 1,425 millones de pesos para los contribuyentes.<\/p>\n\n\n\n<p>Asimismo, el presidente inform\u00f3 que m\u00e1s de 7 mil empresas han aprovechado este servicio, destacando que el 78.5% de ellas son medianas y peque\u00f1as empresas.<\/p>\n\n\n\n<p>Adem\u00e1s, se han implementado m\u00e1s de 100 mejoras tecnol\u00f3gicas al sistema de la DGA, para optimizar a\u00fan m\u00e1s los procesos.<\/p>\n\n\n\n<p>En cuanto a la Ventanilla \u00danica de Comercio Exterior, se ha logrado reducir el tiempo de aprobaci\u00f3n de seis d\u00edas y nueve horas a tan solo dos d\u00edas y quince horas.<\/p>\n\n\n\n<p>Esto ha sido posible gracias a la participaci\u00f3n de m\u00e1s de siete mil usuarios conectados, con 298 servicios migratorios, 188 servicios simplificados y 44 instituciones gubernamentales.<\/p>\n\n\n\n<p>\u00c9tica e Integridad Gubernamental<\/p>\n\n\n\n<p>El presidente tambi\u00e9n destac\u00f3 el progreso del pa\u00eds en materia de anticorrupci\u00f3n gubernamental, se\u00f1alando una mejora de cuatro posiciones en el informe pa\u00eds sobre medidas preventivas y de recuperaci\u00f3n de activos, de la Convenci\u00f3n de las Naciones Unidas contra la Corrupci\u00f3n (CNUCC).<\/p>\n\n\n\n<p>En cuanto a la evaluaci\u00f3n del cumplimiento de los indicadores de transparencia, se observa un incremento significativo, registrando en 2021 100 cumplimientos y 128 incumplimientos, mientras que en 2023, se registraron 211 cumplimientos y tan solo 12 incumplimientos.<\/p>\n\n\n\n<p>Al referirse a los portales institucionales, agreg\u00f3 que el empoderamiento ciudadano a estas leyes es fundamental para lograr el derecho a la informaci\u00f3n ciudadana.<\/p>\n\n\n\n<p>Tambi\u00e9n puntualiz\u00f3 que el 93.4% de las instituciones cumplen con el \u00edndice de transparencia exigido, siendo este un nivel importante que van a seguir aumentando.<\/p>\n\n\n\n<p>Respecto al Portal \u00danico de Solicitud de Acceso a la Informaci\u00f3n P\u00fablica, el mandatario indic\u00f3 que se recibieron 53,931 solicitudes entre enero de 2020 y noviembre de 2023, de las cuales, se respondi\u00f3 el 98% dentro del plazo que establece la Ley General 200-04 de Libre Acceso a la Informaci\u00f3n P\u00fablica.<\/p>\n\n\n\n<p>Los datos recibidos promedian el recibimiento de una solicitud cada 30 minutos.<\/p>\n\n\n\n<p>Tambi\u00e9n se ofrecieron estad\u00edsticas sobre las oficinas de acceso a la informaci\u00f3n, que aumentaron en un 34% desde el 2020, pasando de 235 a 314 oficinas en 2023.<\/p>\n\n\n\n<p>Duplicidad de funciones<\/p>\n\n\n\n<p>El presidente Abinader inform\u00f3 que fueron recibidas y resueltas 291 denuncias sobre duplicidad de funciones en la Administraci\u00f3n P\u00fablica.<\/p>\n\n\n\n<p>Creaci\u00f3n del gabinete de transparencia, prevenci\u00f3n y control del gasto p\u00fablico<\/p>\n\n\n\n<p>El mismo tiene la misi\u00f3n de llevar al Sistema de Informaci\u00f3n de la Gesti\u00f3n Financiera (SIGEF) a cientos de instituciones que recibiendo fondos p\u00fablicos no realizaban su ejecuci\u00f3n a trav\u00e9s del mismo.<\/p>\n\n\n\n<p>Entre las instituciones que se lograron introducir al SIGEF se encuentran 31 gobernaciones, 10 acueductos, 3 distribuidoras de energ\u00eda, 3,181 asociaciones sin fines de lucro, la Loter\u00eda Nacional, el proyecto La Cruz del Manzanillo y las alianzas p\u00fablico-privadas.<\/p>\n\n\n\n<p>Ministerio de Medio Ambiente<\/p>\n\n\n\n<p>En esta instituci\u00f3n se implement\u00f3 un sistema en l\u00ednea de servicios ambientales que permite verificar los montos de pago calculados por el sistema seg\u00fan categor\u00eda, el cual elimina la discrecionalidad del pago, asimismo estudios ambientales publicados antes de la emisi\u00f3n de licencias.<\/p>\n\n\n\n<p>De igual modo, este sistema permite verificar la comunicaci\u00f3n directa con la instituci\u00f3n sin necesidad de intermediarios y los tiempos claros de compromisos seg\u00fan el reglamento, para cada etapa del proceso de permisolog\u00eda ambiental.<\/p>\n\n\n\n<p>De igual modo permite verificar el fortalecimiento del \u201csistema de l\u00ednea verde\u201d, permitiendo una comunicaci\u00f3n directa entre los ciudadanos y el ministerio.<\/p>\n\n\n\n<p>Compras y Contrataciones<\/p>\n\n\n\n<p>Aqu\u00ed se aplic\u00f3 el Programa de Cumplimiento Regulatorio que instala oficiales de cumplimiento en 19 instituciones que manejan el 60% del presupuesto destinado a compras y contrataciones.<\/p>\n\n\n\n<p>Por primera vez esta instituci\u00f3n aplica el R\u00e9gimen de Incompatibilidad contemplado en el art\u00edculo 14 de la Ley 340-06 de Contrataciones P\u00fablicas.<\/p>\n\n\n\n<p>Otro dato importante es que los participantes en los procesos de compras han crecido un 43%.<\/p>\n\n\n\n<p>Contralor\u00eda General de la Rep\u00fablica<\/p>\n\n\n\n<p>Se han realizado 265 registros y an\u00e1lisis de las ejecuciones presupuestarias de gobiernos locales y 29 informes e investigaciones antifraude a instituciones p\u00fablicas.<\/p>\n\n\n\n<p>Igualmente hay 97 municipalidades integradas a la rendici\u00f3n de cuentas a trav\u00e9s de la rector\u00eda de control interno, 21 expedientes con maniobras fraudulentas detectadas y 65 informes de auditor\u00edas entregadas a las instituciones p\u00fablicas.<\/p>\n\n\n\n<p>Mejoras de la ventanilla \u00fanica de construcci\u00f3n<\/p>\n\n\n\n<p>En este aspecto, el mandatario dijo que se simplificaron los tr\u00e1mites vinculados a la emisi\u00f3n de las licencias de construcci\u00f3n.<\/p>\n\n\n\n<p>Explic\u00f3 que la Unidad de Consulta Interna Inmobiliaria increment\u00f3 la viabilidad de entrada de expedientes para evaluaci\u00f3n t\u00e9cnica de proyectos que anteriormente no eran recibidos.<\/p>\n\n\n\n<p>Adem\u00e1s dijo que se elimin\u00f3 la recepci\u00f3n y env\u00edo de documentaciones y planos en carpetas f\u00edsicas.<\/p>\n\n\n\n<p>Tambi\u00e9n, Abinader argument\u00f3 que se integraron 18 instituciones que emiten documentos prerrequisitos de la licencia de construcci\u00f3n de edificaciones, que interoperan en una misma plataforma.<\/p>\n\n\n\n<p>MIVED ventanilla \u00fanica de construcci\u00f3n<\/p>\n\n\n\n<p>El tiempo de emisi\u00f3n de licencias de construcci\u00f3n en 2019 era de 113 d\u00edas, mientras que desde el 2022 hasta el 2023 tan solo es de 89 d\u00edas, logrando un 21% de reducci\u00f3n.<\/p>\n","protected":false},"excerpt":{"rendered":"<p>_ Dice 93.4% de las instituciones cumplen con el \u00edndice de transparencia exigido, siendo este un nivel importante que van a seguir aumentando_ El presidente Luis Abinader present\u00f3 este lunes&hellip;<\/p>\n","protected":false},"author":2,"featured_media":79951,"comment_status":"open","ping_status":"open","sticky":false,"template":"","format":"standard","meta":{"content-type":"","jetpack_post_was_ever_published":false,"_jetpack_newsletter_access":"","_jetpack_dont_email_post_to_subs":false,"_jetpack_newsletter_tier_id":0,"_jetpack_memberships_contains_paywalled_content":false,"_jetpack_memberships_contains_paid_content":false,"footnotes":""},"categories":[39,25],"tags":[67],"class_list":["post-79950","post","type-post","status-publish","format-standard","has-post-thumbnail","hentry","category-economia","category-portada","tag-luis-abinader"],"jetpack_featured_media_url":"https:\/\/lasprimeras.com.do\/wp-content\/uploads\/2024\/04\/Luis-Abinader.jpg","jetpack-related-posts":[{"id":65700,"url":"https:\/\/lasprimeras.com.do\/index.php\/2023\/10\/30\/abinader-presenta-logros-con-la-burocracia-cero\/","url_meta":{"origin":79950,"position":0},"title":"Abinader presenta logros con la Burocracia Cero","author":"Nelson Feliz","date":"30 de octubre de 2023","format":false,"excerpt":"El presidente Luis Abinader present\u00f3 este lunes algunos de los logros y avances alcanzados gracias al programa Burocracia Cero, que permite a las empresas y ciudadanos en general, acceder a una gran variedad de servicios p\u00fablicos a trav\u00e9s de una \u00fanica plataforma digital. El uso de este portal reduce considerablemente\u2026","rel":"","context":"En \u00abECONOM\u00cdA\u00bb","block_context":{"text":"ECONOM\u00cdA","link":"https:\/\/lasprimeras.com.do\/index.php\/category\/economia\/"},"img":{"alt_text":"Luis Abinader","src":"https:\/\/i0.wp.com\/lasprimeras.com.do\/wp-content\/uploads\/2023\/10\/Luis-Abinader-2-2.jpg?resize=350%2C200&ssl=1","width":350,"height":200,"srcset":"https:\/\/i0.wp.com\/lasprimeras.com.do\/wp-content\/uploads\/2023\/10\/Luis-Abinader-2-2.jpg?resize=350%2C200&ssl=1 1x, https:\/\/i0.wp.com\/lasprimeras.com.do\/wp-content\/uploads\/2023\/10\/Luis-Abinader-2-2.jpg?resize=525%2C300&ssl=1 1.5x, https:\/\/i0.wp.com\/lasprimeras.com.do\/wp-content\/uploads\/2023\/10\/Luis-Abinader-2-2.jpg?resize=700%2C400&ssl=1 2x"},"classes":[]},{"id":106752,"url":"https:\/\/lasprimeras.com.do\/index.php\/2025\/08\/18\/andres-bautista-juramenta-a-felix-reyna-como-director-de-la-diecom\/","url_meta":{"origin":79950,"position":1},"title":"Andr\u00e9s Bautista juramenta a F\u00e9lix Reyna como director de la DIECOM","author":"Nelson Feliz","date":"18 de agosto de 2025","format":false,"excerpt":"El ministro Administrativo de la Presidencia, Andr\u00e9s Bautista, jurament\u00f3 este lunes a F\u00e9lix Reyna, designado por el presidente Luis Abinader, mediante el Decreto 461-25, como director de la Direcci\u00f3n de Estrategia y Comunicaci\u00f3n Gubernamental (DIECOM). El acto de juramentaci\u00f3n se realiz\u00f3 en el despacho del director de la DIECOM, y\u2026","rel":"","context":"En \u00abNACIONALES\u00bb","block_context":{"text":"NACIONALES","link":"https:\/\/lasprimeras.com.do\/index.php\/category\/nacionales\/"},"img":{"alt_text":"","src":"","width":0,"height":0},"classes":[]},{"id":115098,"url":"https:\/\/lasprimeras.com.do\/index.php\/2025\/11\/19\/caminero-reafirma-compromiso-etico-y-cero-tolerancia-a-la-corrupcion-impulsada-por-el-presidente-abinader\/","url_meta":{"origin":79950,"position":2},"title":"Caminero reafirma compromiso \u00e9tico y cero tolerancia a la corrupci\u00f3n impulsada por el presidente Abinader","author":"Nelson Feliz","date":"19 de noviembre de 2025","format":false,"excerpt":"La Direcci\u00f3n de Prensa del Presidente junto a la Direcci\u00f3n General de Bellas Artes, celebraron este jueves el Foro \u201cTransparencia y Responsabilidad P\u00fablica: Nuevos Desaf\u00edos del Estado de Derecho\u201d, un espacio en el que el director de Prensa del presidente, Carlos Alberto Caminero, destac\u00f3 el compromiso \u00e9tico y la pol\u00edtica\u2026","rel":"","context":"En \u00abNACIONALES\u00bb","block_context":{"text":"NACIONALES","link":"https:\/\/lasprimeras.com.do\/index.php\/category\/nacionales\/"},"img":{"alt_text":"","src":"https:\/\/i0.wp.com\/lasprimeras.com.do\/wp-content\/uploads\/2025\/11\/Alberto-Caminero.jpg?resize=350%2C200&ssl=1","width":350,"height":200,"srcset":"https:\/\/i0.wp.com\/lasprimeras.com.do\/wp-content\/uploads\/2025\/11\/Alberto-Caminero.jpg?resize=350%2C200&ssl=1 1x, https:\/\/i0.wp.com\/lasprimeras.com.do\/wp-content\/uploads\/2025\/11\/Alberto-Caminero.jpg?resize=525%2C300&ssl=1 1.5x, https:\/\/i0.wp.com\/lasprimeras.com.do\/wp-content\/uploads\/2025\/11\/Alberto-Caminero.jpg?resize=700%2C400&ssl=1 2x"},"classes":[]},{"id":106319,"url":"https:\/\/lasprimeras.com.do\/index.php\/2025\/08\/13\/abinader-y-yayo-sanz-lovaton-inauguran-en-el-aila-nueva-terminal-courier\/","url_meta":{"origin":79950,"position":3},"title":"Abinader y Yayo Sanz Lovat\u00f3n inauguran en el AILA nueva terminal Courier","author":"Nelson Feliz","date":"13 de agosto de 2025","format":false,"excerpt":"Con una inversi\u00f3n de US$10 millones, la nueva infraestructura permitir\u00e1 procesar m\u00e1s de 4 millones de paquetes adicionales al a\u00f1o, con mayor agilidad y seguridad. El presidente Luis Abinader y el director general de Aduanas, Yayo Sanz Lovat\u00f3n, inauguraron este mi\u00e9rcoles una moderna terminal courier para el manejo y almacenaje\u2026","rel":"","context":"En \u00abECONOM\u00cdA\u00bb","block_context":{"text":"ECONOM\u00cdA","link":"https:\/\/lasprimeras.com.do\/index.php\/category\/economia\/"},"img":{"alt_text":"Luis Abinader vs Yayo Sanz Lovat\u00f3n","src":"https:\/\/i0.wp.com\/lasprimeras.com.do\/wp-content\/uploads\/2025\/08\/Luis-Abinader-vs-Yayo-Sanz-Lovaton-1.jpg?resize=350%2C200&ssl=1","width":350,"height":200,"srcset":"https:\/\/i0.wp.com\/lasprimeras.com.do\/wp-content\/uploads\/2025\/08\/Luis-Abinader-vs-Yayo-Sanz-Lovaton-1.jpg?resize=350%2C200&ssl=1 1x, https:\/\/i0.wp.com\/lasprimeras.com.do\/wp-content\/uploads\/2025\/08\/Luis-Abinader-vs-Yayo-Sanz-Lovaton-1.jpg?resize=525%2C300&ssl=1 1.5x, https:\/\/i0.wp.com\/lasprimeras.com.do\/wp-content\/uploads\/2025\/08\/Luis-Abinader-vs-Yayo-Sanz-Lovaton-1.jpg?resize=700%2C400&ssl=1 2x"},"classes":[]},{"id":106266,"url":"https:\/\/lasprimeras.com.do\/index.php\/2025\/08\/13\/milton-morrison-lleva-al-intrant-a-un-ano-record-de-100-puntos-en-transparencia\/","url_meta":{"origin":79950,"position":4},"title":"Milton Morrison lleva al INTRANT a un a\u00f1o r\u00e9cord de 100 puntos en transparencia","author":"Nelson Feliz","date":"13 de agosto de 2025","format":false,"excerpt":"Bajo la gesti\u00f3n de Morrison, el INTRANT se une a las seis instituciones del segundo gobierno de Abinader que han logrado 12 meses seguidos con 100 puntos en transparencia. En su primer a\u00f1o de gesti\u00f3n (julio 2024 \u2013 julio 2025), el Instituto Nacional de Tr\u00e1nsito y Transporte Terrestre (INTRANT), bajo\u2026","rel":"","context":"En \u00abECONOM\u00cdA\u00bb","block_context":{"text":"ECONOM\u00cdA","link":"https:\/\/lasprimeras.com.do\/index.php\/category\/economia\/"},"img":{"alt_text":"","src":"https:\/\/i0.wp.com\/lasprimeras.com.do\/wp-content\/uploads\/2025\/08\/Milton-Morrison.jpg?resize=350%2C200&ssl=1","width":350,"height":200,"srcset":"https:\/\/i0.wp.com\/lasprimeras.com.do\/wp-content\/uploads\/2025\/08\/Milton-Morrison.jpg?resize=350%2C200&ssl=1 1x, https:\/\/i0.wp.com\/lasprimeras.com.do\/wp-content\/uploads\/2025\/08\/Milton-Morrison.jpg?resize=525%2C300&ssl=1 1.5x, https:\/\/i0.wp.com\/lasprimeras.com.do\/wp-content\/uploads\/2025\/08\/Milton-Morrison.jpg?resize=700%2C400&ssl=1 2x"},"classes":[]},{"id":51363,"url":"https:\/\/lasprimeras.com.do\/index.php\/2023\/05\/30\/presidente-abinader-presenta-logros-del-programa-burocracia-cero\/","url_meta":{"origin":79950,"position":5},"title":"Presidente Abinader presenta logros del Programa Burocracia Cero","author":"prenxa100","date":"30 de mayo de 2023","format":false,"excerpt":"Por Wilson Perez Santo Domingo.- El presidente Luis Abinader present\u00f3 los principales logros del Programa Burocracia Cero, a dos a\u00f1os y medio de su implementaci\u00f3n que incluyen Despacho en 24 horas, Ventanilla \u00danica de Construcci\u00f3n (VUC), Homologaci\u00f3n de medicamentos de la FDA y EMA, Registros sanitarios, Apertura de empresas, No\u2026","rel":"","context":"En \u00abECONOM\u00cdA\u00bb","block_context":{"text":"ECONOM\u00cdA","link":"https:\/\/lasprimeras.com.do\/index.php\/category\/economia\/"},"img":{"alt_text":"","src":"","width":0,"height":0},"classes":[]}],"jetpack_sharing_enabled":true,"_links":{"self":[{"href":"https:\/\/lasprimeras.com.do\/index.php\/wp-json\/wp\/v2\/posts\/79950","targetHints":{"allow":["GET"]}}],"collection":[{"href":"https:\/\/lasprimeras.com.do\/index.php\/wp-json\/wp\/v2\/posts"}],"about":[{"href":"https:\/\/lasprimeras.com.do\/index.php\/wp-json\/wp\/v2\/types\/post"}],"author":[{"embeddable":true,"href":"https:\/\/lasprimeras.com.do\/index.php\/wp-json\/wp\/v2\/users\/2"}],"replies":[{"embeddable":true,"href":"https:\/\/lasprimeras.com.do\/index.php\/wp-json\/wp\/v2\/comments?post=79950"}],"version-history":[{"count":1,"href":"https:\/\/lasprimeras.com.do\/index.php\/wp-json\/wp\/v2\/posts\/79950\/revisions"}],"predecessor-version":[{"id":79952,"href":"https:\/\/lasprimeras.com.do\/index.php\/wp-json\/wp\/v2\/posts\/79950\/revisions\/79952"}],"wp:featuredmedia":[{"embeddable":true,"href":"https:\/\/lasprimeras.com.do\/index.php\/wp-json\/wp\/v2\/media\/79951"}],"wp:attachment":[{"href":"https:\/\/lasprimeras.com.do\/index.php\/wp-json\/wp\/v2\/media?parent=79950"}],"wp:term":[{"taxonomy":"category","embeddable":true,"href":"https:\/\/lasprimeras.com.do\/index.php\/wp-json\/wp\/v2\/categories?post=79950"},{"taxonomy":"post_tag","embeddable":true,"href":"https:\/\/lasprimeras.com.do\/index.php\/wp-json\/wp\/v2\/tags?post=79950"}],"curies":[{"name":"wp","href":"https:\/\/api.w.org\/{rel}","templated":true}]}}