{"id":80061,"date":"2024-04-03T13:56:04","date_gmt":"2024-04-03T17:56:04","guid":{"rendered":"https:\/\/lasprimeras.com.do\/?p=80061"},"modified":"2024-04-03T13:56:06","modified_gmt":"2024-04-03T17:56:06","slug":"cesac-gradua-21-nuevos-inspectores-avsec-manejadores-k-9-en-deteccion-de-explosivos","status":"publish","type":"post","link":"https:\/\/lasprimeras.com.do\/index.php\/2024\/04\/03\/cesac-gradua-21-nuevos-inspectores-avsec-manejadores-k-9-en-deteccion-de-explosivos\/","title":{"rendered":"CESAC grad\u00faa 21 nuevos inspectores AVSEC Manejadores K-9 en Detecci\u00f3n de Explosivos"},"content":{"rendered":"\n<p>Santo Domingo\u2013 El Cuerpo Especializado en Seguridad Aeroportuaria y de la Aviaci\u00f3n Civil (CESAC) celebr\u00f3 un acto solemne de clausura del curso \u201cManejadores K-9 en Detecci\u00f3n de Explosivos\u201d, bajo la direcci\u00f3n del general de brigada piloto Floreal Su\u00e1rez Mart\u00ednez, FARD, director general de la instituci\u00f3n.<\/p>\n\n\n\n<p>En este evento, 21 nuevos manejadores K-9, Inspectores Avsec de primera categor\u00eda, se graduaron como especialistas en el manejo de caninos para la detecci\u00f3n de explosivos. <\/p>\n\n\n\n<p>Este talentoso grupo, integrado por cinco mujeres y 16 hombres de edades entre 19 y 27 a\u00f1os, trabajar\u00e1 con caninos de diversas razas, entre ellas Pastor Belga Malinois, Labrador y Pastor Alem\u00e1n, adquiridos en Colombia.<\/p>\n\n\n\n<p>Los nuevos manejadores se sumar\u00e1n a las operaciones de las residencias caninas y las terminales aeroportuarias en siete aeropuertos internacionales de la Rep\u00fablica Dominicana, incluyendo importantes nodos como el Aeropuerto Internacional de Punta Cana (MDPC), el Aeropuerto Internacional Jos\u00e9 Francisco Pe\u00f1a G\u00f3mez (MDSD), el Aeropuerto Internacional Cibao (MDST) y el Aeropuerto Internacional El Catey \u2013 Presidente Juan Bosch (MDCY).<\/p>\n\n\n\n<p>La ceremonia estuvo encabezada por el general de brigada piloto Floreal Su\u00e1rez Mart\u00ednez, FARD, acompa\u00f1ado de su esposa la se\u00f1ora Mar\u00eda Henr\u00edquez de Su\u00e1rez, el coronel Dionisio De La Rosa Hern\u00e1ndez, FARD, subdirector general del CESAC, el coronel paracaidista Cristian Carrasco Ram\u00edrez, FARD, director de la Escuela de Seguridad de Aviaci\u00f3n Civil, ESAC, y el coronel piloto Edgar M. Yorro Lora, FARD, director de operaciones del CESAC y el mayor Andy Reyes Ram\u00edrez, FARD, subdirector de la Unidad Canina del CESAC.<\/p>\n\n\n\n<p>Asimismo, la actividad cont\u00f3 con la valiosa participaci\u00f3n de la magistrada Roxanna Reyes, Procuradora General Adjunta RD, enlace nacional del Ministerio P\u00fablico en violaciones a la Ley de Protecci\u00f3n Animal y Tenencia Responsable, No. 248-12, y la comunicadora Lorenny Solano, presidenta de la Federaci\u00f3n Dominicana de Derechos Animales (FEDDA), quienes felicitaron al CESAC por su compromiso con el cuidado y la protecci\u00f3n de los caninos especializados en detecci\u00f3n de explosivos.<\/p>\n\n\n\n<p>En representaci\u00f3n de los egresados, el marinero AVSEC Carlos Morel Corniel, ARD, expres\u00f3 unas palabras de agradecimiento hacia la instituci\u00f3n por la formaci\u00f3n continua y destac\u00f3 los valores de integridad y honor que priman en la cultura organizacional del CESAC.<\/p>\n\n\n\n<p>Los manejadores K-9 recibieron una formaci\u00f3n intensiva de 120 horas te\u00f3ricas a trav\u00e9s de la Escuela de Seguridad de la Aviaci\u00f3n Civil (ESAC), complementada con 80 horas pr\u00e1cticas en la Residencia Canina ubicada pr\u00f3ximo a la sede principal del CESAC.<\/p>\n\n\n\n<p>En su discurso de cierre y exhortaci\u00f3n, Su\u00e1rez Mart\u00ednez, enfatiz\u00f3 la importancia del trabajo de los manejadores caninos en detecci\u00f3n de explosivos para el cumplimiento de la misi\u00f3n del CESAC y agradeci\u00f3 a todos los instructores, l\u00edderes y personal de apoyo por su dedicaci\u00f3n y profesionalismo, destacando que son parte de la columna vertebral de la instituci\u00f3n y la garant\u00eda de su capacidad para enfrentar los desaf\u00edos del futuro.<\/p>\n","protected":false},"excerpt":{"rendered":"<p>Santo Domingo\u2013 El Cuerpo Especializado en Seguridad Aeroportuaria y de la Aviaci\u00f3n Civil (CESAC) celebr\u00f3 un acto solemne de clausura del curso \u201cManejadores K-9 en Detecci\u00f3n de Explosivos\u201d, bajo la&hellip;<\/p>\n","protected":false},"author":3,"featured_media":80062,"comment_status":"open","ping_status":"open","sticky":false,"template":"","format":"standard","meta":{"content-type":"","jetpack_post_was_ever_published":false,"_jetpack_newsletter_access":"","_jetpack_dont_email_post_to_subs":false,"_jetpack_newsletter_tier_id":0,"_jetpack_memberships_contains_paywalled_content":false,"_jetpack_memberships_contains_paid_content":false,"footnotes":""},"categories":[35],"tags":[517],"class_list":["post-80061","post","type-post","status-publish","format-standard","has-post-thumbnail","hentry","category-nacionales","tag-cesac"],"jetpack_featured_media_url":"https:\/\/lasprimeras.com.do\/wp-content\/uploads\/2024\/04\/IMG-20240403-WA0010.jpg","jetpack-related-posts":[{"id":48857,"url":"https:\/\/lasprimeras.com.do\/index.php\/2023\/05\/04\/cesac-refuerza-seguridad-en-terminales-aeroportuarias-con-nuevos-avsec\/","url_meta":{"origin":80061,"position":0},"title":"CESAC refuerza seguridad en terminales aeroportuarias con nuevos AVSEC","author":"prenxa100","date":"4 de mayo de 2023","format":false,"excerpt":"Por Wilson P\u00e9rez Santo Domingo. \u2013 Agentes de la trig\u00e9simo tercera promoci\u00f3n AVSEC recibieron instrucciones del general de brigada piloto, Floreal Su\u00e1rez Mart\u00ednez, previo a ser asignados a las diferentes terminales aeroportuarias. Su\u00e1rez Mart\u00ednez, destac\u00f3 la importancia de ser parte del Cuerpo Especializado en Seguridad Aeroportuaria y de la Aviaci\u00f3n\u2026","rel":"","context":"En \u00abNACIONALES\u00bb","block_context":{"text":"NACIONALES","link":"https:\/\/lasprimeras.com.do\/index.php\/category\/nacionales\/"},"img":{"alt_text":"","src":"","width":0,"height":0},"classes":[]},{"id":104046,"url":"https:\/\/lasprimeras.com.do\/index.php\/2025\/07\/21\/dncd-despide-con-honores-a-cinco-caninos-especializados-deteccion-de-narcoticos\/","url_meta":{"origin":80061,"position":1},"title":"DNCD despide con honores a cinco caninos especializados detecci\u00f3n de narc\u00f3ticos","author":"Nelson Feliz","date":"21 de julio de 2025","format":false,"excerpt":"Los valientes canes pasan ahora a la honrosa condici\u00f3n de retiro; este lunes 21 se celebra el D\u00eda Mundial del Perro. La Direcci\u00f3n Nacional de Control de Drogas (DNCD) realiz\u00f3 este lunes una ceremonia de despedida para honrar a cinco ejemplares de la Unidad Canina K-9, especializados en detecci\u00f3n de\u2026","rel":"","context":"En \u00abMILITARES\u00bb","block_context":{"text":"MILITARES","link":"https:\/\/lasprimeras.com.do\/index.php\/category\/militares\/"},"img":{"alt_text":"","src":"https:\/\/i0.wp.com\/lasprimeras.com.do\/wp-content\/uploads\/2025\/07\/perros.jpg?resize=350%2C200&ssl=1","width":350,"height":200,"srcset":"https:\/\/i0.wp.com\/lasprimeras.com.do\/wp-content\/uploads\/2025\/07\/perros.jpg?resize=350%2C200&ssl=1 1x, https:\/\/i0.wp.com\/lasprimeras.com.do\/wp-content\/uploads\/2025\/07\/perros.jpg?resize=525%2C300&ssl=1 1.5x, https:\/\/i0.wp.com\/lasprimeras.com.do\/wp-content\/uploads\/2025\/07\/perros.jpg?resize=700%2C400&ssl=1 2x"},"classes":[]},{"id":74699,"url":"https:\/\/lasprimeras.com.do\/index.php\/2024\/01\/25\/cesac-concluye-con-graduacion-actividades-conmemorativas-por-aniversario\/","url_meta":{"origin":80061,"position":2},"title":"CESAC concluye con graduaci\u00f3n actividades conmemorativas por aniversario","author":"Nelson Feliz","date":"25 de enero de 2024","format":false,"excerpt":"Por Martin Restituyo El ministro de Defensa, teniente general Carlos Luciano D\u00edaz Morfa, acompa\u00f1ado por el Estado Mayor General de las Fuerzas Armadas y el general de brigada piloto Floreal Su\u00e1rez Mart\u00ednez, director general del Cuerpo Especializado en Seguridad Aeroportuaria y de la Aviaci\u00f3n Civil (CESAC), encabezaron la ceremonia de\u2026","rel":"","context":"En \u00abMILITARES\u00bb","block_context":{"text":"MILITARES","link":"https:\/\/lasprimeras.com.do\/index.php\/category\/militares\/"},"img":{"alt_text":"CESAC","src":"https:\/\/i0.wp.com\/lasprimeras.com.do\/wp-content\/uploads\/2024\/01\/CESAC-1.jpg?resize=350%2C200&ssl=1","width":350,"height":200,"srcset":"https:\/\/i0.wp.com\/lasprimeras.com.do\/wp-content\/uploads\/2024\/01\/CESAC-1.jpg?resize=350%2C200&ssl=1 1x, https:\/\/i0.wp.com\/lasprimeras.com.do\/wp-content\/uploads\/2024\/01\/CESAC-1.jpg?resize=525%2C300&ssl=1 1.5x, https:\/\/i0.wp.com\/lasprimeras.com.do\/wp-content\/uploads\/2024\/01\/CESAC-1.jpg?resize=700%2C400&ssl=1 2x"},"classes":[]},{"id":52995,"url":"https:\/\/lasprimeras.com.do\/index.php\/2023\/06\/22\/ministro-defensa-encabeza-graduacion-agentes-dncd\/","url_meta":{"origin":80061,"position":3},"title":"Ministro Defensa encabeza graduaci\u00f3n agentes DNCD","author":"Nelson Feliz","date":"22 de junio de 2023","format":false,"excerpt":"Por Martin Restituyo \u00a0 El Ministro de Defensa, teniente general, Carlos L. D\u00edaz Morfa, encabez\u00f3 junto al presidente de la Direcci\u00f3n Nacional de Control de Drogas (DNCD), vicealmirante Jos\u00e9 M. Cabrera Ulloa, el acto de graduaci\u00f3n de la vig\u00e9simo quinta promoci\u00f3n de agentes antinarc\u00f3ticos y Segunda de binomios caninos. En\u2026","rel":"","context":"En \u00abNACIONALES\u00bb","block_context":{"text":"NACIONALES","link":"https:\/\/lasprimeras.com.do\/index.php\/category\/nacionales\/"},"img":{"alt_text":"Carlos L. D\u00edaz Morfa","src":"https:\/\/i0.wp.com\/lasprimeras.com.do\/wp-content\/uploads\/2023\/06\/Graduacion.jpg?resize=350%2C200&ssl=1","width":350,"height":200,"srcset":"https:\/\/i0.wp.com\/lasprimeras.com.do\/wp-content\/uploads\/2023\/06\/Graduacion.jpg?resize=350%2C200&ssl=1 1x, https:\/\/i0.wp.com\/lasprimeras.com.do\/wp-content\/uploads\/2023\/06\/Graduacion.jpg?resize=525%2C300&ssl=1 1.5x, https:\/\/i0.wp.com\/lasprimeras.com.do\/wp-content\/uploads\/2023\/06\/Graduacion.jpg?resize=700%2C400&ssl=1 2x"},"classes":[]},{"id":50061,"url":"https:\/\/lasprimeras.com.do\/index.php\/2023\/05\/16\/administracion-de-seguridad-en-el-transporte-de-ee-uu-realiza-visita-de-supervision-en-el-mdpc\/","url_meta":{"origin":80061,"position":4},"title":"Administraci\u00f3n de Seguridad en el Transporte de EE.UU. realiza visita de supervisi\u00f3n en el MDPC","author":"prenxa100","date":"16 de mayo de 2023","format":false,"excerpt":"Por Wilson Perez Santo Domingo.- La Administraci\u00f3n de Seguridad en el Transporte de los Estados Unidos de Norteam\u00e9rica, realiz\u00f3 una visita de evaluaci\u00f3n de seguridad al Aeropuerto Internacional de Punta Cana. La evaluaci\u00f3n consisti\u00f3 en verificar el cumplimiento del CESAC de las normas y m\u00e9todos contenidos en el Anexo 17\u2026","rel":"","context":"En \u00abNACIONALES\u00bb","block_context":{"text":"NACIONALES","link":"https:\/\/lasprimeras.com.do\/index.php\/category\/nacionales\/"},"img":{"alt_text":"","src":"","width":0,"height":0},"classes":[]},{"id":79032,"url":"https:\/\/lasprimeras.com.do\/index.php\/2024\/03\/22\/arajet-y-cesac-remueven-dos-pasajeros-de-vuelo-por-falsa-alarma-de-objeto-explosivo\/","url_meta":{"origin":80061,"position":5},"title":"Arajet y CESAC remueven dos pasajeros de vuelo por falsa alarma de objeto explosivo.","author":"BIMARY DE JES\u00daS Matos","date":"22 de marzo de 2024","format":false,"excerpt":"Santo Domingo.-La Aerol\u00ednea Arajet inform\u00f3 que el Cuerpo Especializados de Seguridad Aeroportuaria, en cumplimiento de los protocolos internacionales, procedi\u00f3 a remover a dos pasajeros del vuelo HI1078 de Santo Domingo a Cartagena, luego de que estos dieran una falsa alarma sobre portar un objeto explosivo a bordo. Seg\u00fan explic\u00f3 el\u2026","rel":"","context":"En \u00abNACIONALES\u00bb","block_context":{"text":"NACIONALES","link":"https:\/\/lasprimeras.com.do\/index.php\/category\/nacionales\/"},"img":{"alt_text":"","src":"https:\/\/i0.wp.com\/lasprimeras.com.do\/wp-content\/uploads\/2024\/03\/IMG-20240322-WA0017.jpg?resize=350%2C200&ssl=1","width":350,"height":200,"srcset":"https:\/\/i0.wp.com\/lasprimeras.com.do\/wp-content\/uploads\/2024\/03\/IMG-20240322-WA0017.jpg?resize=350%2C200&ssl=1 1x, https:\/\/i0.wp.com\/lasprimeras.com.do\/wp-content\/uploads\/2024\/03\/IMG-20240322-WA0017.jpg?resize=525%2C300&ssl=1 1.5x, https:\/\/i0.wp.com\/lasprimeras.com.do\/wp-content\/uploads\/2024\/03\/IMG-20240322-WA0017.jpg?resize=700%2C400&ssl=1 2x, https:\/\/i0.wp.com\/lasprimeras.com.do\/wp-content\/uploads\/2024\/03\/IMG-20240322-WA0017.jpg?resize=1050%2C600&ssl=1 3x"},"classes":[]}],"jetpack_sharing_enabled":true,"_links":{"self":[{"href":"https:\/\/lasprimeras.com.do\/index.php\/wp-json\/wp\/v2\/posts\/80061","targetHints":{"allow":["GET"]}}],"collection":[{"href":"https:\/\/lasprimeras.com.do\/index.php\/wp-json\/wp\/v2\/posts"}],"about":[{"href":"https:\/\/lasprimeras.com.do\/index.php\/wp-json\/wp\/v2\/types\/post"}],"author":[{"embeddable":true,"href":"https:\/\/lasprimeras.com.do\/index.php\/wp-json\/wp\/v2\/users\/3"}],"replies":[{"embeddable":true,"href":"https:\/\/lasprimeras.com.do\/index.php\/wp-json\/wp\/v2\/comments?post=80061"}],"version-history":[{"count":1,"href":"https:\/\/lasprimeras.com.do\/index.php\/wp-json\/wp\/v2\/posts\/80061\/revisions"}],"predecessor-version":[{"id":80063,"href":"https:\/\/lasprimeras.com.do\/index.php\/wp-json\/wp\/v2\/posts\/80061\/revisions\/80063"}],"wp:featuredmedia":[{"embeddable":true,"href":"https:\/\/lasprimeras.com.do\/index.php\/wp-json\/wp\/v2\/media\/80062"}],"wp:attachment":[{"href":"https:\/\/lasprimeras.com.do\/index.php\/wp-json\/wp\/v2\/media?parent=80061"}],"wp:term":[{"taxonomy":"category","embeddable":true,"href":"https:\/\/lasprimeras.com.do\/index.php\/wp-json\/wp\/v2\/categories?post=80061"},{"taxonomy":"post_tag","embeddable":true,"href":"https:\/\/lasprimeras.com.do\/index.php\/wp-json\/wp\/v2\/tags?post=80061"}],"curies":[{"name":"wp","href":"https:\/\/api.w.org\/{rel}","templated":true}]}}