{"id":80093,"date":"2024-04-03T23:19:29","date_gmt":"2024-04-04T03:19:29","guid":{"rendered":"https:\/\/lasprimeras.com.do\/?p=80093"},"modified":"2024-04-03T23:19:31","modified_gmt":"2024-04-04T03:19:31","slug":"abinader-dice-plan-rd-30x30-se-ejecutara-con-disciplina-para-consolidar-los-recursos-naturales","status":"publish","type":"post","link":"https:\/\/lasprimeras.com.do\/index.php\/2024\/04\/03\/abinader-dice-plan-rd-30x30-se-ejecutara-con-disciplina-para-consolidar-los-recursos-naturales\/","title":{"rendered":"Abinader dice plan \u201cRD 30&#215;30\u201d se ejecutar\u00e1 con disciplina para consolidar los recursos naturales"},"content":{"rendered":"\n<p><strong>Este programa es una estrategia que busca conservar y gestionar el 30% de la superficie terrestre y marina del pa\u00eds, conforme al Marco Global para la Biodiversidad<\/strong><\/p>\n\n\n\n<p>El presidente Luis Abinader expres\u00f3 este mi\u00e9rcoles durante la presentaci\u00f3n de los avances del programa \u201cRep\u00fablica Dominicana 30&#215;30\u201d que este plan se ejecutar\u00e1 con disciplina, pasi\u00f3n y decisi\u00f3n, para de esta forma consolidar los recursos naturales y salvarlos.<\/p>\n\n\n\n<p>Al pronunciar unas breves palabras, el mandatario manifest\u00f3 que este plan ser\u00e1 una gu\u00eda y un compromiso del gobierno para consolidar los recursos naturales y salvarlos. \u201cSi no se conservan los recursos naturales, no habr\u00e1 desarrollo econ\u00f3mico en el pa\u00eds.<\/p>\n\n\n\n<p>Del mismo modo, manifest\u00f3 que este plan se ejecutar\u00e1 con disciplina, pasi\u00f3n y decisi\u00f3n, al tiempo que entiende que hay que incorporar a la sociedad dominicana a este plan y trabajar con cada sector.<\/p>\n\n\n\n<p>Asever\u00f3 que hay que impedir que se sigan destruyendo los bosques. \u201cHay que unir toda la sociedad con este objetivo\u201d.<\/p>\n\n\n\n<p>Estas palabras fueron pronunciadas por el jefe de Estado durante la presentaci\u00f3n por el ministro de Medio Ambiente y Recursos Naturales, Miguel Ceara Hatton de los avances de \u201cRep\u00fablica Dominicana 30&#215;30\u201d.<\/p>\n\n\n\n<p>La misma, ser\u00e1 una estrategia organizacional y operativa con la que se busca conservar y gestionar el 30% de la superficie terrestre y marina bajo la categor\u00eda de \u00e1reas protegidas y otros mecanismos de protecci\u00f3n, conforme al Marco Global para la Biodiversidad.<\/p>\n\n\n\n<p>La iniciativa, que se apoya en la tecnolog\u00eda, el conocimiento, la gesti\u00f3n de datos y una firme gobernanza, contempla la definici\u00f3n de un camino a seguir para que Rep\u00fablica Dominicana logre una protecci\u00f3n efectiva del 30% de sus oc\u00e9anos, tierras y ecosistemas, a fin de garantizar la biodiversidad, preservar los recursos naturales y mitigar impactos del cambio clim\u00e1tico.<\/p>\n\n\n\n<p>Asumir compromiso total<\/p>\n\n\n\n<p>Durante el encuentro, el ministro Ceara Hatton invit\u00f3 a funcionarios y representantes de organizaciones de la sociedad civil a asumir un compromiso total con la iniciativa y a los organismos de cooperaci\u00f3n apoyar la estrategia. Indicando que ahora el desaf\u00edo es crear las condiciones para que se ejecute y Rep\u00fablica Dominicana pueda ver resultados que contribuyan a mejorar la calidad de vida de los dominicanos.<\/p>\n\n\n\n<p>Entre los objetivos de la iniciativa figuran: reforzar la gesti\u00f3n de \u00e1reas protegidas y expandir su superficie; asegurar pr\u00e1cticas sostenibles en pesca y agricultura; fortalecer y diversificar el acceso a instrumentos financieros; promover un turismo sostenible y generar mecanismos de gobernanza y regulatorios acertados.<\/p>\n\n\n\n<p>Capacitaci\u00f3n y sensibilizaci\u00f3n de las comunidades<\/p>\n\n\n\n<p>Adem\u00e1s, fortalecer la capacitaci\u00f3n y sensibilizaci\u00f3n de las comunidades y los sectores econ\u00f3micos; la inversi\u00f3n de recursos econ\u00f3micos y la definici\u00f3n de un plan para una gesti\u00f3n efectiva de todas las \u00e1reas protegidas.<\/p>\n\n\n\n<p>En la actividad, se present\u00f3 la estructura organizativa que operativiza y gestiona el financiamiento que pondr\u00e1 en ejecuci\u00f3n todos los mecanismos y acciones tendentes a cumplir con la meta. Esta estructura se compone de varios frentes de trabajo, que incluyen el Espacio Terrestre y Marino, Normativas, Finanzas, Cambio Clim\u00e1tico y Gesti\u00f3n de la Cultura de Transformaci\u00f3n.<\/p>\n\n\n\n<p>De 26% al 30%<\/p>\n\n\n\n<p>Rep\u00fablica Dominicana 30&#215;30 incluye una meta alcanzable que ir\u00e1 acompa\u00f1ada del fortalecimiento en el cuidado de las \u00e1reas protegidas existentes, pues ya el pa\u00eds tiene bajo el criterio de protecci\u00f3n el 26% de su territorio terrestre, por lo que aumentarlo a 30% le ser\u00e1 viable.<\/p>\n\n\n\n<p>Superficie marina<\/p>\n\n\n\n<p>En cuanto a la superficie marina, quedan importantes desaf\u00edos, es la parte m\u00e1s extensa del territorio y solo cuenta con un aproximado 11% de superficie protegida. El Viceministerio de Recursos Costeros y Marinos est\u00e1 trabajando en conservar \u00e1reas oce\u00e1nicas de gran tama\u00f1o buscando duplicar la superficie protegida marina.<\/p>\n\n\n\n<p>Desde el Viceministerio de Cambio Clim\u00e1tico se trabaja activamente y de manera articulada con un norte: la conservaci\u00f3n, para reducir la vulnerabilidad del pa\u00eds frente al cambio clim\u00e1tico.<\/p>\n\n\n\n<p>En la actividad estuvieron presentes, la vicepresidenta, Raquel Pe\u00f1a; el ministro de Agricultura, Limber Cruz; el ministro de Econom\u00eda, Planificaci\u00f3n y Desarrollo, Pavel Isa y la presidenta de la Fundaci\u00f3n PROPAGAS, Rosa Bonetti.<\/p>\n","protected":false},"excerpt":{"rendered":"<p>Este programa es una estrategia que busca conservar y gestionar el 30% de la superficie terrestre y marina del pa\u00eds, conforme al Marco Global para la Biodiversidad El presidente Luis&hellip;<\/p>\n","protected":false},"author":2,"featured_media":80094,"comment_status":"open","ping_status":"open","sticky":false,"template":"","format":"standard","meta":{"content-type":"","jetpack_post_was_ever_published":false,"_jetpack_newsletter_access":"","_jetpack_dont_email_post_to_subs":false,"_jetpack_newsletter_tier_id":0,"_jetpack_memberships_contains_paywalled_content":false,"_jetpack_memberships_contains_paid_content":false,"footnotes":""},"categories":[35,25],"tags":[12443,67,12444,7542],"class_list":["post-80093","post","type-post","status-publish","format-standard","has-post-thumbnail","hentry","category-nacionales","category-portada","tag-disciplina","tag-luis-abinader","tag-rd-30x30","tag-recursos-naturales"],"jetpack_featured_media_url":"https:\/\/lasprimeras.com.do\/wp-content\/uploads\/2024\/04\/Luis-Abinader-3.jpg","jetpack-related-posts":[{"id":80746,"url":"https:\/\/lasprimeras.com.do\/index.php\/2024\/04\/12\/gobierno-crea-el-santuario-marino-orlando-jorge-mera-ejecutivo-emite-decretos-194-24-y-195-24\/","url_meta":{"origin":80093,"position":0},"title":"Gobierno crea el \u201cSantuario Marino Orlando Jorge Mera\u201d Ejecutivo emite decretos 194-24 y 195-24","author":"Nelson Feliz","date":"12 de abril de 2024","format":false,"excerpt":"Ampl\u00eda l\u00edmites del Santuario de Mam\u00edferos Marinos Bancos de La Plata y La Navidad. El presidente Luis Abinader encabez\u00f3 este jueves el acto de declaraci\u00f3n de espacios marinos protegidos a trav\u00e9s de los decretos 194-24 y 195-24, que crean el \u201cSantuario Marino Orlando Jorge Mera\u201d y ampl\u00edan los l\u00edmites del\u2026","rel":"","context":"En \u00abNACIONALES\u00bb","block_context":{"text":"NACIONALES","link":"https:\/\/lasprimeras.com.do\/index.php\/category\/nacionales\/"},"img":{"alt_text":"Luis Abinader","src":"https:\/\/i0.wp.com\/lasprimeras.com.do\/wp-content\/uploads\/2024\/04\/Luis-Abinader-8.jpg?resize=350%2C200&ssl=1","width":350,"height":200,"srcset":"https:\/\/i0.wp.com\/lasprimeras.com.do\/wp-content\/uploads\/2024\/04\/Luis-Abinader-8.jpg?resize=350%2C200&ssl=1 1x, https:\/\/i0.wp.com\/lasprimeras.com.do\/wp-content\/uploads\/2024\/04\/Luis-Abinader-8.jpg?resize=525%2C300&ssl=1 1.5x, https:\/\/i0.wp.com\/lasprimeras.com.do\/wp-content\/uploads\/2024\/04\/Luis-Abinader-8.jpg?resize=700%2C400&ssl=1 2x"},"classes":[]},{"id":124765,"url":"https:\/\/lasprimeras.com.do\/index.php\/2026\/03\/16\/presidente-abinader-juramenta-comite-gestor-del-observatorio-ambiental\/","url_meta":{"origin":80093,"position":1},"title":"Presidente Abinader juramenta comit\u00e9 gestor del Observatorio Ambiental","author":"Nelson Feliz","date":"16 de marzo de 2026","format":false,"excerpt":"Adem\u00e1s, se fortalece monitoreo independiente de las pol\u00edticas p\u00fablicas en materia de conservaci\u00f3n de los recursos naturales y \u00e1reas protegidas El presidente Luis Abinader jurament\u00f3 este lunes en el Palacio Nacional al comit\u00e9 gestor del Observatorio de Pol\u00edticas Ambientales y \u00c1reas Protegidas, una instancia consultiva, multisectorial y de car\u00e1cter honor\u00edfico\u2026","rel":"","context":"En \u00abNACIONALES\u00bb","block_context":{"text":"NACIONALES","link":"https:\/\/lasprimeras.com.do\/index.php\/category\/nacionales\/"},"img":{"alt_text":"","src":"https:\/\/i0.wp.com\/lasprimeras.com.do\/wp-content\/uploads\/2026\/03\/Luis-Abinader-8.jpg?resize=350%2C200&ssl=1","width":350,"height":200,"srcset":"https:\/\/i0.wp.com\/lasprimeras.com.do\/wp-content\/uploads\/2026\/03\/Luis-Abinader-8.jpg?resize=350%2C200&ssl=1 1x, https:\/\/i0.wp.com\/lasprimeras.com.do\/wp-content\/uploads\/2026\/03\/Luis-Abinader-8.jpg?resize=525%2C300&ssl=1 1.5x, https:\/\/i0.wp.com\/lasprimeras.com.do\/wp-content\/uploads\/2026\/03\/Luis-Abinader-8.jpg?resize=700%2C400&ssl=1 2x"},"classes":[]},{"id":52457,"url":"https:\/\/lasprimeras.com.do\/index.php\/2023\/06\/10\/mescyt-inicia-plan-nacional-de-reforestacion-en-villa-altagracia\/","url_meta":{"origin":80093,"position":2},"title":"Mescyt inicia Plan Nacional de Reforestaci\u00f3n en Villa Altagracia","author":"prenxa100","date":"10 de junio de 2023","format":false,"excerpt":"En la jornada participa, vicerrector\u00eda Extensi\u00f3n UASD y el Ministerio de Medio Ambiente. El Ministerio de Educaci\u00f3n Superior, Ciencia y Tecnolog\u00eda (MESCYT), en coordinaci\u00f3n con el Ministerio de Medio Ambiente y Recursos Naturales, inici\u00f3 un Plan Nacional Reforestaci\u00f3n con la siembra de 3 mil \u00e1rboles en la cuenca del r\u00edo\u2026","rel":"","context":"En \u00abNACIONALES\u00bb","block_context":{"text":"NACIONALES","link":"https:\/\/lasprimeras.com.do\/index.php\/category\/nacionales\/"},"img":{"alt_text":"","src":"","width":0,"height":0},"classes":[]},{"id":125563,"url":"https:\/\/lasprimeras.com.do\/index.php\/2026\/03\/24\/tejada-propone-un-plan-de-canalizacion-cauce-de-los-rios-para-proteger-comunidades-de-las-inundaciones\/","url_meta":{"origin":80093,"position":3},"title":"Tejada propone un plan de canalizaci\u00f3n cauce de los r\u00edos para proteger comunidades de las inundaciones","author":"Nelson Feliz","date":"24 de marzo de 2026","format":false,"excerpt":"El expresidente del Colegio Dominicano de Ingenieros y Agrimensores (CODIA) Ing. Teodoro Tejada propuso al gobierno la creaci\u00f3n de un programa de canalizaci\u00f3n y adecuaci\u00f3n de los cauces de los r\u00edos y arroyos, a los fines de prevenir y proteger a las comunidades de las constantes crecidas que se producen\u2026","rel":"","context":"En \u00abNACIONALES\u00bb","block_context":{"text":"NACIONALES","link":"https:\/\/lasprimeras.com.do\/index.php\/category\/nacionales\/"},"img":{"alt_text":"Teodoro Tejada","src":"https:\/\/i0.wp.com\/lasprimeras.com.do\/wp-content\/uploads\/2026\/01\/Teodoro-Tejada.jpg?resize=350%2C200&ssl=1","width":350,"height":200,"srcset":"https:\/\/i0.wp.com\/lasprimeras.com.do\/wp-content\/uploads\/2026\/01\/Teodoro-Tejada.jpg?resize=350%2C200&ssl=1 1x, https:\/\/i0.wp.com\/lasprimeras.com.do\/wp-content\/uploads\/2026\/01\/Teodoro-Tejada.jpg?resize=525%2C300&ssl=1 1.5x, https:\/\/i0.wp.com\/lasprimeras.com.do\/wp-content\/uploads\/2026\/01\/Teodoro-Tejada.jpg?resize=700%2C400&ssl=1 2x"},"classes":[]},{"id":128910,"url":"https:\/\/lasprimeras.com.do\/index.php\/2026\/04\/28\/abinader-crea-comision-para-el-plan-san-juan-y-designa-director\/","url_meta":{"origin":80093,"position":4},"title":"Abinader crea Comisi\u00f3n para el Plan San Juan y designa director","author":"Nelson Feliz","date":"28 de abril de 2026","format":false,"excerpt":"El presidente Luis Abinader emiti\u00f3 los decretos 236-26 y 285-26 que tienen el prop\u00f3sito de dar continuidad a las acciones para el desarrollo integral en los \u00e1mbitos econ\u00f3mico y social de los residentes y comunidades de la provincia San Juan. Tras haberse creado el Plan para el Desarrollo Econ\u00f3mico de\u2026","rel":"","context":"En \u00abNACIONALES\u00bb","block_context":{"text":"NACIONALES","link":"https:\/\/lasprimeras.com.do\/index.php\/category\/nacionales\/"},"img":{"alt_text":"Luis Abinader","src":"https:\/\/i0.wp.com\/lasprimeras.com.do\/wp-content\/uploads\/2026\/03\/Luis-Abinader-7.jpg?resize=350%2C200&ssl=1","width":350,"height":200,"srcset":"https:\/\/i0.wp.com\/lasprimeras.com.do\/wp-content\/uploads\/2026\/03\/Luis-Abinader-7.jpg?resize=350%2C200&ssl=1 1x, https:\/\/i0.wp.com\/lasprimeras.com.do\/wp-content\/uploads\/2026\/03\/Luis-Abinader-7.jpg?resize=525%2C300&ssl=1 1.5x, https:\/\/i0.wp.com\/lasprimeras.com.do\/wp-content\/uploads\/2026\/03\/Luis-Abinader-7.jpg?resize=700%2C400&ssl=1 2x"},"classes":[]},{"id":125158,"url":"https:\/\/lasprimeras.com.do\/index.php\/2026\/03\/19\/abinader-entrega-complejo-deportivo-y-abre-juegos-de-la-mujer-2026\/","url_meta":{"origin":80093,"position":5},"title":"Abinader entrega complejo deportivo y abre Juegos de la Mujer 2026","author":"Nelson Feliz","date":"19 de marzo de 2026","format":false,"excerpt":"Jos\u00e9 Ignacio Paliza destaca evoluci\u00f3n en la calidad de vida para residentes de Ciudad Juan Bosch y reitera que este es un gobierno que trabaja por y para la gente El presidente Luis Abinader inaugur\u00f3 un moderno complejo deportivo en Ciudad Juan Bosch que permitir\u00e1 la pr\u00e1ctica de baloncesto, voleibol,\u2026","rel":"","context":"En \u00abDEPORTES\u00bb","block_context":{"text":"DEPORTES","link":"https:\/\/lasprimeras.com.do\/index.php\/category\/deportes\/"},"img":{"alt_text":"Luis Abinader","src":"https:\/\/i0.wp.com\/lasprimeras.com.do\/wp-content\/uploads\/2026\/03\/Luis-Abinader-4-2.jpg?resize=350%2C200&ssl=1","width":350,"height":200,"srcset":"https:\/\/i0.wp.com\/lasprimeras.com.do\/wp-content\/uploads\/2026\/03\/Luis-Abinader-4-2.jpg?resize=350%2C200&ssl=1 1x, https:\/\/i0.wp.com\/lasprimeras.com.do\/wp-content\/uploads\/2026\/03\/Luis-Abinader-4-2.jpg?resize=525%2C300&ssl=1 1.5x, https:\/\/i0.wp.com\/lasprimeras.com.do\/wp-content\/uploads\/2026\/03\/Luis-Abinader-4-2.jpg?resize=700%2C400&ssl=1 2x"},"classes":[]}],"jetpack_sharing_enabled":true,"_links":{"self":[{"href":"https:\/\/lasprimeras.com.do\/index.php\/wp-json\/wp\/v2\/posts\/80093","targetHints":{"allow":["GET"]}}],"collection":[{"href":"https:\/\/lasprimeras.com.do\/index.php\/wp-json\/wp\/v2\/posts"}],"about":[{"href":"https:\/\/lasprimeras.com.do\/index.php\/wp-json\/wp\/v2\/types\/post"}],"author":[{"embeddable":true,"href":"https:\/\/lasprimeras.com.do\/index.php\/wp-json\/wp\/v2\/users\/2"}],"replies":[{"embeddable":true,"href":"https:\/\/lasprimeras.com.do\/index.php\/wp-json\/wp\/v2\/comments?post=80093"}],"version-history":[{"count":1,"href":"https:\/\/lasprimeras.com.do\/index.php\/wp-json\/wp\/v2\/posts\/80093\/revisions"}],"predecessor-version":[{"id":80095,"href":"https:\/\/lasprimeras.com.do\/index.php\/wp-json\/wp\/v2\/posts\/80093\/revisions\/80095"}],"wp:featuredmedia":[{"embeddable":true,"href":"https:\/\/lasprimeras.com.do\/index.php\/wp-json\/wp\/v2\/media\/80094"}],"wp:attachment":[{"href":"https:\/\/lasprimeras.com.do\/index.php\/wp-json\/wp\/v2\/media?parent=80093"}],"wp:term":[{"taxonomy":"category","embeddable":true,"href":"https:\/\/lasprimeras.com.do\/index.php\/wp-json\/wp\/v2\/categories?post=80093"},{"taxonomy":"post_tag","embeddable":true,"href":"https:\/\/lasprimeras.com.do\/index.php\/wp-json\/wp\/v2\/tags?post=80093"}],"curies":[{"name":"wp","href":"https:\/\/api.w.org\/{rel}","templated":true}]}}