{"id":80097,"date":"2024-04-03T23:32:48","date_gmt":"2024-04-04T03:32:48","guid":{"rendered":"https:\/\/lasprimeras.com.do\/?p=80097"},"modified":"2024-04-03T23:32:49","modified_gmt":"2024-04-04T03:32:49","slug":"seguidores-de-leonel-se-movilizan-y-ensenan-a-votar-en-las-estaciones-del-metro-de-sd","status":"publish","type":"post","link":"https:\/\/lasprimeras.com.do\/index.php\/2024\/04\/03\/seguidores-de-leonel-se-movilizan-y-ensenan-a-votar-en-las-estaciones-del-metro-de-sd\/","title":{"rendered":"Seguidores de Leonel se movilizan y ense\u00f1an a votar en las estaciones del Metro de SD"},"content":{"rendered":"\n<p><strong>Seguidores del candidato presidencial del partido Fuerza del Pueblo, Leonel Fern\u00e1ndez, se movilizaron en las afueras de las 34 estaciones que tiene el Metro de Santo Domingo.<\/strong><\/p>\n\n\n\n<p>En la parte frontal de las estaciones, los activistas aprovecharon el flujo de personas que utilizan diariamente el Metro, estimado en unos 60 mil en horarios pico, a los cuales, utilizando una pizarra en la que colocaron una boleta electoral ampliada, les ense\u00f1aron c\u00f3mo votar por Leonel Fern\u00e1ndez en las elecciones presidenciales que se celebrar\u00e1n el 19 de mayo.<\/p>\n\n\n\n<p>Desde la estaci\u00f3n Centro de los H\u00e9roes, en el sector La Feria, del Distrito Nacional, hasta la Mam\u00e1 Ting\u00f3 en Villa Mella, L\u00ednea 1, desde las cinco de la tarde, los seguidores de Leonel Fern\u00e1ndez estuvieron, adem\u00e1s, entregando volantes sobre la visi\u00f3n de desarrollo del l\u00edder opositor.<\/p>\n\n\n\n<p>De la misma manera, en la L\u00ednea n\u00famero 2 del Metro de Santo Domingo, iniciando en la estaci\u00f3n Mar\u00eda Mont\u00e9s, en la avenida John F. Kennedy, esquina avenida Gregorio Luper\u00f3n, los militantes de la Fuerza del Pueblo cubrieron las \u00e1reas aleda\u00f1as de las 18 estaciones del Metro, hasta llegar a la Estaci\u00f3n Concepci\u00f3n Bona, en la Carretera Mella, Santo Domingo Este.<\/p>\n\n\n\n<p>Contenido del volante<\/p>\n\n\n\n<p>El volante entregado en las estaciones contiene un mensaje directo a los usuarios, que expresa: \u201cNadie cre\u00eda que era posible, pero Leonel hizo el Metro de Santo Domingo\u201d.<\/p>\n\n\n\n<p>\u201cUna de las obras m\u00e1s importantes de las \u00faltimas d\u00e9cadas. Transporta cada a\u00f1o 120 millones de personas. Trabajadores, estudiantes, profesionales y turistas se trasladan m\u00e1s r\u00e1pido y seguro gracias a esta gran obra de movilidad urbana\u201d, explica el documento.<\/p>\n\n\n\n<p>\u201cFue el comienzo de un tiempo de progreso para Santo Domingo\u201d, agrega.<\/p>\n\n\n\n<p>Para continuar diciendo que: \u201cAhora podr\u00e1 hacerlo de nuevo. Solo quien hizo puede hacer. Ahora, Leonel crear\u00e1 el mayor plan de obras p\u00fablicas de la historia, construir\u00e1 carreteras, puentes, elevados y t\u00faneles, como nunca antes, para mejorar la movilidad y unir al pa\u00eds\u201d.<\/p>\n\n\n\n<p>\u201cEsto va a reactivar la econom\u00eda, a generar miles de puestos de trabajo y transformar\u00e1 la Rep\u00fablica Dominicana\u201d.<\/p>\n\n\n\n<p>El documento finaliza diciendo: \u201cLeonel Fern\u00e1ndez va a traer progreso para el pa\u00eds y prosperidad para ti&#8221;.<\/p>\n","protected":false},"excerpt":{"rendered":"<p>Seguidores del candidato presidencial del partido Fuerza del Pueblo, Leonel Fern\u00e1ndez, se movilizaron en las afueras de las 34 estaciones que tiene el Metro de Santo Domingo. En la parte&hellip;<\/p>\n","protected":false},"author":2,"featured_media":80098,"comment_status":"open","ping_status":"open","sticky":false,"template":"","format":"standard","meta":{"content-type":"","jetpack_post_was_ever_published":false,"_jetpack_newsletter_access":"","_jetpack_dont_email_post_to_subs":false,"_jetpack_newsletter_tier_id":0,"_jetpack_memberships_contains_paywalled_content":false,"_jetpack_memberships_contains_paid_content":false,"footnotes":""},"categories":[25],"tags":[5074,12447,12446,6676],"class_list":["post-80097","post","type-post","status-publish","format-standard","has-post-thumbnail","hentry","category-portada","tag-estaciones","tag-metro-de-sd","tag-seguidores-leonel-fernandez","tag-votar"],"jetpack_featured_media_url":"https:\/\/lasprimeras.com.do\/wp-content\/uploads\/2024\/04\/leonel-1.jpg","jetpack-related-posts":[{"id":79212,"url":"https:\/\/lasprimeras.com.do\/index.php\/2024\/03\/24\/leonel-vamos-a-la-recta-final-a-ganar-la-presidencia\/","url_meta":{"origin":80097,"position":0},"title":"Leonel: &#8220;Vamos a la recta final a ganar la Presidencia&#8221;","author":"Nelson Feliz","date":"24 de marzo de 2024","format":false,"excerpt":"\u201cEstamos de nuevo en las calles, concitando este gran respaldo popular que tiene la Fuerza del Pueblo\u201d, fueron las palabras del candidato presidencial del partido Fuerza del Pueblo, Leonel Fern\u00e1ndez, al participar este domingo en diversas movilizaciones en el municipio de Santo Domingo Norte, acompa\u00f1ando a los candidatos congresuales de\u2026","rel":"","context":"En \u00abPORTADA\u00bb","block_context":{"text":"PORTADA","link":"https:\/\/lasprimeras.com.do\/index.php\/category\/portada\/"},"img":{"alt_text":"Leonel Fern\u00e1ndez","src":"https:\/\/i0.wp.com\/lasprimeras.com.do\/wp-content\/uploads\/2024\/03\/Leonel-Fernandez-9.jpg?resize=350%2C200&ssl=1","width":350,"height":200,"srcset":"https:\/\/i0.wp.com\/lasprimeras.com.do\/wp-content\/uploads\/2024\/03\/Leonel-Fernandez-9.jpg?resize=350%2C200&ssl=1 1x, https:\/\/i0.wp.com\/lasprimeras.com.do\/wp-content\/uploads\/2024\/03\/Leonel-Fernandez-9.jpg?resize=525%2C300&ssl=1 1.5x, https:\/\/i0.wp.com\/lasprimeras.com.do\/wp-content\/uploads\/2024\/03\/Leonel-Fernandez-9.jpg?resize=700%2C400&ssl=1 2x"},"classes":[]},{"id":114218,"url":"https:\/\/lasprimeras.com.do\/index.php\/2025\/11\/11\/leonel-fernandez-ve-ineficiencia-del-gobierno-provoco-el-apagon\/","url_meta":{"origin":80097,"position":1},"title":"Leonel Fern\u00e1ndez ve \u201cineficiencia del Gobierno\u201d provoc\u00f3 el apag\u00f3n","author":"Nelson Feliz","date":"11 de noviembre de 2025","format":false,"excerpt":"El expresidente Leonel Fern\u00e1ndez conden\u00f3 el apag\u00f3n general que se ha producido este martes en la Rep\u00fablica Dominicana se\u00f1alando, entre otras cosas, que \u201cla ineficiencia del gobierno del PRM no podr\u00eda ser mayor\u201d. En un primer mensaje publicado en redes sociales, Fern\u00e1ndez, presidente del opositor Partido Fuerza del Pueblo, dijo\u2026","rel":"","context":"En \u00abPOLITICA\u00bb","block_context":{"text":"POLITICA","link":"https:\/\/lasprimeras.com.do\/index.php\/category\/politica\/"},"img":{"alt_text":"Leonel Fern\u00e1ndez","src":"https:\/\/i0.wp.com\/lasprimeras.com.do\/wp-content\/uploads\/2025\/11\/Leonel-Fernandez.jpg?resize=350%2C200&ssl=1","width":350,"height":200,"srcset":"https:\/\/i0.wp.com\/lasprimeras.com.do\/wp-content\/uploads\/2025\/11\/Leonel-Fernandez.jpg?resize=350%2C200&ssl=1 1x, https:\/\/i0.wp.com\/lasprimeras.com.do\/wp-content\/uploads\/2025\/11\/Leonel-Fernandez.jpg?resize=525%2C300&ssl=1 1.5x"},"classes":[]},{"id":60665,"url":"https:\/\/lasprimeras.com.do\/index.php\/2023\/09\/17\/leonel-responsabiliza-al-gobierno-del-accidente-del-metro-por-cancelacion-de-personal-capacitado\/","url_meta":{"origin":80097,"position":2},"title":"Leonel responsabiliza al gobierno del accidente del Metro por cancelaci\u00f3n de personal capacitado","author":"Nelson Feliz","date":"17 de septiembre de 2023","format":false,"excerpt":"LF se solidariza con personas lesionadas en colisi\u00f3n de trenes del Metro de Santo Domingo El presidente del partido Fuerza del Pueblo, Leonel Fern\u00e1ndez, se solidariz\u00f3 esta tarde con las personas que resultaron afectadas por el choque de dos trenes del Metro de Santo Domingo. Adem\u00e1s se\u00f1al\u00f3 que nunca hab\u00eda\u2026","rel":"","context":"En \u00abPORTADA\u00bb","block_context":{"text":"PORTADA","link":"https:\/\/lasprimeras.com.do\/index.php\/category\/portada\/"},"img":{"alt_text":"Leonel Fernandez","src":"https:\/\/i0.wp.com\/lasprimeras.com.do\/wp-content\/uploads\/2023\/09\/Leonel-Fernandez-NY-2.jpg?resize=350%2C200&ssl=1","width":350,"height":200,"srcset":"https:\/\/i0.wp.com\/lasprimeras.com.do\/wp-content\/uploads\/2023\/09\/Leonel-Fernandez-NY-2.jpg?resize=350%2C200&ssl=1 1x, https:\/\/i0.wp.com\/lasprimeras.com.do\/wp-content\/uploads\/2023\/09\/Leonel-Fernandez-NY-2.jpg?resize=525%2C300&ssl=1 1.5x, https:\/\/i0.wp.com\/lasprimeras.com.do\/wp-content\/uploads\/2023\/09\/Leonel-Fernandez-NY-2.jpg?resize=700%2C400&ssl=1 2x"},"classes":[]},{"id":103952,"url":"https:\/\/lasprimeras.com.do\/index.php\/2025\/07\/20\/leonel-fernandez-acusa-al-gobierno-del-prm-de-hacer-retroceder-al-pais-al-siglo-xix\/","url_meta":{"origin":80097,"position":3},"title":"Leonel Fern\u00e1ndez acusa al gobierno del PRM de hacer retroceder al pa\u00eds al siglo XIX","author":"Nelson Feliz","date":"20 de julio de 2025","format":false,"excerpt":"El expresidente dominicano y l\u00edder del partido Fuerza del Pueblo (FP), Leonel Fern\u00e1ndez, arremeti\u00f3 este domingo contra la gesti\u00f3n del Partido Revolucionario Moderno (PRM), asegurando que el pa\u00eds \u201cha retrocedido al siglo XIX\u201d bajo la actual administraci\u00f3n. Las declaraciones fueron ofrecidas durante un acto de juramentaci\u00f3n de nuevos dirigentes que\u2026","rel":"","context":"En \u00abPOLITICA\u00bb","block_context":{"text":"POLITICA","link":"https:\/\/lasprimeras.com.do\/index.php\/category\/politica\/"},"img":{"alt_text":"","src":"https:\/\/i0.wp.com\/lasprimeras.com.do\/wp-content\/uploads\/2025\/07\/leonel-4.jpg?resize=350%2C200&ssl=1","width":350,"height":200,"srcset":"https:\/\/i0.wp.com\/lasprimeras.com.do\/wp-content\/uploads\/2025\/07\/leonel-4.jpg?resize=350%2C200&ssl=1 1x, https:\/\/i0.wp.com\/lasprimeras.com.do\/wp-content\/uploads\/2025\/07\/leonel-4.jpg?resize=525%2C300&ssl=1 1.5x, https:\/\/i0.wp.com\/lasprimeras.com.do\/wp-content\/uploads\/2025\/07\/leonel-4.jpg?resize=700%2C400&ssl=1 2x"},"classes":[]},{"id":82502,"url":"https:\/\/lasprimeras.com.do\/index.php\/2024\/05\/03\/leonel-moviliza-miles-de-simpatizantes-en-puerto-plata\/","url_meta":{"origin":80097,"position":4},"title":"Leonel moviliza miles de simpatizantes en Puerto Plata","author":"Esteffany Vargas","date":"3 de mayo de 2024","format":false,"excerpt":"Asegura que con Rescate RD \"venceremos\u201d. El candidato presidencial del partido Fuerza del Pueblo y aliados, Leonel Fern\u00e1ndez, moviliz\u00f3 a miles de sus seguidores en el municipio San Felipe, de Puerto Plata. Durante unas dos horas, Fern\u00e1ndez recorri\u00f3 diferentes barrios de este municipio, acompa\u00f1ado del candidato a senador de la\u2026","rel":"","context":"En \u00abPORTADA\u00bb","block_context":{"text":"PORTADA","link":"https:\/\/lasprimeras.com.do\/index.php\/category\/portada\/"},"img":{"alt_text":"Leonel Fern\u00e1ndez","src":"https:\/\/i0.wp.com\/lasprimeras.com.do\/wp-content\/uploads\/2024\/05\/Leonel-Fernandez-R-1.jpg?resize=350%2C200&ssl=1","width":350,"height":200,"srcset":"https:\/\/i0.wp.com\/lasprimeras.com.do\/wp-content\/uploads\/2024\/05\/Leonel-Fernandez-R-1.jpg?resize=350%2C200&ssl=1 1x, https:\/\/i0.wp.com\/lasprimeras.com.do\/wp-content\/uploads\/2024\/05\/Leonel-Fernandez-R-1.jpg?resize=525%2C300&ssl=1 1.5x, https:\/\/i0.wp.com\/lasprimeras.com.do\/wp-content\/uploads\/2024\/05\/Leonel-Fernandez-R-1.jpg?resize=700%2C400&ssl=1 2x"},"classes":[]},{"id":118318,"url":"https:\/\/lasprimeras.com.do\/index.php\/2025\/12\/26\/leonel-fernandez-arriba-a-los-72-anos-con-criticas-al-gobierno-el-2025-ha-sido-un-ano-horrible-para-el-pais\/","url_meta":{"origin":80097,"position":5},"title":"Leonel Fern\u00e1ndez arriba a los 72 a\u00f1os con cr\u00edticas al Gobierno: \u201cEl 2025 ha sido un a\u00f1o horrible para el pa\u00eds\u201d","author":"Nelson Feliz","date":"26 de diciembre de 2025","format":false,"excerpt":"Leonel Fern\u00e1ndez","rel":"","context":"En \u00abPOLITICA\u00bb","block_context":{"text":"POLITICA","link":"https:\/\/lasprimeras.com.do\/index.php\/category\/politica\/"},"img":{"alt_text":"Leonel Fern\u00e1ndez","src":"https:\/\/i0.wp.com\/lasprimeras.com.do\/wp-content\/uploads\/2025\/12\/Leonel-Fernandez-1-1.jpg?resize=350%2C200&ssl=1","width":350,"height":200,"srcset":"https:\/\/i0.wp.com\/lasprimeras.com.do\/wp-content\/uploads\/2025\/12\/Leonel-Fernandez-1-1.jpg?resize=350%2C200&ssl=1 1x, https:\/\/i0.wp.com\/lasprimeras.com.do\/wp-content\/uploads\/2025\/12\/Leonel-Fernandez-1-1.jpg?resize=525%2C300&ssl=1 1.5x, https:\/\/i0.wp.com\/lasprimeras.com.do\/wp-content\/uploads\/2025\/12\/Leonel-Fernandez-1-1.jpg?resize=700%2C400&ssl=1 2x"},"classes":[]}],"jetpack_sharing_enabled":true,"_links":{"self":[{"href":"https:\/\/lasprimeras.com.do\/index.php\/wp-json\/wp\/v2\/posts\/80097","targetHints":{"allow":["GET"]}}],"collection":[{"href":"https:\/\/lasprimeras.com.do\/index.php\/wp-json\/wp\/v2\/posts"}],"about":[{"href":"https:\/\/lasprimeras.com.do\/index.php\/wp-json\/wp\/v2\/types\/post"}],"author":[{"embeddable":true,"href":"https:\/\/lasprimeras.com.do\/index.php\/wp-json\/wp\/v2\/users\/2"}],"replies":[{"embeddable":true,"href":"https:\/\/lasprimeras.com.do\/index.php\/wp-json\/wp\/v2\/comments?post=80097"}],"version-history":[{"count":1,"href":"https:\/\/lasprimeras.com.do\/index.php\/wp-json\/wp\/v2\/posts\/80097\/revisions"}],"predecessor-version":[{"id":80099,"href":"https:\/\/lasprimeras.com.do\/index.php\/wp-json\/wp\/v2\/posts\/80097\/revisions\/80099"}],"wp:featuredmedia":[{"embeddable":true,"href":"https:\/\/lasprimeras.com.do\/index.php\/wp-json\/wp\/v2\/media\/80098"}],"wp:attachment":[{"href":"https:\/\/lasprimeras.com.do\/index.php\/wp-json\/wp\/v2\/media?parent=80097"}],"wp:term":[{"taxonomy":"category","embeddable":true,"href":"https:\/\/lasprimeras.com.do\/index.php\/wp-json\/wp\/v2\/categories?post=80097"},{"taxonomy":"post_tag","embeddable":true,"href":"https:\/\/lasprimeras.com.do\/index.php\/wp-json\/wp\/v2\/tags?post=80097"}],"curies":[{"name":"wp","href":"https:\/\/api.w.org\/{rel}","templated":true}]}}