{"id":80221,"date":"2024-04-05T12:56:55","date_gmt":"2024-04-05T16:56:55","guid":{"rendered":"https:\/\/lasprimeras.com.do\/?p=80221"},"modified":"2024-04-05T12:56:57","modified_gmt":"2024-04-05T16:56:57","slug":"policia-apresa-a-hombre-por-robo-de-motocicleta-en-los-guaricanos","status":"publish","type":"post","link":"https:\/\/lasprimeras.com.do\/index.php\/2024\/04\/05\/policia-apresa-a-hombre-por-robo-de-motocicleta-en-los-guaricanos\/","title":{"rendered":"Polic\u00eda apresa a hombre por robo de motocicleta en Los Guaricanos"},"content":{"rendered":"\n<p>Santo Domingo.-Agentes policiales, adscritos al Departamento de Recuperaci\u00f3n de Veh\u00edculos Robados, de servicio en Villa Mella, Santo Domingo Norte, apresaron en flagrante delito a un hombre por sustraer una motocicleta a un ciudadano en el sector de Los Guaricanos, de esa demarcaci\u00f3n.<\/p>\n\n\n\n<p>Se trata de N\u00e9stor Oscar Castro Feliz, quien, en compa\u00f1\u00eda de Alberto (y\/o) Manolo (pr\u00f3fugo), sustrajo una motocicleta marca Bajaj, modelo Platina 125, la cual fue recuperada.<\/p>\n\n\n\n<p>El detenido y lo ocupado ser\u00e1n puestos bajo control del Ministerio P\u00fablico, para los fines correspondientes de ley.<\/p>\n","protected":false},"excerpt":{"rendered":"<p>Santo Domingo.-Agentes policiales, adscritos al Departamento de Recuperaci\u00f3n de Veh\u00edculos Robados, de servicio en Villa Mella, Santo Domingo Norte, apresaron en flagrante delito a un hombre por sustraer una motocicleta&hellip;<\/p>\n","protected":false},"author":3,"featured_media":80222,"comment_status":"open","ping_status":"open","sticky":false,"template":"","format":"standard","meta":{"content-type":"","jetpack_post_was_ever_published":false,"_jetpack_newsletter_access":"","_jetpack_dont_email_post_to_subs":false,"_jetpack_newsletter_tier_id":0,"_jetpack_memberships_contains_paywalled_content":false,"_jetpack_memberships_contains_paid_content":false,"footnotes":""},"categories":[35],"tags":[477],"class_list":["post-80221","post","type-post","status-publish","format-standard","has-post-thumbnail","hentry","category-nacionales","tag-pn"],"jetpack_featured_media_url":"https:\/\/lasprimeras.com.do\/wp-content\/uploads\/2024\/04\/IMG-20240405-WA0033.jpg","jetpack-related-posts":[{"id":97422,"url":"https:\/\/lasprimeras.com.do\/index.php\/2025\/04\/20\/apresa-a-hombre-con-61-chasis-de-motocicletas-7-tanques-y-5-mufles-en-la-romana\/","url_meta":{"origin":80221,"position":0},"title":"Apresa a hombre con 61 chasis de motocicletas, 7 tanques y 5 mufles en La Romana","author":"Nelson Feliz","date":"20 de abril de 2025","format":false,"excerpt":"Agentes de la Divisi\u00f3n de Inteligencia (DINTEL) de La Romana arrestaron a un hombre que transportaba un cargamento de piezas de motocicletas presuntamente robadas, como parte de un operativo orientado a frenar el tr\u00e1fico ilegal de autopartes en la regi\u00f3n. El detenido es \u00c1ngel Feliz Petion, de 28 a\u00f1os, quien\u2026","rel":"","context":"En \u00abMILITARES\u00bb","block_context":{"text":"MILITARES","link":"https:\/\/lasprimeras.com.do\/index.php\/category\/militares\/"},"img":{"alt_text":"","src":"https:\/\/i0.wp.com\/lasprimeras.com.do\/wp-content\/uploads\/2025\/04\/piezas.jpg?resize=350%2C200&ssl=1","width":350,"height":200,"srcset":"https:\/\/i0.wp.com\/lasprimeras.com.do\/wp-content\/uploads\/2025\/04\/piezas.jpg?resize=350%2C200&ssl=1 1x, https:\/\/i0.wp.com\/lasprimeras.com.do\/wp-content\/uploads\/2025\/04\/piezas.jpg?resize=525%2C300&ssl=1 1.5x, https:\/\/i0.wp.com\/lasprimeras.com.do\/wp-content\/uploads\/2025\/04\/piezas.jpg?resize=700%2C400&ssl=1 2x"},"classes":[]},{"id":56007,"url":"https:\/\/lasprimeras.com.do\/index.php\/2023\/07\/27\/apresan-dos-personas-recupera-motocicletas-y-televisores-plasmas-sustraidos-en-esperanza\/","url_meta":{"origin":80221,"position":1},"title":"Apresan dos personas; recupera motocicletas y televisores plasmas sustra\u00eddos en Esperanza","author":"Nelson Feliz","date":"27 de julio de 2023","format":false,"excerpt":"Dos hombres vinculados a varios robos y asaltos fueron apresados por miembros adscritos al Departamento de la Policia Nacional de Esperanza, Valverde, ocup\u00e1ndose un arma de fabricaci\u00f3n casera. Uno de los apresados es Hedinson Manuel de la Hoz, de 35 a\u00f1os, quien dio a conocer a los investigadores policiales, tras\u2026","rel":"","context":"En \u00abMILITARES\u00bb","block_context":{"text":"MILITARES","link":"https:\/\/lasprimeras.com.do\/index.php\/category\/militares\/"},"img":{"alt_text":"","src":"https:\/\/i0.wp.com\/lasprimeras.com.do\/wp-content\/uploads\/2023\/07\/UNA-1.jpg?resize=350%2C200&ssl=1","width":350,"height":200,"srcset":"https:\/\/i0.wp.com\/lasprimeras.com.do\/wp-content\/uploads\/2023\/07\/UNA-1.jpg?resize=350%2C200&ssl=1 1x, https:\/\/i0.wp.com\/lasprimeras.com.do\/wp-content\/uploads\/2023\/07\/UNA-1.jpg?resize=525%2C300&ssl=1 1.5x"},"classes":[]},{"id":75165,"url":"https:\/\/lasprimeras.com.do\/index.php\/2024\/01\/29\/apresan-en-la-vega-a-dos-presuntos-antisociales-por-robo-de-motocicleta-mediante-estafa\/","url_meta":{"origin":80221,"position":2},"title":"Apresan en La Vega a dos presuntos antisociales por robo de motocicleta mediante estafa","author":"Nelson Feliz","date":"29 de enero de 2024","format":false,"excerpt":"Por Martin Restituyo Agentes de la Direcci\u00f3n Central de Investigaci\u00f3n (DICRIM) y del Departamento de Investigaci\u00f3n de Cr\u00edmenes y Delitos de Alta Tecnolog\u00eda (DICAT), de servicio en la provincia de La Vega, detuvieron a Rafy Manuel Ram\u00edrez y Elvis Manuel P\u00e9rez, ambos de 20 a\u00f1os, quienes eran buscados con orden\u2026","rel":"","context":"En \u00abMILITARES\u00bb","block_context":{"text":"MILITARES","link":"https:\/\/lasprimeras.com.do\/index.php\/category\/militares\/"},"img":{"alt_text":"Rafy Manuel Ram\u00edrez y Elvis Manuel P\u00e9rez","src":"https:\/\/i0.wp.com\/lasprimeras.com.do\/wp-content\/uploads\/2024\/01\/Policias.jpeg?resize=350%2C200&ssl=1","width":350,"height":200,"srcset":"https:\/\/i0.wp.com\/lasprimeras.com.do\/wp-content\/uploads\/2024\/01\/Policias.jpeg?resize=350%2C200&ssl=1 1x, https:\/\/i0.wp.com\/lasprimeras.com.do\/wp-content\/uploads\/2024\/01\/Policias.jpeg?resize=525%2C300&ssl=1 1.5x, https:\/\/i0.wp.com\/lasprimeras.com.do\/wp-content\/uploads\/2024\/01\/Policias.jpeg?resize=700%2C400&ssl=1 2x, https:\/\/i0.wp.com\/lasprimeras.com.do\/wp-content\/uploads\/2024\/01\/Policias.jpeg?resize=1050%2C600&ssl=1 3x, https:\/\/i0.wp.com\/lasprimeras.com.do\/wp-content\/uploads\/2024\/01\/Policias.jpeg?resize=1400%2C800&ssl=1 4x"},"classes":[]},{"id":88192,"url":"https:\/\/lasprimeras.com.do\/index.php\/2024\/08\/23\/arresta-en-flagrante-delito-un-hombre-acusado-de-robo-y-agresion-fisica-familiar-en-san-juan\/","url_meta":{"origin":80221,"position":3},"title":"Arresta en flagrante delito un hombre acusado de robo y agresi\u00f3n f\u00edsica familiar en San Juan","author":"Nelson Feliz","date":"23 de agosto de 2024","format":false,"excerpt":"Agentes de la Direcci\u00f3n Central de Investigaci\u00f3n (DICRIM) apresaron a un hombre acusado del robo de una motocicleta, as\u00ed como tambi\u00e9n de agredir f\u00edsicamente a su padre, en hecho ocurridos en la provincia San Juan de la Maguana. Se trata de Charly Feliz Encarnaci\u00f3n (a) Guibio, de 30 a\u00f1os, quien\u2026","rel":"","context":"En \u00abMILITARES\u00bb","block_context":{"text":"MILITARES","link":"https:\/\/lasprimeras.com.do\/index.php\/category\/militares\/"},"img":{"alt_text":"","src":"https:\/\/i0.wp.com\/lasprimeras.com.do\/wp-content\/uploads\/2024\/08\/preso.jpg?resize=350%2C200&ssl=1","width":350,"height":200},"classes":[]},{"id":78393,"url":"https:\/\/lasprimeras.com.do\/index.php\/2024\/03\/15\/policia-nacional-recupera-10-motocicletas-chasis-y-piezas-reportadas-robadas-en-spm\/","url_meta":{"origin":80221,"position":4},"title":"Polic\u00eda Nacional recupera 10 motocicletas, chasis y piezas reportadas robadas en SPM","author":"BIMARY DE JES\u00daS Matos","date":"15 de marzo de 2024","format":false,"excerpt":"San Pedro de Macor\u00eds.- Miembros policiales, adscritos a la Sub-Direcci\u00f3n Regional de Investigaci\u00f3n (DICRIM), correspondientes a la Divisi\u00f3n de Recuperaci\u00f3n de Veh\u00edculos Robados, arrestaron a un hombre acusado de dedicarse al robo de motocicletas mediante descuido en los distintos centros y tiendas comerciales, entidades bancarias, centros m\u00e9dicos, deportivos y de\u2026","rel":"","context":"En \u00abPORTADA\u00bb","block_context":{"text":"PORTADA","link":"https:\/\/lasprimeras.com.do\/index.php\/category\/portada\/"},"img":{"alt_text":"","src":"https:\/\/i0.wp.com\/lasprimeras.com.do\/wp-content\/uploads\/2024\/03\/WhatsApp-Image-2024-03-15-at-8.04.59-PM.jpeg?resize=350%2C200&ssl=1","width":350,"height":200,"srcset":"https:\/\/i0.wp.com\/lasprimeras.com.do\/wp-content\/uploads\/2024\/03\/WhatsApp-Image-2024-03-15-at-8.04.59-PM.jpeg?resize=350%2C200&ssl=1 1x, https:\/\/i0.wp.com\/lasprimeras.com.do\/wp-content\/uploads\/2024\/03\/WhatsApp-Image-2024-03-15-at-8.04.59-PM.jpeg?resize=525%2C300&ssl=1 1.5x, https:\/\/i0.wp.com\/lasprimeras.com.do\/wp-content\/uploads\/2024\/03\/WhatsApp-Image-2024-03-15-at-8.04.59-PM.jpeg?resize=700%2C400&ssl=1 2x, https:\/\/i0.wp.com\/lasprimeras.com.do\/wp-content\/uploads\/2024\/03\/WhatsApp-Image-2024-03-15-at-8.04.59-PM.jpeg?resize=1050%2C600&ssl=1 3x"},"classes":[]},{"id":89186,"url":"https:\/\/lasprimeras.com.do\/index.php\/2024\/09\/19\/apresa-hombre-por-intentar-retirar-una-motocicleta-con-matricula-falsa-en-moca\/","url_meta":{"origin":80221,"position":5},"title":"Apresa hombre por intentar retirar una motocicleta con matr\u00edcula falsa en Moca","author":"Paola Castillo","date":"19 de septiembre de 2024","format":false,"excerpt":"De manera oportuna, la Polic\u00eda Nacional, a trav\u00e9s del encargado de procedimientos de la Direcci\u00f3n Regional Espaillat, apres\u00f3 a un hombre que intent\u00f3 retirar una motocicleta retenida en esa sede policial, la cual ten\u00eda una matr\u00edcula falsa. El detenido es Jos\u00e9 Rafael Camacho Familia, domiciliado en el barrio Puerto Rico\u2026","rel":"","context":"En \u00abNACIONALES\u00bb","block_context":{"text":"NACIONALES","link":"https:\/\/lasprimeras.com.do\/index.php\/category\/nacionales\/"},"img":{"alt_text":"","src":"https:\/\/i0.wp.com\/lasprimeras.com.do\/wp-content\/uploads\/2024\/09\/apresan-hombre.jpg?resize=350%2C200&ssl=1","width":350,"height":200,"srcset":"https:\/\/i0.wp.com\/lasprimeras.com.do\/wp-content\/uploads\/2024\/09\/apresan-hombre.jpg?resize=350%2C200&ssl=1 1x, https:\/\/i0.wp.com\/lasprimeras.com.do\/wp-content\/uploads\/2024\/09\/apresan-hombre.jpg?resize=525%2C300&ssl=1 1.5x"},"classes":[]}],"jetpack_sharing_enabled":true,"_links":{"self":[{"href":"https:\/\/lasprimeras.com.do\/index.php\/wp-json\/wp\/v2\/posts\/80221","targetHints":{"allow":["GET"]}}],"collection":[{"href":"https:\/\/lasprimeras.com.do\/index.php\/wp-json\/wp\/v2\/posts"}],"about":[{"href":"https:\/\/lasprimeras.com.do\/index.php\/wp-json\/wp\/v2\/types\/post"}],"author":[{"embeddable":true,"href":"https:\/\/lasprimeras.com.do\/index.php\/wp-json\/wp\/v2\/users\/3"}],"replies":[{"embeddable":true,"href":"https:\/\/lasprimeras.com.do\/index.php\/wp-json\/wp\/v2\/comments?post=80221"}],"version-history":[{"count":1,"href":"https:\/\/lasprimeras.com.do\/index.php\/wp-json\/wp\/v2\/posts\/80221\/revisions"}],"predecessor-version":[{"id":80223,"href":"https:\/\/lasprimeras.com.do\/index.php\/wp-json\/wp\/v2\/posts\/80221\/revisions\/80223"}],"wp:featuredmedia":[{"embeddable":true,"href":"https:\/\/lasprimeras.com.do\/index.php\/wp-json\/wp\/v2\/media\/80222"}],"wp:attachment":[{"href":"https:\/\/lasprimeras.com.do\/index.php\/wp-json\/wp\/v2\/media?parent=80221"}],"wp:term":[{"taxonomy":"category","embeddable":true,"href":"https:\/\/lasprimeras.com.do\/index.php\/wp-json\/wp\/v2\/categories?post=80221"},{"taxonomy":"post_tag","embeddable":true,"href":"https:\/\/lasprimeras.com.do\/index.php\/wp-json\/wp\/v2\/tags?post=80221"}],"curies":[{"name":"wp","href":"https:\/\/api.w.org\/{rel}","templated":true}]}}