{"id":80224,"date":"2024-04-05T12:58:56","date_gmt":"2024-04-05T16:58:56","guid":{"rendered":"https:\/\/lasprimeras.com.do\/?p=80224"},"modified":"2024-04-05T12:58:57","modified_gmt":"2024-04-05T16:58:57","slug":"periodista-jesus-camilo-cuestiona-atropellos-y-marginacion-de-la-clase","status":"publish","type":"post","link":"https:\/\/lasprimeras.com.do\/index.php\/2024\/04\/05\/periodista-jesus-camilo-cuestiona-atropellos-y-marginacion-de-la-clase\/","title":{"rendered":"Periodista Jes\u00fas Camilo cuestiona atropellos y marginacion de la clase"},"content":{"rendered":"\n<p>Santo Domingo, RD.- En ocasi\u00f3n a celebrarse hoy el D\u00eda Nacional del Periodista, el profesional de ese sector, Jes\u00fas Camilo, cuestion\u00f3 que la clase period\u00edstica est\u00e1 siendo marginada en m\u00faltiples aspectos, lo que consider\u00f3 debe ser objeto de an\u00e1lisis l\u00f3gico y sensato, ante la importancia que reviste para el fortalecimiento de la democracia, un ejercicio period\u00edstico apegado a la profesionalidad, \u00e9tica y objetividad.<\/p>\n\n\n\n<p>Indic\u00f3, que en su tarea diaria el periodista se ve con frecuencia en situaciones de maltrato por parte de autoridades intolerantes, lo que en su criterio dista mucho del derecho a la libertad de expresi\u00f3n y difusi\u00f3n del pensamiento, lo que consider\u00f3 debe llamar la atenci\u00f3n y que se erradiquen esas pr\u00e1cticas dictatoriales que hacen m\u00e1s mal que bien a la sociedad.<\/p>\n\n\n\n<p>Se quej\u00f3 adem\u00e1s, de que profesionales de otras \u00e1reas sean designados en Direcciones de Comunicaci\u00f3n Estrat\u00e9gicas de distintas instituciones p\u00fablicas y privadas, lo que se contrapone con el objetivo l\u00f3gico de mantener unas buenas relaciones p\u00fablicas y solucion de crisis cuando se presente.<\/p>\n\n\n\n<p>Dijo que el periodismo es una profesi\u00f3n que se ejerce pr\u00e1cticamente por vocaci\u00f3n en el pais, ante un oficio tan serio y riesgoso, que implica \u00e9tica, veracidad, imparcialidad y objetividad, ante la encomienda de mantener informada a la poblaci\u00f3n y contribuir al fortalecimiento de la democracia en un verdadero estado social y democr\u00e1tico de derecho.<\/p>\n\n\n\n<p>En tal sentido, plante\u00f3 un an\u00e1lisis l\u00f3gico, sensato y desprendido, sobre el ejercicio period\u00edstico en la Rep\u00fablica Dominicana y sus principales actores, a fin de seguir mejorando por el bienestar de la sociedad.<\/p>\n","protected":false},"excerpt":{"rendered":"<p>Santo Domingo, RD.- En ocasi\u00f3n a celebrarse hoy el D\u00eda Nacional del Periodista, el profesional de ese sector, Jes\u00fas Camilo, cuestion\u00f3 que la clase period\u00edstica est\u00e1 siendo marginada en m\u00faltiples&hellip;<\/p>\n","protected":false},"author":3,"featured_media":80225,"comment_status":"open","ping_status":"open","sticky":false,"template":"","format":"standard","meta":{"content-type":"","jetpack_post_was_ever_published":false,"_jetpack_newsletter_access":"","_jetpack_dont_email_post_to_subs":false,"_jetpack_newsletter_tier_id":0,"_jetpack_memberships_contains_paywalled_content":false,"_jetpack_memberships_contains_paid_content":false,"footnotes":""},"categories":[35],"tags":[604],"class_list":["post-80224","post","type-post","status-publish","format-standard","has-post-thumbnail","hentry","category-nacionales","tag-periodista"],"jetpack_featured_media_url":"https:\/\/lasprimeras.com.do\/wp-content\/uploads\/2024\/04\/IMG-20240405-WA0032.jpg","jetpack-related-posts":[{"id":80168,"url":"https:\/\/lasprimeras.com.do\/index.php\/2024\/04\/04\/acroarte-dedicara-gala-del-premio-al-merito-periodistico-2024-al-locutor-ruben-camilo\/","url_meta":{"origin":80224,"position":0},"title":"Acroarte dedicar\u00e1 gala del Premio al M\u00e9rito Period\u00edstico 2024 al locutor Rub\u00e9n Camilo","author":"BIMARY DE JES\u00daS Matos","date":"4 de abril de 2024","format":false,"excerpt":"Santo Domingo, D. N.- La Asociaci\u00f3n de Cronistas de Arte (Acroarte) anunci\u00f3 la celebraci\u00f3n de la d\u00e9cimo tercera edici\u00f3n del \u201cPremio Acroarte al M\u00e9rito Period\u00edstico 2024\u201d, dedicada al miembro fundador y maestro de la locuci\u00f3n Rub\u00e9n Camilo. La ceremonia se llevar\u00e1 a cabo el martes 23 de abril en el\u2026","rel":"","context":"En \u00abENTRETENIMIENTO\u00bb","block_context":{"text":"ENTRETENIMIENTO","link":"https:\/\/lasprimeras.com.do\/index.php\/category\/entretenimiento\/"},"img":{"alt_text":"","src":"https:\/\/i0.wp.com\/lasprimeras.com.do\/wp-content\/uploads\/2024\/04\/ruben-camilo-dedidactoria-de-la-gala-premio-acroarte-al-merito-periodistico-2024.jpeg?resize=350%2C200&ssl=1","width":350,"height":200},"classes":[]},{"id":81926,"url":"https:\/\/lasprimeras.com.do\/index.php\/2024\/04\/26\/cdp-reconoce-trayectoria-del-periodista-jesus-camilo\/","url_meta":{"origin":80224,"position":1},"title":"CDP reconoce trayectoria del periodista Jes\u00fas Camilo","author":"BIMARY DE JES\u00daS Matos","date":"26 de abril de 2024","format":false,"excerpt":"Santo Domingo, RD.- A trav\u00e9s de la seccional Distrito Nacional, el Colegio Dominicano de Periodistas (CDP), reconoci\u00f3 al periodista Jes\u00fas Camilo, reportero de la Red Nacional de Noticias (RNN), Canal 27, entre 28 profesionales del \u00e1rea, galardonados por su destacada labor en el ejercicio de una labor imparcial, objetiva y\u2026","rel":"","context":"En \u00abPORTADA\u00bb","block_context":{"text":"PORTADA","link":"https:\/\/lasprimeras.com.do\/index.php\/category\/portada\/"},"img":{"alt_text":"","src":"https:\/\/i0.wp.com\/lasprimeras.com.do\/wp-content\/uploads\/2024\/04\/WhatsApp-Image-2024-04-26-at-12.16.00-PM.jpeg?resize=350%2C200&ssl=1","width":350,"height":200,"srcset":"https:\/\/i0.wp.com\/lasprimeras.com.do\/wp-content\/uploads\/2024\/04\/WhatsApp-Image-2024-04-26-at-12.16.00-PM.jpeg?resize=350%2C200&ssl=1 1x, https:\/\/i0.wp.com\/lasprimeras.com.do\/wp-content\/uploads\/2024\/04\/WhatsApp-Image-2024-04-26-at-12.16.00-PM.jpeg?resize=525%2C300&ssl=1 1.5x, https:\/\/i0.wp.com\/lasprimeras.com.do\/wp-content\/uploads\/2024\/04\/WhatsApp-Image-2024-04-26-at-12.16.00-PM.jpeg?resize=700%2C400&ssl=1 2x, https:\/\/i0.wp.com\/lasprimeras.com.do\/wp-content\/uploads\/2024\/04\/WhatsApp-Image-2024-04-26-at-12.16.00-PM.jpeg?resize=1050%2C600&ssl=1 3x, https:\/\/i0.wp.com\/lasprimeras.com.do\/wp-content\/uploads\/2024\/04\/WhatsApp-Image-2024-04-26-at-12.16.00-PM.jpeg?resize=1400%2C800&ssl=1 4x"},"classes":[]},{"id":80124,"url":"https:\/\/lasprimeras.com.do\/index.php\/2024\/04\/04\/realizaran-en-nueva-york-taller-la-redaccion-periodistica-en-la-era-digital\/","url_meta":{"origin":80224,"position":2},"title":"Realizar\u00e1n en Nueva York taller \u201c La Redacci\u00f3n Period\u00edstica en la Era Digital \u201c","author":"BIMARY DE JES\u00daS Matos","date":"4 de abril de 2024","format":false,"excerpt":"NUEVA YORK. -La fundaci\u00f3n Oruga Internacional que preside Fresa Torres realizar\u00e1 el taller con el t\u00edtulo \u201cLa Redacci\u00f3n Period\u00edstica en la Era Digital, el cual tendr\u00e1 como instructor el acad\u00e9mico Sa\u00fal Pimentel. La actividad educativa forma parte de la celebraci\u00f3n del D\u00eda Nacional del Periodista Dominicano, teniendo como facilitador al\u2026","rel":"","context":"En \u00abSin categor\u00eda\u00bb","block_context":{"text":"Sin categor\u00eda","link":"https:\/\/lasprimeras.com.do\/index.php\/category\/sin-categoria\/"},"img":{"alt_text":"","src":"https:\/\/i0.wp.com\/lasprimeras.com.do\/wp-content\/uploads\/2024\/04\/65f3a7703e1eb_jce2-1-2.webp?resize=350%2C200&ssl=1","width":350,"height":200,"srcset":"https:\/\/i0.wp.com\/lasprimeras.com.do\/wp-content\/uploads\/2024\/04\/65f3a7703e1eb_jce2-1-2.webp?resize=350%2C200&ssl=1 1x, https:\/\/i0.wp.com\/lasprimeras.com.do\/wp-content\/uploads\/2024\/04\/65f3a7703e1eb_jce2-1-2.webp?resize=525%2C300&ssl=1 1.5x, https:\/\/i0.wp.com\/lasprimeras.com.do\/wp-content\/uploads\/2024\/04\/65f3a7703e1eb_jce2-1-2.webp?resize=700%2C400&ssl=1 2x"},"classes":[]},{"id":81897,"url":"https:\/\/lasprimeras.com.do\/index.php\/2024\/04\/26\/acroarte-celebra-con-xiii-entrega-del-premio-al-merito-periodistico\/","url_meta":{"origin":80224,"position":3},"title":"Acroarte celebra con XIII entrega del Premio al M\u00e9rito Period\u00edstico","author":"BIMARY DE JES\u00daS Matos","date":"26 de abril de 2024","format":false,"excerpt":"Santo Domingo.-La Asociaci\u00f3n de Cronistas de Arte (Acroarte) celebr\u00f3 este martes la decimotercera entrega del \u201cPremio Acroarte al M\u00e9rito Period\u00edstico 2024\u201d en la que reconoci\u00f3 a cinco miembros destacados del gremio y a cinco personalidades que han hecho importantes aportes a la sociedad dominicana en el \u00e1mbito de la comunicaci\u00f3n,\u2026","rel":"","context":"En \u00abENTRETENIMIENTO\u00bb","block_context":{"text":"ENTRETENIMIENTO","link":"https:\/\/lasprimeras.com.do\/index.php\/category\/entretenimiento\/"},"img":{"alt_text":"","src":"https:\/\/i0.wp.com\/lasprimeras.com.do\/wp-content\/uploads\/2024\/04\/6a0c8a05-4f4b-48f5-a1d9-1ad180753c4a-45.jpg?resize=350%2C200&ssl=1","width":350,"height":200,"srcset":"https:\/\/i0.wp.com\/lasprimeras.com.do\/wp-content\/uploads\/2024\/04\/6a0c8a05-4f4b-48f5-a1d9-1ad180753c4a-45.jpg?resize=350%2C200&ssl=1 1x, https:\/\/i0.wp.com\/lasprimeras.com.do\/wp-content\/uploads\/2024\/04\/6a0c8a05-4f4b-48f5-a1d9-1ad180753c4a-45.jpg?resize=525%2C300&ssl=1 1.5x, https:\/\/i0.wp.com\/lasprimeras.com.do\/wp-content\/uploads\/2024\/04\/6a0c8a05-4f4b-48f5-a1d9-1ad180753c4a-45.jpg?resize=700%2C400&ssl=1 2x"},"classes":[]},{"id":72825,"url":"https:\/\/lasprimeras.com.do\/index.php\/2024\/01\/03\/periodista-exige-mayor-equidad-en-publicidad-estatal-en-cumplimiento-a-decreto-1-24\/","url_meta":{"origin":80224,"position":4},"title":"Periodista exige mayor equidad en publicidad Estatal en cumplimiento a Decreto 1-24","author":"Nelson Feliz","date":"3 de enero de 2024","format":false,"excerpt":"Tras la emisi\u00f3n del Decreto presidencial 1-24, por parte del presidente Luis Abinader, para democratizar la publicidad Estatal, el periodista Jes\u00fas Camilo inst\u00f3 a sus colegas, comunicadores y a propietarios de medios digitales a convertirse en veedores de las campa\u00f1as publicitarias que impulsar\u00e1n las distintas instituciones del gobierno, en procura\u2026","rel":"","context":"En \u00abNACIONALES\u00bb","block_context":{"text":"NACIONALES","link":"https:\/\/lasprimeras.com.do\/index.php\/category\/nacionales\/"},"img":{"alt_text":"Jesus Camilo","src":"https:\/\/i0.wp.com\/lasprimeras.com.do\/wp-content\/uploads\/2024\/01\/Jesus-Camilo.jpg?resize=350%2C200&ssl=1","width":350,"height":200,"srcset":"https:\/\/i0.wp.com\/lasprimeras.com.do\/wp-content\/uploads\/2024\/01\/Jesus-Camilo.jpg?resize=350%2C200&ssl=1 1x, https:\/\/i0.wp.com\/lasprimeras.com.do\/wp-content\/uploads\/2024\/01\/Jesus-Camilo.jpg?resize=525%2C300&ssl=1 1.5x, https:\/\/i0.wp.com\/lasprimeras.com.do\/wp-content\/uploads\/2024\/01\/Jesus-Camilo.jpg?resize=700%2C400&ssl=1 2x"},"classes":[]},{"id":97745,"url":"https:\/\/lasprimeras.com.do\/index.php\/2025\/04\/27\/cdp-y-sntp-denuncian-funcionarios-quieren-callar-la-prensa-condenan-agresiones-a-periodistas\/","url_meta":{"origin":80224,"position":5},"title":"CDP y SNTP denuncian funcionarios quieren callar la prensa, condenan agresiones a periodistas","author":"Nelson Feliz","date":"27 de abril de 2025","format":false,"excerpt":"El Colegio Dominicano de Periodista y el Sindicato Nacional de Trabajadores de la Prensa condenan agresi\u00f3n a la libertad de prensa por los agentes de seguridad de la ministra de Interior y Polic\u00eda, Faride Raful. Aurelio Henr\u00edquez y Jos\u00e9 Beato pidieron a Raful controlar a sus agentes de seguridad y\u2026","rel":"","context":"En \u00abNACIONALES\u00bb","block_context":{"text":"NACIONALES","link":"https:\/\/lasprimeras.com.do\/index.php\/category\/nacionales\/"},"img":{"alt_text":"","src":"https:\/\/i0.wp.com\/lasprimeras.com.do\/wp-content\/uploads\/2025\/04\/Faride-Raful-2.jpg?resize=350%2C200&ssl=1","width":350,"height":200,"srcset":"https:\/\/i0.wp.com\/lasprimeras.com.do\/wp-content\/uploads\/2025\/04\/Faride-Raful-2.jpg?resize=350%2C200&ssl=1 1x, https:\/\/i0.wp.com\/lasprimeras.com.do\/wp-content\/uploads\/2025\/04\/Faride-Raful-2.jpg?resize=525%2C300&ssl=1 1.5x, https:\/\/i0.wp.com\/lasprimeras.com.do\/wp-content\/uploads\/2025\/04\/Faride-Raful-2.jpg?resize=700%2C400&ssl=1 2x"},"classes":[]}],"jetpack_sharing_enabled":true,"_links":{"self":[{"href":"https:\/\/lasprimeras.com.do\/index.php\/wp-json\/wp\/v2\/posts\/80224","targetHints":{"allow":["GET"]}}],"collection":[{"href":"https:\/\/lasprimeras.com.do\/index.php\/wp-json\/wp\/v2\/posts"}],"about":[{"href":"https:\/\/lasprimeras.com.do\/index.php\/wp-json\/wp\/v2\/types\/post"}],"author":[{"embeddable":true,"href":"https:\/\/lasprimeras.com.do\/index.php\/wp-json\/wp\/v2\/users\/3"}],"replies":[{"embeddable":true,"href":"https:\/\/lasprimeras.com.do\/index.php\/wp-json\/wp\/v2\/comments?post=80224"}],"version-history":[{"count":1,"href":"https:\/\/lasprimeras.com.do\/index.php\/wp-json\/wp\/v2\/posts\/80224\/revisions"}],"predecessor-version":[{"id":80226,"href":"https:\/\/lasprimeras.com.do\/index.php\/wp-json\/wp\/v2\/posts\/80224\/revisions\/80226"}],"wp:featuredmedia":[{"embeddable":true,"href":"https:\/\/lasprimeras.com.do\/index.php\/wp-json\/wp\/v2\/media\/80225"}],"wp:attachment":[{"href":"https:\/\/lasprimeras.com.do\/index.php\/wp-json\/wp\/v2\/media?parent=80224"}],"wp:term":[{"taxonomy":"category","embeddable":true,"href":"https:\/\/lasprimeras.com.do\/index.php\/wp-json\/wp\/v2\/categories?post=80224"},{"taxonomy":"post_tag","embeddable":true,"href":"https:\/\/lasprimeras.com.do\/index.php\/wp-json\/wp\/v2\/tags?post=80224"}],"curies":[{"name":"wp","href":"https:\/\/api.w.org\/{rel}","templated":true}]}}