{"id":80236,"date":"2024-04-05T16:08:24","date_gmt":"2024-04-05T20:08:24","guid":{"rendered":"https:\/\/lasprimeras.com.do\/?p=80236"},"modified":"2024-04-05T16:08:26","modified_gmt":"2024-04-05T20:08:26","slug":"agentes-de-la-digesett-sorprenden-en-la-region-cibao-central-a-12-motociclistas-en-carreras-clandestinas","status":"publish","type":"post","link":"https:\/\/lasprimeras.com.do\/index.php\/2024\/04\/05\/agentes-de-la-digesett-sorprenden-en-la-region-cibao-central-a-12-motociclistas-en-carreras-clandestinas\/","title":{"rendered":"Agentes de la DIGESETT sorprenden en la Regi\u00f3n Cibao Central a 12 motociclistas en carreras clandestinas"},"content":{"rendered":"\n<p>Santo Domingo.-La Direcci\u00f3n General de Seguridad de Tr\u00e1nsito y Transporte Terrestre (DIGESETT) inform\u00f3 que doce (12) motociclistas fueron sorprendidos calibrando y realizando carreras clandestinas en la Regi\u00f3n Cibao Central.<\/p>\n\n\n\n<p>Los agentes de la DIGESETT sorprendieron a los motociclistas en plena carrera clandestina en diferentes lugares de la Regi\u00f3n Cibao Central, poniendo en riesgo su propia vida y la de otros usuarios de la v\u00eda p\u00fablica.<\/p>\n\n\n\n<p>Durante el operativo se retuvieron dos (2) passolas, un (1) Four Whell y nueve (9) motocicletas.<\/p>\n\n\n\n<p>La entidad recuerda a todos los conductores de veh\u00edculos de motor que las carreras clandestinas en la v\u00eda p\u00fablica est\u00e1n prohibidas en el pa\u00eds, y constituyen una pr\u00e1ctica peligrosa y temeraria que pone en riesgo la vida de los conductores, los acompa\u00f1antes y otros usuarios de la carretera.<\/p>\n\n\n\n<p>El director de la DIGESETT, general Francisco Osoria de la Cruz, P.N., expres\u00f3 que los operativos seguir\u00e1n realiz\u00e1ndose en todo el territorio nacional con el objetivo de garantizar la seguridad de los ciudadanos y la prevenci\u00f3n de accidentes de tr\u00e1nsito.<\/p>\n\n\n\n<p>A\u00f1adi\u00f3, que los conductores deben respetar la Ley de tr\u00e1nsito y evitar las pr\u00e1cticas peligrosas como las carreras clandestinas en la v\u00eda p\u00fablica.<\/p>\n\n\n\n<p>Este tipo de actividades solo pueden generar accidentes lamentables que pueden evitarse con un comportamiento responsable de todos.<\/p>\n\n\n\n<p>La DIGESETT comunic\u00f3 que las motocicletas retenidas fueron enviadas al Centro de Retenci\u00f3n Vehicular de Villa Mella.<\/p>\n","protected":false},"excerpt":{"rendered":"<p>Santo Domingo.-La Direcci\u00f3n General de Seguridad de Tr\u00e1nsito y Transporte Terrestre (DIGESETT) inform\u00f3 que doce (12) motociclistas fueron sorprendidos calibrando y realizando carreras clandestinas en la Regi\u00f3n Cibao Central. Los&hellip;<\/p>\n","protected":false},"author":3,"featured_media":80237,"comment_status":"open","ping_status":"open","sticky":false,"template":"","format":"standard","meta":{"content-type":"","jetpack_post_was_ever_published":false,"_jetpack_newsletter_access":"","_jetpack_dont_email_post_to_subs":false,"_jetpack_newsletter_tier_id":0,"_jetpack_memberships_contains_paywalled_content":false,"_jetpack_memberships_contains_paid_content":false,"footnotes":""},"categories":[35],"tags":[10231],"class_list":["post-80236","post","type-post","status-publish","format-standard","has-post-thumbnail","hentry","category-nacionales","tag-digessett"],"jetpack_featured_media_url":"https:\/\/lasprimeras.com.do\/wp-content\/uploads\/2024\/04\/IMG-20240405-WA0033-1.jpg","jetpack-related-posts":[{"id":77883,"url":"https:\/\/lasprimeras.com.do\/index.php\/2024\/02\/26\/digesett-arremete-contra-las-carreras-clandestinas-en-santiago\/","url_meta":{"origin":80236,"position":0},"title":"DIGESETT arremete contra las carreras clandestinas en Santiago","author":"Nelson Feliz","date":"26 de febrero de 2024","format":false,"excerpt":"Un total de 30 motociclista fueron interceptados por realizar carreras ilegales. Por Martin Restituyo La Direcci\u00f3n General de Seguridad de Tr\u00e1nsito y Transporte Terrestre (DIGESETT) arremeti\u00f3 contra treinta (30) conductores que realizaban carrera clandestina en Santiago de los Caballeros. La entidad precis\u00f3 que mediante un operativo sorpresa, se frustr\u00f3 la\u2026","rel":"","context":"En \u00abNACIONALES\u00bb","block_context":{"text":"NACIONALES","link":"https:\/\/lasprimeras.com.do\/index.php\/category\/nacionales\/"},"img":{"alt_text":"motocicletas","src":"https:\/\/i0.wp.com\/lasprimeras.com.do\/wp-content\/uploads\/2024\/02\/motocicletas.jpg?resize=350%2C200&ssl=1","width":350,"height":200,"srcset":"https:\/\/i0.wp.com\/lasprimeras.com.do\/wp-content\/uploads\/2024\/02\/motocicletas.jpg?resize=350%2C200&ssl=1 1x, https:\/\/i0.wp.com\/lasprimeras.com.do\/wp-content\/uploads\/2024\/02\/motocicletas.jpg?resize=525%2C300&ssl=1 1.5x"},"classes":[]},{"id":75124,"url":"https:\/\/lasprimeras.com.do\/index.php\/2024\/01\/29\/digesett-detiene-motocicletas-corredoras-y-vehiculos-en-carreras-clandestinas\/","url_meta":{"origin":80236,"position":1},"title":"DIGESETT detiene motocicletas corredoras y veh\u00edculos en carreras clandestinas","author":"BIMARY DE JES\u00daS Matos","date":"29 de enero de 2024","format":false,"excerpt":"Martin Restituyo Santo DomingoEn coordinaci\u00f3n con la Polic\u00eda Preventiva y el departamento de Inteligencia Vial de la Direcci\u00f3n General de Seguridad de Tr\u00e1nsito y Transporte Terrestre (DIGESETT) se logr\u00f3 detener cinco (5) motocicletas conocidas como \"corredoras\" y tres (3) veh\u00edculos utilizados como transporte en las carreras clandestinas. Estas motocicletas, que\u2026","rel":"","context":"En \u00abPORTADA\u00bb","block_context":{"text":"PORTADA","link":"https:\/\/lasprimeras.com.do\/index.php\/category\/portada\/"},"img":{"alt_text":"","src":"https:\/\/i0.wp.com\/lasprimeras.com.do\/wp-content\/uploads\/2024\/01\/WhatsApp-Image-2024-01-29-at-3.07.47-PM.jpeg?resize=350%2C200&ssl=1","width":350,"height":200,"srcset":"https:\/\/i0.wp.com\/lasprimeras.com.do\/wp-content\/uploads\/2024\/01\/WhatsApp-Image-2024-01-29-at-3.07.47-PM.jpeg?resize=350%2C200&ssl=1 1x, https:\/\/i0.wp.com\/lasprimeras.com.do\/wp-content\/uploads\/2024\/01\/WhatsApp-Image-2024-01-29-at-3.07.47-PM.jpeg?resize=525%2C300&ssl=1 1.5x, https:\/\/i0.wp.com\/lasprimeras.com.do\/wp-content\/uploads\/2024\/01\/WhatsApp-Image-2024-01-29-at-3.07.47-PM.jpeg?resize=700%2C400&ssl=1 2x, https:\/\/i0.wp.com\/lasprimeras.com.do\/wp-content\/uploads\/2024\/01\/WhatsApp-Image-2024-01-29-at-3.07.47-PM.jpeg?resize=1050%2C600&ssl=1 3x"},"classes":[]},{"id":71654,"url":"https:\/\/lasprimeras.com.do\/index.php\/2023\/12\/21\/digesett-detiene-nueve-conductores-por-carreras-clandestinas\/","url_meta":{"origin":80236,"position":2},"title":"DIGESETT detiene nueve conductores por carreras clandestinas","author":"BIMARY DE JES\u00daS Matos","date":"21 de diciembre de 2023","format":false,"excerpt":"SANTO DOMINGO.\u2013 La Direcci\u00f3n General de Seguridad de Tr\u00e1nsito y Transporte Terrestre (DIGESETT) sigue reforzando los operativos en contra de los conductores de veh\u00edculos y motocicletas que realizan carreras clandestinas, quienes ponen en peligro sus vidas y la de los dem\u00e1s. El departamento de Inteligencia Vial de la entidad junto\u2026","rel":"","context":"En \u00abNACIONALES\u00bb","block_context":{"text":"NACIONALES","link":"https:\/\/lasprimeras.com.do\/index.php\/category\/nacionales\/"},"img":{"alt_text":"","src":"https:\/\/i0.wp.com\/lasprimeras.com.do\/wp-content\/uploads\/2023\/12\/WhatsApp-Image-2023-12-21-at-1.17.44-PM.webp?resize=350%2C200&ssl=1","width":350,"height":200,"srcset":"https:\/\/i0.wp.com\/lasprimeras.com.do\/wp-content\/uploads\/2023\/12\/WhatsApp-Image-2023-12-21-at-1.17.44-PM.webp?resize=350%2C200&ssl=1 1x, https:\/\/i0.wp.com\/lasprimeras.com.do\/wp-content\/uploads\/2023\/12\/WhatsApp-Image-2023-12-21-at-1.17.44-PM.webp?resize=525%2C300&ssl=1 1.5x"},"classes":[]},{"id":79360,"url":"https:\/\/lasprimeras.com.do\/index.php\/2024\/03\/26\/retienen-dos-motocicletas-y-una-pasola-por-carreras-clandestinas\/","url_meta":{"origin":80236,"position":3},"title":"Retienen dos motocicletas y una pasola por carreras clandestinas","author":"BIMARY DE JES\u00daS Matos","date":"26 de marzo de 2024","format":false,"excerpt":"Martin Restituyo Santo Domingo.-Retienen dos motocicletas y una passola modificada donde se dispon\u00edan a realizar carreras clandestinas A trav\u00e9s del departamento de Inteligencia Vial de la Direcci\u00f3n General de Seguridad de Tr\u00e1nsito y Transporte Terrestres (DIGESETT) y en coordinaci\u00f3n con la Polic\u00eda Preventiva, fueron retenidas dos motocicletas y una pasola\u2026","rel":"","context":"En \u00abNACIONALES\u00bb","block_context":{"text":"NACIONALES","link":"https:\/\/lasprimeras.com.do\/index.php\/category\/nacionales\/"},"img":{"alt_text":"","src":"https:\/\/i0.wp.com\/lasprimeras.com.do\/wp-content\/uploads\/2024\/03\/IMG-20240326-WA0013.jpg?resize=350%2C200&ssl=1","width":350,"height":200,"srcset":"https:\/\/i0.wp.com\/lasprimeras.com.do\/wp-content\/uploads\/2024\/03\/IMG-20240326-WA0013.jpg?resize=350%2C200&ssl=1 1x, https:\/\/i0.wp.com\/lasprimeras.com.do\/wp-content\/uploads\/2024\/03\/IMG-20240326-WA0013.jpg?resize=525%2C300&ssl=1 1.5x, https:\/\/i0.wp.com\/lasprimeras.com.do\/wp-content\/uploads\/2024\/03\/IMG-20240326-WA0013.jpg?resize=700%2C400&ssl=1 2x"},"classes":[]},{"id":85255,"url":"https:\/\/lasprimeras.com.do\/index.php\/2024\/06\/26\/digesett-realiza-operativo-contra-las-carreras-clandestinas\/","url_meta":{"origin":80236,"position":4},"title":"DIGESETT realiza operativo contra las carreras clandestinas","author":"Nelson Feliz","date":"26 de junio de 2024","format":false,"excerpt":"Retiene14 motocicletas fueron retenidas.\u00a0 La Direcci\u00f3n General de Seguridad de Tr\u00e1nsito y Transporte Terrestre (DIGESETT) llev\u00f3 a cabo un operativo donde logr\u00f3 la retenci\u00f3n de 14 motocicletas que realizaban carreras clandestinas, en franca violaci\u00f3n a los art\u00edculos 267 y 220, de la Ley 63-17 en la zona Navarrete-Santiago de los\u2026","rel":"","context":"En \u00abNACIONALES\u00bb","block_context":{"text":"NACIONALES","link":"https:\/\/lasprimeras.com.do\/index.php\/category\/nacionales\/"},"img":{"alt_text":"motocicletas","src":"https:\/\/i0.wp.com\/lasprimeras.com.do\/wp-content\/uploads\/2024\/06\/motocicletas.jpg?resize=350%2C200&ssl=1","width":350,"height":200},"classes":[]},{"id":82892,"url":"https:\/\/lasprimeras.com.do\/index.php\/2024\/05\/08\/miembros-preventivos-de-azua-capturan-a-hombre-dedicado-a-carreras-clandestinas\/","url_meta":{"origin":80236,"position":5},"title":"Miembros preventivos de Azua capturan a hombre dedicado a carreras clandestinas","author":"Nelson Feliz","date":"8 de mayo de 2024","format":false,"excerpt":"Por F\u00e9lix Julio Ram\u00edrez Miembros preventivos de Azua, adscritos a la Direcci\u00f3n Regional Sur Central, lograron capturar y conducir a la casa de guardia del destacamento P.N. Amiama G\u00f3mez a un individuo dedicado a la realizaci\u00f3n de carreras clandestinas en distintas zonas. El detenido, identificado como Robinson Jos\u00e9 Ram\u00edrez N\u00fa\u00f1ez,\u2026","rel":"","context":"En \u00abMILITARES\u00bb","block_context":{"text":"MILITARES","link":"https:\/\/lasprimeras.com.do\/index.php\/category\/militares\/"},"img":{"alt_text":"PN Azua","src":"https:\/\/i0.wp.com\/lasprimeras.com.do\/wp-content\/uploads\/2024\/05\/PN-Azua.jpg?resize=350%2C200&ssl=1","width":350,"height":200,"srcset":"https:\/\/i0.wp.com\/lasprimeras.com.do\/wp-content\/uploads\/2024\/05\/PN-Azua.jpg?resize=350%2C200&ssl=1 1x, https:\/\/i0.wp.com\/lasprimeras.com.do\/wp-content\/uploads\/2024\/05\/PN-Azua.jpg?resize=525%2C300&ssl=1 1.5x"},"classes":[]}],"jetpack_sharing_enabled":true,"_links":{"self":[{"href":"https:\/\/lasprimeras.com.do\/index.php\/wp-json\/wp\/v2\/posts\/80236","targetHints":{"allow":["GET"]}}],"collection":[{"href":"https:\/\/lasprimeras.com.do\/index.php\/wp-json\/wp\/v2\/posts"}],"about":[{"href":"https:\/\/lasprimeras.com.do\/index.php\/wp-json\/wp\/v2\/types\/post"}],"author":[{"embeddable":true,"href":"https:\/\/lasprimeras.com.do\/index.php\/wp-json\/wp\/v2\/users\/3"}],"replies":[{"embeddable":true,"href":"https:\/\/lasprimeras.com.do\/index.php\/wp-json\/wp\/v2\/comments?post=80236"}],"version-history":[{"count":1,"href":"https:\/\/lasprimeras.com.do\/index.php\/wp-json\/wp\/v2\/posts\/80236\/revisions"}],"predecessor-version":[{"id":80238,"href":"https:\/\/lasprimeras.com.do\/index.php\/wp-json\/wp\/v2\/posts\/80236\/revisions\/80238"}],"wp:featuredmedia":[{"embeddable":true,"href":"https:\/\/lasprimeras.com.do\/index.php\/wp-json\/wp\/v2\/media\/80237"}],"wp:attachment":[{"href":"https:\/\/lasprimeras.com.do\/index.php\/wp-json\/wp\/v2\/media?parent=80236"}],"wp:term":[{"taxonomy":"category","embeddable":true,"href":"https:\/\/lasprimeras.com.do\/index.php\/wp-json\/wp\/v2\/categories?post=80236"},{"taxonomy":"post_tag","embeddable":true,"href":"https:\/\/lasprimeras.com.do\/index.php\/wp-json\/wp\/v2\/tags?post=80236"}],"curies":[{"name":"wp","href":"https:\/\/api.w.org\/{rel}","templated":true}]}}