{"id":80307,"date":"2024-04-07T14:53:03","date_gmt":"2024-04-07T18:53:03","guid":{"rendered":"https:\/\/lasprimeras.com.do\/?p=80307"},"modified":"2024-04-07T14:53:05","modified_gmt":"2024-04-07T18:53:05","slug":"pedro-jimenez-entrega-premios-a-ganadores-del-concurso-premiamos-tu-fidelidad","status":"publish","type":"post","link":"https:\/\/lasprimeras.com.do\/index.php\/2024\/04\/07\/pedro-jimenez-entrega-premios-a-ganadores-del-concurso-premiamos-tu-fidelidad\/","title":{"rendered":"Pedro Jim\u00e9nez entrega premios a ganadores del concurso \u201cPremiamos tu Fidelidad\u201d"},"content":{"rendered":"\n<p><strong>30 ganadores de los diferentes sectores de la circunscripci\u00f3n 2 del Distrito Nacional recibieron premios como lavadoras, estufas, televisores, abanicos bluetooth, air fryer, tablets y \u00f3rdenes de combustibles.<\/strong><\/p>\n\n\n\n<p>El candidato a diputado por la circunscripci\u00f3n No. 2 del Distrito Nacional, Pedro Jim\u00e9nez entreg\u00f3 este fin de semana los premios a los primeros ganadores del concurso \u00a8premiamos tu fidelidad\u00a8, el cual busca agradecer el apoyo de miles de ciudadanos de dicha demarcaci\u00f3n.<\/p>\n\n\n\n<p>Los primeros 30 ganadores recibieron tablets, televisores, air fryes, lavadoras, estufas, abanicos bluetooth y ordenes de combustibles.<\/p>\n\n\n\n<p>El sorteo fue transmitido en vivo a trav\u00e9s del instragram live de Pedro Jim\u00e9nez, con la presencia de l\u00edderes comunitarios y el abogado-notario Daniel Tejeda,&nbsp; quien certific\u00f3 la entrega de los premios a los ganadores.<\/p>\n\n\n\n<figure class=\"wp-block-image size-large is-resized\"><img decoding=\"async\" width=\"576\" height=\"1024\" src=\"https:\/\/lasprimeras.com.do\/wp-content\/uploads\/2024\/04\/premios-1-576x1024.jpg\" alt=\"\" class=\"wp-image-80309\" style=\"width:840px;height:auto\" srcset=\"https:\/\/lasprimeras.com.do\/wp-content\/uploads\/2024\/04\/premios-1-576x1024.jpg 576w, https:\/\/lasprimeras.com.do\/wp-content\/uploads\/2024\/04\/premios-1-169x300.jpg 169w, https:\/\/lasprimeras.com.do\/wp-content\/uploads\/2024\/04\/premios-1.jpg 700w\" sizes=\"(max-width: 576px) 100vw, 576px\" \/><\/figure>\n\n\n\n<p>Entre los agraciados se encuentran, del sector los Girasoles: Yordenis Camacho y Esterlino Lebr\u00f3n, de los R\u00edos: Andr\u00e9s Gil de Aza, de Cristo Rey: Wilson Moreno Lebr\u00f3n y Luisa Almonte.<\/p>\n\n\n\n<p>Tambi\u00e9n resultaron ganadores, Domingo P\u00e9rez y Agustina Cordero del sector Fundaci\u00f3n, de la Puya: Jos\u00e9 Arismendy, de los Jardines: Valent\u00edn Guti\u00e9rrez, Dolores Vargas de los \u00c1ngeles Peralejos y M\u00f3nica Jazm\u00edn de la Agustina entre otros.<\/p>\n\n\n\n<p><strong>El segundo sorteo ser realizar\u00e1 el pr\u00f3ximo 30 de abril y el \u00faltimo el 15 de mayo.<\/strong><\/p>\n\n\n\n<p>Los ganadores, agradecieron a Jim\u00e9nez la realizaci\u00f3n del novedoso concurso y recibieron sus premios, con gran felicidad y algarab\u00eda.&nbsp; &nbsp;Quienes a\u00fan no est\u00e1n participando en el concurso, pueden inscribirse.<\/p>\n\n\n\n<p>Participar es muy f\u00e1cil, solo debes escanear el c\u00f3digo QR que aparece en la publicidad y en las redes sociales de @jimenezpedro27 &nbsp;darle a seguir y luego colocar sus datos llenando el boleto de forma virtual y ya est\u00e1 participando.<\/p>\n\n\n\n<p>Tambi\u00e9n puedes dirigirte al comando de campa\u00f1a de Pedro Jim\u00e9nez, ubicado en la Ave. Tiradentes esquina calle P en la Agustina &nbsp;o estar atento a los puntos de registro, &nbsp;que estar\u00e1n siendo colocados en la circunscripci\u00f3n 2 del distrito nacional.<\/p>\n","protected":false},"excerpt":{"rendered":"<p>30 ganadores de los diferentes sectores de la circunscripci\u00f3n 2 del Distrito Nacional recibieron premios como lavadoras, estufas, televisores, abanicos bluetooth, air fryer, tablets y \u00f3rdenes de combustibles. El candidato&hellip;<\/p>\n","protected":false},"author":2,"featured_media":80308,"comment_status":"open","ping_status":"open","sticky":false,"template":"","format":"standard","meta":{"content-type":"","jetpack_post_was_ever_published":false,"_jetpack_newsletter_access":"","_jetpack_dont_email_post_to_subs":false,"_jetpack_newsletter_tier_id":0,"_jetpack_memberships_contains_paywalled_content":false,"_jetpack_memberships_contains_paid_content":false,"footnotes":""},"categories":[25],"tags":[7557,2515,4442,12461,2409],"class_list":["post-80307","post","type-post","status-publish","format-standard","has-post-thumbnail","hentry","category-portada","tag-concurso","tag-ganadores","tag-pedro-jimenez","tag-premiamos-tu-fidelidad","tag-premios"],"jetpack_featured_media_url":"https:\/\/lasprimeras.com.do\/wp-content\/uploads\/2024\/04\/Pedro-Jimenez-1.jpg","jetpack-related-posts":[{"id":75223,"url":"https:\/\/lasprimeras.com.do\/index.php\/2024\/01\/30\/propeep-anuncia-sectores-ganadores-del-concurso-la-mejor-navidad-2023\/","url_meta":{"origin":80307,"position":0},"title":"Propeep anuncia sectores ganadores del concurso \u201cLa Mejor Navidad 2023\u201d","author":"Nelson Feliz","date":"30 de enero de 2024","format":false,"excerpt":"Roberto \u00c1ngel, director de la entidad, dijo que los premiados recibir\u00e1n m\u00e1s de RD$ 22 millones en obras para las distintas comunidades. La Direcci\u00f3n de Proyectos Estrat\u00e9gicos y Programas Especiales de la Presidencia (Propeep) anunci\u00f3 este martes los sectores ganadores del concurso \u201cLa Mejor Navidad 2023\u201d, con premios de m\u00e1s\u2026","rel":"","context":"En \u00abECONOM\u00cdA\u00bb","block_context":{"text":"ECONOM\u00cdA","link":"https:\/\/lasprimeras.com.do\/index.php\/category\/economia\/"},"img":{"alt_text":"Roberto Angel Salcedo","src":"https:\/\/i0.wp.com\/lasprimeras.com.do\/wp-content\/uploads\/2024\/01\/Roberto-Angel-Salcedo.jpg?resize=350%2C200&ssl=1","width":350,"height":200,"srcset":"https:\/\/i0.wp.com\/lasprimeras.com.do\/wp-content\/uploads\/2024\/01\/Roberto-Angel-Salcedo.jpg?resize=350%2C200&ssl=1 1x, https:\/\/i0.wp.com\/lasprimeras.com.do\/wp-content\/uploads\/2024\/01\/Roberto-Angel-Salcedo.jpg?resize=525%2C300&ssl=1 1.5x"},"classes":[]},{"id":107286,"url":"https:\/\/lasprimeras.com.do\/index.php\/2025\/08\/25\/pedro-jimenez-entrega-utiles-escolares-a-cientos-de-ninos-de-la-circ-2-del-distrito-nacional\/","url_meta":{"origin":80307,"position":1},"title":"Pedro Jim\u00e9nez entrega \u00fatiles escolares a cientos de ni\u00f1os de la Circ. 2 del Distrito Nacional","author":"Nelson Feliz","date":"25 de agosto de 2025","format":false,"excerpt":"El periodista y miembro de la Direcci\u00f3n Central de la Fuerza del Pueblo, hizo un llamado para que los padres acudan en masa a llevar a sus hijos a las escuelas, porque la construcci\u00f3n del futuro inicia en el presente.- El periodista, Pedro jim\u00e9nez entreg\u00f3 este fin de semana \u00fatiles\u2026","rel":"","context":"En \u00abPOLITICA\u00bb","block_context":{"text":"POLITICA","link":"https:\/\/lasprimeras.com.do\/index.php\/category\/politica\/"},"img":{"alt_text":"Pedro Jim\u00e9nez","src":"https:\/\/i0.wp.com\/lasprimeras.com.do\/wp-content\/uploads\/2025\/08\/Pedro-Jimenez.jpg?resize=350%2C200&ssl=1","width":350,"height":200,"srcset":"https:\/\/i0.wp.com\/lasprimeras.com.do\/wp-content\/uploads\/2025\/08\/Pedro-Jimenez.jpg?resize=350%2C200&ssl=1 1x, https:\/\/i0.wp.com\/lasprimeras.com.do\/wp-content\/uploads\/2025\/08\/Pedro-Jimenez.jpg?resize=525%2C300&ssl=1 1.5x, https:\/\/i0.wp.com\/lasprimeras.com.do\/wp-content\/uploads\/2025\/08\/Pedro-Jimenez.jpg?resize=700%2C400&ssl=1 2x"},"classes":[]},{"id":70233,"url":"https:\/\/lasprimeras.com.do\/index.php\/2023\/12\/09\/roberto-angel-encabeza-encendidos-de-parques-almuerzos-y-cenas-navidenas\/","url_meta":{"origin":80307,"position":2},"title":"Roberto \u00c1ngel encabeza encendidos de parques, almuerzos y cenas navide\u00f1as","author":"Nelson Feliz","date":"9 de diciembre de 2023","format":false,"excerpt":"El director de Proyectos Estrat\u00e9gicos y Programas Especiales de la Presidencia, Roberto \u00c1ngel Salcedo, encabez\u00f3 este s\u00e1bado encendidos de parques, almuerzos y cenas navide\u00f1as, en pueblos del interior del pa\u00eds, llevando la alegr\u00eda de las acciones sociales del gobierno a comunidades vulnerables en est\u00e1s festividades de fin de a\u00f1o a\u2026","rel":"","context":"En \u00abNACIONALES\u00bb","block_context":{"text":"NACIONALES","link":"https:\/\/lasprimeras.com.do\/index.php\/category\/nacionales\/"},"img":{"alt_text":"Roberto \u00c1ngel Salcedo","src":"https:\/\/i0.wp.com\/lasprimeras.com.do\/wp-content\/uploads\/2023\/12\/Roberto-Angel-Salcedo-1.jpg?resize=350%2C200&ssl=1","width":350,"height":200,"srcset":"https:\/\/i0.wp.com\/lasprimeras.com.do\/wp-content\/uploads\/2023\/12\/Roberto-Angel-Salcedo-1.jpg?resize=350%2C200&ssl=1 1x, https:\/\/i0.wp.com\/lasprimeras.com.do\/wp-content\/uploads\/2023\/12\/Roberto-Angel-Salcedo-1.jpg?resize=525%2C300&ssl=1 1.5x"},"classes":[]},{"id":48877,"url":"https:\/\/lasprimeras.com.do\/index.php\/2023\/05\/04\/indrhi-y-ajocine-premian-audiovisuales-enfocados-en-la-preservacion-del-agua\/","url_meta":{"origin":80307,"position":3},"title":"INDRHI y AJOCINE premian audiovisuales enfocados en la\u00a0preservaci\u00f3n del agua\u00a0 \u00a0 \u00a0 \u00a0","author":"prenxa100","date":"4 de mayo de 2023","format":false,"excerpt":"SANTO DOMINGO. \u2013\u00a0El Instituto Nacional de Recursos Hidr\u00e1ulicos (INDRHI) y la Asociaci\u00f3n Dominicana de J\u00f3venes Cineastas (AJOCINE) entregaron los premios a los ganadores del concurso de cortometrajes \u201cEl Sabor del Agua\u201d, iniciativa que forma parte de las acciones institucionales enfocadas en el cuidado y preservaci\u00f3n del preciado l\u00edquido para la\u2026","rel":"","context":"En \u00abENTRETENIMIENTO\u00bb","block_context":{"text":"ENTRETENIMIENTO","link":"https:\/\/lasprimeras.com.do\/index.php\/category\/entretenimiento\/"},"img":{"alt_text":"","src":"","width":0,"height":0},"classes":[]},{"id":116728,"url":"https:\/\/lasprimeras.com.do\/index.php\/2025\/12\/03\/entregan-premios-nacionales-xix-version-concurso-de-ensayos-sobre-etica-judicial\/","url_meta":{"origin":80307,"position":4},"title":"Entregan premios nacionales XIX versi\u00f3n Concurso de Ensayos sobre \u00c9tica Judicial","author":"Nelson Feliz","date":"3 de diciembre de 2025","format":false,"excerpt":"El Poder Judicial de Rep\u00fablica Dominicana premi\u00f3 a los ganadores de la fase nacional del XIX Concurso Internacional de Ensayos en torno al C\u00f3digo Iberoamericano de \u00c9tica Judicial, cuya tem\u00e1tica fue \u201cLa Objeci\u00f3n de Conciencia y la \u00c9tica Judicial\u201d. Este a\u00f1o obtuvo el primer lugar Jenny Rafaelina L\u00f3pez Ortiz, por\u2026","rel":"","context":"En \u00abENTRETENIMIENTO\u00bb","block_context":{"text":"ENTRETENIMIENTO","link":"https:\/\/lasprimeras.com.do\/index.php\/category\/entretenimiento\/"},"img":{"alt_text":"","src":"https:\/\/i0.wp.com\/lasprimeras.com.do\/wp-content\/uploads\/2025\/12\/Concurso-de-Ensayos.jpg?resize=350%2C200&ssl=1","width":350,"height":200,"srcset":"https:\/\/i0.wp.com\/lasprimeras.com.do\/wp-content\/uploads\/2025\/12\/Concurso-de-Ensayos.jpg?resize=350%2C200&ssl=1 1x, https:\/\/i0.wp.com\/lasprimeras.com.do\/wp-content\/uploads\/2025\/12\/Concurso-de-Ensayos.jpg?resize=525%2C300&ssl=1 1.5x, https:\/\/i0.wp.com\/lasprimeras.com.do\/wp-content\/uploads\/2025\/12\/Concurso-de-Ensayos.jpg?resize=700%2C400&ssl=1 2x"},"classes":[]},{"id":92151,"url":"https:\/\/lasprimeras.com.do\/index.php\/2024\/12\/29\/coopmanoguayabo-sortea-1-millon-de-pesos-entre-sus-socios-como-premio-a-su-fidelidad\/","url_meta":{"origin":80307,"position":5},"title":"CoopManoguayabo sortea 1 Mill\u00f3n de pesos entre sus socios como premio a su fidelidad\u00a0","author":"Nelson Feliz","date":"29 de diciembre de 2024","format":false,"excerpt":"La Cooperativa de Ahorro y Cr\u00e9dito Manoguayabo, sorte\u00f3 el pasado viernes la suma de RD$ 1,000,000.00 entre sus asociados producto del concurso \u201cCoopManoguayabo te hace la Navidad\u201d, en el cual los asociados de la entidad participaban incrementando sus cuentas de aportaciones.\u00a0El presidente del consejo de administraci\u00f3n de la entidad, Eleodoro\u2026","rel":"","context":"En \u00abECONOM\u00cdA\u00bb","block_context":{"text":"ECONOM\u00cdA","link":"https:\/\/lasprimeras.com.do\/index.php\/category\/economia\/"},"img":{"alt_text":"CoopManoguayabo","src":"https:\/\/i0.wp.com\/lasprimeras.com.do\/wp-content\/uploads\/2024\/12\/CoopManoguayabo-1.jpg?resize=350%2C200&ssl=1","width":350,"height":200,"srcset":"https:\/\/i0.wp.com\/lasprimeras.com.do\/wp-content\/uploads\/2024\/12\/CoopManoguayabo-1.jpg?resize=350%2C200&ssl=1 1x, https:\/\/i0.wp.com\/lasprimeras.com.do\/wp-content\/uploads\/2024\/12\/CoopManoguayabo-1.jpg?resize=525%2C300&ssl=1 1.5x, https:\/\/i0.wp.com\/lasprimeras.com.do\/wp-content\/uploads\/2024\/12\/CoopManoguayabo-1.jpg?resize=700%2C400&ssl=1 2x"},"classes":[]}],"jetpack_sharing_enabled":true,"_links":{"self":[{"href":"https:\/\/lasprimeras.com.do\/index.php\/wp-json\/wp\/v2\/posts\/80307","targetHints":{"allow":["GET"]}}],"collection":[{"href":"https:\/\/lasprimeras.com.do\/index.php\/wp-json\/wp\/v2\/posts"}],"about":[{"href":"https:\/\/lasprimeras.com.do\/index.php\/wp-json\/wp\/v2\/types\/post"}],"author":[{"embeddable":true,"href":"https:\/\/lasprimeras.com.do\/index.php\/wp-json\/wp\/v2\/users\/2"}],"replies":[{"embeddable":true,"href":"https:\/\/lasprimeras.com.do\/index.php\/wp-json\/wp\/v2\/comments?post=80307"}],"version-history":[{"count":1,"href":"https:\/\/lasprimeras.com.do\/index.php\/wp-json\/wp\/v2\/posts\/80307\/revisions"}],"predecessor-version":[{"id":80310,"href":"https:\/\/lasprimeras.com.do\/index.php\/wp-json\/wp\/v2\/posts\/80307\/revisions\/80310"}],"wp:featuredmedia":[{"embeddable":true,"href":"https:\/\/lasprimeras.com.do\/index.php\/wp-json\/wp\/v2\/media\/80308"}],"wp:attachment":[{"href":"https:\/\/lasprimeras.com.do\/index.php\/wp-json\/wp\/v2\/media?parent=80307"}],"wp:term":[{"taxonomy":"category","embeddable":true,"href":"https:\/\/lasprimeras.com.do\/index.php\/wp-json\/wp\/v2\/categories?post=80307"},{"taxonomy":"post_tag","embeddable":true,"href":"https:\/\/lasprimeras.com.do\/index.php\/wp-json\/wp\/v2\/tags?post=80307"}],"curies":[{"name":"wp","href":"https:\/\/api.w.org\/{rel}","templated":true}]}}