{"id":80612,"date":"2024-04-10T10:25:34","date_gmt":"2024-04-10T14:25:34","guid":{"rendered":"https:\/\/lasprimeras.com.do\/?p=80612"},"modified":"2024-04-10T10:25:36","modified_gmt":"2024-04-10T14:25:36","slug":"taveras-lanza-movimiento-f-x-4-en-apoyo-reeleccion-presidente-abinader","status":"publish","type":"post","link":"https:\/\/lasprimeras.com.do\/index.php\/2024\/04\/10\/taveras-lanza-movimiento-f-x-4-en-apoyo-reeleccion-presidente-abinader\/","title":{"rendered":"Taveras lanza movimiento F x 4+ en apoyo reelecci\u00f3n presidente Abinader"},"content":{"rendered":"\n<p>Santo Domingo.-Con la presencia de decenas de profesionales de las diversas \u00e1reas, el Ing. Fernando Taveras lanz\u00f3 el movimiento F x 4 Mas, en respaldo a la obra de gobierno y la reelecci\u00f3n del presidente Luis Abinader.<\/p>\n\n\n\n<p>El nuevo movimiento pol\u00edtico fue lanzado durante un acto con la presencia de profesionales de la ingenier\u00eda civil y la arquitectura, abogados, contadores, m\u00e9dicos, enfermeras, y destacadas figuras p\u00fablicas de distintos gremios y entidades sociales.<\/p>\n\n\n\n<p>Entre los directivos est\u00e1n los ex presidentes del Codia, Ing. Teodoro Tejada y el Ing. Cristian Roja; los ingenieros Kennedy Santana, Luis S\u00e1nchez, Jos\u00e9 Espinal, Franklin de la Mota, Rafael Serrano, as\u00ed como los licenciados David Polanco, Ambiorina D\u00edaz de Taveras, M\u00e9lido Peguero, Lic. Solano y el Dr. Rafael Gonz\u00e1lez.<\/p>\n\n\n\n<p>El coordinador del movimiento, Fernando Taveras destac\u00f3 que el esp\u00edritu de esta nueva plataforma pol\u00edtica se sustenta en la transformaci\u00f3n que ha experimentado el pa\u00eds en los \u00faltimos tres a\u00f1os y medio, bajo las orientaciones del presidente Abinader, quien estima representa la continuidad de esos cambios, la transparencia y el desarrollo.<\/p>\n\n\n\n<p>Taveras resalt\u00f3 que F x 4 M\u00e1s nace inspirado en la visi\u00f3n de alcanzar un pa\u00eds m\u00e1s fuerte, unido y comprometido con el desarrollo integrar de la naci\u00f3n y la obra de gobierno del presidente Abinader.<\/p>\n\n\n\n<p>Agreg\u00f3 que la raz\u00f3n fundamental del movimiento F x 4 M\u00e1s es el concepto inquebrantable de que el cambio debe continuar, y el mejor conductor para este prop\u00f3sito es el presidente Luis Abinader.<\/p>\n\n\n\n<p>\u201cEn este nuevo periodo de gobierno del presidente Abinader, -2024-2028-, la plataforma \u201cF x 4 M\u00e1s\u201d ser\u00e1 una fuerza impulsora de la profundizaci\u00f3n del cambio, con la convicci\u00f3n de que el progreso debe continuar respaldado por ciudadanos comprometidos con este movimiento pol\u00edtico desde distintas visiones profesionales, sociales u oficios\u201d, resalt\u00f3 el ingeniero Taveras al dirigirse a los presentes en el acto pol\u00edtico.<\/p>\n","protected":false},"excerpt":{"rendered":"<p>Santo Domingo.-Con la presencia de decenas de profesionales de las diversas \u00e1reas, el Ing. Fernando Taveras lanz\u00f3 el movimiento F x 4 Mas, en respaldo a la obra de gobierno&hellip;<\/p>\n","protected":false},"author":3,"featured_media":80613,"comment_status":"open","ping_status":"open","sticky":false,"template":"","format":"standard","meta":{"content-type":"","jetpack_post_was_ever_published":false,"_jetpack_newsletter_access":"","_jetpack_dont_email_post_to_subs":false,"_jetpack_newsletter_tier_id":0,"_jetpack_memberships_contains_paywalled_content":false,"_jetpack_memberships_contains_paid_content":false,"footnotes":""},"categories":[1],"tags":[67],"class_list":["post-80612","post","type-post","status-publish","format-standard","has-post-thumbnail","hentry","category-sin-categoria","tag-luis-abinader"],"jetpack_featured_media_url":"https:\/\/lasprimeras.com.do\/wp-content\/uploads\/2024\/04\/WhatsApp-Image-2024-04-10-at-9.32.57-AM.jpeg","jetpack-related-posts":[{"id":81636,"url":"https:\/\/lasprimeras.com.do\/index.php\/2024\/04\/23\/taveras-destaca-politica-transparencia-de-presidente-abinader-eleva-valores-de-la-sociedad\/","url_meta":{"origin":80612,"position":0},"title":"Taveras destaca pol\u00edtica transparencia de presidente Abinader eleva valores de la sociedad","author":"BIMARY DE JES\u00daS Matos","date":"23 de abril de 2024","format":false,"excerpt":"Santo Domingo.-El coordinador del Movimiento F x 4 Mas, Ing. Fernando Taveras proclam\u00f3 que el pueblo dominicano respaldar\u00e1 en las urnas la transformaci\u00f3n moral que ha impulsado el presidente Luis Abinader desde el estado. De acuerdo al dirigente pol\u00edtico la sociedad dominicana necesita continuar fortalecimiento los valores y la conciencia\u2026","rel":"","context":"En \u00abNACIONALES\u00bb","block_context":{"text":"NACIONALES","link":"https:\/\/lasprimeras.com.do\/index.php\/category\/nacionales\/"},"img":{"alt_text":"","src":"https:\/\/i0.wp.com\/lasprimeras.com.do\/wp-content\/uploads\/2024\/04\/IMG-20240423-WA0028.jpg?resize=350%2C200&ssl=1","width":350,"height":200,"srcset":"https:\/\/i0.wp.com\/lasprimeras.com.do\/wp-content\/uploads\/2024\/04\/IMG-20240423-WA0028.jpg?resize=350%2C200&ssl=1 1x, https:\/\/i0.wp.com\/lasprimeras.com.do\/wp-content\/uploads\/2024\/04\/IMG-20240423-WA0028.jpg?resize=525%2C300&ssl=1 1.5x, https:\/\/i0.wp.com\/lasprimeras.com.do\/wp-content\/uploads\/2024\/04\/IMG-20240423-WA0028.jpg?resize=700%2C400&ssl=1 2x"},"classes":[]},{"id":69593,"url":"https:\/\/lasprimeras.com.do\/index.php\/2023\/12\/04\/abinader-instruye-al-ing-fernando-taveras-a-que-trabaje-construccion-extension-uasd-en-los-alcarrizos\/","url_meta":{"origin":80612,"position":1},"title":"Abinader instruye al Ing. Fernando Taveras a que trabaje construcci\u00f3n extensi\u00f3n UASD en Los Alcarrizos","author":"Nelson Feliz","date":"4 de diciembre de 2023","format":false,"excerpt":"El presidente Luis Abinader instruy\u00f3 al director del Departamento de Mantenimiento e Infraestructura Escolar del Ministerio de Educaci\u00f3n, Fernando Taveras, para que en coordinaci\u00f3n con las autoridades de la Universidad Aut\u00f3noma de Santo Domingo, trabaje en la construcci\u00f3n de una extensi\u00f3n modelo de esa academia en esa comunidad de Los\u2026","rel":"","context":"En \u00abNACIONALES\u00bb","block_context":{"text":"NACIONALES","link":"https:\/\/lasprimeras.com.do\/index.php\/category\/nacionales\/"},"img":{"alt_text":"Fernando Taveras","src":"https:\/\/i0.wp.com\/lasprimeras.com.do\/wp-content\/uploads\/2023\/12\/Fernando-Taveras.jpg?resize=350%2C200&ssl=1","width":350,"height":200,"srcset":"https:\/\/i0.wp.com\/lasprimeras.com.do\/wp-content\/uploads\/2023\/12\/Fernando-Taveras.jpg?resize=350%2C200&ssl=1 1x, https:\/\/i0.wp.com\/lasprimeras.com.do\/wp-content\/uploads\/2023\/12\/Fernando-Taveras.jpg?resize=525%2C300&ssl=1 1.5x"},"classes":[]},{"id":71526,"url":"https:\/\/lasprimeras.com.do\/index.php\/2023\/12\/20\/lanzan-movimiento-ancla-en-apoyo-a-luis-abinader\/","url_meta":{"origin":80612,"position":2},"title":"Lanzan movimiento ANCLA en apoyo a Luis Abinader","author":"Nelson Feliz","date":"20 de diciembre de 2023","format":false,"excerpt":"Durante un acto lleno de entusiasmo y compromiso c\u00edvico, fue lanzado de manera oficial movimiento \"ANCLA: Apoyo Nacional con Luis Abinader\", el cual tiene objetivo principal es respaldar la reelecci\u00f3n del actual presidente de la Rep\u00fablica. Este movimiento, est\u00e1 integrado por un grupo destacado de profesionales dominicanos comprometidos con el\u2026","rel":"","context":"En \u00abSin categor\u00eda\u00bb","block_context":{"text":"Sin categor\u00eda","link":"https:\/\/lasprimeras.com.do\/index.php\/category\/sin-categoria\/"},"img":{"alt_text":"ancla","src":"https:\/\/i0.wp.com\/lasprimeras.com.do\/wp-content\/uploads\/2023\/12\/ancla.jpg?resize=350%2C200&ssl=1","width":350,"height":200,"srcset":"https:\/\/i0.wp.com\/lasprimeras.com.do\/wp-content\/uploads\/2023\/12\/ancla.jpg?resize=350%2C200&ssl=1 1x, https:\/\/i0.wp.com\/lasprimeras.com.do\/wp-content\/uploads\/2023\/12\/ancla.jpg?resize=525%2C300&ssl=1 1.5x, https:\/\/i0.wp.com\/lasprimeras.com.do\/wp-content\/uploads\/2023\/12\/ancla.jpg?resize=700%2C400&ssl=1 2x"},"classes":[]},{"id":113156,"url":"https:\/\/lasprimeras.com.do\/index.php\/2025\/10\/30\/pc-cuestiona-informe-oficial-sobre-la-presa-de-tavera\/","url_meta":{"origin":80612,"position":3},"title":"PC cuestiona informe oficial sobre la Presa de Tavera","author":"Nelson Feliz","date":"30 de octubre de 2025","format":false,"excerpt":"Informe de Participaci\u00f3n Ciudadana sobre desag\u00fce presa de Tavera durante tormenta Olga 2007. Para Johnny Arrendel El paso de la tormenta Olga los d\u00edas 11 y 12 de diciembre de 2007 dej\u00f3 una secuela de males. P\u00e9rdidas de vidas humanas, centenares de viviendas destruidas, locales comerciales arruinados, miles de damnificados,\u2026","rel":"","context":"En \u00abOPINI\u00d3N\u00bb","block_context":{"text":"OPINI\u00d3N","link":"https:\/\/lasprimeras.com.do\/index.php\/category\/opinion\/"},"img":{"alt_text":"","src":"","width":0,"height":0},"classes":[]},{"id":127774,"url":"https:\/\/lasprimeras.com.do\/index.php\/2026\/04\/15\/teodoro-resalta-gestion-para-asegurar-infraestructura-hidrica\/","url_meta":{"origin":80612,"position":4},"title":"Teodoro resalta gesti\u00f3n para asegurar infraestructura h\u00eddrica","author":"Nelson Feliz","date":"15 de abril de 2026","format":false,"excerpt":"El expresidente del Colegio Dominicano de Ingenieros y Agrimensores (CODIA), Ing. Teodoro Tejada valor\u00f3 el trabajo que han desplegado los ingenieros Olmedo Caba, director Ejecutivo del Instituto de Recursos Hidr\u00e1ulicos \u2013INDRHI- y Rafael Salazar, Administrador de -EGEHID- con los programas de mitigaci\u00f3n de inundaciones que han ejecutado para evitar una\u2026","rel":"","context":"En \u00abNACIONALES\u00bb","block_context":{"text":"NACIONALES","link":"https:\/\/lasprimeras.com.do\/index.php\/category\/nacionales\/"},"img":{"alt_text":"Teodoro Tejada","src":"https:\/\/i0.wp.com\/lasprimeras.com.do\/wp-content\/uploads\/2024\/06\/Teodoro-Tejada.jpg?resize=350%2C200&ssl=1","width":350,"height":200,"srcset":"https:\/\/i0.wp.com\/lasprimeras.com.do\/wp-content\/uploads\/2024\/06\/Teodoro-Tejada.jpg?resize=350%2C200&ssl=1 1x, https:\/\/i0.wp.com\/lasprimeras.com.do\/wp-content\/uploads\/2024\/06\/Teodoro-Tejada.jpg?resize=525%2C300&ssl=1 1.5x, https:\/\/i0.wp.com\/lasprimeras.com.do\/wp-content\/uploads\/2024\/06\/Teodoro-Tejada.jpg?resize=700%2C400&ssl=1 2x, https:\/\/i0.wp.com\/lasprimeras.com.do\/wp-content\/uploads\/2024\/06\/Teodoro-Tejada.jpg?resize=1050%2C600&ssl=1 3x"},"classes":[]},{"id":107183,"url":"https:\/\/lasprimeras.com.do\/index.php\/2025\/08\/24\/abinader-destaca-sus-raices-en-taveras-y-sabana-iglesia\/","url_meta":{"origin":80612,"position":5},"title":"Abinader destaca sus ra\u00edces en Taveras y Sabana Iglesia","author":"Nelson Feliz","date":"24 de agosto de 2025","format":false,"excerpt":"El presidente Luis Abinader inaugur\u00f3 varias carreteras y calles intercomunitarias en Tavera (La Vega), Sabana Iglesia (Santiago) y Las Charcas (Santiago), obras que impactar\u00e1n directamente en la conectividad, la econom\u00eda y la calidad de vida de miles de familias de estas comunidades con una inversi\u00f3n global de RD$ 1,025,073,394.94. Estas\u2026","rel":"","context":"En \u00abECONOM\u00cdA\u00bb","block_context":{"text":"ECONOM\u00cdA","link":"https:\/\/lasprimeras.com.do\/index.php\/category\/economia\/"},"img":{"alt_text":"","src":"https:\/\/i0.wp.com\/lasprimeras.com.do\/wp-content\/uploads\/2025\/08\/abina.jpg?resize=350%2C200&ssl=1","width":350,"height":200,"srcset":"https:\/\/i0.wp.com\/lasprimeras.com.do\/wp-content\/uploads\/2025\/08\/abina.jpg?resize=350%2C200&ssl=1 1x, https:\/\/i0.wp.com\/lasprimeras.com.do\/wp-content\/uploads\/2025\/08\/abina.jpg?resize=525%2C300&ssl=1 1.5x, https:\/\/i0.wp.com\/lasprimeras.com.do\/wp-content\/uploads\/2025\/08\/abina.jpg?resize=700%2C400&ssl=1 2x"},"classes":[]}],"jetpack_sharing_enabled":true,"_links":{"self":[{"href":"https:\/\/lasprimeras.com.do\/index.php\/wp-json\/wp\/v2\/posts\/80612","targetHints":{"allow":["GET"]}}],"collection":[{"href":"https:\/\/lasprimeras.com.do\/index.php\/wp-json\/wp\/v2\/posts"}],"about":[{"href":"https:\/\/lasprimeras.com.do\/index.php\/wp-json\/wp\/v2\/types\/post"}],"author":[{"embeddable":true,"href":"https:\/\/lasprimeras.com.do\/index.php\/wp-json\/wp\/v2\/users\/3"}],"replies":[{"embeddable":true,"href":"https:\/\/lasprimeras.com.do\/index.php\/wp-json\/wp\/v2\/comments?post=80612"}],"version-history":[{"count":1,"href":"https:\/\/lasprimeras.com.do\/index.php\/wp-json\/wp\/v2\/posts\/80612\/revisions"}],"predecessor-version":[{"id":80614,"href":"https:\/\/lasprimeras.com.do\/index.php\/wp-json\/wp\/v2\/posts\/80612\/revisions\/80614"}],"wp:featuredmedia":[{"embeddable":true,"href":"https:\/\/lasprimeras.com.do\/index.php\/wp-json\/wp\/v2\/media\/80613"}],"wp:attachment":[{"href":"https:\/\/lasprimeras.com.do\/index.php\/wp-json\/wp\/v2\/media?parent=80612"}],"wp:term":[{"taxonomy":"category","embeddable":true,"href":"https:\/\/lasprimeras.com.do\/index.php\/wp-json\/wp\/v2\/categories?post=80612"},{"taxonomy":"post_tag","embeddable":true,"href":"https:\/\/lasprimeras.com.do\/index.php\/wp-json\/wp\/v2\/tags?post=80612"}],"curies":[{"name":"wp","href":"https:\/\/api.w.org\/{rel}","templated":true}]}}