{"id":80615,"date":"2024-04-10T10:26:54","date_gmt":"2024-04-10T14:26:54","guid":{"rendered":"https:\/\/lasprimeras.com.do\/?p=80615"},"modified":"2024-04-10T10:26:57","modified_gmt":"2024-04-10T14:26:57","slug":"candidato-a-senador-juan-mercado-recibe-apoyo-de-mujeres-del-prm-en-el-sector-de-mendoza","status":"publish","type":"post","link":"https:\/\/lasprimeras.com.do\/index.php\/2024\/04\/10\/candidato-a-senador-juan-mercado-recibe-apoyo-de-mujeres-del-prm-en-el-sector-de-mendoza\/","title":{"rendered":"Candidato a senador Juan Mercado, recibe apoyo de mujeres del PRM en el sector de Mendoza"},"content":{"rendered":"\n<p>Santo Domingo. El candidato a senador por la provincia Santo Domingo, por el Partido Esperanza Democr\u00e1tica (PED), Juan Mercado, continua fortaleciendo su candidatura de cara a las elecciones del 19 de Mayo, con la integraci\u00f3n de mujeres lideres del PRM a su proyecto.<\/p>\n\n\n\n<p>Cientos de mujeres del PRM, en el sector de Mendoza municipio Santo Domingo Este, que aunque valoran la gesti\u00f3n del presidente Luis Abinader, no se siente identificada con el actual senador de la provincia, donde los califican como un hombre que no le duele la clase pobre del pa\u00eds.<\/p>\n\n\n\n<p>En las mujeres que pasaron a respaldar espec\u00edficamente la candidatura a Juan Mercado, como senador de la provincia fueron: Gracita Guti\u00e9rrez, Margarita Do\u00f1e, Aurelia Calletano, Benita Su\u00e1rez, as\u00ed mismo Norbeta Quezada, Carmen Osar\u00eda, Santia L\u00f3pez, Casar\u00edan Duarte, entre otras dirigentes.<\/p>\n\n\n\n<p>Las mujeres que adem\u00e1s son amada de casa, dijeron que el principal problema que no apoyaran al senador del partido oficialista, es la falta de inversi\u00f3n y el poco inter\u00e9s que tiene el actual legislador en trabajar en proyectos que beneficien esta comunidad.<\/p>\n\n\n\n<p>Es importante recordar que el candidato a senador, Juan Mercado, esta recorriendo las calles y callejones presentado su propuesta de cara a ser el pr\u00f3ximo senador de la provincia, afirma que al marcar el numero 32 es el inicio de un verdadero cambio.<\/p>\n","protected":false},"excerpt":{"rendered":"<p>Santo Domingo. El candidato a senador por la provincia Santo Domingo, por el Partido Esperanza Democr\u00e1tica (PED), Juan Mercado, continua fortaleciendo su candidatura de cara a las elecciones del 19&hellip;<\/p>\n","protected":false},"author":3,"featured_media":80616,"comment_status":"open","ping_status":"open","sticky":false,"template":"","format":"standard","meta":{"content-type":"","jetpack_post_was_ever_published":false,"_jetpack_newsletter_access":"","_jetpack_dont_email_post_to_subs":false,"_jetpack_newsletter_tier_id":0,"_jetpack_memberships_contains_paywalled_content":false,"_jetpack_memberships_contains_paid_content":false,"footnotes":""},"categories":[1],"tags":[31],"class_list":["post-80615","post","type-post","status-publish","format-standard","has-post-thumbnail","hentry","category-sin-categoria","tag-prm"],"jetpack_featured_media_url":"https:\/\/lasprimeras.com.do\/wp-content\/uploads\/2024\/04\/WhatsApp-Image-2024-04-10-at-10.23.22-AM.jpeg","jetpack-related-posts":[{"id":79897,"url":"https:\/\/lasprimeras.com.do\/index.php\/2024\/04\/01\/candidato-a-senador-juan-mercado-recibe-el-respaldo-de-dirigentes-del-prm-fp-y-pld\/","url_meta":{"origin":80615,"position":0},"title":"Candidato a Senador Juan Mercado recibe el respaldo de dirigentes del PRM, FP y PLD","author":"BIMARY DE JES\u00daS Matos","date":"1 de abril de 2024","format":false,"excerpt":"Santo Domingo RD. Tras el asueto de la Semana Santa, se activa la campa\u00f1a pol\u00edtica y el candidato a Senador, por la provincia Santo Domingo, Juan Mercado quien representa la verdadera oposici\u00f3n para senadur\u00eda, contin\u00faan recibiendo el respaldo de cientos dirigentes y simpatizantes de los partidos PRM, Fuerza del Pueblo\u2026","rel":"","context":"En \u00abSin categor\u00eda\u00bb","block_context":{"text":"Sin categor\u00eda","link":"https:\/\/lasprimeras.com.do\/index.php\/category\/sin-categoria\/"},"img":{"alt_text":"","src":"https:\/\/i0.wp.com\/lasprimeras.com.do\/wp-content\/uploads\/2024\/04\/IMG-20240401-WA0011.jpg?resize=350%2C200&ssl=1","width":350,"height":200,"srcset":"https:\/\/i0.wp.com\/lasprimeras.com.do\/wp-content\/uploads\/2024\/04\/IMG-20240401-WA0011.jpg?resize=350%2C200&ssl=1 1x, https:\/\/i0.wp.com\/lasprimeras.com.do\/wp-content\/uploads\/2024\/04\/IMG-20240401-WA0011.jpg?resize=525%2C300&ssl=1 1.5x, https:\/\/i0.wp.com\/lasprimeras.com.do\/wp-content\/uploads\/2024\/04\/IMG-20240401-WA0011.jpg?resize=700%2C400&ssl=1 2x, https:\/\/i0.wp.com\/lasprimeras.com.do\/wp-content\/uploads\/2024\/04\/IMG-20240401-WA0011.jpg?resize=1050%2C600&ssl=1 3x"},"classes":[]},{"id":63383,"url":"https:\/\/lasprimeras.com.do\/index.php\/2023\/10\/12\/prm-presenta-lista-de-candidatos-senatoriales-de-otras-9-provincias\/","url_meta":{"origin":80615,"position":1},"title":"PRM presenta lista de candidatos senatoriales de otras 9 provincias","author":"BIMARY DE JES\u00daS Matos","date":"12 de octubre de 2023","format":false,"excerpt":"SANTO DOMINGO.- El Partido Revolucionario Moderno (PRM) public\u00f3 la segunda parte de su listado de ganadores de las encuestas que realizaron para diferentes cargos electivos en las elecciones municipales y congresuales que se celebrar\u00e1n en el 2024. En el caso de las candidaturas senatoriales, en este segundo listado el partido\u2026","rel":"","context":"En \u00abSin categor\u00eda\u00bb","block_context":{"text":"Sin categor\u00eda","link":"https:\/\/lasprimeras.com.do\/index.php\/category\/sin-categoria\/"},"img":{"alt_text":"","src":"https:\/\/i0.wp.com\/lasprimeras.com.do\/wp-content\/uploads\/2023\/10\/WhatsApp-Image-2023-10-10-at-11.06.27-AM-2.jpeg?resize=350%2C200&ssl=1","width":350,"height":200,"srcset":"https:\/\/i0.wp.com\/lasprimeras.com.do\/wp-content\/uploads\/2023\/10\/WhatsApp-Image-2023-10-10-at-11.06.27-AM-2.jpeg?resize=350%2C200&ssl=1 1x, https:\/\/i0.wp.com\/lasprimeras.com.do\/wp-content\/uploads\/2023\/10\/WhatsApp-Image-2023-10-10-at-11.06.27-AM-2.jpeg?resize=525%2C300&ssl=1 1.5x"},"classes":[]},{"id":73552,"url":"https:\/\/lasprimeras.com.do\/index.php\/2024\/01\/13\/el-ministro-daniel-rivera-sera-el-candidato-a-senador-del-prm-de-santiago\/","url_meta":{"origin":80615,"position":2},"title":"El ministro Daniel Rivera ser\u00e1 el candidato a senador del PRM de Santiago","author":"BIMARY DE JES\u00daS Matos","date":"13 de enero de 2024","format":false,"excerpt":"Santiago.-Este viernes, el Partido Revolucionario Moderno (PRM) dio a conocer las candidaturas reservadas para el cargo de senador en la provincia de Santiago, designando a Daniel Rivera como su candidato. De manera simult\u00e1nea, en la provincia de Barahona, la nominaci\u00f3n recae en Mois\u00e9s Ayala. Recordar que en agosto del a\u00f1o\u2026","rel":"","context":"En \u00abSin categor\u00eda\u00bb","block_context":{"text":"Sin categor\u00eda","link":"https:\/\/lasprimeras.com.do\/index.php\/category\/sin-categoria\/"},"img":{"alt_text":"","src":"https:\/\/i0.wp.com\/lasprimeras.com.do\/wp-content\/uploads\/2024\/01\/Denuncian-supuestas-irregularidades-en-el-ayuntamiento-de-Yamasa.jpg?resize=350%2C200&ssl=1","width":350,"height":200,"srcset":"https:\/\/i0.wp.com\/lasprimeras.com.do\/wp-content\/uploads\/2024\/01\/Denuncian-supuestas-irregularidades-en-el-ayuntamiento-de-Yamasa.jpg?resize=350%2C200&ssl=1 1x, https:\/\/i0.wp.com\/lasprimeras.com.do\/wp-content\/uploads\/2024\/01\/Denuncian-supuestas-irregularidades-en-el-ayuntamiento-de-Yamasa.jpg?resize=525%2C300&ssl=1 1.5x, https:\/\/i0.wp.com\/lasprimeras.com.do\/wp-content\/uploads\/2024\/01\/Denuncian-supuestas-irregularidades-en-el-ayuntamiento-de-Yamasa.jpg?resize=700%2C400&ssl=1 2x, https:\/\/i0.wp.com\/lasprimeras.com.do\/wp-content\/uploads\/2024\/01\/Denuncian-supuestas-irregularidades-en-el-ayuntamiento-de-Yamasa.jpg?resize=1050%2C600&ssl=1 3x"},"classes":[]},{"id":67204,"url":"https:\/\/lasprimeras.com.do\/index.php\/2023\/11\/14\/conozca-de-los-funcionarios-que-quedaran-suspendidos-con-admision-candidaturas-en-jce\/","url_meta":{"origin":80615,"position":3},"title":"Conozca de los funcionarios que quedar\u00e1n suspendidos con admisi\u00f3n candidaturas en JCE","author":"BIMARY DE JES\u00daS Matos","date":"14 de noviembre de 2023","format":false,"excerpt":"Santo Domingo.-El director de Proindustria, Ulises Rodr\u00edguez, y al menos seis gobernadoras, encabezan listado de funcionarios que ganaron candidaturas de elecci\u00f3n popular y quedar\u00e1n autom\u00e1ticamente suspendidos de sus cargos, desde que sus propuestas sean admitidas en la Junta Central Electoral, el pr\u00f3ximo lunes 20 de noviembre. La suspensi\u00f3n aplica para\u2026","rel":"","context":"En \u00abSin categor\u00eda\u00bb","block_context":{"text":"Sin categor\u00eda","link":"https:\/\/lasprimeras.com.do\/index.php\/category\/sin-categoria\/"},"img":{"alt_text":"","src":"","width":0,"height":0},"classes":[]},{"id":63334,"url":"https:\/\/lasprimeras.com.do\/index.php\/2023\/10\/11\/prm-presenta-lista-de-senadores-y-diputados-que-no-volveran-a-competir-en-su-boleta\/","url_meta":{"origin":80615,"position":4},"title":"PRM presenta lista de senadores y diputados que no volver\u00e1n a competir en su boleta","author":"Nelson Feliz","date":"11 de octubre de 2023","format":false,"excerpt":"Aunque a\u00fan no se ha dado a conocer algunas candidaturas, en declaraciones a la prensa, el presidente del Senado, Ricardo de los Santos, indic\u00f3 que en el caso de Lenin Valdez L\u00f3pez, de la provincia Monte Plata y Ram\u00f3n Antonio Pimentel (Moreno Arias), por Montecristi, tampoco hab\u00edan salido favorecidos. El\u2026","rel":"","context":"En \u00abPORTADA\u00bb","block_context":{"text":"PORTADA","link":"https:\/\/lasprimeras.com.do\/index.php\/category\/portada\/"},"img":{"alt_text":"PRM","src":"https:\/\/i0.wp.com\/lasprimeras.com.do\/wp-content\/uploads\/2023\/08\/PRM.jpg?resize=350%2C200&ssl=1","width":350,"height":200,"srcset":"https:\/\/i0.wp.com\/lasprimeras.com.do\/wp-content\/uploads\/2023\/08\/PRM.jpg?resize=350%2C200&ssl=1 1x, https:\/\/i0.wp.com\/lasprimeras.com.do\/wp-content\/uploads\/2023\/08\/PRM.jpg?resize=525%2C300&ssl=1 1.5x, https:\/\/i0.wp.com\/lasprimeras.com.do\/wp-content\/uploads\/2023\/08\/PRM.jpg?resize=700%2C400&ssl=1 2x"},"classes":[]},{"id":81404,"url":"https:\/\/lasprimeras.com.do\/index.php\/2024\/04\/20\/roberto-angel-afirma-que-sjm-y-elias-pina-respaldaran-a-abinader-y-el-prm\/","url_meta":{"origin":80615,"position":5},"title":"Roberto \u00c1ngel afirma que SJM y El\u00edas Pi\u00f1a respaldar\u00e1n a Abinader y el PRM","author":"Nelson Feliz","date":"20 de abril de 2024","format":false,"excerpt":"Cumple amplia agenda pol\u00edtica en ambas provincias para consolidar el voto por la reelecci\u00f3n de Abinader y ganar la mayor\u00eda en el Senado y la C\u00e1mara de Diputados. Por Martin Restituyo El miembro de la Direcci\u00f3n Ejecutiva del Partido Revolucionario Moderno (PRM), Roberto \u00c1ngel Salcedo, vaticin\u00f3 este s\u00e1bado que por\u2026","rel":"","context":"En \u00abPORTADA\u00bb","block_context":{"text":"PORTADA","link":"https:\/\/lasprimeras.com.do\/index.php\/category\/portada\/"},"img":{"alt_text":"Roberto \u00c1ngel Salcedo","src":"https:\/\/i0.wp.com\/lasprimeras.com.do\/wp-content\/uploads\/2024\/04\/Roberto-Angel-Salcedo-12.jpg?resize=350%2C200&ssl=1","width":350,"height":200,"srcset":"https:\/\/i0.wp.com\/lasprimeras.com.do\/wp-content\/uploads\/2024\/04\/Roberto-Angel-Salcedo-12.jpg?resize=350%2C200&ssl=1 1x, https:\/\/i0.wp.com\/lasprimeras.com.do\/wp-content\/uploads\/2024\/04\/Roberto-Angel-Salcedo-12.jpg?resize=525%2C300&ssl=1 1.5x"},"classes":[]}],"jetpack_sharing_enabled":true,"_links":{"self":[{"href":"https:\/\/lasprimeras.com.do\/index.php\/wp-json\/wp\/v2\/posts\/80615","targetHints":{"allow":["GET"]}}],"collection":[{"href":"https:\/\/lasprimeras.com.do\/index.php\/wp-json\/wp\/v2\/posts"}],"about":[{"href":"https:\/\/lasprimeras.com.do\/index.php\/wp-json\/wp\/v2\/types\/post"}],"author":[{"embeddable":true,"href":"https:\/\/lasprimeras.com.do\/index.php\/wp-json\/wp\/v2\/users\/3"}],"replies":[{"embeddable":true,"href":"https:\/\/lasprimeras.com.do\/index.php\/wp-json\/wp\/v2\/comments?post=80615"}],"version-history":[{"count":1,"href":"https:\/\/lasprimeras.com.do\/index.php\/wp-json\/wp\/v2\/posts\/80615\/revisions"}],"predecessor-version":[{"id":80617,"href":"https:\/\/lasprimeras.com.do\/index.php\/wp-json\/wp\/v2\/posts\/80615\/revisions\/80617"}],"wp:featuredmedia":[{"embeddable":true,"href":"https:\/\/lasprimeras.com.do\/index.php\/wp-json\/wp\/v2\/media\/80616"}],"wp:attachment":[{"href":"https:\/\/lasprimeras.com.do\/index.php\/wp-json\/wp\/v2\/media?parent=80615"}],"wp:term":[{"taxonomy":"category","embeddable":true,"href":"https:\/\/lasprimeras.com.do\/index.php\/wp-json\/wp\/v2\/categories?post=80615"},{"taxonomy":"post_tag","embeddable":true,"href":"https:\/\/lasprimeras.com.do\/index.php\/wp-json\/wp\/v2\/tags?post=80615"}],"curies":[{"name":"wp","href":"https:\/\/api.w.org\/{rel}","templated":true}]}}