{"id":80626,"date":"2024-04-10T15:14:27","date_gmt":"2024-04-10T19:14:27","guid":{"rendered":"https:\/\/lasprimeras.com.do\/?p=80626"},"modified":"2024-04-10T15:14:29","modified_gmt":"2024-04-10T19:14:29","slug":"tommy-galan-desmiente-rumores-de-renuncia-al-pld-es-una-noticia-falsa","status":"publish","type":"post","link":"https:\/\/lasprimeras.com.do\/index.php\/2024\/04\/10\/tommy-galan-desmiente-rumores-de-renuncia-al-pld-es-una-noticia-falsa\/","title":{"rendered":"Tommy Gal\u00e1n desmiente rumores de renuncia al PLD: &#8220;Es una noticia falsa&#8221;"},"content":{"rendered":"\n<p>SANTO DOMINGO.- El miembro del Comit\u00e9 Pol\u00edtico del Partido de la Liberaci\u00f3n Dominicana (PLD), Tommy Gal\u00e1n, ha salido al paso de los rumores que circularon en redes sociales acerca de su supuesta renuncia a dicha organizaci\u00f3n pol\u00edtica. <\/p>\n\n\n\n<p>En declaraciones realizadas este mi\u00e9rcoles, Gal\u00e1n desminti\u00f3 categ\u00f3ricamente tales afirmaciones.<\/p>\n\n\n\n<p>&#8220;Yo no acostumbro a difundir noticias falsas; sin embargo, en esta coyuntura, lo voy a hacer, es una noticia falsa&#8221;, afirm\u00f3 el exsenador de San Crist\u00f3bal, dejando claro su rechazo a la difusi\u00f3n de informaci\u00f3n no verificada que circula en las plataformas digitales.<\/p>\n\n\n\n<p>Adem\u00e1s, Gal\u00e1n expres\u00f3 su incomodidad ante lo que calific\u00f3 como un &#8220;acto de irresponsabilidad period\u00edstica&#8221;. <\/p>\n\n\n\n<p>&#8220;No puedo quedarme callado durante un acto de irresponsabilidad period\u00edstica&#8221;, agreg\u00f3, enfatizando su compromiso con la verdad y la transparencia en la comunicaci\u00f3n.<\/p>\n\n\n\n<p>Destac\u00f3 que su lealtad no se dirige hacia individuos dentro del PLD, sino hacia la ideolog\u00eda que dio origen a dicho partido, fundada por el profesor Juan Bosch.<\/p>\n\n\n\n<p> Este \u00e9nfasis en los principios fundacionales del partido subraya el compromiso de Gal\u00e1n con los valores y la visi\u00f3n que inspiraron la creaci\u00f3n del PLD.<\/p>\n\n\n\n<p>Con estas declaraciones, Tommy Gal\u00e1n busca poner fin a los rumores infundados que han circulado en las redes sociales sobre su supuesta renuncia al PLD. <\/p>\n\n\n\n<p>Su firme desmentido y su llamado a la responsabilidad period\u00edstica reflejan su determinaci\u00f3n por preservar la integridad y la credibilidad tanto de su persona como de la organizaci\u00f3n pol\u00edtica a la que pertenece.<\/p>\n","protected":false},"excerpt":{"rendered":"<p>SANTO DOMINGO.- El miembro del Comit\u00e9 Pol\u00edtico del Partido de la Liberaci\u00f3n Dominicana (PLD), Tommy Gal\u00e1n, ha salido al paso de los rumores que circularon en redes sociales acerca de&hellip;<\/p>\n","protected":false},"author":3,"featured_media":80627,"comment_status":"open","ping_status":"open","sticky":false,"template":"","format":"standard","meta":{"content-type":"","jetpack_post_was_ever_published":false,"_jetpack_newsletter_access":"","_jetpack_dont_email_post_to_subs":false,"_jetpack_newsletter_tier_id":0,"_jetpack_memberships_contains_paywalled_content":false,"_jetpack_memberships_contains_paid_content":false,"footnotes":""},"categories":[1],"tags":[10914],"class_list":["post-80626","post","type-post","status-publish","format-standard","has-post-thumbnail","hentry","category-sin-categoria","tag-tommy-galan"],"jetpack_featured_media_url":"https:\/\/lasprimeras.com.do\/wp-content\/uploads\/2024\/04\/IMG-20240410-WA0017.jpg","jetpack-related-posts":[{"id":84512,"url":"https:\/\/lasprimeras.com.do\/index.php\/2024\/06\/08\/tommy-galan-dice-que-se-idearon-acusaciones-en-procura-de-la-destruccion-del-pld\/","url_meta":{"origin":80626,"position":0},"title":"Tommy Gal\u00e1n dice que se idearon acusaciones en procura de la destrucci\u00f3n del PLD","author":"Nelson Feliz","date":"8 de junio de 2024","format":false,"excerpt":"Las mismas elecciones demostraron que el PLD es un partido con una apreciada valoraci\u00f3n en la sociedad, apunta Tommy Gal\u00e1n miembro del C.P. El miembro del Comit\u00e9 Pol\u00edtico del Partido de la Liberaci\u00f3n Dominicana (PLD) y titular de la Secretar\u00eda de Asuntos Electorales, Tommy Gal\u00e1n, afirm\u00f3 que esa organizaci\u00f3n pol\u00edtica\u2026","rel":"","context":"En \u00abPORTADA\u00bb","block_context":{"text":"PORTADA","link":"https:\/\/lasprimeras.com.do\/index.php\/category\/portada\/"},"img":{"alt_text":"Tommy Gal\u00e1n","src":"https:\/\/i0.wp.com\/lasprimeras.com.do\/wp-content\/uploads\/2024\/06\/Tommy-Galan.jpg?resize=350%2C200&ssl=1","width":350,"height":200,"srcset":"https:\/\/i0.wp.com\/lasprimeras.com.do\/wp-content\/uploads\/2024\/06\/Tommy-Galan.jpg?resize=350%2C200&ssl=1 1x, https:\/\/i0.wp.com\/lasprimeras.com.do\/wp-content\/uploads\/2024\/06\/Tommy-Galan.jpg?resize=525%2C300&ssl=1 1.5x"},"classes":[]},{"id":87962,"url":"https:\/\/lasprimeras.com.do\/index.php\/2024\/08\/20\/tommy-galan-califica-lo-sucedido-en-la-alcaldia-de-la-vega-como-una-chapuceria\/","url_meta":{"origin":80626,"position":1},"title":"Tommy Gal\u00e1n califica lo sucedido en la Alcald\u00eda de La Vega como una \u201cchapucer\u00eda\u201d","author":"Nelson Feliz","date":"20 de agosto de 2024","format":false,"excerpt":"El ex senador y miembro del Comit\u00e9 Pol\u00edtico del Partido de la Liberaci\u00f3n Dominicana (PLD), Tommy Gal\u00e1n, ha lanzado fuertes cr\u00edticas contra la actual gesti\u00f3n del gobierno del PRM, calific\u00e1ndolo de \u201callante y movimiento\u201d. Seg\u00fan Gal\u00e1n, las deficiencias notorias del gobierno han quedado evidenciadas a lo largo de estos cuatro\u2026","rel":"","context":"En \u00abPORTADA\u00bb","block_context":{"text":"PORTADA","link":"https:\/\/lasprimeras.com.do\/index.php\/category\/portada\/"},"img":{"alt_text":"Tommy Gal\u00e1n","src":"https:\/\/i0.wp.com\/lasprimeras.com.do\/wp-content\/uploads\/2024\/08\/Tommy-Galan.jpeg?resize=350%2C200&ssl=1","width":350,"height":200,"srcset":"https:\/\/i0.wp.com\/lasprimeras.com.do\/wp-content\/uploads\/2024\/08\/Tommy-Galan.jpeg?resize=350%2C200&ssl=1 1x, https:\/\/i0.wp.com\/lasprimeras.com.do\/wp-content\/uploads\/2024\/08\/Tommy-Galan.jpeg?resize=525%2C300&ssl=1 1.5x, https:\/\/i0.wp.com\/lasprimeras.com.do\/wp-content\/uploads\/2024\/08\/Tommy-Galan.jpeg?resize=700%2C400&ssl=1 2x, https:\/\/i0.wp.com\/lasprimeras.com.do\/wp-content\/uploads\/2024\/08\/Tommy-Galan.jpeg?resize=1050%2C600&ssl=1 3x"},"classes":[]},{"id":84063,"url":"https:\/\/lasprimeras.com.do\/index.php\/2024\/05\/30\/tommy-galan-el-pld-es-un-soporte-fundamental-del-sistema-de-partidos\/","url_meta":{"origin":80626,"position":2},"title":"Tommy Gal\u00e1n: &#8220;El PLD es un soporte fundamental del sistema de partidos&#8221;","author":"Nelson Feliz","date":"30 de mayo de 2024","format":false,"excerpt":"El gran reto del PLD es seguir avanzando pese a las adversidades, sostiene Tommy Gal\u00e1n del CP pelede\u00edsta. El Secretario de Asuntos Electorales del Partido de la Liberaci\u00f3n Dominicana (PLD), Tommy Gal\u00e1n, al recurrir a la expresi\u00f3n de que \u201cel \u00e9xito no es definitivo y la derrota no es fatal\u201d,\u2026","rel":"","context":"En \u00abPORTADA\u00bb","block_context":{"text":"PORTADA","link":"https:\/\/lasprimeras.com.do\/index.php\/category\/portada\/"},"img":{"alt_text":"Tommy Gal\u00e1n","src":"https:\/\/i0.wp.com\/lasprimeras.com.do\/wp-content\/uploads\/2024\/05\/Tommy-Galan.jpg?resize=350%2C200&ssl=1","width":350,"height":200,"srcset":"https:\/\/i0.wp.com\/lasprimeras.com.do\/wp-content\/uploads\/2024\/05\/Tommy-Galan.jpg?resize=350%2C200&ssl=1 1x, https:\/\/i0.wp.com\/lasprimeras.com.do\/wp-content\/uploads\/2024\/05\/Tommy-Galan.jpg?resize=525%2C300&ssl=1 1.5x"},"classes":[]},{"id":72997,"url":"https:\/\/lasprimeras.com.do\/index.php\/2024\/01\/04\/tommy-galan-exhorta-a-la-jce-a-concentrarse-en-las-elecciones-por-el-reto-que-representan\/","url_meta":{"origin":80626,"position":3},"title":"Tommy Gal\u00e1n exhorta a la JCE a concentrarse en las elecciones por el reto que representan","author":"Nelson Feliz","date":"4 de enero de 2024","format":false,"excerpt":"El Secretario de Asuntos Electorales del Partido de la Liberaci\u00f3n Dominicana (PLD), Tommy Gal\u00e1n, hizo un llamado a la Junta Central Electoral para que se concentre en las elecciones municipales, legislativas y presidenciales que se se llevar\u00e1n a cabo en febrero y mayo del presente a\u00f1o, alegando que las mismas\u2026","rel":"","context":"En \u00abPORTADA\u00bb","block_context":{"text":"PORTADA","link":"https:\/\/lasprimeras.com.do\/index.php\/category\/portada\/"},"img":{"alt_text":"Tommy Gal\u00e1n","src":"https:\/\/i0.wp.com\/lasprimeras.com.do\/wp-content\/uploads\/2024\/01\/Tommy-Galan.jpg?resize=350%2C200&ssl=1","width":350,"height":200,"srcset":"https:\/\/i0.wp.com\/lasprimeras.com.do\/wp-content\/uploads\/2024\/01\/Tommy-Galan.jpg?resize=350%2C200&ssl=1 1x, https:\/\/i0.wp.com\/lasprimeras.com.do\/wp-content\/uploads\/2024\/01\/Tommy-Galan.jpg?resize=525%2C300&ssl=1 1.5x, https:\/\/i0.wp.com\/lasprimeras.com.do\/wp-content\/uploads\/2024\/01\/Tommy-Galan.jpg?resize=700%2C400&ssl=1 2x"},"classes":[]},{"id":74638,"url":"https:\/\/lasprimeras.com.do\/index.php\/2024\/01\/25\/pld-presenta-informe-sobre-los-preparativos-de-proceso-electoral\/","url_meta":{"origin":80626,"position":4},"title":"PLD presenta informe sobre los preparativos de proceso electoral","author":"BIMARY DE JES\u00daS Matos","date":"25 de enero de 2024","format":false,"excerpt":"SANTO DOMINGO.- El Partido de la Liberaci\u00f3n Dominicana PLD) dice haber detectado debilidades en las pruebas a que fueron sometidos los equipos de escaneo, digitalizaci\u00f3n, impresi\u00f3n y transmisi\u00f3n del c\u00f3mputo electoral. El documento lo entreg\u00f3 a la Junta Central Electoral Jos\u00e9 Ram\u00f3n Fadul, delegado pol\u00edtico del PLD ante esa entidad,\u2026","rel":"","context":"En \u00abSin categor\u00eda\u00bb","block_context":{"text":"Sin categor\u00eda","link":"https:\/\/lasprimeras.com.do\/index.php\/category\/sin-categoria\/"},"img":{"alt_text":"","src":"https:\/\/i0.wp.com\/lasprimeras.com.do\/wp-content\/uploads\/2024\/01\/Diseno-sin-titulo-7-1.jpg?resize=350%2C200&ssl=1","width":350,"height":200,"srcset":"https:\/\/i0.wp.com\/lasprimeras.com.do\/wp-content\/uploads\/2024\/01\/Diseno-sin-titulo-7-1.jpg?resize=350%2C200&ssl=1 1x, https:\/\/i0.wp.com\/lasprimeras.com.do\/wp-content\/uploads\/2024\/01\/Diseno-sin-titulo-7-1.jpg?resize=525%2C300&ssl=1 1.5x"},"classes":[]},{"id":89746,"url":"https:\/\/lasprimeras.com.do\/index.php\/2024\/10\/03\/pld-ha-sido-garantia-de-que-rd-cuente-con-un-sistema-de-partidos-activo\/","url_meta":{"origin":80626,"position":5},"title":"PLD ha sido garant\u00eda de que RD cuente con un sistema de partidos activo","author":"Nelson Feliz","date":"3 de octubre de 2024","format":false,"excerpt":"Lo m\u00e1s importante para el Partido de la Liberaci\u00f3n Dominicana (PLD) en estos momentos es el X Congreso Ordinario Reinaldo Pared P\u00e9rez y la trascendencia de lo que se pueda lograr en la profundidad de las discusiones de las ideas. La explicaci\u00f3n fue ofrecida por Tommy Gal\u00e1n, secretario de Asuntos\u2026","rel":"","context":"En \u00abPORTADA\u00bb","block_context":{"text":"PORTADA","link":"https:\/\/lasprimeras.com.do\/index.php\/category\/portada\/"},"img":{"alt_text":"","src":"https:\/\/i0.wp.com\/lasprimeras.com.do\/wp-content\/uploads\/2024\/10\/Tommy-Galan-1.jpg?resize=350%2C200&ssl=1","width":350,"height":200,"srcset":"https:\/\/i0.wp.com\/lasprimeras.com.do\/wp-content\/uploads\/2024\/10\/Tommy-Galan-1.jpg?resize=350%2C200&ssl=1 1x, https:\/\/i0.wp.com\/lasprimeras.com.do\/wp-content\/uploads\/2024\/10\/Tommy-Galan-1.jpg?resize=525%2C300&ssl=1 1.5x, https:\/\/i0.wp.com\/lasprimeras.com.do\/wp-content\/uploads\/2024\/10\/Tommy-Galan-1.jpg?resize=700%2C400&ssl=1 2x"},"classes":[]}],"jetpack_sharing_enabled":true,"_links":{"self":[{"href":"https:\/\/lasprimeras.com.do\/index.php\/wp-json\/wp\/v2\/posts\/80626","targetHints":{"allow":["GET"]}}],"collection":[{"href":"https:\/\/lasprimeras.com.do\/index.php\/wp-json\/wp\/v2\/posts"}],"about":[{"href":"https:\/\/lasprimeras.com.do\/index.php\/wp-json\/wp\/v2\/types\/post"}],"author":[{"embeddable":true,"href":"https:\/\/lasprimeras.com.do\/index.php\/wp-json\/wp\/v2\/users\/3"}],"replies":[{"embeddable":true,"href":"https:\/\/lasprimeras.com.do\/index.php\/wp-json\/wp\/v2\/comments?post=80626"}],"version-history":[{"count":1,"href":"https:\/\/lasprimeras.com.do\/index.php\/wp-json\/wp\/v2\/posts\/80626\/revisions"}],"predecessor-version":[{"id":80628,"href":"https:\/\/lasprimeras.com.do\/index.php\/wp-json\/wp\/v2\/posts\/80626\/revisions\/80628"}],"wp:featuredmedia":[{"embeddable":true,"href":"https:\/\/lasprimeras.com.do\/index.php\/wp-json\/wp\/v2\/media\/80627"}],"wp:attachment":[{"href":"https:\/\/lasprimeras.com.do\/index.php\/wp-json\/wp\/v2\/media?parent=80626"}],"wp:term":[{"taxonomy":"category","embeddable":true,"href":"https:\/\/lasprimeras.com.do\/index.php\/wp-json\/wp\/v2\/categories?post=80626"},{"taxonomy":"post_tag","embeddable":true,"href":"https:\/\/lasprimeras.com.do\/index.php\/wp-json\/wp\/v2\/tags?post=80626"}],"curies":[{"name":"wp","href":"https:\/\/api.w.org\/{rel}","templated":true}]}}