{"id":80635,"date":"2024-04-10T15:20:43","date_gmt":"2024-04-10T19:20:43","guid":{"rendered":"https:\/\/lasprimeras.com.do\/?p=80635"},"modified":"2024-04-10T15:20:45","modified_gmt":"2024-04-10T19:20:45","slug":"realizaran-en-nueva-york-el-dominican-house-fest","status":"publish","type":"post","link":"https:\/\/lasprimeras.com.do\/index.php\/2024\/04\/10\/realizaran-en-nueva-york-el-dominican-house-fest\/","title":{"rendered":"Realizaran en Nueva York el \u201cDominican House Fest\u201d"},"content":{"rendered":"\n<p>Nueva York, EE. UU. &#8211; Dominican House Fest llega a la ciudad de Nueva York para ofrecer a la di\u00e1spora dominicana una oportunidad \u00fanica de invertir en su pa\u00eds de origen de manera inteligente y segura.<\/p>\n\n\n\n<p>\u201cDominican House Fest\u201d se llevar\u00e1 a cabo los d\u00edas 13 y 14 de abril en el Radio Hotel New York, de 9:00 de la ma\u00f1ana a 7:00 de la noche.<\/p>\n\n\n\n<p>\u201cEste evento inmobiliario sin precedentes reunir\u00e1 a los principales desarrolladores, constructoras, empresas de servicios y productos del sector inmobiliario dominicano, quienes ofrecer\u00e1n descuentos y ofertas exclusivas a los visitantes\u201d, se\u00f1al\u00f3 la empresa en un comunicado.<\/p>\n\n\n\n<p>Durante dos d\u00edas, los visitantes podr\u00e1n explorar una amplia gama de opciones de inversi\u00f3n, adem\u00e1s, tendr\u00e1n la oportunidad de recibir asesor\u00eda personalizada de expertos en el sector.<\/p>\n\n\n\n<p>El festival representa una plataforma \u00fanica que conecta a la di\u00e1spora dominicana con las mejores oportunidades de inversi\u00f3n inmobiliaria en su pa\u00eds.<\/p>\n\n\n\n<p>El evento no solo ofrecer\u00e1 una amplia gama de opciones de inversi\u00f3n, sino que tambi\u00e9n contar\u00e1 con un programa completo de actividades dise\u00f1ado para la comunidad dominicana en el extranjero.<\/p>\n\n\n\n<p>Habr\u00e1 charlas y conferencias sobre temas de inter\u00e9s, m\u00fasica en vivo y actividades para toda la familia.<\/p>\n\n\n\n<p>\u201cSi eres dominicano que vive en el extranjero y est\u00e1s buscando una oportunidad para invertir en tu pa\u00eds de origen de manera inteligente y segura, Dominican House Fest es el evento perfecto para ti, no te pierdas la oportunidad de conocer las mejores opciones de inversi\u00f3n inmobiliaria en Rep\u00fablica Dominicana y hacer realidad tus sue\u00f1os\u201d, inform\u00f3 el CEO del proyecto Edward Salda\u00f1a.<\/p>\n\n\n\n<p><\/p>\n\n\n\n<p><\/p>\n","protected":false},"excerpt":{"rendered":"<p>Nueva York, EE. UU. &#8211; Dominican House Fest llega a la ciudad de Nueva York para ofrecer a la di\u00e1spora dominicana una oportunidad \u00fanica de invertir en su pa\u00eds de&hellip;<\/p>\n","protected":false},"author":3,"featured_media":80636,"comment_status":"open","ping_status":"open","sticky":false,"template":"","format":"standard","meta":{"content-type":"","jetpack_post_was_ever_published":false,"_jetpack_newsletter_access":"","_jetpack_dont_email_post_to_subs":false,"_jetpack_newsletter_tier_id":0,"_jetpack_memberships_contains_paywalled_content":false,"_jetpack_memberships_contains_paid_content":false,"footnotes":""},"categories":[1],"tags":[104],"class_list":["post-80635","post","type-post","status-publish","format-standard","has-post-thumbnail","hentry","category-sin-categoria","tag-nueva-york"],"jetpack_featured_media_url":"https:\/\/lasprimeras.com.do\/wp-content\/uploads\/2024\/04\/IMG-20240410-WA0021.jpg","jetpack-related-posts":[{"id":87083,"url":"https:\/\/lasprimeras.com.do\/index.php\/2024\/08\/07\/reportero-de-grupo-super-canal-nominado-para-premios-dominican-awards-usa-2024\/","url_meta":{"origin":80635,"position":0},"title":"Reportero de Grupo Super Canal nominado para Premios Dominican Awards USA 2024","author":"Nelson Feliz","date":"7 de agosto de 2024","format":false,"excerpt":"Por: Henrry Almonte R NUEVA YORK. -El reportero en Estados Unidos para Grupo Super Canal, Aquiles Rojas, figura entre los nominados para la edici\u00f3n de este a\u00f1o de Premios Dominican USA 2024, celebrando el arte, comunicaci\u00f3n, entretenimiento y cultura. \u201c \u201cEl equipo de Premios Dominican Awards USA 2024, le ha\u2026","rel":"","context":"En \u00abENTRETENIMIENTO\u00bb","block_context":{"text":"ENTRETENIMIENTO","link":"https:\/\/lasprimeras.com.do\/index.php\/category\/entretenimiento\/"},"img":{"alt_text":"Aquiles Rojas","src":"https:\/\/i0.wp.com\/lasprimeras.com.do\/wp-content\/uploads\/2024\/08\/Aquiles-Rojas-1.jpg?resize=350%2C200&ssl=1","width":350,"height":200,"srcset":"https:\/\/i0.wp.com\/lasprimeras.com.do\/wp-content\/uploads\/2024\/08\/Aquiles-Rojas-1.jpg?resize=350%2C200&ssl=1 1x, https:\/\/i0.wp.com\/lasprimeras.com.do\/wp-content\/uploads\/2024\/08\/Aquiles-Rojas-1.jpg?resize=525%2C300&ssl=1 1.5x"},"classes":[]},{"id":98314,"url":"https:\/\/lasprimeras.com.do\/index.php\/2025\/05\/06\/accion-rapida-piquetea-en-nyc-feria-inmobiliaria-vino-de-la-rd-dicen-seguiran-en-la-calle\/","url_meta":{"origin":80635,"position":1},"title":"Acci\u00f3n R\u00e1pida piquetea en NYC Feria Inmobiliaria vino de la RD; dicen seguir\u00e1n en la calle","author":"Nelson Feliz","date":"6 de mayo de 2025","format":false,"excerpt":"https:\/\/www.youtube.com\/watch?v=iGI02LBSxLA Por Ram\u00f3n Mercedes NUEVA YORK.- Una veintena de dominicanos pertenecientes al movimiento social \u00abAcci\u00f3n R\u00e1pida\u00bb en esta ciudad, que dirige la l\u00edder comunitaria Dayanara Borb\u00f3n, realizaron un piquete la ma\u00f1ana de este domingo en el lugar donde por tres d\u00edas se efectu\u00f3 la \u00abFeria Inmobiliaria-Dominican House Fest.\" Los manifestantes,\u2026","rel":"","context":"En \u00abINTERNACIONALES\u00bb","block_context":{"text":"INTERNACIONALES","link":"https:\/\/lasprimeras.com.do\/index.php\/category\/sin-categoria\/internacionales\/"},"img":{"alt_text":"Acci\u00f3n R\u00e1pida piquetea en NYC Feria Inmobiliaria vino de la RD; dicen seguir\u00e1n en la calle","src":"https:\/\/i0.wp.com\/lasprimeras.com.do\/wp-content\/uploads\/2025\/05\/WhatsApp-Image-2025-05-06-at-5.22.38-AM-1.jpeg?resize=350%2C200&ssl=1","width":350,"height":200,"srcset":"https:\/\/i0.wp.com\/lasprimeras.com.do\/wp-content\/uploads\/2025\/05\/WhatsApp-Image-2025-05-06-at-5.22.38-AM-1.jpeg?resize=350%2C200&ssl=1 1x, https:\/\/i0.wp.com\/lasprimeras.com.do\/wp-content\/uploads\/2025\/05\/WhatsApp-Image-2025-05-06-at-5.22.38-AM-1.jpeg?resize=525%2C300&ssl=1 1.5x, https:\/\/i0.wp.com\/lasprimeras.com.do\/wp-content\/uploads\/2025\/05\/WhatsApp-Image-2025-05-06-at-5.22.38-AM-1.jpeg?resize=700%2C400&ssl=1 2x, https:\/\/i0.wp.com\/lasprimeras.com.do\/wp-content\/uploads\/2025\/05\/WhatsApp-Image-2025-05-06-at-5.22.38-AM-1.jpeg?resize=1050%2C600&ssl=1 3x, https:\/\/i0.wp.com\/lasprimeras.com.do\/wp-content\/uploads\/2025\/05\/WhatsApp-Image-2025-05-06-at-5.22.38-AM-1.jpeg?resize=1400%2C800&ssl=1 4x"},"classes":[]},{"id":85718,"url":"https:\/\/lasprimeras.com.do\/index.php\/2024\/07\/05\/aramis-camilo-realizara-encuentro-con-la-prensa-y-la-comunidad-en-nueva-york\/","url_meta":{"origin":80635,"position":2},"title":"Aramis Camilo realizar\u00e1 encuentro con la prensa y la comunidad en Nueva York","author":"Nelson Feliz","date":"5 de julio de 2024","format":false,"excerpt":"NUEVA YORK.\u00a0 -El \u201cGodFather de la m\u00fasica\u00a0 dominicano\u201d, Aramis Camilo, tendr\u00e1 una conferencia de prensa con los medios y la comunidad en\u201cMeet and Greet New York\u201d\u00a0 este s\u00e1bado 6 de julio en el Centro de Eventos NYC. \u201cQue tal mis amigos, les saluda, Aramis Camilo, desde La Marina en Lynn,\u2026","rel":"","context":"En \u00abENTRETENIMIENTO\u00bb","block_context":{"text":"ENTRETENIMIENTO","link":"https:\/\/lasprimeras.com.do\/index.php\/category\/entretenimiento\/"},"img":{"alt_text":"Aramis Camilo","src":"https:\/\/i0.wp.com\/lasprimeras.com.do\/wp-content\/uploads\/2024\/07\/Aramis-Camilo.jpg?resize=350%2C200&ssl=1","width":350,"height":200,"srcset":"https:\/\/i0.wp.com\/lasprimeras.com.do\/wp-content\/uploads\/2024\/07\/Aramis-Camilo.jpg?resize=350%2C200&ssl=1 1x, https:\/\/i0.wp.com\/lasprimeras.com.do\/wp-content\/uploads\/2024\/07\/Aramis-Camilo.jpg?resize=525%2C300&ssl=1 1.5x, https:\/\/i0.wp.com\/lasprimeras.com.do\/wp-content\/uploads\/2024\/07\/Aramis-Camilo.jpg?resize=700%2C400&ssl=1 2x"},"classes":[]},{"id":124304,"url":"https:\/\/lasprimeras.com.do\/index.php\/2026\/03\/10\/inmobiliaria-reservas-participara-en-la-3ra-feria-en-nueva-york-y-lawrence\/","url_meta":{"origin":80635,"position":3},"title":"Inmobiliaria Reservas participar\u00e1 en la 3ra Feria en Nueva York y Lawrence","author":"Nelson Feliz","date":"10 de marzo de 2026","format":false,"excerpt":"El evento representa una oportunidad para que los dominicanos de la di\u00e1spora puedan invertir en una vivienda en la Rep\u00fablica Dominicana. Inmobiliaria Reservas, empresa filial del Banco de Reservas, participar\u00e1 en la tercera Feria Inmobiliaria Banreservas, que se realizar\u00e1 del 18 al 22 de marzo en las ciudades de Nueva\u2026","rel":"","context":"En \u00abECONOM\u00cdA\u00bb","block_context":{"text":"ECONOM\u00cdA","link":"https:\/\/lasprimeras.com.do\/index.php\/category\/economia\/"},"img":{"alt_text":"","src":"https:\/\/i0.wp.com\/lasprimeras.com.do\/wp-content\/uploads\/2026\/03\/Feria-Inmobiliaria-Banreservas.jpg?resize=350%2C200&ssl=1","width":350,"height":200,"srcset":"https:\/\/i0.wp.com\/lasprimeras.com.do\/wp-content\/uploads\/2026\/03\/Feria-Inmobiliaria-Banreservas.jpg?resize=350%2C200&ssl=1 1x, https:\/\/i0.wp.com\/lasprimeras.com.do\/wp-content\/uploads\/2026\/03\/Feria-Inmobiliaria-Banreservas.jpg?resize=525%2C300&ssl=1 1.5x, https:\/\/i0.wp.com\/lasprimeras.com.do\/wp-content\/uploads\/2026\/03\/Feria-Inmobiliaria-Banreservas.jpg?resize=700%2C400&ssl=1 2x, https:\/\/i0.wp.com\/lasprimeras.com.do\/wp-content\/uploads\/2026\/03\/Feria-Inmobiliaria-Banreservas.jpg?resize=1050%2C600&ssl=1 3x"},"classes":[]},{"id":66979,"url":"https:\/\/lasprimeras.com.do\/index.php\/2023\/11\/11\/abinader-reitera-apoyo-al-sector-zona-franca\/","url_meta":{"origin":80635,"position":4},"title":"Abinader reitera apoyo al sector Zona Franca","author":"Nelson Feliz","date":"11 de noviembre de 2023","format":false,"excerpt":"Mandatario tambi\u00e9n asiste a inauguraci\u00f3n de Dominican Cigar Fest Tamboril 2023, en su segunda edici\u00f3n. El presidente Luis Abinader reiter\u00f3 este s\u00e1bado su apoyo al sector Zona Franca por su avance y desarrollo, el cual ha ido mostrando n\u00fameros r\u00e9cords en t\u00e9rminos de empleos y exportaciones. El mandatario al encabezar\u2026","rel":"","context":"En \u00abECONOM\u00cdA\u00bb","block_context":{"text":"ECONOM\u00cdA","link":"https:\/\/lasprimeras.com.do\/index.php\/category\/economia\/"},"img":{"alt_text":"Luis Abinader","src":"https:\/\/i0.wp.com\/lasprimeras.com.do\/wp-content\/uploads\/2023\/11\/Luis-Abinader-3-1.jpg?resize=350%2C200&ssl=1","width":350,"height":200,"srcset":"https:\/\/i0.wp.com\/lasprimeras.com.do\/wp-content\/uploads\/2023\/11\/Luis-Abinader-3-1.jpg?resize=350%2C200&ssl=1 1x, https:\/\/i0.wp.com\/lasprimeras.com.do\/wp-content\/uploads\/2023\/11\/Luis-Abinader-3-1.jpg?resize=525%2C300&ssl=1 1.5x, https:\/\/i0.wp.com\/lasprimeras.com.do\/wp-content\/uploads\/2023\/11\/Luis-Abinader-3-1.jpg?resize=700%2C400&ssl=1 2x"},"classes":[]},{"id":78428,"url":"https:\/\/lasprimeras.com.do\/index.php\/2024\/03\/16\/realizaran-feria-inmobiliaria-en-nueva-york\/","url_meta":{"origin":80635,"position":5},"title":"Realizar\u00e1n Feria Inmobiliaria en Nueva York","author":"BIMARY DE JES\u00daS Matos","date":"16 de marzo de 2024","format":false,"excerpt":"NUEVA YORK. -El representante de \u201cCountry Kapital Residences, \u201c German Ram\u00edrez Jr., dio a conocer en esta ciudad que seran parte de la feria que desarrollara el Banco de Reservas de la Rep\u00fablica Dominicana. \u201cSer\u00e1 una grandiosa oportunidad donde los quisqueyanos residentes en el exterior, tendremos la oportunidad de adquirir\u2026","rel":"","context":"En \u00abPORTADA\u00bb","block_context":{"text":"PORTADA","link":"https:\/\/lasprimeras.com.do\/index.php\/category\/portada\/"},"img":{"alt_text":"","src":"https:\/\/i0.wp.com\/lasprimeras.com.do\/wp-content\/uploads\/2024\/03\/Captura-de-pantalla-2024-01-24-145854-3.jpg?resize=350%2C200&ssl=1","width":350,"height":200,"srcset":"https:\/\/i0.wp.com\/lasprimeras.com.do\/wp-content\/uploads\/2024\/03\/Captura-de-pantalla-2024-01-24-145854-3.jpg?resize=350%2C200&ssl=1 1x, https:\/\/i0.wp.com\/lasprimeras.com.do\/wp-content\/uploads\/2024\/03\/Captura-de-pantalla-2024-01-24-145854-3.jpg?resize=525%2C300&ssl=1 1.5x"},"classes":[]}],"jetpack_sharing_enabled":true,"_links":{"self":[{"href":"https:\/\/lasprimeras.com.do\/index.php\/wp-json\/wp\/v2\/posts\/80635","targetHints":{"allow":["GET"]}}],"collection":[{"href":"https:\/\/lasprimeras.com.do\/index.php\/wp-json\/wp\/v2\/posts"}],"about":[{"href":"https:\/\/lasprimeras.com.do\/index.php\/wp-json\/wp\/v2\/types\/post"}],"author":[{"embeddable":true,"href":"https:\/\/lasprimeras.com.do\/index.php\/wp-json\/wp\/v2\/users\/3"}],"replies":[{"embeddable":true,"href":"https:\/\/lasprimeras.com.do\/index.php\/wp-json\/wp\/v2\/comments?post=80635"}],"version-history":[{"count":1,"href":"https:\/\/lasprimeras.com.do\/index.php\/wp-json\/wp\/v2\/posts\/80635\/revisions"}],"predecessor-version":[{"id":80637,"href":"https:\/\/lasprimeras.com.do\/index.php\/wp-json\/wp\/v2\/posts\/80635\/revisions\/80637"}],"wp:featuredmedia":[{"embeddable":true,"href":"https:\/\/lasprimeras.com.do\/index.php\/wp-json\/wp\/v2\/media\/80636"}],"wp:attachment":[{"href":"https:\/\/lasprimeras.com.do\/index.php\/wp-json\/wp\/v2\/media?parent=80635"}],"wp:term":[{"taxonomy":"category","embeddable":true,"href":"https:\/\/lasprimeras.com.do\/index.php\/wp-json\/wp\/v2\/categories?post=80635"},{"taxonomy":"post_tag","embeddable":true,"href":"https:\/\/lasprimeras.com.do\/index.php\/wp-json\/wp\/v2\/tags?post=80635"}],"curies":[{"name":"wp","href":"https:\/\/api.w.org\/{rel}","templated":true}]}}