{"id":80823,"date":"2024-04-13T09:34:22","date_gmt":"2024-04-13T13:34:22","guid":{"rendered":"https:\/\/lasprimeras.com.do\/?p=80823"},"modified":"2024-04-13T09:34:24","modified_gmt":"2024-04-13T13:34:24","slug":"cecilia-garcia-va-vibrante-a-escenario-360-para-evocar-el-santo-domingo-de-los-nightclubs","status":"publish","type":"post","link":"https:\/\/lasprimeras.com.do\/index.php\/2024\/04\/13\/cecilia-garcia-va-vibrante-a-escenario-360-para-evocar-el-santo-domingo-de-los-nightclubs\/","title":{"rendered":"Cecilia Garc\u00eda va &#8220;Vibrante&#8221; a Escenario 360 para evocar el Santo Domingo de los &#8220;nightclubs&#8221;"},"content":{"rendered":"\n<p>Santo Domingo.-Entre la nostalgia de Santo Domingo queda la a\u00f1oranza por la bohemia y la vida nocturna de los night club que presentaban artistas y agrupaciones en vivo. Cecilia Garc\u00eda viene de esa \u00e9poca y quiere evocarla de manera especial en un show que presentar\u00e1 el viernes 19 de abril en Escenario 360, en la plaza comercial Galer\u00eda 360.<\/p>\n\n\n\n<p>\u201cEs un espect\u00e1culo tipo night club porque el lugar se presta para estar m\u00e1s cerca de la gente\u201d, manifest\u00f3 la artista en un encuentro con periodistas.<\/p>\n\n\n\n<p>\u201cVibrante\u201d, t\u00edtulo del show, cuenta con la direcci\u00f3n musical del maestro Gustavo Rodr\u00edguez y la direcci\u00f3n art\u00edstica del productor y teatrista Carlos Espinal. La banda estar\u00e1 integrada por seis m\u00fasicos y tres coristas.<\/p>\n\n\n\n<p>\u201cHace d\u00e9cadas era normal que los cantantes protagonizaran shows en night club, que luego fueron discotecas y piano bar, ese ambiente como que se perdi\u00f3, pero ahora hay lugares como Escenario 360 que hay parqueos y seguridad en una plaza, lo que resulta atractivo\u201d, coment\u00f3 Garc\u00eda.<\/p>\n\n\n\n<p>Carlos Espinal, quien estaba presente en el encuentro de prensa, tambi\u00e9n se refiri\u00f3 a esa etapa del siglo XX: \u201cLa ciudad de Santo Domingo ten\u00eda una variedad nocturna en las d\u00e9cadas de los a\u00f1os 70 y 80. En este espect\u00e1culo rescatamos un poco de eso\u201d.<\/p>\n\n\n\n<p>La multifac\u00e9tica artista escoger\u00e1 una gran parte de su repertorio para hacer \u201clo que yo he hecho siempre, cantar la m\u00fasica que me gusta y la que le gusta a la gente\u201d.<\/p>\n\n\n\n<p>A Cecilia Garc\u00eda no le gusta llamarlo concierto. \u201cEs algo m\u00e1s cercano porque los conciertos los veo como una cosa muy grande y muy distante, con unas luces, el p\u00fablico all\u00e1, esto es todo lo contrario, m\u00e1s cercano, con la libertad de intercambiar ideas\u201d.<\/p>\n\n\n\n<p>Junto a la m\u00fasica y las canciones, un aspecto a destacar ser\u00e1 la visual de Escenario 360, que \u201cser\u00e1 distinta a lo que por lo regular se ve en el ambiente de ese lugar\u201d.<\/p>\n\n\n\n<p>EL LUGAR CON SEGURIDAD<br>Escenario 360 \u201ces un lugar ubicado en el centro comercial Galer\u00edas 360, que cuenta con los recursos necesarios para lo programado. La plaza tambi\u00e9n dispone de suficientes estacionamientos y seguridad\u201d, agreg\u00f3.<\/p>\n\n\n\n<p>Cecila tiene un amplio repertorio en diferentes ritmos como la balada, el bolero, el jazz, bossa-nova, g\u00e9neros musicales que tanto ama.<\/p>\n\n\n\n<p>Seg\u00fan la plataforma streaming Spotify sus temas m\u00e1s conocidos en su voz son \u201cMediterr\u00e1neo\u201d, \u201cA\u00f1orado encuentro\u201d, \u201cAlma m\u00eda\/Cuando me vaya\u201d, \u201cCuenta conmigo\u201d y \u201cAbajur lilas\u201d.<\/p>\n\n\n\n<p>Youtube tambi\u00e9n registra \u201cD\u00e9jame sola\u201d, \u201cRegresa pronto\u201d, \u201cOtra vez\u201d, \u201cYo s\u00e9 que te amar\u00e9\u201d y \u201cManiantales de miel\u201d, entre otras.<\/p>\n\n\n\n<p>\u201cVoy interpretar todas las canciones de mi repertorio con el acompa\u00f1amiento de la agrupaci\u00f3n dirigida por Gustavo Rodr\u00edguez, as\u00ed como la colaboraci\u00f3n de tres voces que nos acompa\u00f1ar\u00e1n\u201d, adelant\u00f3.<\/p>\n\n\n\n<p>Carlos Espinal intervino para a\u00f1adir que se interpretar\u00e1n canciones de grandes compositores iberoamericanos.<\/p>\n\n\n\n<p>\u201cAl momento de seleccionar los temas, tomamos en cuenta la gran cantidad de \u00e9xitos. Ser\u00e1 sumamente divertido\u201d, explic\u00f3 Espinal.<\/p>\n\n\n\n<p>Seg\u00fan sus explicaciones, \u201cla gente disfrutar\u00e1 mucho en una funci\u00f3n en la que tendremos al p\u00fablico muy cerca, en un ambiente con una excelente vista\u201d.<\/p>\n\n\n\n<p>Durante la conversaci\u00f3n con los periodistas, Cecilia extra\u00f1\u00f3 que Santo Domingo no haya m\u00e1s presentaciones en vivo, incluso de merengue.<\/p>\n\n\n\n<p>\u201cEste es el pa\u00eds del merengue \u00bfy d\u00f3nde se baila?, no hay d\u00f3nde bailarlo\u201d, expres\u00f3. Y sigui\u00f3: \u201cAqu\u00ed no hay un solo hotel, no estoy hablando de clubes, al que vaya un turista y que se presente la oportunidad de o\u00edr un buen conjunto y bailar una buena m\u00fasica de nuestro pa\u00eds\u201d.<\/p>\n","protected":false},"excerpt":{"rendered":"<p>Santo Domingo.-Entre la nostalgia de Santo Domingo queda la a\u00f1oranza por la bohemia y la vida nocturna de los night club que presentaban artistas y agrupaciones en vivo. Cecilia Garc\u00eda&hellip;<\/p>\n","protected":false},"author":3,"featured_media":80824,"comment_status":"open","ping_status":"open","sticky":false,"template":"","format":"standard","meta":{"content-type":"","jetpack_post_was_ever_published":false,"_jetpack_newsletter_access":"","_jetpack_dont_email_post_to_subs":false,"_jetpack_newsletter_tier_id":0,"_jetpack_memberships_contains_paywalled_content":false,"_jetpack_memberships_contains_paid_content":false,"footnotes":""},"categories":[84],"tags":[8232],"class_list":["post-80823","post","type-post","status-publish","format-standard","has-post-thumbnail","hentry","category-entretenimiento","tag-show"],"jetpack_featured_media_url":"https:\/\/lasprimeras.com.do\/wp-content\/uploads\/2024\/04\/WhatsApp-Image-2024-01-26-at-12.10.49-PM-15.jpeg","jetpack-related-posts":[{"id":76071,"url":"https:\/\/lasprimeras.com.do\/index.php\/2024\/02\/07\/humor-verdadero-entre-felipe-polanco-y-nani-pena-a-escenario-360\/","url_meta":{"origin":80823,"position":0},"title":"\u201cHumor verdadero\u201d entre Felipe Polanco y Nani Pe\u00f1a a Escenario 360","author":"BIMARY DE JES\u00daS Matos","date":"7 de febrero de 2024","format":false,"excerpt":"Santo Domingo.-Los humoristas Nani Pe\u00f1a y Felipe Polanco \u201cBoruga\u201d volver\u00e1n a encontrarse art\u00edsticamente, esta vez el 14 de febrero en Escenario 360 de Santo Domingo, para protagonizar un show dedicado al D\u00eda de la Amistad y los enamorados .\u201cHumor Verdadero\u201d ser\u00e1 presentado el mi\u00e9rcoles 14 de febrero a las 8:30\u2026","rel":"","context":"En \u00abENTRETENIMIENTO\u00bb","block_context":{"text":"ENTRETENIMIENTO","link":"https:\/\/lasprimeras.com.do\/index.php\/category\/entretenimiento\/"},"img":{"alt_text":"","src":"https:\/\/i0.wp.com\/lasprimeras.com.do\/wp-content\/uploads\/2024\/02\/65c2d021629aa-2.jpeg?resize=350%2C200&ssl=1","width":350,"height":200,"srcset":"https:\/\/i0.wp.com\/lasprimeras.com.do\/wp-content\/uploads\/2024\/02\/65c2d021629aa-2.jpeg?resize=350%2C200&ssl=1 1x, https:\/\/i0.wp.com\/lasprimeras.com.do\/wp-content\/uploads\/2024\/02\/65c2d021629aa-2.jpeg?resize=525%2C300&ssl=1 1.5x, https:\/\/i0.wp.com\/lasprimeras.com.do\/wp-content\/uploads\/2024\/02\/65c2d021629aa-2.jpeg?resize=700%2C400&ssl=1 2x"},"classes":[]},{"id":78751,"url":"https:\/\/lasprimeras.com.do\/index.php\/2024\/03\/19\/ellas-cantan-las-de-ellos-un-espectaculo-para-celebrar-el-empoderamiento-femenino\/","url_meta":{"origin":80823,"position":1},"title":"Ellas cantan las de Ellos: Un espect\u00e1culo para celebrar el empoderamiento femenino","author":"Nelson Feliz","date":"19 de marzo de 2024","format":false,"excerpt":"Laura Rivera, Diomari La Mala, Tueska, Ana Rivas y Nairoby Duarte ser\u00e1n las responsables de hacer vibrar a los presentes con sus voces. La noche del viernes 12 de abril subir\u00e1 al Escenario 360 en Santo Domingo un espect\u00e1culo musical sin precedentes: \u00a8Ellas Cantan las de Ellos\u00a8. Un show cargado\u2026","rel":"","context":"En \u00abENTRETENIMIENTO\u00bb","block_context":{"text":"ENTRETENIMIENTO","link":"https:\/\/lasprimeras.com.do\/index.php\/category\/entretenimiento\/"},"img":{"alt_text":"Ana Rivas, Tueska, Laura Rivera, Nairoby Duarte, Diomary la Mala y Jos\u00e9 Mota forman parte del espect\u00e1culo Ellas cantan las de Ellos","src":"https:\/\/i0.wp.com\/lasprimeras.com.do\/wp-content\/uploads\/2024\/03\/Ana-Rivas-Tueska-Laura-Rivera-Nairoby-Duarte-Diomary-la-Mala-y-Jose-Mota-forman-parte-del-espectaculo-Ellas-cantan-las-de-Ellos.png?resize=350%2C200&ssl=1","width":350,"height":200,"srcset":"https:\/\/i0.wp.com\/lasprimeras.com.do\/wp-content\/uploads\/2024\/03\/Ana-Rivas-Tueska-Laura-Rivera-Nairoby-Duarte-Diomary-la-Mala-y-Jose-Mota-forman-parte-del-espectaculo-Ellas-cantan-las-de-Ellos.png?resize=350%2C200&ssl=1 1x, https:\/\/i0.wp.com\/lasprimeras.com.do\/wp-content\/uploads\/2024\/03\/Ana-Rivas-Tueska-Laura-Rivera-Nairoby-Duarte-Diomary-la-Mala-y-Jose-Mota-forman-parte-del-espectaculo-Ellas-cantan-las-de-Ellos.png?resize=525%2C300&ssl=1 1.5x, https:\/\/i0.wp.com\/lasprimeras.com.do\/wp-content\/uploads\/2024\/03\/Ana-Rivas-Tueska-Laura-Rivera-Nairoby-Duarte-Diomary-la-Mala-y-Jose-Mota-forman-parte-del-espectaculo-Ellas-cantan-las-de-Ellos.png?resize=700%2C400&ssl=1 2x"},"classes":[]},{"id":70854,"url":"https:\/\/lasprimeras.com.do\/index.php\/2023\/12\/14\/navidad-entre-amigos-2023-tendra-su-ultimo-concierto-este-lunes-en-escenario-360\/","url_meta":{"origin":80823,"position":2},"title":"&#8220;Navidad entre Amigos 2023&#8221; tendr\u00e1 su \u00faltimo concierto este lunes en Escenario 360","author":"BIMARY DE JES\u00daS Matos","date":"14 de diciembre de 2023","format":false,"excerpt":"Santo Domingo.-Tras una descarga de energ\u00eda musical en donde Diomary La Mala, Silvio Mora, Kinito M\u00e9ndez, Tueska, Pavel N\u00fa\u00f1ez, Diego Jaar y Jos\u00e9 Guillermo Cortines encendieron la tercera noche de \u00abNavidad entre Amigos 2023\u00bb, Frank Ceara se prepara para cerrar, este lunes 18 de diciembre, con el mejor merengue de\u2026","rel":"","context":"En \u00abENTRETENIMIENTO\u00bb","block_context":{"text":"ENTRETENIMIENTO","link":"https:\/\/lasprimeras.com.do\/index.php\/category\/entretenimiento\/"},"img":{"alt_text":"","src":"https:\/\/i0.wp.com\/lasprimeras.com.do\/wp-content\/uploads\/2023\/12\/WhatsApp-Image-2023-12-14-at-10.38.32-AM-7.jpeg?resize=350%2C200&ssl=1","width":350,"height":200,"srcset":"https:\/\/i0.wp.com\/lasprimeras.com.do\/wp-content\/uploads\/2023\/12\/WhatsApp-Image-2023-12-14-at-10.38.32-AM-7.jpeg?resize=350%2C200&ssl=1 1x, https:\/\/i0.wp.com\/lasprimeras.com.do\/wp-content\/uploads\/2023\/12\/WhatsApp-Image-2023-12-14-at-10.38.32-AM-7.jpeg?resize=525%2C300&ssl=1 1.5x"},"classes":[]},{"id":85863,"url":"https:\/\/lasprimeras.com.do\/index.php\/2024\/07\/10\/latinos-se-apoderan-de-los-escenarios-nueva-york\/","url_meta":{"origin":80823,"position":3},"title":"Latinos se apoderan de los escenarios Nueva York","author":"Nelson Feliz","date":"10 de julio de 2024","format":false,"excerpt":"Integrado por dominicanos, argentinos y cubano, Club Media llena de risas a la Gran Manzana. Por Henrry A. Almonte R NUEVA YORK. - El Club Media Produce presentara su obra teatral para las comunidades hispanas, particular dominicana , en Alto Manhattan este s\u00e1bado 20 de julio en el la Direcci\u00f3n\u2026","rel":"","context":"En \u00abENTRETENIMIENTO\u00bb","block_context":{"text":"ENTRETENIMIENTO","link":"https:\/\/lasprimeras.com.do\/index.php\/category\/entretenimiento\/"},"img":{"alt_text":"","src":"https:\/\/i0.wp.com\/lasprimeras.com.do\/wp-content\/uploads\/2024\/07\/escenarios.jpg?resize=350%2C200&ssl=1","width":350,"height":200,"srcset":"https:\/\/i0.wp.com\/lasprimeras.com.do\/wp-content\/uploads\/2024\/07\/escenarios.jpg?resize=350%2C200&ssl=1 1x, https:\/\/i0.wp.com\/lasprimeras.com.do\/wp-content\/uploads\/2024\/07\/escenarios.jpg?resize=525%2C300&ssl=1 1.5x, https:\/\/i0.wp.com\/lasprimeras.com.do\/wp-content\/uploads\/2024\/07\/escenarios.jpg?resize=700%2C400&ssl=1 2x"},"classes":[]},{"id":115565,"url":"https:\/\/lasprimeras.com.do\/index.php\/2025\/11\/23\/presidente-abinader-lanza-navidad-360-distribuira-15-millones-de-raciones\/","url_meta":{"origin":80823,"position":4},"title":"Presidente Abinader lanza\u00a0Navidad 360; distribuir\u00e1 15 millones de raciones","author":"Nelson Feliz","date":"23 de noviembre de 2025","format":false,"excerpt":"La Direcci\u00f3n de Asistencia Social y Alimentaci\u00f3n Comunitaria (DASAC) tendr\u00e1 a su cargo la ejecuci\u00f3n de los diferentes programas que impactar\u00e1n de manera positiva a las personas que m\u00e1s lo necesitan. El presidente Luis Abinader, puso en marcha este domingo el programa Navidad 360, que distribuir\u00e1 m\u00e1s de 15 millones\u2026","rel":"","context":"En \u00abNACIONALES\u00bb","block_context":{"text":"NACIONALES","link":"https:\/\/lasprimeras.com.do\/index.php\/category\/nacionales\/"},"img":{"alt_text":"","src":"https:\/\/i0.wp.com\/lasprimeras.com.do\/wp-content\/uploads\/2025\/11\/Luis-Abinader-1-4.jpg?resize=350%2C200&ssl=1","width":350,"height":200,"srcset":"https:\/\/i0.wp.com\/lasprimeras.com.do\/wp-content\/uploads\/2025\/11\/Luis-Abinader-1-4.jpg?resize=350%2C200&ssl=1 1x, https:\/\/i0.wp.com\/lasprimeras.com.do\/wp-content\/uploads\/2025\/11\/Luis-Abinader-1-4.jpg?resize=525%2C300&ssl=1 1.5x, https:\/\/i0.wp.com\/lasprimeras.com.do\/wp-content\/uploads\/2025\/11\/Luis-Abinader-1-4.jpg?resize=700%2C400&ssl=1 2x"},"classes":[]},{"id":75898,"url":"https:\/\/lasprimeras.com.do\/index.php\/2024\/02\/05\/todos-los-nominados-premios-soberano-2024\/","url_meta":{"origin":80823,"position":5},"title":"Todos los nominados Premios Soberano 2024","author":"BIMARY DE JES\u00daS Matos","date":"5 de febrero de 2024","format":false,"excerpt":"Santo Domingo.-La Asociaci\u00f3n de Cronistas de Arte (Acroarte) dio a conocer este lunes la lista de nominados para Premios Soberano 2024, que celebrar\u00e1 su ceremonia de premiaci\u00f3n el pr\u00f3ximo 12 de marzo, donde se reconoce el trabajo de los artistas y comunicadores dominicanos realizado durante el La 39\u00aa edici\u00f3n de\u2026","rel":"","context":"En \u00abENTRETENIMIENTO\u00bb","block_context":{"text":"ENTRETENIMIENTO","link":"https:\/\/lasprimeras.com.do\/index.php\/category\/entretenimiento\/"},"img":{"alt_text":"","src":"https:\/\/i0.wp.com\/lasprimeras.com.do\/wp-content\/uploads\/2024\/02\/Conoceran-esta-tarde-solicitud-de-cese-de-medida-de-coercion-a-Jean-Alain-Rodriguez-3.jpg?resize=350%2C200&ssl=1","width":350,"height":200,"srcset":"https:\/\/i0.wp.com\/lasprimeras.com.do\/wp-content\/uploads\/2024\/02\/Conoceran-esta-tarde-solicitud-de-cese-de-medida-de-coercion-a-Jean-Alain-Rodriguez-3.jpg?resize=350%2C200&ssl=1 1x, https:\/\/i0.wp.com\/lasprimeras.com.do\/wp-content\/uploads\/2024\/02\/Conoceran-esta-tarde-solicitud-de-cese-de-medida-de-coercion-a-Jean-Alain-Rodriguez-3.jpg?resize=525%2C300&ssl=1 1.5x, https:\/\/i0.wp.com\/lasprimeras.com.do\/wp-content\/uploads\/2024\/02\/Conoceran-esta-tarde-solicitud-de-cese-de-medida-de-coercion-a-Jean-Alain-Rodriguez-3.jpg?resize=700%2C400&ssl=1 2x"},"classes":[]}],"jetpack_sharing_enabled":true,"_links":{"self":[{"href":"https:\/\/lasprimeras.com.do\/index.php\/wp-json\/wp\/v2\/posts\/80823","targetHints":{"allow":["GET"]}}],"collection":[{"href":"https:\/\/lasprimeras.com.do\/index.php\/wp-json\/wp\/v2\/posts"}],"about":[{"href":"https:\/\/lasprimeras.com.do\/index.php\/wp-json\/wp\/v2\/types\/post"}],"author":[{"embeddable":true,"href":"https:\/\/lasprimeras.com.do\/index.php\/wp-json\/wp\/v2\/users\/3"}],"replies":[{"embeddable":true,"href":"https:\/\/lasprimeras.com.do\/index.php\/wp-json\/wp\/v2\/comments?post=80823"}],"version-history":[{"count":1,"href":"https:\/\/lasprimeras.com.do\/index.php\/wp-json\/wp\/v2\/posts\/80823\/revisions"}],"predecessor-version":[{"id":80825,"href":"https:\/\/lasprimeras.com.do\/index.php\/wp-json\/wp\/v2\/posts\/80823\/revisions\/80825"}],"wp:featuredmedia":[{"embeddable":true,"href":"https:\/\/lasprimeras.com.do\/index.php\/wp-json\/wp\/v2\/media\/80824"}],"wp:attachment":[{"href":"https:\/\/lasprimeras.com.do\/index.php\/wp-json\/wp\/v2\/media?parent=80823"}],"wp:term":[{"taxonomy":"category","embeddable":true,"href":"https:\/\/lasprimeras.com.do\/index.php\/wp-json\/wp\/v2\/categories?post=80823"},{"taxonomy":"post_tag","embeddable":true,"href":"https:\/\/lasprimeras.com.do\/index.php\/wp-json\/wp\/v2\/tags?post=80823"}],"curies":[{"name":"wp","href":"https:\/\/api.w.org\/{rel}","templated":true}]}}