{"id":80826,"date":"2024-04-13T09:35:50","date_gmt":"2024-04-13T13:35:50","guid":{"rendered":"https:\/\/lasprimeras.com.do\/?p=80826"},"modified":"2024-04-13T09:35:52","modified_gmt":"2024-04-13T13:35:52","slug":"pelicula-canta-y-no-llores-resalta-dominicanas-por-ser-alegres-sonrientes-y-trabajadoras","status":"publish","type":"post","link":"https:\/\/lasprimeras.com.do\/index.php\/2024\/04\/13\/pelicula-canta-y-no-llores-resalta-dominicanas-por-ser-alegres-sonrientes-y-trabajadoras\/","title":{"rendered":"Pel\u00edcula &#8220;Canta y no llores&#8221; resalta dominicanas por ser &#8220;alegres, sonrientes y trabajadoras&#8221;"},"content":{"rendered":"\n<p>Santo Domingo.-La &#8220;dominicanidad&#8221; mostrada en los valores de las mujeres de Rep\u00fablica Dominicana, que destacan por ser &#8220;alegres, sonrientes y trabajadoras&#8221;, es el principal mensaje que &#8216;Canta y no llores&#8217; pretende dar al mundo y as\u00ed potenciar el cine dominicano, que se encuentra en su mejor momento.<\/p>\n\n\n\n<p>&#8220;Es una pel\u00edcula sobre la amistad y sobre la importancia de defender la alegr\u00eda, incluyendo los momentos m\u00e1s complicados y dif\u00edciles que le puede pasar a una persona porque es posible dejar las l\u00e1grimas atr\u00e1s y seguir cantando&#8221;, expuso la productora Desir\u00e9e Reyes, en entrevista con EFE.<\/p>\n\n\n\n<p>Las mexicanas Consuelo Duval y Michelle Rodr\u00edguez, junto con la dominicana Lumy Lizardo, son las principales protagonistas de un trabajo que se estren\u00f3 el jueves en Rep\u00fablica Dominicana y que lleva una semana cosechando \u00e9xitos en M\u00e9xico, convirti\u00e9ndose en la pel\u00edcula en espa\u00f1ol m\u00e1s vista en sus primeras semanas.<\/p>\n\n\n\n<p>Con algunas secuencias rodadas en Madrid, fue en Santo Domingo donde se llev\u00f3 a cabo la mayor parte de la producci\u00f3n, lo que da m\u00e1s valor dominicano a &#8216;Canta y no llores&#8217;.<\/p>\n\n\n\n<p>&#8220;Ha sido muy importante para m\u00ed grabar en Santo Domingo porque no es lo mismo hacer un personaje dominicano en M\u00e9xico que en tu propio pa\u00eds, donde tienes el apoyo geogr\u00e1fico y humano&#8221;, afirm\u00f3 la actriz Lumy Lizardo a EFE sobre el significado que tuvo para ella rodar en su pa\u00eds natal.<\/p>\n\n\n\n<p>Adem\u00e1s, otro de los mensajes que deja plasmado el largometraje es el &#8220;empoderamiento de la mujer&#8221;, debido a que las cuatro protagonistas tienen que lidiar con una serie de problemas que van superando con el apoyo mutuo entre ellas.<\/p>\n\n\n\n<p>Esta coproducci\u00f3n entre Espa\u00f1a y Rep\u00fablica Dominicana, en palabras de los integrantes, motiva a mucho a ser constante en lo que quieres y a ser solidario, a la vez que muestra el apoyo que tienen las mujeres &#8220;de cierta edad&#8221; y que pasan por momentos complicados.<\/p>\n\n\n\n<p>De esta forma, el cine dominicano sigue abri\u00e9ndose puertas en el panorama internacional con el paso de los a\u00f1os, dejando atr\u00e1s el mercado local.<\/p>\n\n\n\n<p>&#8220;El cine dominicano no ha hecho m\u00e1s que crecer, ahora mismo est\u00e1 en su mejor momento, hay mucha cantidad y la calidad es muy alta&#8221;, confirm\u00f3 Reyes.<\/p>\n\n\n\n<p>Adem\u00e1s, considera que los sectores especializados en el mundo de la cinematograf\u00eda est\u00e1n empezando a ser conscientes de que se est\u00e1 desarrollando un &#8220;buen material&#8221; y que est\u00e1 ganando valor.<\/p>\n","protected":false},"excerpt":{"rendered":"<p>Santo Domingo.-La &#8220;dominicanidad&#8221; mostrada en los valores de las mujeres de Rep\u00fablica Dominicana, que destacan por ser &#8220;alegres, sonrientes y trabajadoras&#8221;, es el principal mensaje que &#8216;Canta y no llores&#8217;&hellip;<\/p>\n","protected":false},"author":3,"featured_media":80827,"comment_status":"open","ping_status":"open","sticky":false,"template":"","format":"standard","meta":{"content-type":"","jetpack_post_was_ever_published":false,"_jetpack_newsletter_access":"","_jetpack_dont_email_post_to_subs":false,"_jetpack_newsletter_tier_id":0,"_jetpack_memberships_contains_paywalled_content":false,"_jetpack_memberships_contains_paid_content":false,"footnotes":""},"categories":[84],"tags":[3951],"class_list":["post-80826","post","type-post","status-publish","format-standard","has-post-thumbnail","hentry","category-entretenimiento","tag-pelicula"],"jetpack_featured_media_url":"https:\/\/lasprimeras.com.do\/wp-content\/uploads\/2024\/04\/WhatsApp-Image-2024-01-26-at-12.10.49-PM-16.jpeg","jetpack-related-posts":[{"id":69126,"url":"https:\/\/lasprimeras.com.do\/index.php\/2023\/11\/30\/freddy-la-pelicula-que-hace-llorar-a-giancarlo-beras\/","url_meta":{"origin":80826,"position":0},"title":"&#8220;Freddy&#8221;, la pel\u00edcula que hace llorar a Giancarlo Beras\u00a0","author":"BIMARY DE JES\u00daS Matos","date":"30 de noviembre de 2023","format":false,"excerpt":"Giancarlo Beras-Goico llor\u00f3 al hablar de su progenitor, Freddy Beras Goico (1940 \u2013 2010), durante la gala premier de la pel\u00edcula \u201cFreddy\u201d, la noche del martes. Sus ojos tambi\u00e9n derramaron l\u00e1grimas al citar el nombre de su difunta madre Pilar Mej\u00eda, quien vio la historia f\u00edlmica de su esposo antes\u2026","rel":"","context":"En \u00abENTRETENIMIENTO\u00bb","block_context":{"text":"ENTRETENIMIENTO","link":"https:\/\/lasprimeras.com.do\/index.php\/category\/entretenimiento\/"},"img":{"alt_text":"","src":"https:\/\/i0.wp.com\/lasprimeras.com.do\/wp-content\/uploads\/2023\/11\/WhatsApp-Image-2023-11-25-at-5.21.54-PM-3-1.jpeg?resize=350%2C200&ssl=1","width":350,"height":200,"srcset":"https:\/\/i0.wp.com\/lasprimeras.com.do\/wp-content\/uploads\/2023\/11\/WhatsApp-Image-2023-11-25-at-5.21.54-PM-3-1.jpeg?resize=350%2C200&ssl=1 1x, https:\/\/i0.wp.com\/lasprimeras.com.do\/wp-content\/uploads\/2023\/11\/WhatsApp-Image-2023-11-25-at-5.21.54-PM-3-1.jpeg?resize=525%2C300&ssl=1 1.5x"},"classes":[]},{"id":94580,"url":"https:\/\/lasprimeras.com.do\/index.php\/2025\/03\/03\/zoe-saldana-se-alza-con-su-primer-oscar-a-mejor-actriz-de-reparto\/","url_meta":{"origin":80826,"position":1},"title":"Zoe Salda\u00f1a se alza con su primer \u00d3scar a mejor actriz de reparto","author":"Nelson Feliz","date":"3 de marzo de 2025","format":false,"excerpt":"Es la primera dominicana en ganar una estatuilla; \u2018Anora\u2019 se impone con cinco premios de la Academia Los \u00c1ngeles.- La actriz de origen dominicano Zoe Salda\u00f1a gan\u00f3 este domingo el premio \u00d3scar por su papel en la pel\u00edcula \u201cEmilia P\u00e9rez\u201d. Es la primera dominicana en ganar este galard\u00f3n. Durante la\u2026","rel":"","context":"En \u00abENTRETENIMIENTO\u00bb","block_context":{"text":"ENTRETENIMIENTO","link":"https:\/\/lasprimeras.com.do\/index.php\/category\/entretenimiento\/"},"img":{"alt_text":"Zoe Salda\u00f1a","src":"https:\/\/i0.wp.com\/lasprimeras.com.do\/wp-content\/uploads\/2025\/03\/Zoe-Saldana.png?resize=350%2C200&ssl=1","width":350,"height":200,"srcset":"https:\/\/i0.wp.com\/lasprimeras.com.do\/wp-content\/uploads\/2025\/03\/Zoe-Saldana.png?resize=350%2C200&ssl=1 1x, https:\/\/i0.wp.com\/lasprimeras.com.do\/wp-content\/uploads\/2025\/03\/Zoe-Saldana.png?resize=525%2C300&ssl=1 1.5x, https:\/\/i0.wp.com\/lasprimeras.com.do\/wp-content\/uploads\/2025\/03\/Zoe-Saldana.png?resize=700%2C400&ssl=1 2x"},"classes":[]},{"id":128557,"url":"https:\/\/lasprimeras.com.do\/index.php\/2026\/04\/24\/cindy-galan-una-carrera-construida-desde-el-escenario-hacia-la-pantalla\/","url_meta":{"origin":80826,"position":2},"title":"Cindy Gal\u00e1n: una carrera construida desde el escenario hacia la pantalla","author":"Nelson Feliz","date":"24 de abril de 2026","format":false,"excerpt":"Con el estreno de la pel\u00edcula Milly, Reina del Merengue, se consolida como una de las actrices m\u00e1s camale\u00f3nicas y desafiantes del cine dominicano El estreno de la pel\u00edcula biogr\u00e1fica Milly marca un hito en la carrera de Cindy Gal\u00e1n, quien asume el reto de dar vida a Jocelyn, hermana\u2026","rel":"","context":"En \u00abENTRETENIMIENTO\u00bb","block_context":{"text":"ENTRETENIMIENTO","link":"https:\/\/lasprimeras.com.do\/index.php\/category\/entretenimiento\/"},"img":{"alt_text":"","src":"https:\/\/i0.wp.com\/lasprimeras.com.do\/wp-content\/uploads\/2026\/04\/Cindy-Galan.jpg?resize=350%2C200&ssl=1","width":350,"height":200,"srcset":"https:\/\/i0.wp.com\/lasprimeras.com.do\/wp-content\/uploads\/2026\/04\/Cindy-Galan.jpg?resize=350%2C200&ssl=1 1x, https:\/\/i0.wp.com\/lasprimeras.com.do\/wp-content\/uploads\/2026\/04\/Cindy-Galan.jpg?resize=525%2C300&ssl=1 1.5x, https:\/\/i0.wp.com\/lasprimeras.com.do\/wp-content\/uploads\/2026\/04\/Cindy-Galan.jpg?resize=700%2C400&ssl=1 2x"},"classes":[]},{"id":66722,"url":"https:\/\/lasprimeras.com.do\/index.php\/2023\/11\/09\/pelicula-dominicana-danny-45-es-galardonada-en-los-care-award-en-west-virginia\/","url_meta":{"origin":80826,"position":3},"title":"Pel\u00edcula dominicana \u201cDanny 45\u201d es galardonada en los Care Award en West Virginia","author":"BIMARY DE JES\u00daS Matos","date":"9 de noviembre de 2023","format":false,"excerpt":"Santo Domingo.-La pel\u00edcula dominicana \u201cDanny 45: El Terror de la Victoria\u201d se alz\u00f3 con dos importantes galardones en la s\u00e9ptima edici\u00f3n de Care Award 2023 celebrado este fin de semana en Parkersburg en West Virginia, Estados Unidos. El filme dirigido por Gilbert de la Rosa y protagonizada por Ram\u00f3n Emilio\u2026","rel":"","context":"En \u00abENTRETENIMIENTO\u00bb","block_context":{"text":"ENTRETENIMIENTO","link":"https:\/\/lasprimeras.com.do\/index.php\/category\/entretenimiento\/"},"img":{"alt_text":"","src":"https:\/\/i0.wp.com\/lasprimeras.com.do\/wp-content\/uploads\/2023\/11\/WhatsApp-Image-2023-11-08-at-2.23.52-PM-7.jpeg?resize=350%2C200&ssl=1","width":350,"height":200,"srcset":"https:\/\/i0.wp.com\/lasprimeras.com.do\/wp-content\/uploads\/2023\/11\/WhatsApp-Image-2023-11-08-at-2.23.52-PM-7.jpeg?resize=350%2C200&ssl=1 1x, https:\/\/i0.wp.com\/lasprimeras.com.do\/wp-content\/uploads\/2023\/11\/WhatsApp-Image-2023-11-08-at-2.23.52-PM-7.jpeg?resize=525%2C300&ssl=1 1.5x"},"classes":[]},{"id":91034,"url":"https:\/\/lasprimeras.com.do\/index.php\/2024\/11\/07\/fahdly-jacobo-debuta-en-el-cine-interpretando-a-fefita-la-grande-en-su-infancia\/","url_meta":{"origin":80826,"position":4},"title":"Fahdly Jacobo debuta en el cine interpretando a Fefita La Grande en su infancia","author":"Nelson Feliz","date":"7 de noviembre de 2024","format":false,"excerpt":"La actriz Fahdly Jacobo Mart\u00ednez, de tan s\u00f3lo 10 a\u00f1os de edad y miembro destacada del grupo de talento infantil \u201cTopitok\u201d, transmitido por RTVD canal 4, da un paso importante en su naciente carrera al interpretar el papel de Fefita La Grande durante su ni\u00f1ez en la pel\u00edcula \u201cLa Grande\u201d,\u2026","rel":"","context":"En \u00abENTRETENIMIENTO\u00bb","block_context":{"text":"ENTRETENIMIENTO","link":"https:\/\/lasprimeras.com.do\/index.php\/category\/entretenimiento\/"},"img":{"alt_text":"","src":"https:\/\/i0.wp.com\/lasprimeras.com.do\/wp-content\/uploads\/2024\/11\/WhatsApp-Image-2024-11-07-at-11.21.08-PM-1.jpeg?resize=350%2C200&ssl=1","width":350,"height":200,"srcset":"https:\/\/i0.wp.com\/lasprimeras.com.do\/wp-content\/uploads\/2024\/11\/WhatsApp-Image-2024-11-07-at-11.21.08-PM-1.jpeg?resize=350%2C200&ssl=1 1x, https:\/\/i0.wp.com\/lasprimeras.com.do\/wp-content\/uploads\/2024\/11\/WhatsApp-Image-2024-11-07-at-11.21.08-PM-1.jpeg?resize=525%2C300&ssl=1 1.5x, https:\/\/i0.wp.com\/lasprimeras.com.do\/wp-content\/uploads\/2024\/11\/WhatsApp-Image-2024-11-07-at-11.21.08-PM-1.jpeg?resize=700%2C400&ssl=1 2x, https:\/\/i0.wp.com\/lasprimeras.com.do\/wp-content\/uploads\/2024\/11\/WhatsApp-Image-2024-11-07-at-11.21.08-PM-1.jpeg?resize=1050%2C600&ssl=1 3x, https:\/\/i0.wp.com\/lasprimeras.com.do\/wp-content\/uploads\/2024\/11\/WhatsApp-Image-2024-11-07-at-11.21.08-PM-1.jpeg?resize=1400%2C800&ssl=1 4x"},"classes":[]},{"id":65718,"url":"https:\/\/lasprimeras.com.do\/index.php\/2023\/10\/31\/rosario-flores-traera-un-nuevo-espectaculo-a-republica-dominicana\/","url_meta":{"origin":80826,"position":5},"title":"Rosario Flores traer\u00e1 un nuevo espect\u00e1culo a Rep\u00fablica Dominicana","author":"BIMARY DE JES\u00daS Matos","date":"31 de octubre de 2023","format":false,"excerpt":"Santo Domingo.-La cantante y compositora espa\u00f1ola Rosario Flores retorna con toda la energ\u00eda y carisma gitana que la caracteriza, con su nuevo espect\u00e1culo \u00abLo mejor de m\u00ed tour 2023\u00bb, a presentarse el pr\u00f3ximo 15 de diciembre en la sala principal del Teatro Nacional Eduardo Brito a las 8:30 de la\u2026","rel":"","context":"En \u00abENTRETENIMIENTO\u00bb","block_context":{"text":"ENTRETENIMIENTO","link":"https:\/\/lasprimeras.com.do\/index.php\/category\/entretenimiento\/"},"img":{"alt_text":"","src":"https:\/\/i0.wp.com\/lasprimeras.com.do\/wp-content\/uploads\/2023\/10\/WhatsApp-Image-2023-10-30-at-2.14.31-PM-2.jpeg?resize=350%2C200&ssl=1","width":350,"height":200,"srcset":"https:\/\/i0.wp.com\/lasprimeras.com.do\/wp-content\/uploads\/2023\/10\/WhatsApp-Image-2023-10-30-at-2.14.31-PM-2.jpeg?resize=350%2C200&ssl=1 1x, https:\/\/i0.wp.com\/lasprimeras.com.do\/wp-content\/uploads\/2023\/10\/WhatsApp-Image-2023-10-30-at-2.14.31-PM-2.jpeg?resize=525%2C300&ssl=1 1.5x"},"classes":[]}],"jetpack_sharing_enabled":true,"_links":{"self":[{"href":"https:\/\/lasprimeras.com.do\/index.php\/wp-json\/wp\/v2\/posts\/80826","targetHints":{"allow":["GET"]}}],"collection":[{"href":"https:\/\/lasprimeras.com.do\/index.php\/wp-json\/wp\/v2\/posts"}],"about":[{"href":"https:\/\/lasprimeras.com.do\/index.php\/wp-json\/wp\/v2\/types\/post"}],"author":[{"embeddable":true,"href":"https:\/\/lasprimeras.com.do\/index.php\/wp-json\/wp\/v2\/users\/3"}],"replies":[{"embeddable":true,"href":"https:\/\/lasprimeras.com.do\/index.php\/wp-json\/wp\/v2\/comments?post=80826"}],"version-history":[{"count":1,"href":"https:\/\/lasprimeras.com.do\/index.php\/wp-json\/wp\/v2\/posts\/80826\/revisions"}],"predecessor-version":[{"id":80828,"href":"https:\/\/lasprimeras.com.do\/index.php\/wp-json\/wp\/v2\/posts\/80826\/revisions\/80828"}],"wp:featuredmedia":[{"embeddable":true,"href":"https:\/\/lasprimeras.com.do\/index.php\/wp-json\/wp\/v2\/media\/80827"}],"wp:attachment":[{"href":"https:\/\/lasprimeras.com.do\/index.php\/wp-json\/wp\/v2\/media?parent=80826"}],"wp:term":[{"taxonomy":"category","embeddable":true,"href":"https:\/\/lasprimeras.com.do\/index.php\/wp-json\/wp\/v2\/categories?post=80826"},{"taxonomy":"post_tag","embeddable":true,"href":"https:\/\/lasprimeras.com.do\/index.php\/wp-json\/wp\/v2\/tags?post=80826"}],"curies":[{"name":"wp","href":"https:\/\/api.w.org\/{rel}","templated":true}]}}