{"id":80960,"date":"2024-04-15T06:54:16","date_gmt":"2024-04-15T10:54:16","guid":{"rendered":"https:\/\/lasprimeras.com.do\/?p=80960"},"modified":"2024-04-15T06:54:17","modified_gmt":"2024-04-15T10:54:17","slug":"frank-tour-entre-amigos-llega-este-28-de-abril-al-anfiteatro-de-la-puntilla-de-puerto-plata","status":"publish","type":"post","link":"https:\/\/lasprimeras.com.do\/index.php\/2024\/04\/15\/frank-tour-entre-amigos-llega-este-28-de-abril-al-anfiteatro-de-la-puntilla-de-puerto-plata\/","title":{"rendered":"\u201cFrank Tour Entre Amigos\u201d llega este 28 de abril al Anfiteatro de la Puntilla de Puerto Plata"},"content":{"rendered":"\n<p>Puerto Plata.-La Novia del Atl\u00e1ntico se prepara para recibir el concierto \u201cFrank Tour Entre Amigos\u201d, en el Anfiteatro de la Puntilla de Puerto Plata, el 28 de abril, a las 9:00 de la noche, como un regalo del Ministerio de Turismo, que dirige David Collado.<\/p>\n\n\n\n<p>El cantautor Frank Ceara llega acompa\u00f1ado de la orquesta que dirige el maestro Pengbian Sang y subir\u00e1 al m\u00e1gico anfiteatro para cantar junto a sus mejores amigos Maridalia Hern\u00e1ndez, Adalgisa Pantale\u00f3n, Daniel Santacruz, Nairoby Duarte, H\u00e9ctor An\u00edbal, Marco Hern\u00e1ndez, Mariela Mercado y de la agrupaci\u00f3n 440: Roger Zayas y Quico Rizek.<\/p>\n\n\n\n<p>\u201cFrank Tour Entre Amigos\u201d re\u00fane a las voces m\u00e1s exquisitas del pa\u00eds y es una experiencia en donde el buen arte est\u00e1 presente gracias a las hermosas canciones, letras y melod\u00edas.<\/p>\n\n\n\n<p>Durante el recital, el artista comparte en el escenario con sus amigos invitados, mientras ellos interpretan \u00e9xitos de su repertorio como \u201cAtado a tu volc\u00e1n\u201d, \u201cTe so\u00f1\u00e9 de blanco\u201d, \u201cT\u00fa me pones loco\u201d, \u201cLluvias de besos\u201d y \u201cPorque te quiero\u201d, entre otros.<\/p>\n\n\n\n<p>\u201cFrank Tour Entre Amigos\u201d es un concepto de conciertos que lleva al p\u00fablico un compendio de lo mejor de la clase art\u00edstica dominicana, altamente calificada por sus voces, interpretaci\u00f3n, m\u00fasica e inolvidables canciones.<\/p>\n\n\n\n<p>\u201cEstamos muy felices de poder retomar esta presentaci\u00f3n que ten\u00eda pautada para el pasado mes de diciembre. Tener la oportunidad de cantar a nuestra gente de Puerto Plata nos llena de emoci\u00f3n, de llevarles nuestras mejores canciones, ejecutadas con una orquestaci\u00f3n de primera categor\u00eda\u201d, dijo Ceara en un comunicado enviado a la prensa.<\/p>\n","protected":false},"excerpt":{"rendered":"<p>Puerto Plata.-La Novia del Atl\u00e1ntico se prepara para recibir el concierto \u201cFrank Tour Entre Amigos\u201d, en el Anfiteatro de la Puntilla de Puerto Plata, el 28 de abril, a las&hellip;<\/p>\n","protected":false},"author":3,"featured_media":80961,"comment_status":"open","ping_status":"open","sticky":false,"template":"","format":"standard","meta":{"content-type":"","jetpack_post_was_ever_published":false,"_jetpack_newsletter_access":"","_jetpack_dont_email_post_to_subs":false,"_jetpack_newsletter_tier_id":0,"_jetpack_memberships_contains_paywalled_content":false,"_jetpack_memberships_contains_paid_content":false,"footnotes":""},"categories":[84],"tags":[10973],"class_list":["post-80960","post","type-post","status-publish","format-standard","has-post-thumbnail","hentry","category-entretenimiento","tag-anfiteatro"],"jetpack_featured_media_url":"https:\/\/lasprimeras.com.do\/wp-content\/uploads\/2024\/04\/7745dfde-456a-4a7d-aae2-970a54c76356-1024x682-4.jpeg","jetpack-related-posts":[{"id":72234,"url":"https:\/\/lasprimeras.com.do\/index.php\/2023\/12\/28\/frank-tour-entre-amigos-llegara-el-30-de-diciembre-al-anfiteatro-puerto-plata\/","url_meta":{"origin":80960,"position":0},"title":"&#8220;Frank Tour Entre Amigos&#8221; llegar\u00e1 el 30 de diciembre al anfiteatro Puerto Plata","author":"BIMARY DE JES\u00daS Matos","date":"28 de diciembre de 2023","format":false,"excerpt":"Santo Domingo.-Como un regalo del ministerio de Turismo, que dirige David Collado, este s\u00e1bado 30 de diciembre la provincia de Puerto Plata, celebrar\u00e1 la despedida del 2023 con el exquisito concierto \u201cFrank Tour Entre Amigos\u201d, en el anfiteatro de la Puntilla de Puerto Plata, a partir de las 9:00 de\u2026","rel":"","context":"En \u00abENTRETENIMIENTO\u00bb","block_context":{"text":"ENTRETENIMIENTO","link":"https:\/\/lasprimeras.com.do\/index.php\/category\/entretenimiento\/"},"img":{"alt_text":"","src":"https:\/\/i0.wp.com\/lasprimeras.com.do\/wp-content\/uploads\/2023\/12\/El-texto-del-parrafo-3.jpg?resize=350%2C200&ssl=1","width":350,"height":200,"srcset":"https:\/\/i0.wp.com\/lasprimeras.com.do\/wp-content\/uploads\/2023\/12\/El-texto-del-parrafo-3.jpg?resize=350%2C200&ssl=1 1x, https:\/\/i0.wp.com\/lasprimeras.com.do\/wp-content\/uploads\/2023\/12\/El-texto-del-parrafo-3.jpg?resize=525%2C300&ssl=1 1.5x"},"classes":[]},{"id":67083,"url":"https:\/\/lasprimeras.com.do\/index.php\/2023\/11\/13\/manny-cruz-celebrara-dia-del-merengue-con-concierto-gratuito-en-el-anfiteatro-de-puerto-plata\/","url_meta":{"origin":80960,"position":1},"title":"Manny Cruz celebrar\u00e1 D\u00eda del Merengue con concierto gratuito en el Anfiteatro de Puerto Plata","author":"BIMARY DE JES\u00daS Matos","date":"13 de noviembre de 2023","format":false,"excerpt":"Santo Domingo.-El Anfiteatro de Puerto Plata bailar\u00e1 a ritmo de g\u00fcira y tambora el pr\u00f3ximo domingo 26 de noviembre para celebrar el D\u00eda Nacional del Merengue de la mano del artista dominicano Manny Cruz con su concierto \u201cDominicano de Coraz\u00f3n\u201d. Pautado para las 6:30 de la tarde en un evento\u2026","rel":"","context":"En \u00abENTRETENIMIENTO\u00bb","block_context":{"text":"ENTRETENIMIENTO","link":"https:\/\/lasprimeras.com.do\/index.php\/category\/entretenimiento\/"},"img":{"alt_text":"","src":"https:\/\/i0.wp.com\/lasprimeras.com.do\/wp-content\/uploads\/2023\/11\/WhatsApp-Image-2023-11-12-at-4.11.32-PM-1-5.jpeg?resize=350%2C200&ssl=1","width":350,"height":200,"srcset":"https:\/\/i0.wp.com\/lasprimeras.com.do\/wp-content\/uploads\/2023\/11\/WhatsApp-Image-2023-11-12-at-4.11.32-PM-1-5.jpeg?resize=350%2C200&ssl=1 1x, https:\/\/i0.wp.com\/lasprimeras.com.do\/wp-content\/uploads\/2023\/11\/WhatsApp-Image-2023-11-12-at-4.11.32-PM-1-5.jpeg?resize=525%2C300&ssl=1 1.5x"},"classes":[]},{"id":73228,"url":"https:\/\/lasprimeras.com.do\/index.php\/2024\/01\/07\/saymon-diaz-no-descarta-construir-anfiteatro-en-pedernales-para-cinco-mil-personas\/","url_meta":{"origin":80960,"position":2},"title":"Saymon D\u00edaz no descarta construir anfiteatro en Pedernales para cinco mil personas","author":"Nelson Feliz","date":"7 de enero de 2024","format":false,"excerpt":"El empresario del entretenimiento Saymon D\u00edaz felicit\u00f3 al gobierno dominicano por la llegada del primer crucero al Puerto de Cabo Rojo en Pedernales con el cual se inicia el despegue tur\u00edstico de esa provincia. En ese sentido, D\u00edaz destac\u00f3 el potencial que tiene Pedernales; y con la construcci\u00f3n del Aeropuerto\u2026","rel":"","context":"En \u00abPORTADA\u00bb","block_context":{"text":"PORTADA","link":"https:\/\/lasprimeras.com.do\/index.php\/category\/portada\/"},"img":{"alt_text":"Saymon D\u00edaz","src":"https:\/\/i0.wp.com\/lasprimeras.com.do\/wp-content\/uploads\/2024\/01\/Saymon-Diaz.jpg?resize=350%2C200&ssl=1","width":350,"height":200,"srcset":"https:\/\/i0.wp.com\/lasprimeras.com.do\/wp-content\/uploads\/2024\/01\/Saymon-Diaz.jpg?resize=350%2C200&ssl=1 1x, https:\/\/i0.wp.com\/lasprimeras.com.do\/wp-content\/uploads\/2024\/01\/Saymon-Diaz.jpg?resize=525%2C300&ssl=1 1.5x, https:\/\/i0.wp.com\/lasprimeras.com.do\/wp-content\/uploads\/2024\/01\/Saymon-Diaz.jpg?resize=700%2C400&ssl=1 2x"},"classes":[]},{"id":103176,"url":"https:\/\/lasprimeras.com.do\/index.php\/2025\/07\/13\/danilo-medina-en-puerto-plata-si-ellos-saben-hacer-oposicion-que-se-quiten-y-nos-dejen-gobernar\/","url_meta":{"origin":80960,"position":3},"title":"Danilo Medina en Puerto Plata: \u201cSi ellos saben hacer oposici\u00f3n, que se quiten y nos dejen gobernar\u201d","author":"Nelson Feliz","date":"13 de julio de 2025","format":false,"excerpt":"El expresidente de la Rep\u00fablica y presidente del Partido de la Liberaci\u00f3n Dominicana (PLD), Danilo Medina, afirm\u00f3 que esa organizaci\u00f3n pol\u00edtica ya compite por el primer lugar en la preferencia del electorado nacional, al tiempo que record\u00f3 que fue el \u00fanico partido que, durante su gesti\u00f3n, cumpli\u00f3 m\u00e1s de lo\u2026","rel":"","context":"En \u00abPOLITICA\u00bb","block_context":{"text":"POLITICA","link":"https:\/\/lasprimeras.com.do\/index.php\/category\/politica\/"},"img":{"alt_text":"","src":"https:\/\/i0.wp.com\/lasprimeras.com.do\/wp-content\/uploads\/2025\/07\/Danilo-Medina.jpg-1.jpg?resize=350%2C200&ssl=1","width":350,"height":200,"srcset":"https:\/\/i0.wp.com\/lasprimeras.com.do\/wp-content\/uploads\/2025\/07\/Danilo-Medina.jpg-1.jpg?resize=350%2C200&ssl=1 1x, https:\/\/i0.wp.com\/lasprimeras.com.do\/wp-content\/uploads\/2025\/07\/Danilo-Medina.jpg-1.jpg?resize=525%2C300&ssl=1 1.5x, https:\/\/i0.wp.com\/lasprimeras.com.do\/wp-content\/uploads\/2025\/07\/Danilo-Medina.jpg-1.jpg?resize=700%2C400&ssl=1 2x"},"classes":[]},{"id":56637,"url":"https:\/\/lasprimeras.com.do\/index.php\/2023\/08\/03\/varios-artistas-acompanaran-a-fernando-villalona-en-su-concierto-en-altos-de-chavon\/","url_meta":{"origin":80960,"position":4},"title":"Varios artistas acompa\u00f1ar\u00e1n a Fernando Villalona en su concierto en Altos de Chav\u00f3n","author":"Nelson Feliz","date":"3 de agosto de 2023","format":false,"excerpt":"Una constelaci\u00f3n de estrellas de la m\u00fasica estar\u00e1 presente en el espect\u00e1culo que ofrecer\u00e1 el emblem\u00e1tico cantante Fernando Villalona, conocido cari\u00f1osamente como \"El Ni\u00f1o Mimado\", en el anfiteatro de Altos de Chav\u00f3n, el pr\u00f3ximo 12 de agosto. La empresa Big Show Pro y Casa de Campo anunciaron que en este\u2026","rel":"","context":"En \u00abENTRETENIMIENTO\u00bb","block_context":{"text":"ENTRETENIMIENTO","link":"https:\/\/lasprimeras.com.do\/index.php\/category\/entretenimiento\/"},"img":{"alt_text":"Fernandito Villalona","src":"https:\/\/i0.wp.com\/lasprimeras.com.do\/wp-content\/uploads\/2023\/08\/Fernandito-Villalona-1.jpg?resize=350%2C200&ssl=1","width":350,"height":200,"srcset":"https:\/\/i0.wp.com\/lasprimeras.com.do\/wp-content\/uploads\/2023\/08\/Fernandito-Villalona-1.jpg?resize=350%2C200&ssl=1 1x, https:\/\/i0.wp.com\/lasprimeras.com.do\/wp-content\/uploads\/2023\/08\/Fernandito-Villalona-1.jpg?resize=525%2C300&ssl=1 1.5x, https:\/\/i0.wp.com\/lasprimeras.com.do\/wp-content\/uploads\/2023\/08\/Fernandito-Villalona-1.jpg?resize=700%2C400&ssl=1 2x"},"classes":[]},{"id":56544,"url":"https:\/\/lasprimeras.com.do\/index.php\/2023\/08\/02\/fernando-villalona-tendra-invitados-de-lujo-en-su-concierto-en-altos-de-chavon\/","url_meta":{"origin":80960,"position":5},"title":"Fernando Villalona tendr\u00e1 invitados de lujo en su concierto en Altos de Chav\u00f3n","author":"Nelson Feliz","date":"2 de agosto de 2023","format":false,"excerpt":"Una constelaci\u00f3n de estrellas de la m\u00fasica estar\u00e1 presente en el espect\u00e1culo que ofrecer\u00e1 el emblem\u00e1tico cantante Fernando Villalona, conocido cari\u00f1osamente como \"El Ni\u00f1o Mimado\", en el anfiteatro de Altos de Chav\u00f3n, el pr\u00f3ximo 12 de agosto. La empresa Big Show Pro y Casa de Campo anunciaron que en este\u2026","rel":"","context":"En \u00abENTRETENIMIENTO\u00bb","block_context":{"text":"ENTRETENIMIENTO","link":"https:\/\/lasprimeras.com.do\/index.php\/category\/entretenimiento\/"},"img":{"alt_text":"Fernandito Villalona","src":"https:\/\/i0.wp.com\/lasprimeras.com.do\/wp-content\/uploads\/2023\/08\/Fernandito-Villalona-1.jpg?resize=350%2C200&ssl=1","width":350,"height":200,"srcset":"https:\/\/i0.wp.com\/lasprimeras.com.do\/wp-content\/uploads\/2023\/08\/Fernandito-Villalona-1.jpg?resize=350%2C200&ssl=1 1x, https:\/\/i0.wp.com\/lasprimeras.com.do\/wp-content\/uploads\/2023\/08\/Fernandito-Villalona-1.jpg?resize=525%2C300&ssl=1 1.5x, https:\/\/i0.wp.com\/lasprimeras.com.do\/wp-content\/uploads\/2023\/08\/Fernandito-Villalona-1.jpg?resize=700%2C400&ssl=1 2x"},"classes":[]}],"jetpack_sharing_enabled":true,"_links":{"self":[{"href":"https:\/\/lasprimeras.com.do\/index.php\/wp-json\/wp\/v2\/posts\/80960","targetHints":{"allow":["GET"]}}],"collection":[{"href":"https:\/\/lasprimeras.com.do\/index.php\/wp-json\/wp\/v2\/posts"}],"about":[{"href":"https:\/\/lasprimeras.com.do\/index.php\/wp-json\/wp\/v2\/types\/post"}],"author":[{"embeddable":true,"href":"https:\/\/lasprimeras.com.do\/index.php\/wp-json\/wp\/v2\/users\/3"}],"replies":[{"embeddable":true,"href":"https:\/\/lasprimeras.com.do\/index.php\/wp-json\/wp\/v2\/comments?post=80960"}],"version-history":[{"count":1,"href":"https:\/\/lasprimeras.com.do\/index.php\/wp-json\/wp\/v2\/posts\/80960\/revisions"}],"predecessor-version":[{"id":80962,"href":"https:\/\/lasprimeras.com.do\/index.php\/wp-json\/wp\/v2\/posts\/80960\/revisions\/80962"}],"wp:featuredmedia":[{"embeddable":true,"href":"https:\/\/lasprimeras.com.do\/index.php\/wp-json\/wp\/v2\/media\/80961"}],"wp:attachment":[{"href":"https:\/\/lasprimeras.com.do\/index.php\/wp-json\/wp\/v2\/media?parent=80960"}],"wp:term":[{"taxonomy":"category","embeddable":true,"href":"https:\/\/lasprimeras.com.do\/index.php\/wp-json\/wp\/v2\/categories?post=80960"},{"taxonomy":"post_tag","embeddable":true,"href":"https:\/\/lasprimeras.com.do\/index.php\/wp-json\/wp\/v2\/tags?post=80960"}],"curies":[{"name":"wp","href":"https:\/\/api.w.org\/{rel}","templated":true}]}}