{"id":81072,"date":"2024-04-16T22:38:55","date_gmt":"2024-04-17T02:38:55","guid":{"rendered":"https:\/\/lasprimeras.com.do\/?p=81072"},"modified":"2024-04-16T22:38:56","modified_gmt":"2024-04-17T02:38:56","slug":"circulo-de-locutores-dominicanos-nueva-york-celebra-su-dia","status":"publish","type":"post","link":"https:\/\/lasprimeras.com.do\/index.php\/2024\/04\/16\/circulo-de-locutores-dominicanos-nueva-york-celebra-su-dia\/","title":{"rendered":"C\u00edrculo de Locutores Dominicanos Nueva York celebra su d\u00eda"},"content":{"rendered":"\n<p>Por: Aquiles Rojas<\/p>\n\n\n\n<p>NUEVA YORK. &#8211; El C\u00edrculo de Locutores Dominicanos filial Nueva York que preside Germ\u00e1n Batista celebrar\u00e1 el d\u00eda de los profesionales del micr\u00f3fono este jueves 18 de abril desde las 6:00 PM<\/p>\n\n\n\n<p>As\u00ed lo dio a conocer Batista en un comunicado de prensa donde explic\u00f3 que ser\u00e1 una celebraci\u00f3n para festejar con los hombres y mujeres del micr\u00f3fono que dignifican el arte del buen hablar en la \u201cciudad que nunca duerme\u201d.<\/p>\n\n\n\n<p>\u201c Ser\u00e1 una noche llena de sorpresas, donde tendremos artista de la talla de Sandy C Flow, Lilivet Santana, Stanli B, Mariano Cersa, Leydibell Segura \u201c La Diva de Duverje\u201d, Anna Dominguez, El Angelito de la Bachata, F\u00e9nix \u201c La Diva del Merengue \u201c entre otros, asegur\u00f3.<\/p>\n\n\n\n<p>La actividad se desarrollar\u00e1 en las instalaciones de la Direcci\u00f3n de Cultura Dominicana del Exterior, ubicada en 2406 de la avenida \u00c1msterdam esquina con la calle 180 en el Washington Heights en Alto Manhattan.<\/p>\n\n\n\n<p>Para m\u00e1s informaci\u00f3n, detalles y reservaciones puede llamar al n\u00famero de celular (646)-533-3153 a \u201cLa Voz de Oro\u201d, como es conocido popularmente Batista, quien ha la laborado de forma ininterrumpida en la radio, televisi\u00f3n, relaciones p\u00fablicas y maestr\u00edas de ceremonias de los m\u00e1s importantes en la \u201c Babel de Hierro\u201d.<\/p>\n\n\n\n<p>\u201c La fiesta de nosotros, los locutores, ser\u00e1 transmitida por la prestigiosa estaci\u00f3n televisiva, Canal Am\u00e9rica de nuestro querido Jorge Rodr\u00edguez, desde el<br>edificio que aloja la Casa de la Cultura de los Quisqueyanos\u201d, dijo Batista.<\/p>\n\n\n\n<p>El evento de los locutores dominicanos en el Alto Manhattan es respaldado por Supreme FM, Royal Prestige, DJ Freddy Rey, Noche de Estrellas, Sandy C Promotions y Canal Amarica.<\/p>\n\n\n\n<p>SOBRE EL D\u00cdA DE LOS LOCUTORES DE LA REP\u00daBLICA DOMINICANA<\/p>\n\n\n\n<p>Los profesionales de la palabra hablada celebran su d\u00eda por una orden del Presidente Constitucional de la Rep\u00fablica en ese entonces, doctor Joaqu\u00edn Balaguer, quien proclam\u00f3 el Decreto N\u00famero 4476, publicado el dos de abril del a\u00f1o 1974.<\/p>\n\n\n\n<p>Esta fecha, 18 de abril, fue seleccionada en el a\u00f1o 1938, por la entonces Direcci\u00f3n General de Telecomunicaciones, que llev\u00f3 a cabo por primera vez los ex\u00e1menes para aspirante a locutores con la intenci\u00f3n de regularizar la radiodifusi\u00f3n nacional de Quisqueya.<\/p>\n\n\n\n<p>Los primeros participantes de esos ex\u00e1menes fueron Expedy Pou, Homero Le\u00f3n D\u00edaz y Pedro Julio Santana; y desde entonces el locutor es considerado un profesional de la palabra hablada.<\/p>\n","protected":false},"excerpt":{"rendered":"<p>Por: Aquiles Rojas NUEVA YORK. &#8211; El C\u00edrculo de Locutores Dominicanos filial Nueva York que preside Germ\u00e1n Batista celebrar\u00e1 el d\u00eda de los profesionales del micr\u00f3fono este jueves 18 de&hellip;<\/p>\n","protected":false},"author":2,"featured_media":81073,"comment_status":"open","ping_status":"open","sticky":false,"template":"","format":"standard","meta":{"content-type":"","jetpack_post_was_ever_published":false,"_jetpack_newsletter_access":"","_jetpack_dont_email_post_to_subs":false,"_jetpack_newsletter_tier_id":0,"_jetpack_memberships_contains_paywalled_content":false,"_jetpack_memberships_contains_paid_content":false,"footnotes":""},"categories":[84],"tags":[1304,931,6151,487,4739,104],"class_list":["post-81072","post","type-post","status-publish","format-standard","has-post-thumbnail","hentry","category-entretenimiento","tag-celebra","tag-circulo","tag-dia","tag-dominicanos","tag-locutores","tag-nueva-york"],"jetpack_featured_media_url":"https:\/\/lasprimeras.com.do\/wp-content\/uploads\/2024\/04\/circulo.jpg","jetpack-related-posts":[{"id":119383,"url":"https:\/\/lasprimeras.com.do\/index.php\/2026\/01\/12\/filial-locutores-ny-rechaza-medida-quiere-imponer-comision-nacional-cldc-rd\/","url_meta":{"origin":81072,"position":0},"title":"Filial locutores NY rechaza medida quiere imponer Comisi\u00f3n Nacional CLDC-RD","author":"Nelson Feliz","date":"12 de enero de 2026","format":false,"excerpt":"https:\/\/www.youtube.com\/watch?v=ONjITlNybDI Por Ram\u00f3n Mercedes NUEVA YORK.-Miembros de la Filial del Circulos de Locutores Dominicanos en esta ciudad, presidida por Germ\u00e1n Batista, rechazan la medida que quieren imponer a la seccional el presidente y consultor jur\u00eddico de la entidad a nivel nacional, Bismarck Morales y Carlos Ventura. El pasado fin de\u2026","rel":"","context":"En \u00abENTRETENIMIENTO\u00bb","block_context":{"text":"ENTRETENIMIENTO","link":"https:\/\/lasprimeras.com.do\/index.php\/category\/entretenimiento\/"},"img":{"alt_text":"","src":"https:\/\/i0.wp.com\/lasprimeras.com.do\/wp-content\/uploads\/2026\/01\/Filial-locutores-NY-rechaza-medida-quiere-imponer-Comision-Nacional-CLDC-RD.jpg?resize=350%2C200&ssl=1","width":350,"height":200,"srcset":"https:\/\/i0.wp.com\/lasprimeras.com.do\/wp-content\/uploads\/2026\/01\/Filial-locutores-NY-rechaza-medida-quiere-imponer-Comision-Nacional-CLDC-RD.jpg?resize=350%2C200&ssl=1 1x, https:\/\/i0.wp.com\/lasprimeras.com.do\/wp-content\/uploads\/2026\/01\/Filial-locutores-NY-rechaza-medida-quiere-imponer-Comision-Nacional-CLDC-RD.jpg?resize=525%2C300&ssl=1 1.5x, https:\/\/i0.wp.com\/lasprimeras.com.do\/wp-content\/uploads\/2026\/01\/Filial-locutores-NY-rechaza-medida-quiere-imponer-Comision-Nacional-CLDC-RD.jpg?resize=700%2C400&ssl=1 2x"},"classes":[]},{"id":119386,"url":"https:\/\/lasprimeras.com.do\/index.php\/2026\/01\/12\/119386\/","url_meta":{"origin":81072,"position":1},"title":"https:\/\/www.youtube.com\/watch?v=ONjITlNybDI Por Ram\u00f3n Mercedes NUEVA\u2026","author":"Nelson Feliz","date":"12 de enero de 2026","format":false,"excerpt":"https:\/\/www.youtube.com\/watch?v=ONjITlNybDI Por Ram\u00f3n Mercedes NUEVA YORK.-Miembros de la Filial del Circulos de Locutores Dominicanos en esta ciudad, presidida por Germ\u00e1n Batista, rechazan la medida que quieren imponer a la seccional el presidente y consultor jur\u00eddico de la entidad a nivel nacional, Bismarck Morales y Carlos Ventura. El pasado fin de\u2026","rel":"","context":"En \u00abSin categor\u00eda\u00bb","block_context":{"text":"Sin categor\u00eda","link":"https:\/\/lasprimeras.com.do\/index.php\/category\/sin-categoria\/"},"img":{"alt_text":"","src":"https:\/\/i0.wp.com\/img.youtube.com\/vi\/ONjITlNybDI\/0.jpg?resize=350%2C200","width":350,"height":200},"classes":[]},{"id":97349,"url":"https:\/\/lasprimeras.com.do\/index.php\/2025\/04\/18\/cdl-felicita-a-los-profesionales-del-microfono-en-su-dia\/","url_meta":{"origin":81072,"position":2},"title":"CDL felicita a los profesionales del micr\u00f3fono en su d\u00eda","author":"Nelson Feliz","date":"18 de abril de 2025","format":false,"excerpt":"CDL suspende el \"Premio Nacional del Locutor 2025\" por caer Viernes Santo en Semana Santa 2025. Santo Domingo, RD.- El Colegio Dominicano de Locutores (CDL), anunci\u00f3 la suspensi\u00f3n de la gala para la 11va. Edici\u00f3n del \"Premio Nacional del Locutor 2025\" que se celebra cada a\u00f1o el 18 de abril,\u2026","rel":"","context":"En \u00abENTRETENIMIENTO\u00bb","block_context":{"text":"ENTRETENIMIENTO","link":"https:\/\/lasprimeras.com.do\/index.php\/category\/entretenimiento\/"},"img":{"alt_text":"Colegio Dominicano de Locutores","src":"https:\/\/i0.wp.com\/lasprimeras.com.do\/wp-content\/uploads\/2025\/04\/WhatsApp-Image-2025-04-18-at-8.57.42-AM.jpeg?resize=350%2C200&ssl=1","width":350,"height":200,"srcset":"https:\/\/i0.wp.com\/lasprimeras.com.do\/wp-content\/uploads\/2025\/04\/WhatsApp-Image-2025-04-18-at-8.57.42-AM.jpeg?resize=350%2C200&ssl=1 1x, https:\/\/i0.wp.com\/lasprimeras.com.do\/wp-content\/uploads\/2025\/04\/WhatsApp-Image-2025-04-18-at-8.57.42-AM.jpeg?resize=525%2C300&ssl=1 1.5x, https:\/\/i0.wp.com\/lasprimeras.com.do\/wp-content\/uploads\/2025\/04\/WhatsApp-Image-2025-04-18-at-8.57.42-AM.jpeg?resize=700%2C400&ssl=1 2x, https:\/\/i0.wp.com\/lasprimeras.com.do\/wp-content\/uploads\/2025\/04\/WhatsApp-Image-2025-04-18-at-8.57.42-AM.jpeg?resize=1050%2C600&ssl=1 3x"},"classes":[]},{"id":97336,"url":"https:\/\/lasprimeras.com.do\/index.php\/2025\/04\/18\/pld-felicita-a-los-locutores-dominicanos-en-la-celebracion-de-su-dia\/","url_meta":{"origin":81072,"position":3},"title":"PLD felicita a los locutores dominicanos en la celebraci\u00f3n de su D\u00eda","author":"Nelson Feliz","date":"18 de abril de 2025","format":false,"excerpt":"Con motivo de la celebraci\u00f3n del D\u00eda del Locutor, el Partido de la Liberaci\u00f3n Dominicana (PLD), env\u00eda un mensaje de felicitaci\u00f3n a las y los profesionales del micr\u00f3fono por la labor social y su rol como orientador y de motivaci\u00f3n. En el segmento de efem\u00e9rides de Vanguardia del Pueblo y\u2026","rel":"","context":"En \u00abENTRETENIMIENTO\u00bb","block_context":{"text":"ENTRETENIMIENTO","link":"https:\/\/lasprimeras.com.do\/index.php\/category\/entretenimiento\/"},"img":{"alt_text":"","src":"https:\/\/i0.wp.com\/lasprimeras.com.do\/wp-content\/uploads\/2025\/04\/locutor.jpg?resize=350%2C200&ssl=1","width":350,"height":200,"srcset":"https:\/\/i0.wp.com\/lasprimeras.com.do\/wp-content\/uploads\/2025\/04\/locutor.jpg?resize=350%2C200&ssl=1 1x, https:\/\/i0.wp.com\/lasprimeras.com.do\/wp-content\/uploads\/2025\/04\/locutor.jpg?resize=525%2C300&ssl=1 1.5x"},"classes":[]},{"id":72269,"url":"https:\/\/lasprimeras.com.do\/index.php\/2023\/12\/28\/locutor-de-bonao-que-aspira-a-regidor-emitio-emotivo-mensaje-de-fin-de-ano\/","url_meta":{"origin":81072,"position":4},"title":"Locutor de Bonao que aspira a regidor emiti\u00f3 emotivo mensaje de fin de a\u00f1o","author":"Nelson Feliz","date":"28 de diciembre de 2023","format":false,"excerpt":"Por Aquiles Rojas El candidato a regidor por el Partido Revolucionario Dominicano (PRD) en la ciudad de Bonao, Manuel Fabre, comparti\u00f3 un emotivo mensaje en un audiovisual que circula en las redes sociales. \u201cEn estas fiestas y para el nuevo a\u00f1o, que nazca en nosotros el esp\u00edritu de esa primera\u2026","rel":"","context":"En \u00abSin categor\u00eda\u00bb","block_context":{"text":"Sin categor\u00eda","link":"https:\/\/lasprimeras.com.do\/index.php\/category\/sin-categoria\/"},"img":{"alt_text":"Manuel Fabre","src":"https:\/\/i0.wp.com\/lasprimeras.com.do\/wp-content\/uploads\/2023\/12\/Manuel-Fabre.jpg?resize=350%2C200&ssl=1","width":350,"height":200,"srcset":"https:\/\/i0.wp.com\/lasprimeras.com.do\/wp-content\/uploads\/2023\/12\/Manuel-Fabre.jpg?resize=350%2C200&ssl=1 1x, https:\/\/i0.wp.com\/lasprimeras.com.do\/wp-content\/uploads\/2023\/12\/Manuel-Fabre.jpg?resize=525%2C300&ssl=1 1.5x, https:\/\/i0.wp.com\/lasprimeras.com.do\/wp-content\/uploads\/2023\/12\/Manuel-Fabre.jpg?resize=700%2C400&ssl=1 2x"},"classes":[]},{"id":85351,"url":"https:\/\/lasprimeras.com.do\/index.php\/2024\/06\/28\/colegio-dominicano-de-locutores-convoca-a-elecciones-este-sabado\/","url_meta":{"origin":81072,"position":5},"title":"Colegio Dominicano de Locutores convoca a elecciones este s\u00e1bado","author":"Nelson Feliz","date":"28 de junio de 2024","format":false,"excerpt":"El Colegio Dominicano de Locutores (CDL), convoc\u00f3 a sus miembros en todo el pa\u00eds, a participar de las elecciones generales del gremio, a celebrarse\u00a0 este s\u00e1bado 29 de junio, a las 10:00 am, en el Colegio Dominicano de Periodistas. Durante una reuni\u00f3n de la directiva nacional, se hizo el llamado\u2026","rel":"","context":"En \u00abENTRETENIMIENTO\u00bb","block_context":{"text":"ENTRETENIMIENTO","link":"https:\/\/lasprimeras.com.do\/index.php\/category\/entretenimiento\/"},"img":{"alt_text":"CDL","src":"https:\/\/i0.wp.com\/lasprimeras.com.do\/wp-content\/uploads\/2024\/06\/CDL.jpg?resize=350%2C200&ssl=1","width":350,"height":200,"srcset":"https:\/\/i0.wp.com\/lasprimeras.com.do\/wp-content\/uploads\/2024\/06\/CDL.jpg?resize=350%2C200&ssl=1 1x, https:\/\/i0.wp.com\/lasprimeras.com.do\/wp-content\/uploads\/2024\/06\/CDL.jpg?resize=525%2C300&ssl=1 1.5x, https:\/\/i0.wp.com\/lasprimeras.com.do\/wp-content\/uploads\/2024\/06\/CDL.jpg?resize=700%2C400&ssl=1 2x"},"classes":[]}],"jetpack_sharing_enabled":true,"_links":{"self":[{"href":"https:\/\/lasprimeras.com.do\/index.php\/wp-json\/wp\/v2\/posts\/81072","targetHints":{"allow":["GET"]}}],"collection":[{"href":"https:\/\/lasprimeras.com.do\/index.php\/wp-json\/wp\/v2\/posts"}],"about":[{"href":"https:\/\/lasprimeras.com.do\/index.php\/wp-json\/wp\/v2\/types\/post"}],"author":[{"embeddable":true,"href":"https:\/\/lasprimeras.com.do\/index.php\/wp-json\/wp\/v2\/users\/2"}],"replies":[{"embeddable":true,"href":"https:\/\/lasprimeras.com.do\/index.php\/wp-json\/wp\/v2\/comments?post=81072"}],"version-history":[{"count":1,"href":"https:\/\/lasprimeras.com.do\/index.php\/wp-json\/wp\/v2\/posts\/81072\/revisions"}],"predecessor-version":[{"id":81074,"href":"https:\/\/lasprimeras.com.do\/index.php\/wp-json\/wp\/v2\/posts\/81072\/revisions\/81074"}],"wp:featuredmedia":[{"embeddable":true,"href":"https:\/\/lasprimeras.com.do\/index.php\/wp-json\/wp\/v2\/media\/81073"}],"wp:attachment":[{"href":"https:\/\/lasprimeras.com.do\/index.php\/wp-json\/wp\/v2\/media?parent=81072"}],"wp:term":[{"taxonomy":"category","embeddable":true,"href":"https:\/\/lasprimeras.com.do\/index.php\/wp-json\/wp\/v2\/categories?post=81072"},{"taxonomy":"post_tag","embeddable":true,"href":"https:\/\/lasprimeras.com.do\/index.php\/wp-json\/wp\/v2\/tags?post=81072"}],"curies":[{"name":"wp","href":"https:\/\/api.w.org\/{rel}","templated":true}]}}