{"id":81278,"date":"2024-04-18T23:38:02","date_gmt":"2024-04-19T03:38:02","guid":{"rendered":"https:\/\/lasprimeras.com.do\/?p=81278"},"modified":"2024-04-18T23:38:04","modified_gmt":"2024-04-19T03:38:04","slug":"no-pertenece-a-la-daeh-doctor-denuncia-desvinculacion-por-salvar-una-vida","status":"publish","type":"post","link":"https:\/\/lasprimeras.com.do\/index.php\/2024\/04\/18\/no-pertenece-a-la-daeh-doctor-denuncia-desvinculacion-por-salvar-una-vida\/","title":{"rendered":"No pertenece a la DAEH doctor denuncia desvinculaci\u00f3n\u00a0 por salvar una vida"},"content":{"rendered":"\n<p>La Direcci\u00f3n de Servicios de Atenci\u00f3n a Emergencias Extra Hospitalarias (DAEH), inform\u00f3 que el doctor Carlos Bienvenido Ure\u00f1a, quien denunci\u00f3 que fue desvinculado de la entidad&nbsp; no pertenece a la instituci\u00f3n.<\/p>\n\n\n\n<p>El general retirado Juan Manuel M\u00e9ndez, &nbsp;indic\u00f3 que no es parte del personal, ni de los colaboradores m\u00e9dicos nominales, el m\u00e9dico que afirma haber asistido a una persona herida de bala, en Santiago.<\/p>\n\n\n\n<p>\u201cNo puede ser desvinculado una persona que no pertenece a esta instituci\u00f3n; solo los colaboradores nominales pueden ser separados en esta o cualquier otra instituci\u00f3n y no es el caso del denunciante\u201d, aclar\u00f3.<\/p>\n\n\n\n<p>De esta manera, la entidad sali\u00f3 al frente a la denuncia de&nbsp;&nbsp; Ure\u00f1a de que alegadamente fue separado de la instituci\u00f3n tras haber salvado la vida de una persona, herida de bala, indicando que se salt\u00f3 el protocolo.<\/p>\n\n\n\n<p>Seg\u00fan denuncia,&nbsp; el conductor de la ambulancia estaba indispuesto por problemas estomacales y es cuando Ure\u00f1a afirma lo despoj\u00f3 de las llaves y procedi\u00f3 a conducir la ambulancia, con el herido, a un centro de salud.<\/p>\n\n\n\n<p>La DAEH indic\u00f3 que es imposible desvincular a un miembro de esa instituci\u00f3n por realizar una actitud heroica.<\/p>\n","protected":false},"excerpt":{"rendered":"<p>La Direcci\u00f3n de Servicios de Atenci\u00f3n a Emergencias Extra Hospitalarias (DAEH), inform\u00f3 que el doctor Carlos Bienvenido Ure\u00f1a, quien denunci\u00f3 que fue desvinculado de la entidad&nbsp; no pertenece a la&hellip;<\/p>\n","protected":false},"author":2,"featured_media":81279,"comment_status":"open","ping_status":"open","sticky":false,"template":"","format":"standard","meta":{"content-type":"","jetpack_post_was_ever_published":false,"_jetpack_newsletter_access":"","_jetpack_dont_email_post_to_subs":false,"_jetpack_newsletter_tier_id":0,"_jetpack_memberships_contains_paywalled_content":false,"_jetpack_memberships_contains_paid_content":false,"footnotes":""},"categories":[35],"tags":[5839,12551,707,12550,12552],"class_list":["post-81278","post","type-post","status-publish","format-standard","has-post-thumbnail","hentry","category-nacionales","tag-daeh","tag-desvinculacion-2","tag-doctor","tag-no-pertenece","tag-salvar-una-vida"],"jetpack_featured_media_url":"https:\/\/lasprimeras.com.do\/wp-content\/uploads\/2024\/04\/Ambulancia.jpg","jetpack-related-posts":[{"id":84358,"url":"https:\/\/lasprimeras.com.do\/index.php\/2024\/06\/06\/daeh-realiza-cambios-de-designaciones-a-mas-de-165-colaboradores\/","url_meta":{"origin":81278,"position":0},"title":"DAEH realiza cambios de designaciones a m\u00e1s de 165 colaboradores","author":"Nelson Feliz","date":"6 de junio de 2024","format":false,"excerpt":"La Direcci\u00f3n de Servicios de Atenci\u00f3n a Emergencias Extrahospitalaria (DAEH), realiz\u00f3 cambios de designaciones a 168 colaboradores de la entidad que prestan sus servicios a favor de la poblaci\u00f3n a nivel nacional. El titular de la DAEH, Juan Manuel M\u00e9ndez, inform\u00f3 adem\u00e1s que a los empleados se le entreg\u00f3 la\u2026","rel":"","context":"En \u00abNACIONALES\u00bb","block_context":{"text":"NACIONALES","link":"https:\/\/lasprimeras.com.do\/index.php\/category\/nacionales\/"},"img":{"alt_text":"DAEH","src":"https:\/\/i0.wp.com\/lasprimeras.com.do\/wp-content\/uploads\/2024\/06\/DAEH-02.jpg?resize=350%2C200&ssl=1","width":350,"height":200,"srcset":"https:\/\/i0.wp.com\/lasprimeras.com.do\/wp-content\/uploads\/2024\/06\/DAEH-02.jpg?resize=350%2C200&ssl=1 1x, https:\/\/i0.wp.com\/lasprimeras.com.do\/wp-content\/uploads\/2024\/06\/DAEH-02.jpg?resize=525%2C300&ssl=1 1.5x, https:\/\/i0.wp.com\/lasprimeras.com.do\/wp-content\/uploads\/2024\/06\/DAEH-02.jpg?resize=700%2C400&ssl=1 2x"},"classes":[]},{"id":101213,"url":"https:\/\/lasprimeras.com.do\/index.php\/2025\/06\/17\/senasa-y-daeh-fortalecen-atencion-extrahospitalaria-y-prevencion-durante-temporada-ciclonica\/","url_meta":{"origin":81278,"position":1},"title":"SeNaSa y DAEH fortalecen atenci\u00f3n extrahospitalaria y prevenci\u00f3n durante temporada cicl\u00f3nica","author":"Nelson Feliz","date":"17 de junio de 2025","format":false,"excerpt":"El director ejecutivo del Seguro Nacional de Salud (SeNaSa), doctor Santiago Hazim, y el director de la Direcci\u00f3n de Servicios de Atenci\u00f3n a Emergencias Extrahospitalarias (DAEH), general Juan Manuel M\u00e9ndez, coordinaron acciones conjuntas orientadas a fortalecer la colaboraci\u00f3n interinstitucional y garantizar una mejor atenci\u00f3n a la ciudadan\u00eda, especialmente en el\u2026","rel":"","context":"En \u00abNACIONALES\u00bb","block_context":{"text":"NACIONALES","link":"https:\/\/lasprimeras.com.do\/index.php\/category\/nacionales\/"},"img":{"alt_text":"","src":"https:\/\/i0.wp.com\/lasprimeras.com.do\/wp-content\/uploads\/2025\/06\/General-Juan-Manuel-Mendez-y-el-Doctor-Santiago-Hazim.jpg?resize=350%2C200&ssl=1","width":350,"height":200,"srcset":"https:\/\/i0.wp.com\/lasprimeras.com.do\/wp-content\/uploads\/2025\/06\/General-Juan-Manuel-Mendez-y-el-Doctor-Santiago-Hazim.jpg?resize=350%2C200&ssl=1 1x, https:\/\/i0.wp.com\/lasprimeras.com.do\/wp-content\/uploads\/2025\/06\/General-Juan-Manuel-Mendez-y-el-Doctor-Santiago-Hazim.jpg?resize=525%2C300&ssl=1 1.5x, https:\/\/i0.wp.com\/lasprimeras.com.do\/wp-content\/uploads\/2025\/06\/General-Juan-Manuel-Mendez-y-el-Doctor-Santiago-Hazim.jpg?resize=700%2C400&ssl=1 2x"},"classes":[]},{"id":65205,"url":"https:\/\/lasprimeras.com.do\/index.php\/2023\/10\/26\/medicos-del-hospital-de-la-policia-denuncian-tienen-tres-meses-sin-cobrar-y-estan-siendo-cancelados\/","url_meta":{"origin":81278,"position":2},"title":"M\u00e9dicos del hospital de la Polic\u00eda denuncian tienen tres meses sin cobrar y est\u00e1n siendo cancelados","author":"BIMARY DE JES\u00daS Matos","date":"26 de octubre de 2023","format":false,"excerpt":"Santo Domingo.-La ma\u00f1ana de este jueves, decenas de m\u00e9dicos del Hospital General Docente de la Polic\u00eda Nacional denunciaron que llevan tres meses sin recibir su salario correspondiente y que est\u00e1n siendo desvinculados del centro sin raz\u00f3n aparente. \u00abQueremos soluciones\u00bb, fue la frase que vocifer\u00f3 el grupo de especialistas a las\u2026","rel":"","context":"En \u00abPORTADA\u00bb","block_context":{"text":"PORTADA","link":"https:\/\/lasprimeras.com.do\/index.php\/category\/portada\/"},"img":{"alt_text":"","src":"https:\/\/i0.wp.com\/lasprimeras.com.do\/wp-content\/uploads\/2023\/10\/WhatsApp-Image-2023-10-26-at-11.41.06-AM.jpeg?resize=350%2C200&ssl=1","width":350,"height":200},"classes":[]},{"id":50142,"url":"https:\/\/lasprimeras.com.do\/index.php\/2023\/05\/17\/un-reconocido-periodista-tenia-asignada-una-nomina-de-mas-de-un-millon-de-pesos-en-medio-ambiente\/","url_meta":{"origin":81278,"position":3},"title":"Un reconocido periodista ten\u00eda asignada una n\u00f3mina de m\u00e1s de un mill\u00f3n de pesos en Medio Ambiente","author":"prenxa100","date":"17 de mayo de 2023","format":false,"excerpt":"SANTO DOMINGO.-Un reconocido periodista ten\u00eda asignada una n\u00f3mina de m\u00e1s de un mill\u00f3n de pesos en el Ministerio de Medio Ambiente, sin pertenecer a esa instituci\u00f3n, revel\u00f3 hoy el ministro Miguel Ceara Hatton. \u00abPregunt\u00e9 por qu\u00e9 fulano de tal tiene un mill\u00f3n y pico asignado mensualmente\u2026un periodista que habla todos\u2026","rel":"","context":"En \u00abNACIONALES\u00bb","block_context":{"text":"NACIONALES","link":"https:\/\/lasprimeras.com.do\/index.php\/category\/nacionales\/"},"img":{"alt_text":"","src":"https:\/\/i0.wp.com\/img.youtube.com\/vi\/4q2dpB1Cmyo\/0.jpg?resize=350%2C200","width":350,"height":200},"classes":[]},{"id":82314,"url":"https:\/\/lasprimeras.com.do\/index.php\/2024\/05\/01\/director-de-la-daeh-a-traves-del-programa-yo-te-respondo-lleva-soluciones-a-colaboradores-en-seis-provincias\/","url_meta":{"origin":81278,"position":4},"title":"Director de la DAEH a trav\u00e9s del programa \u201cYo te respondo\u201d lleva soluciones a colaboradores en seis provincias","author":"BIMARY DE JES\u00daS Matos","date":"1 de mayo de 2024","format":false,"excerpt":"Santo Domingo.- El titular de la Direcci\u00f3n de Atenci\u00f3n a Emergencias Extrahospitalarias (DAEH), Juan Manuel M\u00e9ndez Garc\u00eda, cumpli\u00f3 con los reclamos a necesidades operativas, de equipos y administrativas expuestas por miembros y colaboradores en las primeras seis demarcaciones del pa\u00eds y culminar\u00e1 hasta llegar a todo el territorio nacional. En\u2026","rel":"","context":"En \u00abNACIONALES\u00bb","block_context":{"text":"NACIONALES","link":"https:\/\/lasprimeras.com.do\/index.php\/category\/nacionales\/"},"img":{"alt_text":"","src":"https:\/\/i0.wp.com\/lasprimeras.com.do\/wp-content\/uploads\/2024\/05\/WhatsApp-Image-2024-05-01-at-9.11.51-AM-scaled.jpeg?resize=350%2C200&ssl=1","width":350,"height":200,"srcset":"https:\/\/i0.wp.com\/lasprimeras.com.do\/wp-content\/uploads\/2024\/05\/WhatsApp-Image-2024-05-01-at-9.11.51-AM-scaled.jpeg?resize=350%2C200&ssl=1 1x, https:\/\/i0.wp.com\/lasprimeras.com.do\/wp-content\/uploads\/2024\/05\/WhatsApp-Image-2024-05-01-at-9.11.51-AM-scaled.jpeg?resize=525%2C300&ssl=1 1.5x, https:\/\/i0.wp.com\/lasprimeras.com.do\/wp-content\/uploads\/2024\/05\/WhatsApp-Image-2024-05-01-at-9.11.51-AM-scaled.jpeg?resize=700%2C400&ssl=1 2x, https:\/\/i0.wp.com\/lasprimeras.com.do\/wp-content\/uploads\/2024\/05\/WhatsApp-Image-2024-05-01-at-9.11.51-AM-scaled.jpeg?resize=1050%2C600&ssl=1 3x, https:\/\/i0.wp.com\/lasprimeras.com.do\/wp-content\/uploads\/2024\/05\/WhatsApp-Image-2024-05-01-at-9.11.51-AM-scaled.jpeg?resize=1400%2C800&ssl=1 4x"},"classes":[]},{"id":80180,"url":"https:\/\/lasprimeras.com.do\/index.php\/2024\/04\/04\/daeh-inicia-jornada-de-respuesta-a-necesidades-de-colaboradores\/","url_meta":{"origin":81278,"position":5},"title":"DAEH inicia jornada de respuesta a necesidades de colaboradores","author":"Nelson Feliz","date":"4 de abril de 2024","format":false,"excerpt":"El director de la DAEH, Juan Manuel M\u00e9ndez Garc\u00eda, denomin\u00f3 el programa como la ruta \u201cYo te respondo\u201d El director de Atenci\u00f3n a Emergencias Extrahospitalaria (DAEH), Juan Manuel M\u00e9ndez Garc\u00eda, visit\u00f3 este jueves las provincias Monse\u00f1or Nouel y La Vega, en las que llev\u00f3 soluciones a las necesidades planteadas por\u2026","rel":"","context":"En \u00abSin categor\u00eda\u00bb","block_context":{"text":"Sin categor\u00eda","link":"https:\/\/lasprimeras.com.do\/index.php\/category\/sin-categoria\/"},"img":{"alt_text":"Juan Manuel M\u00e9ndez Garc\u00eda","src":"https:\/\/i0.wp.com\/lasprimeras.com.do\/wp-content\/uploads\/2024\/04\/Juan-Manuel-Mendez-Garcia-1.jpg?resize=350%2C200&ssl=1","width":350,"height":200,"srcset":"https:\/\/i0.wp.com\/lasprimeras.com.do\/wp-content\/uploads\/2024\/04\/Juan-Manuel-Mendez-Garcia-1.jpg?resize=350%2C200&ssl=1 1x, https:\/\/i0.wp.com\/lasprimeras.com.do\/wp-content\/uploads\/2024\/04\/Juan-Manuel-Mendez-Garcia-1.jpg?resize=525%2C300&ssl=1 1.5x, https:\/\/i0.wp.com\/lasprimeras.com.do\/wp-content\/uploads\/2024\/04\/Juan-Manuel-Mendez-Garcia-1.jpg?resize=700%2C400&ssl=1 2x"},"classes":[]}],"jetpack_sharing_enabled":true,"_links":{"self":[{"href":"https:\/\/lasprimeras.com.do\/index.php\/wp-json\/wp\/v2\/posts\/81278","targetHints":{"allow":["GET"]}}],"collection":[{"href":"https:\/\/lasprimeras.com.do\/index.php\/wp-json\/wp\/v2\/posts"}],"about":[{"href":"https:\/\/lasprimeras.com.do\/index.php\/wp-json\/wp\/v2\/types\/post"}],"author":[{"embeddable":true,"href":"https:\/\/lasprimeras.com.do\/index.php\/wp-json\/wp\/v2\/users\/2"}],"replies":[{"embeddable":true,"href":"https:\/\/lasprimeras.com.do\/index.php\/wp-json\/wp\/v2\/comments?post=81278"}],"version-history":[{"count":1,"href":"https:\/\/lasprimeras.com.do\/index.php\/wp-json\/wp\/v2\/posts\/81278\/revisions"}],"predecessor-version":[{"id":81280,"href":"https:\/\/lasprimeras.com.do\/index.php\/wp-json\/wp\/v2\/posts\/81278\/revisions\/81280"}],"wp:featuredmedia":[{"embeddable":true,"href":"https:\/\/lasprimeras.com.do\/index.php\/wp-json\/wp\/v2\/media\/81279"}],"wp:attachment":[{"href":"https:\/\/lasprimeras.com.do\/index.php\/wp-json\/wp\/v2\/media?parent=81278"}],"wp:term":[{"taxonomy":"category","embeddable":true,"href":"https:\/\/lasprimeras.com.do\/index.php\/wp-json\/wp\/v2\/categories?post=81278"},{"taxonomy":"post_tag","embeddable":true,"href":"https:\/\/lasprimeras.com.do\/index.php\/wp-json\/wp\/v2\/tags?post=81278"}],"curies":[{"name":"wp","href":"https:\/\/api.w.org\/{rel}","templated":true}]}}