{"id":81303,"date":"2024-04-19T07:28:00","date_gmt":"2024-04-19T11:28:00","guid":{"rendered":"https:\/\/lasprimeras.com.do\/?p=81303"},"modified":"2024-04-19T07:28:01","modified_gmt":"2024-04-19T11:28:01","slug":"adp-reclama-aumento-salarial-acordado-a-los-maestros","status":"publish","type":"post","link":"https:\/\/lasprimeras.com.do\/index.php\/2024\/04\/19\/adp-reclama-aumento-salarial-acordado-a-los-maestros\/","title":{"rendered":"ADP reclama aumento salarial acordado a los maestros"},"content":{"rendered":"\n<p>SAN FRANCISCO DE MACORIS.- La Asociaci\u00f3n Dominicana de Profesores (ADP) aprob\u00f3 un plan de lucha que incluye una manifestaci\u00f3n frente a la sede del Ministerio de Educaci\u00f3n el pr\u00f3ximo 23 de abril, en demanda de que se cumpla lo acordado con relaci\u00f3n al aumento salarial para los docentes.<\/p>\n\n\n\n<p>El presidente de la ADP, Eduardo Hidalgo dijo que, al considerar la inflaci\u00f3n y el \u00edndice de precios al consumidor, el salario promedio real de los docentes termina siendo RD$40,019, mientras que el costo nacional promedio de la canasta familiar ronda los RD$44,967.<\/p>\n\n\n\n<p>Adem\u00e1s, la ADP tambi\u00e9n exigir\u00e1, durante esa manifestaci\u00f3n, las mejoras de las condiciones de infraestructura de las escuelas, contrataci\u00f3n de personal de seguridad y de limpieza, mejores programas de formaci\u00f3n docentes, nombramiento de docentes faltantes, terminaci\u00f3n de escuelas que est\u00e1n en proceso de construcci\u00f3n y que est\u00e1n paralizadas.<\/p>\n\n\n\n<p>Una nota de la ADP precisa que tambi\u00e9n se reclamar\u00e1 la reparaci\u00f3n de ba\u00f1os inservibles, agua potable y bebederos para las escuelas, personal docente, reducir la sobrepoblaci\u00f3n escolar, que le llegue el almuerzo y la merienda a todos los ni\u00f1os y ni\u00f1as dominicanos. Adem\u00e1s se incluye solucionar el problema de la intoxicaci\u00f3n por fumigaci\u00f3n en escuelas de San Francisco de Macor\u00eds, Villa Altagracia y otras localidades del pa\u00eds.<\/p>\n\n\n\n<p>Agreg\u00f3 que estas y otras dificultades son la causa que han impedido que las escuelas p\u00fablicas puedan cumplir con el calendario escolar y que se logre el desarrollo de las competencias a las que aspira el curr\u00edculo dominicano.<\/p>\n\n\n\n<p>Durante la reuni\u00f3n de su Octavo Pleno Nacional de Dirigentes Profesora. Magalys P\u00e9rez se aprob\u00f3 exigir un incremento salarial seg\u00fan lo acordado en julio del a\u00f1o pasado, sustentado en el hecho de que el Ministerio de Educaci\u00f3n cuenta con los fondos suficientes para mejorar el salario de los docentes, cuyos niveles actuales han perdido poder adquisitivo, coloc\u00e1ndose el costo de la canasta familiar 4 mil pesos m\u00e1s que el salario promedio de los docentes.<\/p>\n\n\n\n<p>La Nota de la ADP indica que el MINERD ha tenido una marcada subejecuci\u00f3n de fondos en los \u00faltimos a\u00f1os, as\u00ed como el cumplimiento de la evaluaci\u00f3n de desempe\u00f1o, y el aumento para los jubilados y pensionados.<\/p>\n\n\n\n<p>Indic\u00f3 que el Pleno Nacional de Dirigentes tambi\u00e9n acord\u00f3 una serie de asambleas en las 155 seccionales de la ADP, a partir de este viernes 19 de abril para orientar a los maestros y maestras sobre el plan de lucha.<\/p>\n","protected":false},"excerpt":{"rendered":"<p>SAN FRANCISCO DE MACORIS.- La Asociaci\u00f3n Dominicana de Profesores (ADP) aprob\u00f3 un plan de lucha que incluye una manifestaci\u00f3n frente a la sede del Ministerio de Educaci\u00f3n el pr\u00f3ximo 23&hellip;<\/p>\n","protected":false},"author":3,"featured_media":81304,"comment_status":"open","ping_status":"open","sticky":false,"template":"","format":"standard","meta":{"content-type":"","jetpack_post_was_ever_published":false,"_jetpack_newsletter_access":"","_jetpack_dont_email_post_to_subs":false,"_jetpack_newsletter_tier_id":0,"_jetpack_memberships_contains_paywalled_content":false,"_jetpack_memberships_contains_paid_content":false,"footnotes":""},"categories":[35],"tags":[882],"class_list":["post-81303","post","type-post","status-publish","format-standard","has-post-thumbnail","hentry","category-nacionales","tag-adp"],"jetpack_featured_media_url":"https:\/\/lasprimeras.com.do\/wp-content\/uploads\/2024\/04\/6a0c8a05-4f4b-48f5-a1d9-1ad180753c4a-7.webp","jetpack-related-posts":[{"id":49206,"url":"https:\/\/lasprimeras.com.do\/index.php\/2023\/05\/09\/adp-espera-segundo-aumento-salarial-pactado-en-2021\/","url_meta":{"origin":81303,"position":0},"title":"ADP espera segundo aumento salarial pactado en 2021","author":"prenxa100","date":"9 de mayo de 2023","format":false,"excerpt":"SANTO DOMINGO.-.La Asociaci\u00f3n Dominicana de Profesores (ADP) espera que el segundo aumento salarial pactado en 2021 con el Ministerio de Educaci\u00f3n -con el presidente Luis Abinader como testigo- se aplique en este a\u00f1o, tal como fue acordado. Este fue uno de los puntos tratados en una reuni\u00f3n del Comit\u00e9 Ejecutivo\u2026","rel":"","context":"En \u00abECONOM\u00cdA\u00bb","block_context":{"text":"ECONOM\u00cdA","link":"https:\/\/lasprimeras.com.do\/index.php\/category\/economia\/"},"img":{"alt_text":"","src":"","width":0,"height":0},"classes":[]},{"id":119036,"url":"https:\/\/lasprimeras.com.do\/index.php\/2026\/01\/06\/adp-asegura-que-el-reinicio-de-las-clases-por-feriado-de-navidad-debe-el-7-de-enero\/","url_meta":{"origin":81303,"position":1},"title":"ADP asegura que el reinicio de las clases por feriado de navidad debe el 7 de enero","author":"Nelson Feliz","date":"6 de enero de 2026","format":false,"excerpt":"La Asociaci\u00f3n Dominicana de Profesores (ADP) llam\u00f3 al Ministerio de Educaci\u00f3n (MINERD) a cumplir lo establecido en su propio comunicado a los medios y en el calendario escolar, en su p\u00e1gina 39, con respecto al reinicio de las clases por el feriado de Navidad que debe ser el mi\u00e9rcoles 7\u2026","rel":"","context":"En \u00abNACIONALES\u00bb","block_context":{"text":"NACIONALES","link":"https:\/\/lasprimeras.com.do\/index.php\/category\/nacionales\/"},"img":{"alt_text":"","src":"https:\/\/i0.wp.com\/lasprimeras.com.do\/wp-content\/uploads\/2025\/09\/ADP-1.jpg?resize=350%2C200&ssl=1","width":350,"height":200,"srcset":"https:\/\/i0.wp.com\/lasprimeras.com.do\/wp-content\/uploads\/2025\/09\/ADP-1.jpg?resize=350%2C200&ssl=1 1x, https:\/\/i0.wp.com\/lasprimeras.com.do\/wp-content\/uploads\/2025\/09\/ADP-1.jpg?resize=525%2C300&ssl=1 1.5x, https:\/\/i0.wp.com\/lasprimeras.com.do\/wp-content\/uploads\/2025\/09\/ADP-1.jpg?resize=700%2C400&ssl=1 2x"},"classes":[]},{"id":81647,"url":"https:\/\/lasprimeras.com.do\/index.php\/2024\/04\/23\/cientos-de-maestros-se-manifiestan-frente-al-ministerio-de-educacion-para-exigir-un-aumento-salarial\/","url_meta":{"origin":81303,"position":2},"title":"Cientos de maestros se manifiestan frente al Ministerio de Educaci\u00f3n para exigir un aumento salarial","author":"BIMARY DE JES\u00daS Matos","date":"23 de abril de 2024","format":false,"excerpt":"Santo Domingo.- Con pancartas en mano, centros de maestros y maestras se est\u00e1n manifestando en estos momentos frente a la sede del Ministerio de Educaci\u00f3n de la Rep\u00fablica (Minerd), exigiendo un aumento salarial del 20% que fue acordado con las autoridades. Bajo el lema \u00abADP (Asociaci\u00f3n Dominicana de Profesores) unida,\u2026","rel":"","context":"En \u00abNACIONALES\u00bb","block_context":{"text":"NACIONALES","link":"https:\/\/lasprimeras.com.do\/index.php\/category\/nacionales\/"},"img":{"alt_text":"","src":"https:\/\/i0.wp.com\/lasprimeras.com.do\/wp-content\/uploads\/2024\/04\/WhatsApp-Image-2024-04-23-at-10.32.54-AM-1.jpeg?resize=350%2C200&ssl=1","width":350,"height":200,"srcset":"https:\/\/i0.wp.com\/lasprimeras.com.do\/wp-content\/uploads\/2024\/04\/WhatsApp-Image-2024-04-23-at-10.32.54-AM-1.jpeg?resize=350%2C200&ssl=1 1x, https:\/\/i0.wp.com\/lasprimeras.com.do\/wp-content\/uploads\/2024\/04\/WhatsApp-Image-2024-04-23-at-10.32.54-AM-1.jpeg?resize=525%2C300&ssl=1 1.5x"},"classes":[]},{"id":81685,"url":"https:\/\/lasprimeras.com.do\/index.php\/2024\/04\/23\/adp-advierte-endurecera-lucha-por-una-mejor-educacion\/","url_meta":{"origin":81303,"position":3},"title":"ADP advierte endurecer\u00e1 lucha por una mejor educaci\u00f3n","author":"Nelson Feliz","date":"23 de abril de 2024","format":false,"excerpt":"El gremio magisterial condicion\u00f3 que se llegue a un acuerdo sobre el aumento salarial y la evaluaci\u00f3n de desempe\u00f1o en un plazo de una semana. Por Martin Restituyo El presidente de la Asociaci\u00f3n de Profesores (ADP) Eduardo Hidalgo advirti\u00f3 que, si en un plazo de una semana las autoridades no\u2026","rel":"","context":"En \u00abNACIONALES\u00bb","block_context":{"text":"NACIONALES","link":"https:\/\/lasprimeras.com.do\/index.php\/category\/nacionales\/"},"img":{"alt_text":"Eduardo Hidalgo","src":"https:\/\/i0.wp.com\/lasprimeras.com.do\/wp-content\/uploads\/2024\/04\/Eduardo-Hidalgo-1.jpg?resize=350%2C200&ssl=1","width":350,"height":200,"srcset":"https:\/\/i0.wp.com\/lasprimeras.com.do\/wp-content\/uploads\/2024\/04\/Eduardo-Hidalgo-1.jpg?resize=350%2C200&ssl=1 1x, https:\/\/i0.wp.com\/lasprimeras.com.do\/wp-content\/uploads\/2024\/04\/Eduardo-Hidalgo-1.jpg?resize=525%2C300&ssl=1 1.5x, https:\/\/i0.wp.com\/lasprimeras.com.do\/wp-content\/uploads\/2024\/04\/Eduardo-Hidalgo-1.jpg?resize=700%2C400&ssl=1 2x"},"classes":[]},{"id":82457,"url":"https:\/\/lasprimeras.com.do\/index.php\/2024\/05\/03\/minerd-aumenta-8-a-maestros-adp-exige-20\/","url_meta":{"origin":81303,"position":4},"title":"Minerd aumenta 8% a maestros; ADP exige 20%","author":"BIMARY DE JES\u00daS Matos","date":"3 de mayo de 2024","format":false,"excerpt":"Los recientes paros de docencia, marchas y amenazas de nuevas paralizaciones a nivel nacional por parte de la Asociaci\u00f3n Dominicana de Profesores (ADP) para exigir el aumento de un 20 % salarial, pusieron r\u00e1pido al Ministerio de Educaci\u00f3n, que ayer respondi\u00f3 con un incremento de un 8% al salario base\u2026","rel":"","context":"En \u00abPORTADA\u00bb","block_context":{"text":"PORTADA","link":"https:\/\/lasprimeras.com.do\/index.php\/category\/portada\/"},"img":{"alt_text":"","src":"https:\/\/i0.wp.com\/lasprimeras.com.do\/wp-content\/uploads\/2024\/05\/Diseno-sin-titulo-2.webp?resize=350%2C200&ssl=1","width":350,"height":200,"srcset":"https:\/\/i0.wp.com\/lasprimeras.com.do\/wp-content\/uploads\/2024\/05\/Diseno-sin-titulo-2.webp?resize=350%2C200&ssl=1 1x, https:\/\/i0.wp.com\/lasprimeras.com.do\/wp-content\/uploads\/2024\/05\/Diseno-sin-titulo-2.webp?resize=525%2C300&ssl=1 1.5x, https:\/\/i0.wp.com\/lasprimeras.com.do\/wp-content\/uploads\/2024\/05\/Diseno-sin-titulo-2.webp?resize=700%2C400&ssl=1 2x"},"classes":[]},{"id":82900,"url":"https:\/\/lasprimeras.com.do\/index.php\/2024\/05\/08\/educacion-y-adp-llegan-acuerdo-que-incluye-aumento-de-salarios\/","url_meta":{"origin":81303,"position":5},"title":"Educaci\u00f3n y ADP llegan acuerdo que incluye aumento de salarios","author":"Nelson Feliz","date":"8 de mayo de 2024","format":false,"excerpt":"El Ministerio de Educaci\u00f3n y la Asociaci\u00f3n Dominicana de Profesores (ADP) alcanzaron este mi\u00e9rcoles un acuerdo de varios puntos, entre los que se incluye un aumento salarial para los docentes. As\u00ed lo inform\u00f3 Enrique de Le\u00f3n, quien form\u00f3 parte de una comisi\u00f3n de expresidentes del gremio que se reuni\u00f3 con\u2026","rel":"","context":"En \u00abECONOM\u00cdA\u00bb","block_context":{"text":"ECONOM\u00cdA","link":"https:\/\/lasprimeras.com.do\/index.php\/category\/economia\/"},"img":{"alt_text":"","src":"https:\/\/i0.wp.com\/lasprimeras.com.do\/wp-content\/uploads\/2024\/05\/ADP-Y-EDUCACION.jpeg?resize=350%2C200&ssl=1","width":350,"height":200,"srcset":"https:\/\/i0.wp.com\/lasprimeras.com.do\/wp-content\/uploads\/2024\/05\/ADP-Y-EDUCACION.jpeg?resize=350%2C200&ssl=1 1x, https:\/\/i0.wp.com\/lasprimeras.com.do\/wp-content\/uploads\/2024\/05\/ADP-Y-EDUCACION.jpeg?resize=525%2C300&ssl=1 1.5x, https:\/\/i0.wp.com\/lasprimeras.com.do\/wp-content\/uploads\/2024\/05\/ADP-Y-EDUCACION.jpeg?resize=700%2C400&ssl=1 2x, https:\/\/i0.wp.com\/lasprimeras.com.do\/wp-content\/uploads\/2024\/05\/ADP-Y-EDUCACION.jpeg?resize=1050%2C600&ssl=1 3x, https:\/\/i0.wp.com\/lasprimeras.com.do\/wp-content\/uploads\/2024\/05\/ADP-Y-EDUCACION.jpeg?resize=1400%2C800&ssl=1 4x"},"classes":[]}],"jetpack_sharing_enabled":true,"_links":{"self":[{"href":"https:\/\/lasprimeras.com.do\/index.php\/wp-json\/wp\/v2\/posts\/81303","targetHints":{"allow":["GET"]}}],"collection":[{"href":"https:\/\/lasprimeras.com.do\/index.php\/wp-json\/wp\/v2\/posts"}],"about":[{"href":"https:\/\/lasprimeras.com.do\/index.php\/wp-json\/wp\/v2\/types\/post"}],"author":[{"embeddable":true,"href":"https:\/\/lasprimeras.com.do\/index.php\/wp-json\/wp\/v2\/users\/3"}],"replies":[{"embeddable":true,"href":"https:\/\/lasprimeras.com.do\/index.php\/wp-json\/wp\/v2\/comments?post=81303"}],"version-history":[{"count":1,"href":"https:\/\/lasprimeras.com.do\/index.php\/wp-json\/wp\/v2\/posts\/81303\/revisions"}],"predecessor-version":[{"id":81305,"href":"https:\/\/lasprimeras.com.do\/index.php\/wp-json\/wp\/v2\/posts\/81303\/revisions\/81305"}],"wp:featuredmedia":[{"embeddable":true,"href":"https:\/\/lasprimeras.com.do\/index.php\/wp-json\/wp\/v2\/media\/81304"}],"wp:attachment":[{"href":"https:\/\/lasprimeras.com.do\/index.php\/wp-json\/wp\/v2\/media?parent=81303"}],"wp:term":[{"taxonomy":"category","embeddable":true,"href":"https:\/\/lasprimeras.com.do\/index.php\/wp-json\/wp\/v2\/categories?post=81303"},{"taxonomy":"post_tag","embeddable":true,"href":"https:\/\/lasprimeras.com.do\/index.php\/wp-json\/wp\/v2\/tags?post=81303"}],"curies":[{"name":"wp","href":"https:\/\/api.w.org\/{rel}","templated":true}]}}