{"id":81329,"date":"2024-04-19T12:03:08","date_gmt":"2024-04-19T16:03:08","guid":{"rendered":"https:\/\/lasprimeras.com.do\/?p=81329"},"modified":"2024-04-19T12:03:09","modified_gmt":"2024-04-19T16:03:09","slug":"tasa-de-homicidios-acumulada-del-ano-desciende-a-10-46","status":"publish","type":"post","link":"https:\/\/lasprimeras.com.do\/index.php\/2024\/04\/19\/tasa-de-homicidios-acumulada-del-ano-desciende-a-10-46\/","title":{"rendered":"Tasa de homicidios acumulada del a\u00f1o desciende a 10.46"},"content":{"rendered":"\n<p>Santo Domingo.-El incesante trabajo preventivo de las Fuerzas Armadas, Polic\u00eda Nacional, Direcci\u00f3n Nacional de Control de Drogas (DNCD), en coordinaci\u00f3n con la Procuradur\u00eda General de la Rep\u00fablica (PGR), han logrado situar en 10.46 la tasa de homicidios acumulada del a\u00f1o, por cada 100,000 habitantes, lo cual contin\u00faa evidenciando el trabajo encomiable de esos organismos de seguridad a nivel nacional.<\/p>\n\n\n\n<p>As\u00ed lo indica el trig\u00e9simo noveno informe estad\u00edstico delictivo emitido por la instituci\u00f3n del orden p\u00fablico, el cual destaca que la tasa del mes de abril se encuentra en 9.32, cifra que muestra una significativa reducci\u00f3n de 3.8 puntos comparado al mismo periodo del 2023, que se encontraba en 13.12.<\/p>\n\n\n\n<p>En ese orden se presenta a continuaci\u00f3n el ranking provincial de esta tasa acumulada al mes de abril 2024, donde se puede apreciar que hay 12 provincias con tasas por debajo de 10.0, que son Santiago (9.9), Dajab\u00f3n (9.5), Santo Domingo Este (9.0), S\u00e1nchez Ram\u00edrez (8.7), Santo Domingo Norte (7.7), Duarte (6.9), Independencia (5.8), San Jos\u00e9 de Ocoa (5.1), Espaillat (4.4), Puerto Plata (4.2), Monse\u00f1or Nouel (3.6) y Monte Plata (3.5).<\/p>\n\n\n\n<p>Mientras que en el caso de los hurtos, en comparaci\u00f3n con los 12 d\u00edas de abril de los a\u00f1os 2022 y 2023, en abril 2024 se evidencia una reducci\u00f3n de 350 robos entre el 2023-2024, equivalente a un descenso porcentual de 22.3% y una reducci\u00f3n de 854 robos entre el 2022-2024, equivalente a una reducci\u00f3n porcentual de 41.2%.<\/p>\n","protected":false},"excerpt":{"rendered":"<p>Santo Domingo.-El incesante trabajo preventivo de las Fuerzas Armadas, Polic\u00eda Nacional, Direcci\u00f3n Nacional de Control de Drogas (DNCD), en coordinaci\u00f3n con la Procuradur\u00eda General de la Rep\u00fablica (PGR), han logrado&hellip;<\/p>\n","protected":false},"author":3,"featured_media":81330,"comment_status":"open","ping_status":"open","sticky":false,"template":"","format":"standard","meta":{"content-type":"","jetpack_post_was_ever_published":false,"_jetpack_newsletter_access":"","_jetpack_dont_email_post_to_subs":false,"_jetpack_newsletter_tier_id":0,"_jetpack_memberships_contains_paywalled_content":false,"_jetpack_memberships_contains_paid_content":false,"footnotes":""},"categories":[35],"tags":[4286],"class_list":["post-81329","post","type-post","status-publish","format-standard","has-post-thumbnail","hentry","category-nacionales","tag-homicidios"],"jetpack_featured_media_url":"https:\/\/lasprimeras.com.do\/wp-content\/uploads\/2024\/04\/6a0c8a05-4f4b-48f5-a1d9-1ad180753c4a-23.jpg","jetpack-related-posts":[{"id":98812,"url":"https:\/\/lasprimeras.com.do\/index.php\/2025\/05\/13\/tasa-acumulada-de-homicidios-descendio-a-7-7-por-primera-vez-24-provincias-debajo-de-un-digito\/","url_meta":{"origin":81329,"position":0},"title":"Tasa acumulada de homicidios descendi\u00f3 a 7.7; por primera vez 24 provincias debajo de un d\u00edgito","author":"Nelson Feliz","date":"13 de mayo de 2025","format":false,"excerpt":"La ministra de Interior y Polic\u00eda, Faride Raful, inform\u00f3 que la tasa acumulada de homicidios descendi\u00f3 a 7.7 por cada 100 mil habitantes, una reducci\u00f3n considerable con relaci\u00f3n a las dos semanas anteriores, cuando el registro era 7.9. Adem\u00e1s, mayo presenta una de las cifras m\u00e1s bajas con 3.7, esto\u2026","rel":"","context":"En \u00abNACIONALES\u00bb","block_context":{"text":"NACIONALES","link":"https:\/\/lasprimeras.com.do\/index.php\/category\/nacionales\/"},"img":{"alt_text":"","src":"https:\/\/i0.wp.com\/lasprimeras.com.do\/wp-content\/uploads\/2025\/05\/Faride-Raful-1.jpg?resize=350%2C200&ssl=1","width":350,"height":200,"srcset":"https:\/\/i0.wp.com\/lasprimeras.com.do\/wp-content\/uploads\/2025\/05\/Faride-Raful-1.jpg?resize=350%2C200&ssl=1 1x, https:\/\/i0.wp.com\/lasprimeras.com.do\/wp-content\/uploads\/2025\/05\/Faride-Raful-1.jpg?resize=525%2C300&ssl=1 1.5x, https:\/\/i0.wp.com\/lasprimeras.com.do\/wp-content\/uploads\/2025\/05\/Faride-Raful-1.jpg?resize=700%2C400&ssl=1 2x"},"classes":[]},{"id":84267,"url":"https:\/\/lasprimeras.com.do\/index.php\/2024\/06\/04\/tasa-de-homicidios-por-cada-100000-habitantes-logra-situarse-en-9-9\/","url_meta":{"origin":81329,"position":1},"title":"Tasa de homicidios por cada 100,000 habitantes logra situarse en 9.9","author":"Nelson Feliz","date":"4 de junio de 2024","format":false,"excerpt":"La informaci\u00f3n la dio a conocer por el ministro de la Presidencia, Joel Santos Echavarr\u00eda, quien dijo, adem\u00e1s, que se contempla la integraci\u00f3n de 20 mil agentes durante el pr\u00f3ximo cuatrienio de Gobierno. Por Martin Restituyo El ministro de la Presidencia, Joel Santos Echavarr\u00eda, anunci\u00f3 que la tasa de homicidios\u2026","rel":"","context":"En \u00abNACIONALES\u00bb","block_context":{"text":"NACIONALES","link":"https:\/\/lasprimeras.com.do\/index.php\/category\/nacionales\/"},"img":{"alt_text":"Tasa de homicidios","src":"https:\/\/i0.wp.com\/lasprimeras.com.do\/wp-content\/uploads\/2024\/06\/Tasa-de-homicidios-1.jpg?resize=350%2C200&ssl=1","width":350,"height":200,"srcset":"https:\/\/i0.wp.com\/lasprimeras.com.do\/wp-content\/uploads\/2024\/06\/Tasa-de-homicidios-1.jpg?resize=350%2C200&ssl=1 1x, https:\/\/i0.wp.com\/lasprimeras.com.do\/wp-content\/uploads\/2024\/06\/Tasa-de-homicidios-1.jpg?resize=525%2C300&ssl=1 1.5x"},"classes":[]},{"id":55440,"url":"https:\/\/lasprimeras.com.do\/index.php\/2023\/07\/21\/tasa-de-homicidios-baja-a-8-4-por-cada-100-mil-habitantes\/","url_meta":{"origin":81329,"position":2},"title":"Tasa de homicidios baja a 8.4 por cada 100 mil habitantes","author":"Nelson Feliz","date":"21 de julio de 2023","format":false,"excerpt":"La tasa acumulada del a\u00f1o se sit\u00faa en 11.7. Por Mart\u00edn Restituyo Las medidas preventivas conjuntas, implementadas por la Polic\u00eda Nacional, Fuerzas Armadas, Direcci\u00f3n Nacional de Control de Drogas (DNCD) y Ministerio P\u00fablico, han reducido la tasa de homicidios por cada 100 mil habitantes en el pa\u00eds. Las autoridades castrenses\u2026","rel":"","context":"En \u00abMILITARES\u00bb","block_context":{"text":"MILITARES","link":"https:\/\/lasprimeras.com.do\/index.php\/category\/militares\/"},"img":{"alt_text":"MUERTE","src":"https:\/\/i0.wp.com\/lasprimeras.com.do\/wp-content\/uploads\/2023\/07\/MUERTE.jpg?resize=350%2C200&ssl=1","width":350,"height":200,"srcset":"https:\/\/i0.wp.com\/lasprimeras.com.do\/wp-content\/uploads\/2023\/07\/MUERTE.jpg?resize=350%2C200&ssl=1 1x, https:\/\/i0.wp.com\/lasprimeras.com.do\/wp-content\/uploads\/2023\/07\/MUERTE.jpg?resize=525%2C300&ssl=1 1.5x"},"classes":[]},{"id":78236,"url":"https:\/\/lasprimeras.com.do\/index.php\/2024\/02\/29\/vicepresidenta-informa-reduccion-de-tasa-de-homicidios-en-cinco-provincias\/","url_meta":{"origin":81329,"position":3},"title":"Vicepresidenta informa reducci\u00f3n de tasa de homicidios en cinco provincias","author":"BIMARY DE JES\u00daS Matos","date":"29 de febrero de 2024","format":false,"excerpt":"Santo Domingo.-La vicepresidenta Raquel Pe\u00f1a encabez\u00f3 la octava reuni\u00f3n de los organismos de seguridad en la Polic\u00eda Nacional para coordinar el plan de seguridad ciudadana del Gobierno.\u00a0 El \u00fanico dato que la vicemandataria quiso compartir al terminar este encuentro fue el relativo a la tasa de homicidios en cinco provincias.\u2026","rel":"","context":"En \u00abPORTADA\u00bb","block_context":{"text":"PORTADA","link":"https:\/\/lasprimeras.com.do\/index.php\/category\/portada\/"},"img":{"alt_text":"","src":"https:\/\/i0.wp.com\/lasprimeras.com.do\/wp-content\/uploads\/2024\/02\/whatsapp-image-2023-08-07-at-120035-pm-1-ba6e96a2-focus-0-0-375-240.jpg?resize=350%2C200&ssl=1","width":350,"height":200},"classes":[]},{"id":77601,"url":"https:\/\/lasprimeras.com.do\/index.php\/2024\/02\/22\/fuerza-de-tarea-conjunta-mantiene-reduccion-en-tasa-de-homicidios-en-el-pais\/","url_meta":{"origin":81329,"position":4},"title":"Fuerza de Tarea Conjunta mantiene reducci\u00f3n en tasa de homicidios en el pais","author":"Nelson Feliz","date":"22 de febrero de 2024","format":false,"excerpt":"Por Martin Restituyo La integraci\u00f3n de las Fuerzas Armadas, la Polic\u00eda Nacional, Direcci\u00f3n Nacional de Control de Drogas (DNCD), y la Procuradur\u00eda General de la Rep\u00fablica (PGR), logran mantener la tendencia a la baja en el a\u00f1o 2024, al registrar una tasa de homicidios por cada 100,000 habitantes acumulada de\u2026","rel":"","context":"En \u00abMILITARES\u00bb","block_context":{"text":"MILITARES","link":"https:\/\/lasprimeras.com.do\/index.php\/category\/militares\/"},"img":{"alt_text":"PN","src":"https:\/\/i0.wp.com\/lasprimeras.com.do\/wp-content\/uploads\/2024\/02\/pn-1.jpg?resize=350%2C200&ssl=1","width":350,"height":200,"srcset":"https:\/\/i0.wp.com\/lasprimeras.com.do\/wp-content\/uploads\/2024\/02\/pn-1.jpg?resize=350%2C200&ssl=1 1x, https:\/\/i0.wp.com\/lasprimeras.com.do\/wp-content\/uploads\/2024\/02\/pn-1.jpg?resize=525%2C300&ssl=1 1.5x, https:\/\/i0.wp.com\/lasprimeras.com.do\/wp-content\/uploads\/2024\/02\/pn-1.jpg?resize=700%2C400&ssl=1 2x"},"classes":[]},{"id":95416,"url":"https:\/\/lasprimeras.com.do\/index.php\/2025\/03\/13\/fuerza-de-tarea-conjunta-reporta-reduccion-en-la-tasa-de-homicidios-en-su-85-o-informe-semanal\/","url_meta":{"origin":81329,"position":5},"title":"Fuerza de Tarea Conjunta reporta reducci\u00f3n en la tasa de homicidios en su 85.\u00ba informe semanal","author":"Nelson Feliz","date":"13 de marzo de 2025","format":false,"excerpt":"La Polic\u00eda Nacional, a trav\u00e9s de la Fuerza de Tarea Conjunta, present\u00f3 su 85.\u00ba informe semanal de estad\u00edstica delictiva, correspondiente a los primeros siete d\u00edas de marzo de 2025, destacando la reducci\u00f3n sostenida en la tasa de homicidios por cada 100,000 habitantes. Seg\u00fan los datos analizados, la tasa acumulada de\u2026","rel":"","context":"En \u00abMILITARES\u00bb","block_context":{"text":"MILITARES","link":"https:\/\/lasprimeras.com.do\/index.php\/category\/militares\/"},"img":{"alt_text":"","src":"https:\/\/i0.wp.com\/lasprimeras.com.do\/wp-content\/uploads\/2023\/08\/Policia.jpeg?resize=350%2C200&ssl=1","width":350,"height":200,"srcset":"https:\/\/i0.wp.com\/lasprimeras.com.do\/wp-content\/uploads\/2023\/08\/Policia.jpeg?resize=350%2C200&ssl=1 1x, https:\/\/i0.wp.com\/lasprimeras.com.do\/wp-content\/uploads\/2023\/08\/Policia.jpeg?resize=525%2C300&ssl=1 1.5x, https:\/\/i0.wp.com\/lasprimeras.com.do\/wp-content\/uploads\/2023\/08\/Policia.jpeg?resize=700%2C400&ssl=1 2x"},"classes":[]}],"jetpack_sharing_enabled":true,"_links":{"self":[{"href":"https:\/\/lasprimeras.com.do\/index.php\/wp-json\/wp\/v2\/posts\/81329","targetHints":{"allow":["GET"]}}],"collection":[{"href":"https:\/\/lasprimeras.com.do\/index.php\/wp-json\/wp\/v2\/posts"}],"about":[{"href":"https:\/\/lasprimeras.com.do\/index.php\/wp-json\/wp\/v2\/types\/post"}],"author":[{"embeddable":true,"href":"https:\/\/lasprimeras.com.do\/index.php\/wp-json\/wp\/v2\/users\/3"}],"replies":[{"embeddable":true,"href":"https:\/\/lasprimeras.com.do\/index.php\/wp-json\/wp\/v2\/comments?post=81329"}],"version-history":[{"count":1,"href":"https:\/\/lasprimeras.com.do\/index.php\/wp-json\/wp\/v2\/posts\/81329\/revisions"}],"predecessor-version":[{"id":81331,"href":"https:\/\/lasprimeras.com.do\/index.php\/wp-json\/wp\/v2\/posts\/81329\/revisions\/81331"}],"wp:featuredmedia":[{"embeddable":true,"href":"https:\/\/lasprimeras.com.do\/index.php\/wp-json\/wp\/v2\/media\/81330"}],"wp:attachment":[{"href":"https:\/\/lasprimeras.com.do\/index.php\/wp-json\/wp\/v2\/media?parent=81329"}],"wp:term":[{"taxonomy":"category","embeddable":true,"href":"https:\/\/lasprimeras.com.do\/index.php\/wp-json\/wp\/v2\/categories?post=81329"},{"taxonomy":"post_tag","embeddable":true,"href":"https:\/\/lasprimeras.com.do\/index.php\/wp-json\/wp\/v2\/tags?post=81329"}],"curies":[{"name":"wp","href":"https:\/\/api.w.org\/{rel}","templated":true}]}}