{"id":81602,"date":"2024-04-22T23:27:29","date_gmt":"2024-04-23T03:27:29","guid":{"rendered":"https:\/\/lasprimeras.com.do\/?p=81602"},"modified":"2024-04-22T23:27:30","modified_gmt":"2024-04-23T03:27:30","slug":"dominicanos-ausentes-perciben-obras","status":"publish","type":"post","link":"https:\/\/lasprimeras.com.do\/index.php\/2024\/04\/22\/dominicanos-ausentes-perciben-obras\/","title":{"rendered":"Dominicanos ausentes perciben obras"},"content":{"rendered":"\n<p><strong>POR JULIO CESAR MATEO<\/strong><\/p>\n\n\n\n<p>Tan pronto pisan el territorio de Rep\u00fablica Dominicano en sus frecuentes viajes al lar nativo, los criollos radicados en el Nordeste de Estados Unidos comprueban por cuales razones el presidente Luis Abinader est\u00e1 puntero en las encuestas y su nombre suena por todas partes como seguro ganador de los comicios de mayo.<\/p>\n\n\n\n<p>Inmediatamente salen de los aeropuertos y se encaminan a sus pueblos, los dominicanos ausentes confirman lo atinado del dicho b\u00edblico \u201cpor sus hechos los conocer\u00e9is\u201d, el cual puede ser muy bien aplicado en el caso de nuestro actual mandatario.<\/p>\n\n\n\n<p>Minutos despu\u00e9s de comenzar a respirar el aire puro del pa\u00eds y disfrutar del panorama natural urbano y rural, los reci\u00e9n llegados se dan cuenta de que no est\u00e1n en el \u201cNueva York chiquito\u201d que dibuja un pol\u00edtico so\u00f1ador y fantasioso, pero s\u00ed perciben estar en una naci\u00f3n caribe\u00f1a en franco proceso de desarrollo, donde se superan, poco a poco, a\u00f1ejos problemas y necesidades.<\/p>\n\n\n\n<p>Sienten estas percepciones cuando escuchan el ulular de las sirenas del sistema 911 de ambulancias que en las principales ciudades ha establecido el actual gobierno con los mismos criterios de funcionamiento de Nueva York.<\/p>\n\n\n\n<p>Palpan que estamos en la ruta del progreso cuando observan en muchas localidades el valioso programa de Transporte Escolar que lleva a las escuelas p\u00fablicas a miles de ni\u00f1os diariamente.<\/p>\n\n\n\n<p>Los que llegan del exterior son testigos de las acciones en Cabo Rojo, Pedernales, donde el actual gobierno trabaja para materializar&nbsp;10 mil habitaciones en 10 a\u00f1os, en una obra de dimensi\u00f3n regional que impactar\u00e1 positivamente no solo a Pedernales sino tambi\u00e9n a las provincias Bahoruco, Independencia y Barahona.<\/p>\n\n\n\n<p>Los que se mueven en la Capital de la rep\u00fablica estiman de alta significaci\u00f3n el inicio del plan de mejoramiento del tr\u00e1nsito vehicular en la zona atravesada por las &nbsp;avenidas Luper\u00f3n, Isabel Aguiar y &nbsp;Prolongaci\u00f3n 27 de Febrero o sea en la misma entrada a la ciudad desde el Sur por la autopista 6 de Noviembre.<\/p>\n\n\n\n<p>Vale destacar que all\u00ed se construir\u00e1 un t\u00fanel por debajo de laPlaza de la Bandera<strong>,&nbsp;<\/strong>con una longitud aproximada de 1.02 kil\u00f3metros, y se har\u00e1 otras mejoras como la rehabilitaci\u00f3n de v\u00edas marginales, sistemas de drenaje y se\u00f1alizaci\u00f3n vial en un \u00e1rea donde est\u00e1n las sedes de importantes organismos oficiales.<\/p>\n\n\n\n<p>Por donde quiera que se camine (Sur, Este, Norte o Distrito Nacional) &nbsp;es notorio el brazo constructor del gobierno del PRM.<\/p>\n\n\n\n<p>Si se va al Sur, por ejemplo, se visualizar\u00e1 los avances en la&nbsp;Circunvalaci\u00f3n de Ban\u00ed, de 19&nbsp;kil\u00f3metros, que se inicia en la comunidad Gali\u00f3n y termina en la zona de Ojo de Agua<\/p>\n\n\n\n<p>Si se va al centro del pa\u00eds se ver\u00e1 la piqueta del progreso en la&nbsp;zona monta\u00f1osa de Jarabacoa, donde con mucho esfuerzo y seriedad se construye la nueva carretera desde La Vega, obra reclamada insistentemente durante largo tiempo y emprendida por el actual gobierno hace un a\u00f1o y medio.<\/p>\n\n\n\n<p>Citar los diversos frentes de trabajo real en todas las regiones, tomar\u00eda mucho tiempo y espacio, por lo que ahora nos limitamos a proclamar que en toda la zona Nordeste de Estados Unidos (enti\u00e9ndase Nueva York, Nueva Jersey, Conneticut, Washington, Filadelfia, Pensilvania, Boston, Massachusets y Rhode Island) el voto de los dominicanos est\u00e1 asegurado por Abinader porque se sabe que no se volver\u00e1 \u201csal y agua\u201d.&nbsp;<\/p>\n","protected":false},"excerpt":{"rendered":"<p>POR JULIO CESAR MATEO Tan pronto pisan el territorio de Rep\u00fablica Dominicano en sus frecuentes viajes al lar nativo, los criollos radicados en el Nordeste de Estados Unidos comprueban por&hellip;<\/p>\n","protected":false},"author":2,"featured_media":81603,"comment_status":"open","ping_status":"open","sticky":false,"template":"","format":"standard","meta":{"content-type":"","jetpack_post_was_ever_published":false,"_jetpack_newsletter_access":"","_jetpack_dont_email_post_to_subs":false,"_jetpack_newsletter_tier_id":0,"_jetpack_memberships_contains_paywalled_content":false,"_jetpack_memberships_contains_paid_content":false,"footnotes":""},"categories":[95],"tags":[12619],"class_list":["post-81602","post","type-post","status-publish","format-standard","has-post-thumbnail","hentry","category-opinion","tag-dominicanos-ausentes-perciben-obras"],"jetpack_featured_media_url":"https:\/\/lasprimeras.com.do\/wp-content\/uploads\/2024\/04\/JULIO-CESAR-MATEO.jpg","jetpack-related-posts":[{"id":70191,"url":"https:\/\/lasprimeras.com.do\/index.php\/2023\/12\/09\/esperan-llegada-de-600-mil-visitantes-para-fiestas-de-fin-de-ano\/","url_meta":{"origin":81602,"position":0},"title":"Esperan llegada de 600 mil visitantes para fiestas de fin de a\u00f1o","author":"BIMARY DE JES\u00daS Matos","date":"9 de diciembre de 2023","format":false,"excerpt":"AEROPUERTO LAS AM\u00c9RICAS. -Aeropuertos Dominicanos Siglo XXI (AERODOM) espera la llegada de m\u00e1s de 600,000 viajeros, en su mayor\u00eda dominicanos ausentes para las fiestas de Navidad y fin de a\u00f1o. La informaci\u00f3n la ofreci\u00f3 la directora de Aerodom, Monika Infante de Henr\u00edquez, quien declar\u00f3 que este a\u00f1o se espera el\u2026","rel":"","context":"En \u00abPORTADA\u00bb","block_context":{"text":"PORTADA","link":"https:\/\/lasprimeras.com.do\/index.php\/category\/portada\/"},"img":{"alt_text":"","src":"https:\/\/i0.wp.com\/lasprimeras.com.do\/wp-content\/uploads\/2023\/12\/WhatsApp-Image-2023-12-07-at-7.22.09-PM-5.webp?resize=350%2C200&ssl=1","width":350,"height":200,"srcset":"https:\/\/i0.wp.com\/lasprimeras.com.do\/wp-content\/uploads\/2023\/12\/WhatsApp-Image-2023-12-07-at-7.22.09-PM-5.webp?resize=350%2C200&ssl=1 1x, https:\/\/i0.wp.com\/lasprimeras.com.do\/wp-content\/uploads\/2023\/12\/WhatsApp-Image-2023-12-07-at-7.22.09-PM-5.webp?resize=525%2C300&ssl=1 1.5x"},"classes":[]},{"id":95896,"url":"https:\/\/lasprimeras.com.do\/index.php\/2025\/03\/21\/localiza-y-devuelve-adolescente-que-se-habia-ausentado-de-su-residencia-en-sfm\/","url_meta":{"origin":81602,"position":1},"title":"Localiza y devuelve adolescente que se hab\u00eda ausentado de su residencia en SFM","author":"Nelson Feliz","date":"21 de marzo de 2025","format":false,"excerpt":"Agentes de la Direcci\u00f3n Central de Investigaci\u00f3n (DICRIM) de la Polic\u00eda Nacional, en una r\u00e1pida y efectiva acci\u00f3n investigativa, lograron recuperar y devolver a su hogar a una menor de 14 a\u00f1os que se hab\u00eda ausentado de su residencia en el sector Rabo de Chivo, de esta ciudad. Gracias a\u2026","rel":"","context":"En \u00abMILITARES\u00bb","block_context":{"text":"MILITARES","link":"https:\/\/lasprimeras.com.do\/index.php\/category\/militares\/"},"img":{"alt_text":"dicrim","src":"https:\/\/i0.wp.com\/lasprimeras.com.do\/wp-content\/uploads\/2023\/12\/dicrim.jpeg?resize=350%2C200&ssl=1","width":350,"height":200,"srcset":"https:\/\/i0.wp.com\/lasprimeras.com.do\/wp-content\/uploads\/2023\/12\/dicrim.jpeg?resize=350%2C200&ssl=1 1x, https:\/\/i0.wp.com\/lasprimeras.com.do\/wp-content\/uploads\/2023\/12\/dicrim.jpeg?resize=525%2C300&ssl=1 1.5x, https:\/\/i0.wp.com\/lasprimeras.com.do\/wp-content\/uploads\/2023\/12\/dicrim.jpeg?resize=700%2C400&ssl=1 2x"},"classes":[]},{"id":117261,"url":"https:\/\/lasprimeras.com.do\/index.php\/2025\/12\/09\/dominicanos-regresan-a-casa-en-navidad-aeropuerto-las-americas-repleto-de-viajeros\/","url_meta":{"origin":81602,"position":2},"title":"Dominicanos regresan a casa en Navidad: Aeropuerto Las Am\u00e9ricas repleto de viajeros","author":"Nelson Feliz","date":"9 de diciembre de 2025","format":false,"excerpt":"Por Diogenes Tejada AEROPUERTO LAS AM\u00e9RICAS. En medida en que se aproximan los d\u00edas para la celebraci\u00f3n de la cena de Nochebuena y festejar la llegada de un nuevo a\u00f1o 2026, aumenta la cantidad de dominicanos ausentes que est\u00e1n llegando al pa\u00eds desde diversos destinos del exterior, confundi\u00e9ndose entre familiares\u2026","rel":"","context":"En \u00abTURISMO\u00bb","block_context":{"text":"TURISMO","link":"https:\/\/lasprimeras.com.do\/index.php\/category\/turismo\/"},"img":{"alt_text":"","src":"https:\/\/i0.wp.com\/lasprimeras.com.do\/wp-content\/uploads\/2024\/08\/AILA.jpeg?resize=350%2C200&ssl=1","width":350,"height":200,"srcset":"https:\/\/i0.wp.com\/lasprimeras.com.do\/wp-content\/uploads\/2024\/08\/AILA.jpeg?resize=350%2C200&ssl=1 1x, https:\/\/i0.wp.com\/lasprimeras.com.do\/wp-content\/uploads\/2024\/08\/AILA.jpeg?resize=525%2C300&ssl=1 1.5x, https:\/\/i0.wp.com\/lasprimeras.com.do\/wp-content\/uploads\/2024\/08\/AILA.jpeg?resize=700%2C400&ssl=1 2x"},"classes":[]},{"id":56122,"url":"https:\/\/lasprimeras.com.do\/index.php\/2023\/07\/28\/invitan-a-participar-en-el-encuentro-51-de-los-cabrerenos-ausentes\/","url_meta":{"origin":81602,"position":3},"title":"Invitan a participar en el encuentro 51 de los Cabrere\u00f1os Ausentes","author":"Nelson Feliz","date":"28 de julio de 2023","format":false,"excerpt":"Durante este \u00faltimo fin de semana de julio, el municipio de Cabrera se viste de alegr\u00eda y celebraci\u00f3n. Con motivo del aniversario n\u00famero 51 de Los Cabrere\u00f1os Ausentes 2023, que lleva a cabo la Asociaci\u00f3n de Profesionales de Cabrera (APRODECA), junto al comit\u00e9 organizador presidido por el abogado Gabino Fern\u00e1ndez\u2026","rel":"","context":"En \u00abNACIONALES\u00bb","block_context":{"text":"NACIONALES","link":"https:\/\/lasprimeras.com.do\/index.php\/category\/nacionales\/"},"img":{"alt_text":"Gabino Fern\u00e1ndez","src":"https:\/\/i0.wp.com\/lasprimeras.com.do\/wp-content\/uploads\/2023\/07\/Gabino-Fernandez.jpg?resize=350%2C200&ssl=1","width":350,"height":200,"srcset":"https:\/\/i0.wp.com\/lasprimeras.com.do\/wp-content\/uploads\/2023\/07\/Gabino-Fernandez.jpg?resize=350%2C200&ssl=1 1x, https:\/\/i0.wp.com\/lasprimeras.com.do\/wp-content\/uploads\/2023\/07\/Gabino-Fernandez.jpg?resize=525%2C300&ssl=1 1.5x, https:\/\/i0.wp.com\/lasprimeras.com.do\/wp-content\/uploads\/2023\/07\/Gabino-Fernandez.jpg?resize=700%2C400&ssl=1 2x"},"classes":[]},{"id":123529,"url":"https:\/\/lasprimeras.com.do\/index.php\/2026\/03\/02\/dominicanos-en-ny-valoran-de-manera-distinta-el-discurso-del-presidente-abinader\/","url_meta":{"origin":81602,"position":4},"title":"Dominicanos en NY valoran de manera distinta el discurso del presidente Abinader","author":"Nelson Feliz","date":"2 de marzo de 2026","format":false,"excerpt":"Por Ram\u00f3n Mercedes NUEVA YORK.- Los dominicanos residentes en esta ciudad valoran de manera diferente el discurso pronunciado el pasado viernes 27 por el presidente Luis Abinader, durante su rendici\u00f3n de cuentas 2026, en ocasi\u00f3n del 182.\u00ba aniversario de la Independencia de la Rep\u00fablica Dominicana. Quienes estuvieron en desacuerdo fueron:\u2026","rel":"","context":"En \u00abINTERNACIONALES\u00bb","block_context":{"text":"INTERNACIONALES","link":"https:\/\/lasprimeras.com.do\/index.php\/category\/sin-categoria\/internacionales\/"},"img":{"alt_text":"","src":"https:\/\/i0.wp.com\/lasprimeras.com.do\/wp-content\/uploads\/2026\/03\/IMG-20260302-WA0046.jpg?resize=350%2C200&ssl=1","width":350,"height":200},"classes":[]},{"id":87939,"url":"https:\/\/lasprimeras.com.do\/index.php\/2024\/08\/19\/sheila-brito-denuncia-que-el-desempleo-de-jovenes-supera-el-25\/","url_meta":{"origin":81602,"position":5},"title":"Sheila Brito denuncia que el desempleo de j\u00f3venes supera el 25%","author":"Nelson Feliz","date":"19 de agosto de 2024","format":false,"excerpt":"En el accionar del Gobierno y en el discurso del presidente Luis Abinader, el sector juvenil est\u00e1 ausente, denuncia Sheila Brito, subsecretar\u00eda JPLD La subsecretaria de la Juventud del Partido de la Liberaci\u00f3n Dominicana (PLD), Sheila Brito, denunci\u00f3 en un art\u00edculo publicado en Vanguardia del Pueblo bajo el t\u00edtulo: \u201cLa\u2026","rel":"","context":"En \u00abSin categor\u00eda\u00bb","block_context":{"text":"Sin categor\u00eda","link":"https:\/\/lasprimeras.com.do\/index.php\/category\/sin-categoria\/"},"img":{"alt_text":"Sheila Brito","src":"https:\/\/i0.wp.com\/lasprimeras.com.do\/wp-content\/uploads\/2024\/08\/Sheila-Brito.jpg?resize=350%2C200&ssl=1","width":350,"height":200,"srcset":"https:\/\/i0.wp.com\/lasprimeras.com.do\/wp-content\/uploads\/2024\/08\/Sheila-Brito.jpg?resize=350%2C200&ssl=1 1x, https:\/\/i0.wp.com\/lasprimeras.com.do\/wp-content\/uploads\/2024\/08\/Sheila-Brito.jpg?resize=525%2C300&ssl=1 1.5x"},"classes":[]}],"jetpack_sharing_enabled":true,"_links":{"self":[{"href":"https:\/\/lasprimeras.com.do\/index.php\/wp-json\/wp\/v2\/posts\/81602","targetHints":{"allow":["GET"]}}],"collection":[{"href":"https:\/\/lasprimeras.com.do\/index.php\/wp-json\/wp\/v2\/posts"}],"about":[{"href":"https:\/\/lasprimeras.com.do\/index.php\/wp-json\/wp\/v2\/types\/post"}],"author":[{"embeddable":true,"href":"https:\/\/lasprimeras.com.do\/index.php\/wp-json\/wp\/v2\/users\/2"}],"replies":[{"embeddable":true,"href":"https:\/\/lasprimeras.com.do\/index.php\/wp-json\/wp\/v2\/comments?post=81602"}],"version-history":[{"count":1,"href":"https:\/\/lasprimeras.com.do\/index.php\/wp-json\/wp\/v2\/posts\/81602\/revisions"}],"predecessor-version":[{"id":81604,"href":"https:\/\/lasprimeras.com.do\/index.php\/wp-json\/wp\/v2\/posts\/81602\/revisions\/81604"}],"wp:featuredmedia":[{"embeddable":true,"href":"https:\/\/lasprimeras.com.do\/index.php\/wp-json\/wp\/v2\/media\/81603"}],"wp:attachment":[{"href":"https:\/\/lasprimeras.com.do\/index.php\/wp-json\/wp\/v2\/media?parent=81602"}],"wp:term":[{"taxonomy":"category","embeddable":true,"href":"https:\/\/lasprimeras.com.do\/index.php\/wp-json\/wp\/v2\/categories?post=81602"},{"taxonomy":"post_tag","embeddable":true,"href":"https:\/\/lasprimeras.com.do\/index.php\/wp-json\/wp\/v2\/tags?post=81602"}],"curies":[{"name":"wp","href":"https:\/\/api.w.org\/{rel}","templated":true}]}}